{"id":209822,"date":"2014-03-10T18:04:34","date_gmt":"2014-03-10T15:04:34","guid":{"rendered":"https:\/\/analyse.optim.biz\/?p=209822"},"modified":"2014-03-10T18:04:34","modified_gmt":"2014-03-10T15:04:34","slug":"ponta-as-lucra-foarte-bine-cu-un-presedinte-ca-domnul-isarescu-ca-domnul-oprescu-sau-ca-domnul-tariceanu","status":"publish","type":"post","link":"https:\/\/analyse.optim.biz\/?p=209822","title":{"rendered":"Ponta: \u201eA\u0219 lucra foarte bine cu un pre\u0219edinte ca domnul Is\u0103rescu, ca domnul Oprescu sau ca domnul T\u0103riceanu\u201d"},"content":{"rendered":"<div class=\"entry data-app-meta data-app-meta-article\" data-embed-base-url-canonical=\"https:\/\/www.digi24.ro\/embed\/stiri\/actualitate\/politica\/ponta-as-lucra-foarte-bine-cu-un-presedinte-ca-domnul-isarescu-ca-domnul-oprescu-sau-ca-domnul-tariceanu-212376\">\n<p data-index=\"1\">\u201e<span>Cred sincer c\u0103 domnul T\u0103riceanu are \u0219i experien\u021ba, statura politic\u0103 necesar\u0103 pentru a fi al doilea om \u00een stat \u0219i dac\u0103 va fi vreodat\u0103 cazul s\u0103-l \u00eenlocuiasc\u0103 pe domnul B\u0103sescu, o va face \u00een cuno\u0219tin\u021b\u0103 de cauz\u0103 \u0219i cu toat\u0103 demnitatea\u201d, a declarat Victor Ponta, care a subliniat c\u0103 nu ia \u00een calcul o nou\u0103 suspendare a pre\u0219edintelui.<\/span><\/p>\n<p data-index=\"2\">\u201e<span>Nu m\u0103 refer la o situa\u021bie concret\u0103, m\u0103 refer la o situa\u021bie constitu\u021bional\u0103\u201d, a precizat Ponta.<\/span><\/p>\n<p data-index=\"3\">El a mai spus c\u0103 prin sus\u021binerea fostului senator liberal nu a fost o \u00eencercare de lovitur\u0103 de imagine dat\u0103 PNL.<\/p>\n<p data-index=\"4\">\u00centrebat despre un eventual tandem Ponta pre\u0219edinte-T\u0103riceanu premier, el a replicat: \u201eDe ce nu invers?\u201d<\/p>\n<p data-index=\"5\"><strong>\u201e<span>Eu a\u0219 lucra foarte bine cu un pre\u0219edinte ca domnul Is\u0103rescu, ca domnul Oprescu sau ca domnul T\u0103riceanu\u201d, a sus\u021binut Victor Ponta.<\/span><\/strong><\/p>\n<p data-index=\"6\">Totodat\u0103, el a mai spus c\u0103 este cel mai bine plasat \u00een sondaje \u201eazi\u201d.<\/p>\n<p data-index=\"7\"><a href=\"https:\/\/www.digi24.ro\/Stiri\/Digi24\/Actualitate\/Politica\/Victor+Ponta+candideaza+la+prezidentiale+daca+sondajele+il+vor+c\" data-skip-linkfix=\"1\"><strong>Victor Ponta<\/strong> declara zilele trecute<\/a> c\u0103 va candida din partea PSD la alegerile preziden\u021biale, dac\u0103 sondajele \u00eel vor credita ca cel mai bine plasat.<\/p>\n<\/div>\n<p> Source URL: https:\/\/www.digi24.ro\/stiri\/actualitate\/politica\/ponta-as-lucra-foarte-bine-cu-un-presedinte-ca-domnul-isarescu-ca-domnul-oprescu-sau-ca-domnul-tariceanu-212376<\/p>\n","protected":false},"excerpt":{"rendered":"<p>\u201eCred sincer c\u0103 domnul T\u0103riceanu are \u0219i experien\u021ba, statura politic\u0103 necesar\u0103 pentru a fi al doilea om \u00een stat \u0219i dac\u0103 va fi vreodat\u0103 cazul s\u0103-l \u00eenlocuiasc\u0103 pe domnul B\u0103sescu, o va face \u00een cuno\u0219tin\u021b\u0103 de cauz\u0103 \u0219i cu toat\u0103 demnitatea\u201d, a declarat Victor Ponta, care a subliniat c\u0103 nu ia \u00een calcul o nou\u0103 [&hellip;]<\/p>\n","protected":false},"author":1,"featured_media":209823,"comment_status":"open","ping_status":"","sticky":false,"template":"","format":"standard","meta":{"footnotes":""},"categories":[2],"tags":[11],"class_list":["post-209822","post","type-post","status-publish","format-standard","has-post-thumbnail","hentry","category-politics","tag-digi24"],"_links":{"self":[{"href":"https:\/\/analyse.optim.biz\/index.php?rest_route=\/wp\/v2\/posts\/209822","targetHints":{"allow":["GET"]}}],"collection":[{"href":"https:\/\/analyse.optim.biz\/index.php?rest_route=\/wp\/v2\/posts"}],"about":[{"href":"https:\/\/analyse.optim.biz\/index.php?rest_route=\/wp\/v2\/types\/post"}],"author":[{"embeddable":true,"href":"https:\/\/analyse.optim.biz\/index.php?rest_route=\/wp\/v2\/users\/1"}],"replies":[{"embeddable":true,"href":"https:\/\/analyse.optim.biz\/index.php?rest_route=%2Fwp%2Fv2%2Fcomments&post=209822"}],"version-history":[{"count":0,"href":"https:\/\/analyse.optim.biz\/index.php?rest_route=\/wp\/v2\/posts\/209822\/revisions"}],"wp:featuredmedia":[{"embeddable":true,"href":"https:\/\/analyse.optim.biz\/index.php?rest_route=\/wp\/v2\/media\/209823"}],"wp:attachment":[{"href":"https:\/\/analyse.optim.biz\/index.php?rest_route=%2Fwp%2Fv2%2Fmedia&parent=209822"}],"wp:term":[{"taxonomy":"category","embeddable":true,"href":"https:\/\/analyse.optim.biz\/index.php?rest_route=%2Fwp%2Fv2%2Fcategories&post=209822"},{"taxonomy":"post_tag","embeddable":true,"href":"https:\/\/analyse.optim.biz\/index.php?rest_route=%2Fwp%2Fv2%2Ftags&post=209822"}],"curies":[{"name":"wp","href":"https:\/\/api.w.org\/{rel}","templated":true}]}}