{"id":2098217,"date":"2026-08-17T20:45:34","date_gmt":"2026-08-17T17:45:34","guid":{"rendered":"https:\/\/analyse.optim.biz\/?p=2098217"},"modified":"2026-08-17T20:45:34","modified_gmt":"2026-08-17T17:45:34","slug":"sarbatoare-cu-suflet-la-muntenii-de-sus-muzica-jocul-si-traditiile-au-adunat-comunitatea-pe-stadionul-din-satul-nou","status":"publish","type":"post","link":"https:\/\/analyse.optim.biz\/?p=2098217","title":{"rendered":"S\u0103rb\u0103toare cu suflet, la Muntenii de Sus. Muzica, jocul \u0219i tradi\u021biile au adunat comunitatea pe stadionul din Satul Nou"},"content":{"rendered":"<p>[analyse_image type=&#8221;featured&#8221; src=&#8221;https:\/\/vasluianul.ro\/wp-content\/uploads\/2026\/08\/muntenii-de-sus-ziua-satului-99.jpg&#8221;]<\/p>\n<div class=\"tdb-block-inner td-fix-index\"><time class=\"entry-date updated td-module-date\" datetime=\"2026-08-17T23:45:34+03:00\">august 17, 2026<\/time><\/div>\n<div class=\"tdb-block-inner td-fix-index\"><span>Updated:<\/span><time class=\"entry-date updated td-module-date\" datetime=\"2026-08-17T23:51:58+03:00\">august 17, 2026<\/time><\/div>\n<div class=\"tdb-block-inner td-fix-index\">\n<h1 class=\"tdb-title-text\">S\u0103rb\u0103toare cu suflet, la Muntenii de Sus. Muzica, jocul \u0219i tradi\u021biile au adunat comunitatea pe stadionul din Satul Nou<\/h1>\n<\/div>\n<div class=\"tdb-block-inner td-fix-index\"><a class=\"tdb-author-photo\" href=\"https:\/\/vasluianul.ro\/author\/danieltanasuc\/\" title=\"Daniel T\u0103n\u0103suc\"><img loading=\"lazy\" decoding=\"async\" alt=\"Daniel T\u0103n\u0103suc\" src=\"https:\/\/secure.gravatar.com\/avatar\/96f8aa4cf2ea1d57d33381e0a38eedb556fd3ed3dc125a709e0d706eada9b43f?s=34&amp;d=identicon&amp;r=g\" class=\"avatar avatar-34 photo\" height=\"34\" width=\"34\" data-eio=\"l\"><\/a><\/p>\n<div class=\"tdb-author-name-wrap\"><span class=\"tdb-author-by\">By<\/span><a class=\"tdb-author-name\" href=\"https:\/\/vasluianul.ro\/author\/danieltanasuc\/\">Daniel T\u0103n\u0103suc<\/a><\/div>\n<\/div>\n<div class=\"tdb-block-inner td-fix-index\"><a href=\"https:\/\/vasluianul.ro\/wp-content\/uploads\/2026\/08\/muntenii-de-sus-ziua-satului-99.jpg\" data-caption><img loading=\"lazy\" decoding=\"async\" width=\"1068\" height=\"487\" class=\"entry-thumb td-modal-image\" src=\"https:\/\/vasluianul.ro\/wp-content\/uploads\/2026\/08\/muntenii-de-sus-ziua-satului-99-1068x487.jpg\" alt title=\"muntenii de sus ziua satului 99\" data-eio=\"l\"><\/a><\/div>\n<div class=\"td_block_wrap tdb_single_content tdi_83 td-pb-border-top td_block_template_1 td-post-content tagdiv-type\" data-td-block-uid=\"tdi_83\">\n<div class=\"tdb-block-inner td-fix-index\">\n<div class=\"vtp-article-views\" aria-label=\"Num\u0103r vizualiz\u0103ri articol\"><span class=\"vtp-eye\" aria-hidden=\"true\">\ud83d\udc41<\/span><strong>22<\/strong> vizualiz\u0103ri<\/div>\n<p><span>Duminic\u0103, 16 august 2026, o zi dup\u0103 marea s\u0103rb\u0103toare a Adormirii Maicii Domnului.<\/span><\/p>\n<div class=\"code-block code-block-1\"><a href=\"https:\/\/vasluianul.ro\/spectacol-muntenii-de-sus-satul-nou\/DESTINATION\"><img decoding=\"async\" src=\"https:\/\/vasluianul.ro\/wp-content\/uploads\/2022\/06\/reclama-vechia-roma-2.jpeg%0A\" data-eio=\"l\"><\/a><\/div>\n<p class=\"PDq2pG_selectionAnchorContainer\" data-start=\"122\" data-end=\"437\"><span>A fost o zi \u00een care comuna Muntenii de Sus a c\u00e2ntat \u0219i a jucat \u00eempreun\u0103. Stadionul din Satul Nou s-a transformat \u00eentr-un adev\u0103rat loc de s\u0103rb\u0103toare, unde oamenii comunei s-au \u00eent\u00e2lnit cu arti\u0219ti \u00eendr\u0103gi\u021bi, cu folclorul autentic \u0219i, mai ales, cu tradi\u021biile pe care genera\u021biile tinere continu\u0103 s\u0103 le duc\u0103 mai departe.<\/span><\/p>\n<div id=\"vps2-1-7592\" class=\"vps-slider\" data-autoplay=\"1\" data-interval=\"1500\" data-pause-hover=\"1\" data-loop=\"1\" data-fullscreen=\"1\" role=\"region\" aria-label=\"Galerie foto\">\n<div class=\"vps-viewport\">\n<div class=\"vps-gallery-title\" aria-hidden=\"true\">GALERIE FOTO<\/div>\n<div class=\"vps-counter\" aria-live=\"polite\"><span>1<\/span>\/7<\/div>\n<\/div>\n<\/div>\n<aside class=\"vva-wrap\" aria-label=\"PUBLICITATE\">\n<div class=\"vva-label\">PUBLICITATE<\/div>\n<p><a class=\"vva-link\" href=\"https:\/\/www.facebook.com\/FamiliaSafir\" target=\"_blank\" rel=\"noopener sponsored\"><video class=\"vva-video\" data-max-seconds=\"21\" playsinline preload=\"metadata\" autoplay muted controls><source src=\"https:\/\/vasluianul.ro\/wp-content\/uploads\/2026\/07\/safir-campanie-iulie-2026.mp4\" \/><\/video><\/a><\/aside>\n<div class=\"vam4-ad vam4-device-all\" data-ad-id=\"1\">\n<div class=\"vam4-label\">PUBLICITATE<\/div>\n<div class=\"vam4-frame\"><a class=\"vam4-click\" href=\"https:\/\/www.facebook.com\/SilverMallVaslui\" target=\"_blank\" rel=\"sponsored noopener\"><img decoding=\"async\" src=\"https:\/\/vasluianul.ro\/wp-content\/uploads\/2026\/07\/fillis-1200x400px-AI.jpg.webp\" alt=\"Silver Mall\" loading=\"lazy\" data-eio=\"l\"><\/a><\/div>\n<\/div>\n<p data-start=\"439\" data-end=\"625\"><span>Evenimentul organizat de Prim\u0103ria \u0219i Consiliul Local Muntenii de Sus a adunat pe aceea\u0219i scen\u0103 nume cunoscute ale muzicii populare, dar \u0219i arti\u0219ti lega\u021bi suflete\u0219te de aceste locuri.<\/span><\/p>\n<p data-start=\"627\" data-end=\"861\"><span>\u00cen fa\u021ba publicului au evoluat Valentin Sanfira, Nadia Duluman, Cristina Dr\u0103gan-Diaconescu \u2013 fiic\u0103 a satului, Dan Dobo\u0219, Mioara Vodu\u021bi \u0219i Teodora Panainte, \u00eentr-un spectacol care a adus \u00eempreun\u0103 c\u00e2ntece din diferite zone ale \u021b\u0103rii.<\/span><\/p>\n<aside class=\"vcs-box vcs-style-red vcs-layout-vertical\" aria-label=\"Cite\u0219te \u0219i\"><a class=\"vcs-link\" href=\"https:\/\/vasluianul.ro\/incendiu-bunesti-averesti-apel-urgent\/\"><span class=\"vcs-photo\"><img decoding=\"async\" src=\"https:\/\/vasluianul.ro\/wp-content\/uploads\/2026\/08\/incendiu-bunesti-vegetatie-99-768x1024.jpg\" alt=\"INCENDIU puternic la Bune\u0219ti-Avere\u0219ti! Primarul Vasile T\u0103r\u0103gan: \u201eVeni\u021bi s\u0103 ajuta\u021bi la stingerea focului!\u201d\" loading=\"lazy\" title=\"S\u0103rb\u0103toare cu suflet, la Muntenii de Sus. Muzica, jocul \u0219i tradi\u021biile au adunat comunitatea pe stadionul din Satul Nou 8\" data-eio=\"l\"><\/span><span class=\"vcs-content\"><span class=\"vcs-label\">CITE\u0218TE \u0218I<\/span><span class=\"vcs-title\">INCENDIU puternic la Bune\u0219ti-Avere\u0219ti! Primarul Vasile T\u0103r\u0103gan: \u201eVeni\u021bi s\u0103 ajuta\u021bi la stingerea focului!\u201d<\/span><\/span><\/a><\/aside>\n<h3 data-section-id=\"oqufmx\" data-start=\"863\" data-end=\"935\"><span>Tinerii din \u201eR\u00e2ndurile\u201d, ambasadorii tradi\u021biilor din Muntenii de Sus<\/span><\/h3>\n<p><img loading=\"lazy\" decoding=\"async\" class=\"alignnone size-full wp-image-84583\" src=\"https:\/\/vasluianul.ro\/wp-content\/uploads\/2026\/08\/muntenii-de-sus-ziua-satului-92.jpg.webp\" alt=\"muntenii de sus ziua satului 92\" width=\"2048\" height=\"1365\" title=\"S\u0103rb\u0103toare cu suflet, la Muntenii de Sus. Muzica, jocul \u0219i tradi\u021biile au adunat comunitatea pe stadionul din Satul Nou 9\" data-eio=\"l\"><\/p>\n<p data-start=\"937\" data-end=\"1179\"><span>Un moment aparte a apar\u021binut Ansamblului \u201eR\u00e2ndurile\u201d, format din tineri ai comunei. Pentru ei, portul popular, c\u00e2ntecul \u0219i dansul nu sunt simple elemente de spectacol, ci o mo\u0219tenire pe care au ales s\u0103 o p\u0103streze \u0219i s\u0103 o arate cu m\u00e2ndrie.<\/span><\/p>\n<p data-start=\"1181\" data-end=\"1447\"><span>Costumele populare, dansurile \u0219i c\u00e2ntecele specifice zonei au oferit culoare spectacolului \u0219i au reamintit publicului de ce Ansamblul \u201eR\u00e2ndurile\u201d a reu\u0219it s\u0103 duc\u0103 numele comunei Muntenii de Sus dincolo de grani\u021bele jude\u021bului, ob\u021bin\u00e2nd recunoa\u0219tere la nivel na\u021bional.<\/span><\/p>\n<div class=\"vam4-ad vam4-device-all\" data-ad-id=\"2\">\n<div class=\"vam4-label\">PUBLICITATE<\/div>\n<div class=\"vam4-frame\"><a class=\"vam4-click\" href=\"https:\/\/www.facebook.com\/filliscoffeeshop\" target=\"_blank\" rel=\"sponsored noopener\"><img decoding=\"async\" src=\"https:\/\/vasluianul.ro\/wp-content\/uploads\/2026\/07\/silver-mall-AI.jpg.webp\" alt=\"Filli`s\" loading=\"lazy\" data-eio=\"l\"><\/a><\/div>\n<\/div>\n<p data-start=\"1449\" data-end=\"1581\"><span>A fost, poate, \u0219i unul dintre cele mai frumoase mesaje ale serii: tradi\u021bia r\u0103m\u00e2ne vie atunci c\u00e2nd cei tineri aleg s\u0103 o continue.<\/span><\/p>\n<h3 data-section-id=\"1tswnap\" data-start=\"1583\" data-end=\"1658\"><span>Paul Ananie a invitat publicul la joc, \u00een ciuda celor peste 30 de grade<\/span><\/h3>\n<p data-start=\"1660\" data-end=\"1770\"><span>Unul dintre momentele a\u0219teptate ale spectacolului a fost recitalul interpretului maramure\u0219ean Paul Ananie.<\/span><\/p>\n<p data-start=\"1772\" data-end=\"2064\"><span>Artistul, bine cunoscut iubitorilor de folclor \u0219i muzic\u0103 popular\u0103, a reu\u0219it s\u0103 transforme stadionul \u00eentr-o mare hor\u0103. Nici c\u0103ldura ap\u0103s\u0103toare nu i-a \u021binut pe oameni deoparte. De\u0219i termometrele indicau peste 30 de grade, spectatorii au l\u0103sat locurile din fa\u021ba scenei pentru a intra \u00een joc.<\/span><\/p>\n<p data-start=\"2066\" data-end=\"2204\"><span>Pentru c\u00e2teva ore, Satul Nou a avut ritmul unei mari s\u0103rb\u0103tori populare, \u00een care scena \u0219i publicul au devenit parte din acela\u0219i spectacol.<\/span><\/p>\n<p data-start=\"2206\" data-end=\"2541\"><span>Dincolo de numele arti\u0219tilor \u0219i de programul preg\u0103tit de organizatori, \u00eent\u00e2lnirea de la Muntenii de Sus a fost despre comunitate.\u00a0 A fost meritul primarului Ion Vartolomei, a conducerii CJ Vaslui, a consilierilor locali. Pentru c\u0103, la Muntenii de Sus, totul se face \u00een echip\u0103.<\/span><\/p>\n<aside class=\"vcs-box vcs-style-red vcs-layout-vertical\" aria-label=\"Cite\u0219te \u0219i\"><a class=\"vcs-link\" href=\"https:\/\/vasluianul.ro\/fire-troleibuz-cazute-golden-gate-vaslui\/\"><span class=\"vcs-photo\"><img decoding=\"async\" src=\"https:\/\/vasluianul.ro\/wp-content\/uploads\/2026\/08\/cabluri-rupte-pod-cfr-55-768x415.png.webp\" alt=\"VIDEO Pericol pe \u201eGolden Gate\u201d, din Vaslui! Firele re\u021belei de troleibuz au ajuns pe carosabil\" loading=\"lazy\" title=\"S\u0103rb\u0103toare cu suflet, la Muntenii de Sus. Muzica, jocul \u0219i tradi\u021biile au adunat comunitatea pe stadionul din Satul Nou 10\" data-eio=\"l\"><\/span><span class=\"vcs-content\"><span class=\"vcs-label\">CITE\u0218TE \u0218I<\/span><span class=\"vcs-title\">VIDEO Pericol pe \u201eGolden Gate\u201d, din Vaslui! Firele re\u021belei de troleibuz au ajuns pe carosabil<\/span><\/span><\/a><\/aside>\n<p data-start=\"2206\" data-end=\"2541\"><span>A fost o zi despre oameni care s-au rev\u0103zut, cei de acas\u0103 \u0219i cei din str\u0103in\u0103tate, despre copiii care au descoperit c\u00e2ntecele \u0219i costumele locului \u0219i despre cei care continu\u0103 s\u0103 cread\u0103 c\u0103 tradi\u021biile unei comune merit\u0103 p\u0103strate \u0219i transmise mai departe.<\/span><\/p>\n<p data-start=\"2543\" data-end=\"2683\"><span>Iar c\u00e2nd, \u00eentr-o sear\u0103 torid\u0103 de var\u0103, oamenii ies la joc \u00eempreun\u0103, \u00eenseamn\u0103 c\u0103 satul \u00eenc\u0103 \u0219tie s\u0103 se bucure \u0219i s\u0103-\u0219i p\u0103streze sufletul.<\/span><\/p>\n<\/div>\n<\/div>\n<div class=\"tdb-block-inner td-fix-index\">\n<div class=\"vtp-article-views\" aria-label=\"Num\u0103r vizualiz\u0103ri articol\"><span class=\"vtp-eye\" aria-hidden=\"true\">\ud83d\udc41<\/span><strong>22<\/strong> vizualiz\u0103ri<\/div>\n<p><span>Duminic\u0103, 16 august 2026, o zi dup\u0103 marea s\u0103rb\u0103toare a Adormirii Maicii Domnului.<\/span><\/p>\n<div class=\"code-block code-block-1\"><a href=\"https:\/\/vasluianul.ro\/spectacol-muntenii-de-sus-satul-nou\/DESTINATION\"><img decoding=\"async\" src=\"https:\/\/vasluianul.ro\/wp-content\/uploads\/2022\/06\/reclama-vechia-roma-2.jpeg%0A\" data-eio=\"l\"><\/a><\/div>\n<p class=\"PDq2pG_selectionAnchorContainer\" data-start=\"122\" data-end=\"437\"><span>A fost o zi \u00een care comuna Muntenii de Sus a c\u00e2ntat \u0219i a jucat \u00eempreun\u0103. Stadionul din Satul Nou s-a transformat \u00eentr-un adev\u0103rat loc de s\u0103rb\u0103toare, unde oamenii comunei s-au \u00eent\u00e2lnit cu arti\u0219ti \u00eendr\u0103gi\u021bi, cu folclorul autentic \u0219i, mai ales, cu tradi\u021biile pe care genera\u021biile tinere continu\u0103 s\u0103 le duc\u0103 mai departe.<\/span><\/p>\n<div id=\"vps2-1-7592\" class=\"vps-slider\" data-autoplay=\"1\" data-interval=\"1500\" data-pause-hover=\"1\" data-loop=\"1\" data-fullscreen=\"1\" role=\"region\" aria-label=\"Galerie foto\">\n<div class=\"vps-viewport\">\n<div class=\"vps-gallery-title\" aria-hidden=\"true\">GALERIE FOTO<\/div>\n<div class=\"vps-counter\" aria-live=\"polite\"><span>1<\/span>\/7<\/div>\n<\/div>\n<\/div>\n<aside class=\"vva-wrap\" aria-label=\"PUBLICITATE\">\n<div class=\"vva-label\">PUBLICITATE<\/div>\n<p><a class=\"vva-link\" href=\"https:\/\/www.facebook.com\/FamiliaSafir\" target=\"_blank\" rel=\"noopener sponsored\"><video class=\"vva-video\" data-max-seconds=\"21\" playsinline preload=\"metadata\" autoplay muted controls><source src=\"https:\/\/vasluianul.ro\/wp-content\/uploads\/2026\/07\/safir-campanie-iulie-2026.mp4\" \/><\/video><\/a><\/aside>\n<div class=\"vam4-ad vam4-device-all\" data-ad-id=\"1\">\n<div class=\"vam4-label\">PUBLICITATE<\/div>\n<div class=\"vam4-frame\"><a class=\"vam4-click\" href=\"https:\/\/www.facebook.com\/SilverMallVaslui\" target=\"_blank\" rel=\"sponsored noopener\"><img decoding=\"async\" src=\"https:\/\/vasluianul.ro\/wp-content\/uploads\/2026\/07\/fillis-1200x400px-AI.jpg.webp\" alt=\"Silver Mall\" loading=\"lazy\" data-eio=\"l\"><\/a><\/div>\n<\/div>\n<p data-start=\"439\" data-end=\"625\"><span>Evenimentul organizat de Prim\u0103ria \u0219i Consiliul Local Muntenii de Sus a adunat pe aceea\u0219i scen\u0103 nume cunoscute ale muzicii populare, dar \u0219i arti\u0219ti lega\u021bi suflete\u0219te de aceste locuri.<\/span><\/p>\n<p data-start=\"627\" data-end=\"861\"><span>\u00cen fa\u021ba publicului au evoluat Valentin Sanfira, Nadia Duluman, Cristina Dr\u0103gan-Diaconescu \u2013 fiic\u0103 a satului, Dan Dobo\u0219, Mioara Vodu\u021bi \u0219i Teodora Panainte, \u00eentr-un spectacol care a adus \u00eempreun\u0103 c\u00e2ntece din diferite zone ale \u021b\u0103rii.<\/span><\/p>\n<aside class=\"vcs-box vcs-style-red vcs-layout-vertical\" aria-label=\"Cite\u0219te \u0219i\"><a class=\"vcs-link\" href=\"https:\/\/vasluianul.ro\/incendiu-bunesti-averesti-apel-urgent\/\"><span class=\"vcs-photo\"><img decoding=\"async\" src=\"https:\/\/vasluianul.ro\/wp-content\/uploads\/2026\/08\/incendiu-bunesti-vegetatie-99-768x1024.jpg\" alt=\"INCENDIU puternic la Bune\u0219ti-Avere\u0219ti! Primarul Vasile T\u0103r\u0103gan: \u201eVeni\u021bi s\u0103 ajuta\u021bi la stingerea focului!\u201d\" loading=\"lazy\" title=\"S\u0103rb\u0103toare cu suflet, la Muntenii de Sus. Muzica, jocul \u0219i tradi\u021biile au adunat comunitatea pe stadionul din Satul Nou 8\" data-eio=\"l\"><\/span><span class=\"vcs-content\"><span class=\"vcs-label\">CITE\u0218TE \u0218I<\/span><span class=\"vcs-title\">INCENDIU puternic la Bune\u0219ti-Avere\u0219ti! Primarul Vasile T\u0103r\u0103gan: \u201eVeni\u021bi s\u0103 ajuta\u021bi la stingerea focului!\u201d<\/span><\/span><\/a><\/aside>\n<h3 data-section-id=\"oqufmx\" data-start=\"863\" data-end=\"935\"><span>Tinerii din \u201eR\u00e2ndurile\u201d, ambasadorii tradi\u021biilor din Muntenii de Sus<\/span><\/h3>\n<p><img loading=\"lazy\" decoding=\"async\" class=\"alignnone size-full wp-image-84583\" src=\"https:\/\/vasluianul.ro\/wp-content\/uploads\/2026\/08\/muntenii-de-sus-ziua-satului-92.jpg.webp\" alt=\"muntenii de sus ziua satului 92\" width=\"2048\" height=\"1365\" title=\"S\u0103rb\u0103toare cu suflet, la Muntenii de Sus. Muzica, jocul \u0219i tradi\u021biile au adunat comunitatea pe stadionul din Satul Nou 9\" data-eio=\"l\"><\/p>\n<p data-start=\"937\" data-end=\"1179\"><span>Un moment aparte a apar\u021binut Ansamblului \u201eR\u00e2ndurile\u201d, format din tineri ai comunei. Pentru ei, portul popular, c\u00e2ntecul \u0219i dansul nu sunt simple elemente de spectacol, ci o mo\u0219tenire pe care au ales s\u0103 o p\u0103streze \u0219i s\u0103 o arate cu m\u00e2ndrie.<\/span><\/p>\n<p data-start=\"1181\" data-end=\"1447\"><span>Costumele populare, dansurile \u0219i c\u00e2ntecele specifice zonei au oferit culoare spectacolului \u0219i au reamintit publicului de ce Ansamblul \u201eR\u00e2ndurile\u201d a reu\u0219it s\u0103 duc\u0103 numele comunei Muntenii de Sus dincolo de grani\u021bele jude\u021bului, ob\u021bin\u00e2nd recunoa\u0219tere la nivel na\u021bional.<\/span><\/p>\n<div class=\"vam4-ad vam4-device-all\" data-ad-id=\"2\">\n<div class=\"vam4-label\">PUBLICITATE<\/div>\n<div class=\"vam4-frame\"><a class=\"vam4-click\" href=\"https:\/\/www.facebook.com\/filliscoffeeshop\" target=\"_blank\" rel=\"sponsored noopener\"><img decoding=\"async\" src=\"https:\/\/vasluianul.ro\/wp-content\/uploads\/2026\/07\/silver-mall-AI.jpg.webp\" alt=\"Filli`s\" loading=\"lazy\" data-eio=\"l\"><\/a><\/div>\n<\/div>\n<p data-start=\"1449\" data-end=\"1581\"><span>A fost, poate, \u0219i unul dintre cele mai frumoase mesaje ale serii: tradi\u021bia r\u0103m\u00e2ne vie atunci c\u00e2nd cei tineri aleg s\u0103 o continue.<\/span><\/p>\n<h3 data-section-id=\"1tswnap\" data-start=\"1583\" data-end=\"1658\"><span>Paul Ananie a invitat publicul la joc, \u00een ciuda celor peste 30 de grade<\/span><\/h3>\n<p data-start=\"1660\" data-end=\"1770\"><span>Unul dintre momentele a\u0219teptate ale spectacolului a fost recitalul interpretului maramure\u0219ean Paul Ananie.<\/span><\/p>\n<p data-start=\"1772\" data-end=\"2064\"><span>Artistul, bine cunoscut iubitorilor de folclor \u0219i muzic\u0103 popular\u0103, a reu\u0219it s\u0103 transforme stadionul \u00eentr-o mare hor\u0103. Nici c\u0103ldura ap\u0103s\u0103toare nu i-a \u021binut pe oameni deoparte. De\u0219i termometrele indicau peste 30 de grade, spectatorii au l\u0103sat locurile din fa\u021ba scenei pentru a intra \u00een joc.<\/span><\/p>\n<p data-start=\"2066\" data-end=\"2204\"><span>Pentru c\u00e2teva ore, Satul Nou a avut ritmul unei mari s\u0103rb\u0103tori populare, \u00een care scena \u0219i publicul au devenit parte din acela\u0219i spectacol.<\/span><\/p>\n<p data-start=\"2206\" data-end=\"2541\"><span>Dincolo de numele arti\u0219tilor \u0219i de programul preg\u0103tit de organizatori, \u00eent\u00e2lnirea de la Muntenii de Sus a fost despre comunitate.\u00a0 A fost meritul primarului Ion Vartolomei, a conducerii CJ Vaslui, a consilierilor locali. Pentru c\u0103, la Muntenii de Sus, totul se face \u00een echip\u0103.<\/span><\/p>\n<aside class=\"vcs-box vcs-style-red vcs-layout-vertical\" aria-label=\"Cite\u0219te \u0219i\"><a class=\"vcs-link\" href=\"https:\/\/vasluianul.ro\/fire-troleibuz-cazute-golden-gate-vaslui\/\"><span class=\"vcs-photo\"><img decoding=\"async\" src=\"https:\/\/vasluianul.ro\/wp-content\/uploads\/2026\/08\/cabluri-rupte-pod-cfr-55-768x415.png.webp\" alt=\"VIDEO Pericol pe \u201eGolden Gate\u201d, din Vaslui! Firele re\u021belei de troleibuz au ajuns pe carosabil\" loading=\"lazy\" title=\"S\u0103rb\u0103toare cu suflet, la Muntenii de Sus. Muzica, jocul \u0219i tradi\u021biile au adunat comunitatea pe stadionul din Satul Nou 10\" data-eio=\"l\"><\/span><span class=\"vcs-content\"><span class=\"vcs-label\">CITE\u0218TE \u0218I<\/span><span class=\"vcs-title\">VIDEO Pericol pe \u201eGolden Gate\u201d, din Vaslui! Firele re\u021belei de troleibuz au ajuns pe carosabil<\/span><\/span><\/a><\/aside>\n<p data-start=\"2206\" data-end=\"2541\"><span>A fost o zi despre oameni care s-au rev\u0103zut, cei de acas\u0103 \u0219i cei din str\u0103in\u0103tate, despre copiii care au descoperit c\u00e2ntecele \u0219i costumele locului \u0219i despre cei care continu\u0103 s\u0103 cread\u0103 c\u0103 tradi\u021biile unei comune merit\u0103 p\u0103strate \u0219i transmise mai departe.<\/span><\/p>\n<p data-start=\"2543\" data-end=\"2683\"><span>Iar c\u00e2nd, \u00eentr-o sear\u0103 torid\u0103 de var\u0103, oamenii ies la joc \u00eempreun\u0103, \u00eenseamn\u0103 c\u0103 satul \u00eenc\u0103 \u0219tie s\u0103 se bucure \u0219i s\u0103-\u0219i p\u0103streze sufletul.<\/span><\/p>\n<\/div>\n<div class=\"tdb-block-inner td-fix-index\"><a href=\"https:\/\/vasluianul.ro\/author\/danieltanasuc\/\" class=\"tdb-author-photo\" title=\"Daniel T\u0103n\u0103suc\"><img loading=\"lazy\" decoding=\"async\" alt=\"Daniel T\u0103n\u0103suc\" src=\"https:\/\/secure.gravatar.com\/avatar\/96f8aa4cf2ea1d57d33381e0a38eedb556fd3ed3dc125a709e0d706eada9b43f?s=96&amp;d=identicon&amp;r=g\" class=\"avatar avatar-96 photo\" height=\"96\" width=\"96\" data-eio=\"l\"><\/a><\/p>\n<div class=\"tdb-author-info\"><a href=\"https:\/\/vasluianul.ro\/author\/danieltanasuc\/\" class=\"tdb-author-name\">Daniel T\u0103n\u0103suc<\/a><a href=\"http:\/\/www.vasluianul.ro\" class=\"tdb-author-url\">http:\/\/www.vasluianul.ro<\/a><\/div>\n<\/div>\n<div class=\"tdb-block-inner td-fix-index\">\n<div class=\"comments\" id=\"comments\">\n<div id=\"respond\" class=\"comment-respond\">\n<h3 id=\"reply-title\" class=\"comment-reply-title\">L\u0102SA\u021aI UN MESAJ <small><a rel=\"nofollow\" id=\"cancel-comment-reply-link\" href=\"https:\/\/vasluianul.ro\/spectacol-muntenii-de-sus-satul-nou\/#respond\">Renun\u021ba\u021bi la r\u0103spuns<\/a><\/small><\/h3>\n<div class=\"comment-form-input-wrap td-form-comment\">\n<div class=\"td-warning-comment\">V\u0103 rug\u0103m s\u0103 introduce\u021bi comentariul dvs.!<\/div>\n<\/div>\n<div class=\"comment-form-input-wrap td-form-author\">\n<div class=\"td-warning-author\">Introduce\u021bi aici numele dvs.<\/div>\n<\/div>\n<div class=\"comment-form-input-wrap td-form-email\">\n<div class=\"td-warning-email-error\">A\u021bi introdus o adres\u0103 de e-mail incorect\u0103!<\/div>\n<div class=\"td-warning-email\">V\u0103 rug\u0103m s\u0103 introduce\u021bi adresa dvs. de e-mail aici<\/div>\n<\/div>\n<\/div>\n<\/div>\n<\/div>\n<p>[analyse_source url=&#8221;https:\/\/vasluianul.ro\/spectacol-muntenii-de-sus-satul-nou\/#new_tab&#8221;]<\/p>\n","protected":false},"excerpt":{"rendered":"<p>[analyse_image type=&#8221;featured&#8221; src=&#8221;https:\/\/vasluianul.ro\/wp-content\/uploads\/2026\/08\/muntenii-de-sus-ziua-satului-99.jpg&#8221;] august 17, 2026 Updated:august 17, 2026 S\u0103rb\u0103toare cu suflet, la Muntenii de Sus. Muzica, jocul \u0219i tradi\u021biile au adunat comunitatea pe stadionul din Satul Nou ByDaniel T\u0103n\u0103suc \ud83d\udc4122 vizualiz\u0103ri Duminic\u0103, 16 august 2026, o zi dup\u0103 marea s\u0103rb\u0103toare a Adormirii Maicii Domnului. A fost o zi \u00een care comuna Muntenii de Sus [&hellip;]<\/p>\n","protected":false},"author":1,"featured_media":0,"comment_status":"open","ping_status":"","sticky":false,"template":"","format":"standard","meta":{"footnotes":""},"categories":[89],"tags":[226,217],"class_list":["post-2098217","post","type-post","status-publish","format-standard","hentry","category-romania","tag-crawlmanager","tag-vaslui-robo-stiri-ro"],"_links":{"self":[{"href":"https:\/\/analyse.optim.biz\/index.php?rest_route=\/wp\/v2\/posts\/2098217","targetHints":{"allow":["GET"]}}],"collection":[{"href":"https:\/\/analyse.optim.biz\/index.php?rest_route=\/wp\/v2\/posts"}],"about":[{"href":"https:\/\/analyse.optim.biz\/index.php?rest_route=\/wp\/v2\/types\/post"}],"author":[{"embeddable":true,"href":"https:\/\/analyse.optim.biz\/index.php?rest_route=\/wp\/v2\/users\/1"}],"replies":[{"embeddable":true,"href":"https:\/\/analyse.optim.biz\/index.php?rest_route=%2Fwp%2Fv2%2Fcomments&post=2098217"}],"version-history":[{"count":0,"href":"https:\/\/analyse.optim.biz\/index.php?rest_route=\/wp\/v2\/posts\/2098217\/revisions"}],"wp:attachment":[{"href":"https:\/\/analyse.optim.biz\/index.php?rest_route=%2Fwp%2Fv2%2Fmedia&parent=2098217"}],"wp:term":[{"taxonomy":"category","embeddable":true,"href":"https:\/\/analyse.optim.biz\/index.php?rest_route=%2Fwp%2Fv2%2Fcategories&post=2098217"},{"taxonomy":"post_tag","embeddable":true,"href":"https:\/\/analyse.optim.biz\/index.php?rest_route=%2Fwp%2Fv2%2Ftags&post=2098217"}],"curies":[{"name":"wp","href":"https:\/\/api.w.org\/{rel}","templated":true}]}}