{"id":2098206,"date":"2026-08-17T08:11:53","date_gmt":"2026-08-17T05:11:53","guid":{"rendered":"https:\/\/analyse.optim.biz\/?p=2098206"},"modified":"2026-08-17T08:11:53","modified_gmt":"2026-08-17T05:11:53","slug":"vremea-se-schimba-radical-de-la-37-de-grade-la-furtuni-si-o-racire-de-pana-la-12-grade","status":"publish","type":"post","link":"https:\/\/analyse.optim.biz\/?p=2098206","title":{"rendered":"Vremea se schimb\u0103 radical: de la 37 de grade, la furtuni \u0219i o r\u0103cire de p\u00e2n\u0103 la 12 grade"},"content":{"rendered":"<p>[analyse_image type=&#8221;featured&#8221; src=&#8221;https:\/\/renasterea.ro\/ro\/wp-content\/uploads\/cheveres-furtuna.jpghttps:\/\/renasterea.ro\/ro\/wp-content\/uploads\/cheveres-furtuna.jpg&#8221;]<\/p>\n<div class=\"entry-content\"><img loading=\"lazy\" decoding=\"async\" width=\"613\" height=\"460\" src=\"https:\/\/renasterea.ro\/ro\/wp-content\/uploads\/cheveres-furtuna-613x460.jpg\" class=\"attachment-medium size-medium wp-post-image\" alt=\"Vremea se schimb\u0103 radical: de la 37 de grade, la furtuni \u0219i o r\u0103cire de p\u00e2n\u0103 la 12 grade\" title=\"Vremea se schimb\u0103 radical: de la 37 de grade, la furtuni \u0219i o r\u0103cire de p\u00e2n\u0103 la 12 grade 1\"><\/p>\n<h4>Rom\u00e2nia trece \u00een urm\u0103toarele 24 de ore de la temperaturi de p\u00e2n\u0103 la 37 de grade la furtuni, vijelii \u0219i o r\u0103cire accentuat\u0103 \u00een vestul, centrul \u0219i nordul \u021b\u0103rii. Meteorologii au emis mai multe avertiz\u0103ri cod galben pentru canicul\u0103, dar \u0219i pentru intensific\u0103ri ale v\u00e2ntului \u0219i vijelii.<\/h4>\n<p>Luni, 17 august, temperaturile vor ajunge la 33-37 de grade \u00een <strong>Banat<\/strong>, Cri\u0219ana, Maramure\u0219, vestul \u0219i sud-vestul Olteniei, cea mai mare parte a Transilvaniei \u0219i nord-estul Moldovei. Cele mai ridicate valori sunt a\u0219teptate \u00een C\u00e2mpia de Vest.<\/p>\n<p>Astfel, \u00eentre orele 10.00 \u0219i 21.00, va fi \u00een vigoare o aten\u021bionare Cod galben de temperaturi deosebit de ridicate, canicul\u0103 \u0219i disconfort termic ridicat. Aceasta vizeaz\u0103 jude\u021bele Satu Mare, maramure\u0219, Bistri\u021ba-N\u0103s\u0103ud, S\u0103laj, Cluj, Bihor, Mure\u0219, Sibiu, Alba, Hunedoara, Arad, <strong>Timi\u0219<\/strong>, <strong>Cara\u0219-Severin<\/strong>, Mehedin\u021bi, Dolj, Boto\u0219ani \u0219i Ia\u0219i.<\/p>\n<p>\u00cen noaptea de luni spre mar\u021bi, vremea se schimb\u0103 \u00een regiunile vestice. Sunt prognozate intensific\u0103ri ale v\u00e2ntului, averse toren\u021biale, desc\u0103rc\u0103ri electrice \u0219i vijelii \u00een <strong>Banat<\/strong>, Cri\u0219ana \u0219i Maramure\u0219. O informare meteorologic\u0103 \u00een acest sens va fi \u00een vigoare de luni de la ora 23.00 p\u00e2n\u0103 mar\u021bi la ora 21.00.<\/p>\n<p>Vor fi intensific\u0103ri ale v\u00e2ntului cu viteze la rafal\u0103 de 40\u202650 km\/h \u0219i local de peste 60\u202670 km\/h, \u00eendeosebi la munte. Vor fi perioade cu instabilitate atmosferic\u0103 la noapte \u00een <strong>Banat<\/strong>, Cri\u0219ana, Maramure\u0219, iar m\u00e2ine mai ales \u00een Mun\u021bii Apuseni, nordul Carpa\u021bilor Orientali \u0219i pe arii restr\u00e2nse \u00een Transilvania \u0219i Moldova. Aceasta se va manifesta prin averse toren\u021biale moderate cantitativ (15\u202620 l\/mp \u0219i izolat de peste 20\u202625 l\/mp), desc\u0103rc\u0103ri electrice, vijelii \u0219i izolat grindin\u0103 de mici dimensiuni (1\u20262 cm).<\/p>\n<p>Mar\u021bi \u00een vestul, centrul \u0219i nordul \u021b\u0103rii vremea se va r\u0103ci accentuat, temperaturile maxime vor sc\u0103dea \u00een general cu 10\u202612 grade \u0219i vor fi cuprinse \u00eentre 20 \u0219i 28 de grade.<\/p>\n<p>Mar\u021bi, \u00eentre orele 10.00 \u0219i 21.00, va fi \u00een vigoare o nou\u0103 avertizare Cod galben de intensific\u0103ri ale v\u00e2ntului \u0219i vijelii. Vor fi afectate urm\u0103toarele zone: Maramure\u0219, Transilvania, Moldova, Oltenia, sud-vestul \u0219i nord-estul Munteniei \u0219i nordul Dobrogei.<\/p>\n<h2>CITE\u015eTE \u015eI: <span><a href=\"https:\/\/renasterea.ro\/sistemul-feroviar-in-pragul-unui-blocaj-financiar-trenurile-risca-sa-fie-oprite\/\">Sistemul feroviar, \u00een pragul unui blocaj financiar. Trenurile risc\u0103 s\u0103 fie oprite<\/a><\/span><\/h2>\n<p>Canicula nu dispare \u00eens\u0103 din toat\u0103 \u021bara. Mar\u021bi, temperaturile vor ajunge la 35-36 de grade \u00een Teleorman, Giurgiu, Ilfov, C\u0103l\u0103ra\u0219i, Ialomi\u021ba, Br\u0103ila, Gala\u021bi, zona joas\u0103 a jude\u021bului Buz\u0103u, zona continental\u0103 a jude\u021bului Constan\u021ba \u0219i \u00een Bucure\u0219ti. \u00cen aceste zone este \u00een vigoare cod galben de canicul\u0103 \u0219i disconfort termic ridicat.<\/p>\n<p>Meteorologii avertizeaz\u0103 c\u0103 schimbarea vremii va fi \u00eenso\u021bit\u0103, pe alocuri, de averse toren\u021biale, desc\u0103rc\u0103ri electrice, vijelii \u0219i grindin\u0103 de mici dimensiuni.<\/p>\n<\/div>\n<p>[analyse_source url=&#8221;https:\/\/renasterea.ro\/vremea-se-schimba-radical-de-la-37-de-grade-la-furtuni-si-o-racire-de-pana-la-12-grade\/&#8221;]<\/p>\n","protected":false},"excerpt":{"rendered":"<p>[analyse_image type=&#8221;featured&#8221; src=&#8221;https:\/\/renasterea.ro\/ro\/wp-content\/uploads\/cheveres-furtuna.jpghttps:\/\/renasterea.ro\/ro\/wp-content\/uploads\/cheveres-furtuna.jpg&#8221;] Rom\u00e2nia trece \u00een urm\u0103toarele 24 de ore de la temperaturi de p\u00e2n\u0103 la 37 de grade la furtuni, vijelii \u0219i o r\u0103cire accentuat\u0103 \u00een vestul, centrul \u0219i nordul \u021b\u0103rii. Meteorologii au emis mai multe avertiz\u0103ri cod galben pentru canicul\u0103, dar \u0219i pentru intensific\u0103ri ale v\u00e2ntului \u0219i vijelii. Luni, 17 august, temperaturile vor [&hellip;]<\/p>\n","protected":false},"author":1,"featured_media":0,"comment_status":"open","ping_status":"","sticky":false,"template":"","format":"standard","meta":{"footnotes":""},"categories":[89],"tags":[226,188],"class_list":["post-2098206","post","type-post","status-publish","format-standard","hentry","category-romania","tag-crawlmanager","tag-renasterea-ro"],"_links":{"self":[{"href":"https:\/\/analyse.optim.biz\/index.php?rest_route=\/wp\/v2\/posts\/2098206","targetHints":{"allow":["GET"]}}],"collection":[{"href":"https:\/\/analyse.optim.biz\/index.php?rest_route=\/wp\/v2\/posts"}],"about":[{"href":"https:\/\/analyse.optim.biz\/index.php?rest_route=\/wp\/v2\/types\/post"}],"author":[{"embeddable":true,"href":"https:\/\/analyse.optim.biz\/index.php?rest_route=\/wp\/v2\/users\/1"}],"replies":[{"embeddable":true,"href":"https:\/\/analyse.optim.biz\/index.php?rest_route=%2Fwp%2Fv2%2Fcomments&post=2098206"}],"version-history":[{"count":0,"href":"https:\/\/analyse.optim.biz\/index.php?rest_route=\/wp\/v2\/posts\/2098206\/revisions"}],"wp:attachment":[{"href":"https:\/\/analyse.optim.biz\/index.php?rest_route=%2Fwp%2Fv2%2Fmedia&parent=2098206"}],"wp:term":[{"taxonomy":"category","embeddable":true,"href":"https:\/\/analyse.optim.biz\/index.php?rest_route=%2Fwp%2Fv2%2Fcategories&post=2098206"},{"taxonomy":"post_tag","embeddable":true,"href":"https:\/\/analyse.optim.biz\/index.php?rest_route=%2Fwp%2Fv2%2Ftags&post=2098206"}],"curies":[{"name":"wp","href":"https:\/\/api.w.org\/{rel}","templated":true}]}}