{"id":2098200,"date":"2026-08-17T21:56:51","date_gmt":"2026-08-17T18:56:51","guid":{"rendered":"https:\/\/analyse.optim.biz\/?p=2098200"},"modified":"2026-08-17T21:56:51","modified_gmt":"2026-08-17T18:56:51","slug":"ce-facem-astazi-18-august-2026-in-timisoara","status":"publish","type":"post","link":"https:\/\/analyse.optim.biz\/?p=2098200","title":{"rendered":"Ce facem ast\u0103zi, 18 august 2026, \u00een Timi\u0219oara?"},"content":{"rendered":"<p>[analyse_image type=&#8221;featured&#8221; src=&#8221;https:\/\/www.tion.ro\/wp-content\/uploads\/2026\/08\/+otf\/1200&#215;630\/HIIcW60VihzSRNy+JuNjz05PVF9WRVJZX1NFQwYXQyPKy3w9PWuJ1__5LLFUGERHUtrLkt+ZfCjbq+2jTQWPXa79Li92OwlGocE1El+b1mPdz5wVIaZaXn6D41pw=\/6005558unirii4.jpeg&#8221;]<\/p>\n<article id=\"post-2335110\" class>\n<div class=\"entry-content clearfix\">\n<div class=\"enewsArticleContent\">\n<p><b><span data-contrast=\"auto\">Centrul Multifunc\u021bional Bastion <\/span><\/b><\/p>\n<ul>\n<li data-leveltext=\"\uf0b7\" data-font=\"Symbol\" data-listid=\"25\" data-list-defn-props=\"{&quot;335552541&quot;:1,&quot;335559685&quot;:720,&quot;335559991&quot;:360,&quot;469769226&quot;:&quot;Symbol&quot;,&quot;469769242&quot;:[8226],&quot;469777803&quot;:&quot;left&quot;,&quot;469777804&quot;:&quot;\uf0b7&quot;,&quot;469777815&quot;:&quot;hybridMultilevel&quot;}\" data-aria-posinset=\"4\" data-aria-level=\"1\"><span data-contrast=\"auto\">Expozi\u021bia de pictur\u0103 \u0219i sculptur\u0103 \u201eSENS\u201d;<\/span><\/li>\n<\/ul>\n<ul>\n<li data-leveltext=\"\uf0b7\" data-font=\"Symbol\" data-listid=\"25\" data-list-defn-props=\"{&quot;335552541&quot;:1,&quot;335559685&quot;:720,&quot;335559991&quot;:360,&quot;469769226&quot;:&quot;Symbol&quot;,&quot;469769242&quot;:[8226],&quot;469777803&quot;:&quot;left&quot;,&quot;469777804&quot;:&quot;\uf0b7&quot;,&quot;469777815&quot;:&quot;hybridMultilevel&quot;}\" data-aria-posinset=\"5\" data-aria-level=\"1\"><span data-contrast=\"auto\">Expozi\u021bie colectiv\u0103 \u201eSteps to Your Heart\u201d \u2013 Conacul Mocioni din Foeni;<\/span><\/li>\n<\/ul>\n<ul>\n<li data-leveltext=\"\uf0b7\" data-font=\"Symbol\" data-listid=\"25\" data-list-defn-props=\"{&quot;335552541&quot;:1,&quot;335559685&quot;:720,&quot;335559991&quot;:360,&quot;469769226&quot;:&quot;Symbol&quot;,&quot;469769242&quot;:[8226],&quot;469777803&quot;:&quot;left&quot;,&quot;469777804&quot;:&quot;\uf0b7&quot;,&quot;469777815&quot;:&quot;hybridMultilevel&quot;}\" data-aria-posinset=\"6\" data-aria-level=\"1\"><span data-contrast=\"auto\">Expozi\u021bie de pictur\u0103 \u0219i ceramic\u0103 \u201eAmintiri din viitor\u201d, semnat\u0103 de artistele Lucia Kolla Stoica \u0219i Hella Crasnanic.<\/span><\/li>\n<\/ul>\n<p><b><span data-contrast=\"auto\">Centrul de Cultur\u0103 \u0219i Art\u0103 al Jude\u021bului Timi\u0219<\/span><\/b><\/p>\n<ul>\n<li data-leveltext=\"\uf0b7\" data-font=\"Symbol\" data-listid=\"29\" data-list-defn-props=\"{&quot;335552541&quot;:1,&quot;335559685&quot;:720,&quot;335559991&quot;:360,&quot;469769226&quot;:&quot;Symbol&quot;,&quot;469769242&quot;:[8226],&quot;469777803&quot;:&quot;left&quot;,&quot;469777804&quot;:&quot;\uf0b7&quot;,&quot;469777815&quot;:&quot;hybridMultilevel&quot;}\" data-aria-posinset=\"2\" data-aria-level=\"1\"><span data-contrast=\"auto\">Expozi\u021bia \u201eParadisul de dup\u0103 col\u021b\u201d.<\/span><\/li>\n<\/ul>\n<p><b><span data-contrast=\"auto\">Muzeul Na\u021bional al Banatului<\/span><\/b><\/p>\n<ul>\n<li data-leveltext=\"\uf0b7\" data-font=\"Symbol\" data-listid=\"3\" data-list-defn-props=\"{&quot;335552541&quot;:1,&quot;335559685&quot;:720,&quot;335559991&quot;:360,&quot;469769226&quot;:&quot;Symbol&quot;,&quot;469769242&quot;:[8226],&quot;469777803&quot;:&quot;left&quot;,&quot;469777804&quot;:&quot;\uf0b7&quot;,&quot;469777815&quot;:&quot;multilevel&quot;}\" data-aria-posinset=\"2\" data-aria-level=\"1\"><span data-contrast=\"auto\">Expozi\u021bia permanent\u0103 \u201e\u0218tefan Popa Popa\u2019s\u201d, Bastion Maria Theresia.<\/span><\/li>\n<\/ul>\n<p><strong>Expozi\u021bii permanente la Memorialul Revolu\u021biei<\/strong>, program de vizitare luni-vineri 8-17, s\u00e2mb\u0103t\u0103 8-10 \u0219i duminic\u0103 10-18 (ultimul vizitator cu 30 de minute \u00eenainte de \u00eenchidere)<\/p>\n<ul>\n<li data-olk-copy-source=\"MessageBody\">Expozi\u021bii permanente: R\u0103zboiul Rece, Cum a fost \u00een comunism?, Revolu\u021bia din 1989<\/li>\n<li data-olk-copy-source=\"MessageBody\">Expozi\u021bii temporare: Revolu\u021bia maghiar\u0103 din 1956, Bucure\u0219ti 22 decembrie 1989<\/li>\n<\/ul>\n<p><span><strong>Dac\u0103 \u0219ti\u021bi evenimente care nu se reg\u0103sesc pe lista noastr\u0103, v\u0103 rug\u0103m s\u0103 ne trimite\u021bi un mesaj la redactie@tion.ro.<\/strong><\/span><\/p>\n<div class=\"fbShareLikeTwitterAndEmailContainer\">\n<div class=\"wrapper\">\n<div class=\"email\">\n<div id=\"mailto-pop\" class=\"pop-form pop-form-mailto\">\n<div class=\"pop-form-header\">\n<h4>Trimite articolul<\/h4>\n<p><a class=\"pop-form-close\">X<\/a><\/div>\n<\/div>\n<\/div>\n<\/div>\n<\/div>\n<div class=\"tagsContainer\">\n<div class=\"tagsLabel\">Taguri:<\/div>\n<div class=\"tags\">\n<div class=\"tag\"><a href=\"https:\/\/www.tion.ro\/cimke\/azi-in-timisoara\" rel=\"tag\"><span class=\"link\">azi in timisoara<\/span><\/a><\/div>\n<\/div>\n<\/div>\n<div class=\"comments\">\n<div class=\"top\">\n<div class=\"commentsNumber\"><span class=\"number\">0<\/span><span class=\"text\">Comentarii<\/span><\/div>\n<\/div>\n<div class=\"center\">\n<div id=\"respond\" class=\"comment-respond\">\n<h3 id=\"reply-title\" class=\"comment-reply-title\"><small><a rel=\"nofollow\" id=\"cancel-comment-reply-link\" href=\"https:\/\/www.tion.ro\/azi-in-timisoara\/ce-facem-astazi-18-august-2026-in-timisoara-2335110\/#respond\">Cancel reply<\/a><\/small><\/h3>\n<p class=\"comment-notes\"><span id=\"email-notes\">Your email address will not be published.<\/span><span class=\"required-field-message\">Required fields are marked <span class=\"required\">*<\/span><\/span><\/p>\n<p class=\"commentFormComment\"><span id=\"commentFormCount\"><br \/>\n                            inca<br \/>\n                            <span id=\"countCommentText\">1000<\/span><br \/>\n                            caractere ramase<br \/>\n                        <\/span><\/p>\n<\/div>\n<\/div>\n<div class=\"bottom\">\n<p class=\"forumDisclaimerHuRo\">\n            Citi\u021bi principiile noastre de moderare <a href=\"https:\/\/www.tion.ro\/reguli-postare-comentarii\/\" target=\"_blank\">aici<\/a>!\n        <\/p>\n<\/div>\n<\/div>\n<\/div>\n<\/div>\n<\/article>\n<div class=\"entry-content clearfix\">\n<div class=\"enewsArticleContent\">\n<p><b><span data-contrast=\"auto\">Centrul Multifunc\u021bional Bastion <\/span><\/b><\/p>\n<ul>\n<li data-leveltext=\"\uf0b7\" data-font=\"Symbol\" data-listid=\"25\" data-list-defn-props=\"{&quot;335552541&quot;:1,&quot;335559685&quot;:720,&quot;335559991&quot;:360,&quot;469769226&quot;:&quot;Symbol&quot;,&quot;469769242&quot;:[8226],&quot;469777803&quot;:&quot;left&quot;,&quot;469777804&quot;:&quot;\uf0b7&quot;,&quot;469777815&quot;:&quot;hybridMultilevel&quot;}\" data-aria-posinset=\"4\" data-aria-level=\"1\"><span data-contrast=\"auto\">Expozi\u021bia de pictur\u0103 \u0219i sculptur\u0103 \u201eSENS\u201d;<\/span><\/li>\n<\/ul>\n<ul>\n<li data-leveltext=\"\uf0b7\" data-font=\"Symbol\" data-listid=\"25\" data-list-defn-props=\"{&quot;335552541&quot;:1,&quot;335559685&quot;:720,&quot;335559991&quot;:360,&quot;469769226&quot;:&quot;Symbol&quot;,&quot;469769242&quot;:[8226],&quot;469777803&quot;:&quot;left&quot;,&quot;469777804&quot;:&quot;\uf0b7&quot;,&quot;469777815&quot;:&quot;hybridMultilevel&quot;}\" data-aria-posinset=\"5\" data-aria-level=\"1\"><span data-contrast=\"auto\">Expozi\u021bie colectiv\u0103 \u201eSteps to Your Heart\u201d \u2013 Conacul Mocioni din Foeni;<\/span><\/li>\n<\/ul>\n<ul>\n<li data-leveltext=\"\uf0b7\" data-font=\"Symbol\" data-listid=\"25\" data-list-defn-props=\"{&quot;335552541&quot;:1,&quot;335559685&quot;:720,&quot;335559991&quot;:360,&quot;469769226&quot;:&quot;Symbol&quot;,&quot;469769242&quot;:[8226],&quot;469777803&quot;:&quot;left&quot;,&quot;469777804&quot;:&quot;\uf0b7&quot;,&quot;469777815&quot;:&quot;hybridMultilevel&quot;}\" data-aria-posinset=\"6\" data-aria-level=\"1\"><span data-contrast=\"auto\">Expozi\u021bie de pictur\u0103 \u0219i ceramic\u0103 \u201eAmintiri din viitor\u201d, semnat\u0103 de artistele Lucia Kolla Stoica \u0219i Hella Crasnanic.<\/span><\/li>\n<\/ul>\n<p><b><span data-contrast=\"auto\">Centrul de Cultur\u0103 \u0219i Art\u0103 al Jude\u021bului Timi\u0219<\/span><\/b><\/p>\n<ul>\n<li data-leveltext=\"\uf0b7\" data-font=\"Symbol\" data-listid=\"29\" data-list-defn-props=\"{&quot;335552541&quot;:1,&quot;335559685&quot;:720,&quot;335559991&quot;:360,&quot;469769226&quot;:&quot;Symbol&quot;,&quot;469769242&quot;:[8226],&quot;469777803&quot;:&quot;left&quot;,&quot;469777804&quot;:&quot;\uf0b7&quot;,&quot;469777815&quot;:&quot;hybridMultilevel&quot;}\" data-aria-posinset=\"2\" data-aria-level=\"1\"><span data-contrast=\"auto\">Expozi\u021bia \u201eParadisul de dup\u0103 col\u021b\u201d.<\/span><\/li>\n<\/ul>\n<p><b><span data-contrast=\"auto\">Muzeul Na\u021bional al Banatului<\/span><\/b><\/p>\n<ul>\n<li data-leveltext=\"\uf0b7\" data-font=\"Symbol\" data-listid=\"3\" data-list-defn-props=\"{&quot;335552541&quot;:1,&quot;335559685&quot;:720,&quot;335559991&quot;:360,&quot;469769226&quot;:&quot;Symbol&quot;,&quot;469769242&quot;:[8226],&quot;469777803&quot;:&quot;left&quot;,&quot;469777804&quot;:&quot;\uf0b7&quot;,&quot;469777815&quot;:&quot;multilevel&quot;}\" data-aria-posinset=\"2\" data-aria-level=\"1\"><span data-contrast=\"auto\">Expozi\u021bia permanent\u0103 \u201e\u0218tefan Popa Popa\u2019s\u201d, Bastion Maria Theresia.<\/span><\/li>\n<\/ul>\n<p><strong>Expozi\u021bii permanente la Memorialul Revolu\u021biei<\/strong>, program de vizitare luni-vineri 8-17, s\u00e2mb\u0103t\u0103 8-10 \u0219i duminic\u0103 10-18 (ultimul vizitator cu 30 de minute \u00eenainte de \u00eenchidere)<\/p>\n<ul>\n<li data-olk-copy-source=\"MessageBody\">Expozi\u021bii permanente: R\u0103zboiul Rece, Cum a fost \u00een comunism?, Revolu\u021bia din 1989<\/li>\n<li data-olk-copy-source=\"MessageBody\">Expozi\u021bii temporare: Revolu\u021bia maghiar\u0103 din 1956, Bucure\u0219ti 22 decembrie 1989<\/li>\n<\/ul>\n<p><span><strong>Dac\u0103 \u0219ti\u021bi evenimente care nu se reg\u0103sesc pe lista noastr\u0103, v\u0103 rug\u0103m s\u0103 ne trimite\u021bi un mesaj la redactie@tion.ro.<\/strong><\/span><\/p>\n<div class=\"fbShareLikeTwitterAndEmailContainer\">\n<div class=\"wrapper\">\n<div class=\"email\">\n<div id=\"mailto-pop\" class=\"pop-form pop-form-mailto\">\n<div class=\"pop-form-header\">\n<h4>Trimite articolul<\/h4>\n<p><a class=\"pop-form-close\">X<\/a><\/div>\n<\/div>\n<\/div>\n<\/div>\n<\/div>\n<div class=\"tagsContainer\">\n<div class=\"tagsLabel\">Taguri:<\/div>\n<div class=\"tags\">\n<div class=\"tag\"><a href=\"https:\/\/www.tion.ro\/cimke\/azi-in-timisoara\" rel=\"tag\"><span class=\"link\">azi in timisoara<\/span><\/a><\/div>\n<\/div>\n<\/div>\n<div class=\"comments\">\n<div class=\"top\">\n<div class=\"commentsNumber\"><span class=\"number\">0<\/span><span class=\"text\">Comentarii<\/span><\/div>\n<\/div>\n<div class=\"center\">\n<div id=\"respond\" class=\"comment-respond\">\n<h3 id=\"reply-title\" class=\"comment-reply-title\"><small><a rel=\"nofollow\" id=\"cancel-comment-reply-link\" href=\"https:\/\/www.tion.ro\/azi-in-timisoara\/ce-facem-astazi-18-august-2026-in-timisoara-2335110\/#respond\">Cancel reply<\/a><\/small><\/h3>\n<p class=\"comment-notes\"><span id=\"email-notes\">Your email address will not be published.<\/span><span class=\"required-field-message\">Required fields are marked <span class=\"required\">*<\/span><\/span><\/p>\n<p class=\"commentFormComment\"><span id=\"commentFormCount\"><br \/>\n                            inca<br \/>\n                            <span id=\"countCommentText\">1000<\/span><br \/>\n                            caractere ramase<br \/>\n                        <\/span><\/p>\n<\/div>\n<\/div>\n<div class=\"bottom\">\n<p class=\"forumDisclaimerHuRo\">\n            Citi\u021bi principiile noastre de moderare <a href=\"https:\/\/www.tion.ro\/reguli-postare-comentarii\/\" target=\"_blank\">aici<\/a>!\n        <\/p>\n<\/div>\n<\/div>\n<\/div>\n<\/div>\n<p>[analyse_source url=&#8221;https:\/\/www.tion.ro\/azi-in-timisoara\/ce-facem-astazi-18-august-2026-in-timisoara-2335110\/&#8221;]<\/p>\n","protected":false},"excerpt":{"rendered":"<p>[analyse_image type=&#8221;featured&#8221; src=&#8221;https:\/\/www.tion.ro\/wp-content\/uploads\/2026\/08\/+otf\/1200&#215;630\/HIIcW60VihzSRNy+JuNjz05PVF9WRVJZX1NFQwYXQyPKy3w9PWuJ1__5LLFUGERHUtrLkt+ZfCjbq+2jTQWPXa79Li92OwlGocE1El+b1mPdz5wVIaZaXn6D41pw=\/6005558unirii4.jpeg&#8221;] Centrul Multifunc\u021bional Bastion Expozi\u021bia de pictur\u0103 \u0219i sculptur\u0103 \u201eSENS\u201d; Expozi\u021bie colectiv\u0103 \u201eSteps to Your Heart\u201d \u2013 Conacul Mocioni din Foeni; Expozi\u021bie de pictur\u0103 \u0219i ceramic\u0103 \u201eAmintiri din viitor\u201d, semnat\u0103 de artistele Lucia Kolla Stoica \u0219i Hella Crasnanic. Centrul de Cultur\u0103 \u0219i Art\u0103 al Jude\u021bului Timi\u0219 Expozi\u021bia \u201eParadisul de dup\u0103 col\u021b\u201d. Muzeul Na\u021bional [&hellip;]<\/p>\n","protected":false},"author":1,"featured_media":0,"comment_status":"open","ping_status":"","sticky":false,"template":"","format":"standard","meta":{"footnotes":""},"categories":[89],"tags":[226,191],"class_list":["post-2098200","post","type-post","status-publish","format-standard","hentry","category-romania","tag-crawlmanager","tag-tion-ro"],"_links":{"self":[{"href":"https:\/\/analyse.optim.biz\/index.php?rest_route=\/wp\/v2\/posts\/2098200","targetHints":{"allow":["GET"]}}],"collection":[{"href":"https:\/\/analyse.optim.biz\/index.php?rest_route=\/wp\/v2\/posts"}],"about":[{"href":"https:\/\/analyse.optim.biz\/index.php?rest_route=\/wp\/v2\/types\/post"}],"author":[{"embeddable":true,"href":"https:\/\/analyse.optim.biz\/index.php?rest_route=\/wp\/v2\/users\/1"}],"replies":[{"embeddable":true,"href":"https:\/\/analyse.optim.biz\/index.php?rest_route=%2Fwp%2Fv2%2Fcomments&post=2098200"}],"version-history":[{"count":0,"href":"https:\/\/analyse.optim.biz\/index.php?rest_route=\/wp\/v2\/posts\/2098200\/revisions"}],"wp:attachment":[{"href":"https:\/\/analyse.optim.biz\/index.php?rest_route=%2Fwp%2Fv2%2Fmedia&parent=2098200"}],"wp:term":[{"taxonomy":"category","embeddable":true,"href":"https:\/\/analyse.optim.biz\/index.php?rest_route=%2Fwp%2Fv2%2Fcategories&post=2098200"},{"taxonomy":"post_tag","embeddable":true,"href":"https:\/\/analyse.optim.biz\/index.php?rest_route=%2Fwp%2Fv2%2Ftags&post=2098200"}],"curies":[{"name":"wp","href":"https:\/\/api.w.org\/{rel}","templated":true}]}}