{"id":2098181,"date":"2026-08-17T10:55:00","date_gmt":"2026-08-17T07:55:00","guid":{"rendered":"https:\/\/analyse.optim.biz\/?p=2098181"},"modified":"2026-08-17T10:55:00","modified_gmt":"2026-08-17T07:55:00","slug":"india-vrea-sa-cucereasca-lumea-inteligentei-artificiale-10-milioane-de-tineri-recruti-intra-in-razboiul-care-va-conduce-la-dominarea-lumii","status":"publish","type":"post","link":"https:\/\/analyse.optim.biz\/?p=2098181","title":{"rendered":"India vrea s\u0103 cucereasc\u0103 lumea inteligen\u021bei artificiale: 10 milioane de tineri recru\u021bi intr\u0103 \u00een r\u0103zboiul care va conduce la dominarea lumii"},"content":{"rendered":"<p>[analyse_image type=&#8221;featured&#8221; src=&#8221;https:\/\/radiogoldfm.ro\/wp-content\/uploads\/2026\/08\/india-vrea-s-cucereasc-lumea-inteligen-ei-artificiale-10-milioane-de-tineri-recru-i-intr-n-r-zboiul-care-va-conduce-la-dominarea-lumii-main.webphttps:\/\/radiogoldfm.ro\/wp-content\/uploads\/2026\/08\/india-vrea-s-cucereasc-lumea-inteligen-ei-artificiale-10-milioane-de-tineri-recru-i-intr-n-r-zboiul-care-va-conduce-la-dominarea-lumii-main.webp&#8221;]<\/p>\n<div class=\"qt-the-content\">\n<p>Prim-ministrul indian Narendra Modi a anun\u0163at s\u00e2mb\u0103t\u0103 lansarea unei ini\u0163iative na\u0163ionale de a instrui zece milioane de tineri \u00een domeniul inteligen\u0163ei artificiale (IA) \u00een urm\u0103toarele dou\u0103sprezece luni, ca parte a planului s\u0103u de a pozi\u0163iona \u0163ara \u00een fruntea cursei tehnologice.<\/p>\n<p>Planul<\/p>\n<p>\u201c\u00cen anul urm\u0103tor, vom lucra pentru a oferi instruire \u00een domeniul inteligen\u0163ei artificiale pentru zece milioane de tineri, astfel \u00eenc\u00e2t tinerii din India s\u0103 aib\u0103 capacitatea de a conduce \u015fi \u00een lumea IA\u201d, a declarat Modi, de pe zidurile Fortului Ro\u015fu din New Delhi \u00een timpul discursului s\u0103u pentru cea de-a 80-a aniversare a Zilei Independen\u0163ei.<\/p>\n<p>M\u0103sura urm\u0103re\u015fte s\u0103 transforme modelul de produc\u0163ie al \u0163\u0103rii asiatice \u015fi face parte din foaia de parcurs economic\u0103 cu care New Delhi aspir\u0103 s\u0103 devin\u0103 o na\u0163iune pe deplin dezvoltat\u0103 p\u00e2n\u0103 \u00een 2047.<\/p>\n<p>\u201cNu trebuie s\u0103 transform\u0103m pur \u015fi simplu \u0163ara noastr\u0103 \u00eentr-o pia\u0163\u0103 pentru \u00eentreaga lume. Trebuie s\u0103 devenim un centru de inova\u0163ie\u201d, a afirmat Modi. Potrivit liderului indian, ecosistemul gigantului asiatic trebuie s\u0103 devin\u0103 un lider global \u00een tehnologiile emergente.<\/p>\n<p>Modi a legat saltul c\u0103tre IA de implementarea unei infrastructuri digitale publice mai mari \u015fi de consolidarea unor sectoare strategice precum semiconductorii, calculul cuantic \u015fi re\u0163elele 6G fabricate pe plan intern.<\/p>\n<p>\u201eEra IA\u201d<\/p>\n<p>Pentru tranzi\u0163ie, despre care premierul indian a apreciat c\u0103 va necesita \u201celectricitate \u00een cantit\u0103\u0163i uria\u015fe\u201d, India a anun\u0163at un obiectiv de produc\u0163ie de energie nuclear\u0103 de 100 de gigawa\u0163i p\u00e2n\u0103 \u00een 2047 \u015fi o implementare mai mare a energiei solare.<\/p>\n<p>\u201cAcum este era IA, a tehnologiei cuantice, a spa\u0163iului, a roboticii \u015fi a centrelor de date. S-a deschis un domeniu complet nou\u201d, a ad\u0103ugat Modi.<\/p>\n<p>Interesul New Delhi pentru IA provine \u015fi din doctrina sa de autosuficien\u0163\u0103 economic\u0103, \u201cIndia autosuficient\u0103\u201d, promovat\u0103 de guvernul Modi, care urm\u0103re\u015fte s\u0103 transforme India \u00eentr-un mare centru global pentru procesarea datelor \u015fi fabricarea de microcipuri pentru a reduce dependen\u0163a extern\u0103.<\/p>\n<p><em><strong>surs\u0103: <a href=\"https:\/\/www.ziuanews.ro\/stiri\/india-vrea-sa-cucereasca-lumea-inteligen-ei-artificiale-10-milioane-de-tineri-recru-i-intra-in-razboiul-care-va-conduce-la-dominarea-lumii-1595858\">ziuanews.ro<\/a><\/strong><\/em><\/p>\n<div class=\"tagcloud qt-spacer-m\"><span class=\"qt-title\">Tagged as <\/span><a href=\"https:\/\/radiogoldfm.ro\/tag\/ai\/\" rel=\"tag\">ai<\/a><a href=\"https:\/\/radiogoldfm.ro\/tag\/dominarea-lumii\/\" rel=\"tag\">dominarea lumii<\/a><a href=\"https:\/\/radiogoldfm.ro\/tag\/gold-fm\/\" rel=\"tag\">GOLD FM<\/a><a href=\"https:\/\/radiogoldfm.ro\/tag\/india\/\" rel=\"tag\">india<\/a><a href=\"https:\/\/radiogoldfm.ro\/tag\/inteligenta-artificiala\/\" rel=\"tag\">inteligenta artificiala<\/a><a href=\"https:\/\/radiogoldfm.ro\/tag\/recruti\/\" rel=\"tag\">recruti<\/a><a href=\"https:\/\/radiogoldfm.ro\/tag\/romania\/\" rel=\"tag\">romania<\/a><\/div>\n<div class=\"qt-post-author qt-card\">\n<div class=\"row\">\n<div class=\"qt-post-author-data col s10 m7 l7\">\n<h6>Profil<\/h6>\n<h4><a href=\"https:\/\/radiogoldfm.ro\/india-vrea-sa-cucereasca-lumea-inteligentei-artificiale-10-milioane-de-tineri-recruti-intra-in-razboiul-care-va-conduce-la-dominarea-lumii\/#author_page\">Gold FM Radio<\/a><\/h4>\n<\/div>\n<div class=\"qt-post-author-link col s12 m3 l4 \"><a href=\"https:\/\/radiogoldfm.ro\/author\/gold-fm\/\" class=\"qt-btn qt-btn-large qt-btn-primary aligncenter\">Arhiva postari<\/a><\/div>\n<\/div>\n<\/div>\n<\/div>\n<p>[analyse_source url=&#8221;https:\/\/radiogoldfm.ro\/india-vrea-sa-cucereasca-lumea-inteligentei-artificiale-10-milioane-de-tineri-recruti-intra-in-razboiul-care-va-conduce-la-dominarea-lumii\/&#8221;]<\/p>\n","protected":false},"excerpt":{"rendered":"<p>[analyse_image type=&#8221;featured&#8221; src=&#8221;https:\/\/radiogoldfm.ro\/wp-content\/uploads\/2026\/08\/india-vrea-s-cucereasc-lumea-inteligen-ei-artificiale-10-milioane-de-tineri-recru-i-intr-n-r-zboiul-care-va-conduce-la-dominarea-lumii-main.webphttps:\/\/radiogoldfm.ro\/wp-content\/uploads\/2026\/08\/india-vrea-s-cucereasc-lumea-inteligen-ei-artificiale-10-milioane-de-tineri-recru-i-intr-n-r-zboiul-care-va-conduce-la-dominarea-lumii-main.webp&#8221;] Prim-ministrul indian Narendra Modi a anun\u0163at s\u00e2mb\u0103t\u0103 lansarea unei ini\u0163iative na\u0163ionale de a instrui zece milioane de tineri \u00een domeniul inteligen\u0163ei artificiale (IA) \u00een urm\u0103toarele dou\u0103sprezece luni, ca parte a planului s\u0103u de a pozi\u0163iona \u0163ara \u00een fruntea cursei tehnologice. Planul \u201c\u00cen anul urm\u0103tor, vom lucra pentru a oferi instruire \u00een domeniul [&hellip;]<\/p>\n","protected":false},"author":1,"featured_media":0,"comment_status":"open","ping_status":"","sticky":false,"template":"","format":"standard","meta":{"footnotes":""},"categories":[89],"tags":[226,96],"class_list":["post-2098181","post","type-post","status-publish","format-standard","hentry","category-romania","tag-crawlmanager","tag-radiogoldfm-ro"],"_links":{"self":[{"href":"https:\/\/analyse.optim.biz\/index.php?rest_route=\/wp\/v2\/posts\/2098181","targetHints":{"allow":["GET"]}}],"collection":[{"href":"https:\/\/analyse.optim.biz\/index.php?rest_route=\/wp\/v2\/posts"}],"about":[{"href":"https:\/\/analyse.optim.biz\/index.php?rest_route=\/wp\/v2\/types\/post"}],"author":[{"embeddable":true,"href":"https:\/\/analyse.optim.biz\/index.php?rest_route=\/wp\/v2\/users\/1"}],"replies":[{"embeddable":true,"href":"https:\/\/analyse.optim.biz\/index.php?rest_route=%2Fwp%2Fv2%2Fcomments&post=2098181"}],"version-history":[{"count":0,"href":"https:\/\/analyse.optim.biz\/index.php?rest_route=\/wp\/v2\/posts\/2098181\/revisions"}],"wp:attachment":[{"href":"https:\/\/analyse.optim.biz\/index.php?rest_route=%2Fwp%2Fv2%2Fmedia&parent=2098181"}],"wp:term":[{"taxonomy":"category","embeddable":true,"href":"https:\/\/analyse.optim.biz\/index.php?rest_route=%2Fwp%2Fv2%2Fcategories&post=2098181"},{"taxonomy":"post_tag","embeddable":true,"href":"https:\/\/analyse.optim.biz\/index.php?rest_route=%2Fwp%2Fv2%2Ftags&post=2098181"}],"curies":[{"name":"wp","href":"https:\/\/api.w.org\/{rel}","templated":true}]}}