{"id":2098177,"date":"2026-08-16T08:52:33","date_gmt":"2026-08-16T05:52:33","guid":{"rendered":"https:\/\/analyse.optim.biz\/?p=2098177"},"modified":"2026-08-16T08:52:33","modified_gmt":"2026-08-16T05:52:33","slug":"coreea-de-sud-a-propus-coreei-de-nord-semnarea-unui-acord-de-pace-pentru-a-pune-capat-razboiului-care-dureaza-de-76-de-ani","status":"publish","type":"post","link":"https:\/\/analyse.optim.biz\/?p=2098177","title":{"rendered":"Coreea de Sud a propus Coreei de Nord semnarea unui acord de pace pentru a pune cap\u0103t r\u0103zboiului care dureaz\u0103 de 76 de ani"},"content":{"rendered":"<p>[analyse_image type=&#8221;featured&#8221; src=&#8221;https:\/\/radiogoldfm.ro\/wp-content\/uploads\/2026\/08\/https___www.gandul.ro_wp-content_uploads_2026_08_jong-un-lee-jae-myung-jpg-1280&#215;720-1.webphttps:\/\/radiogoldfm.ro\/wp-content\/uploads\/2026\/08\/https___www.gandul.ro_wp-content_uploads_2026_08_jong-un-lee-jae-myung-jpg-1280&#215;720-1.webp&#8221;]<\/p>\n<div class=\"qt-the-content\">\n<p id=\"p-0\">Coreea de Sud a propus Coreei de Nord semnarea unui a<a href=\"https:\/\/www.gandul.ro\/international\/donald-trump-postare-truth-social-foto-kim-jong-un-20981139\">cord de pace pentru a pune cap\u0103t r\u0103zboiului coreean<\/a>, care dureaz\u0103 de 76 de ani.<\/p>\n<figure class=\"wp-block-image\"><a href=\"https:\/\/www.gandul.ro\/wp-content\/uploads\/2025\/06\/profimedia-1006874171.jpg\"><img decoding=\"async\" src=\"https:\/\/media.gandul.ro\/UADRSJjDQu4dJpe6hmgoIp-xHqg=\/700x526\/smart\/filters:contrast(5):format(webp):quality(80)\/https%3A%2F%2Fwww.gandul.ro%2Fwp-content%2Fuploads%2F2025%2F06%2Fprofimedia-1006874171.jpg\" alt class=\"wp-image-20536883\"><\/a><\/figure>\n<p id=\"p-2\">Pre\u0219edintele Coreei de Sud, a fost cel care a lansat ini\u021biativa de a purta negocieri cu Coreea de Nord, cu scopul de a semna un acord de pace definitiv, \u00een vederea \u00eencheierii oficiale a r\u0103zboiului care, din punct de vedere tehnic, este \u00eenc\u0103 \u00een curs, relateaz\u0103<a href=\"https:\/\/www.bbc.com\/news\/articles\/c8en2z9jp2xo\">\u00a0BBC<\/a>.<\/p>\n<p id=\"p-3\">Lee Jae-myung a f\u0103cut aceast\u0103 declara\u021bie \u00een discursul sus\u021binut cu ocazia \u00eemplinirii a 81 de ani de la eliberarea de sub domina\u021bia japonez\u0103. Pe data de 15 august 2026, Coreea de Sud a celebrat oficial a 81-a aniversare a Zilei Eliber\u0103rii Na\u021bionale (Gwangbokjeol sau \u201eZiua \u00een care s-a \u00eentors lumina\u201d). S\u0103rb\u0103toarea marcheaz\u0103 sf\u00e2r\u0219itul celor 35 de ani de ocupa\u021bie colonial\u0103 a Japoniei Imperiale (1910-1945), \u00een urma capitul\u0103rii acesteia la finalul Celui de-al Doilea R\u0103zboi Mondial.<\/p>\n<p id=\"p-10\">Lee Jae Myung a propus un \u201esistem de securitate pe mai multe niveluri\u201d pentru a evita izbucnirea unor conflicte de-a lungul frontierei de facto dintre cele dou\u0103 \u021b\u0103ri, cunoscut\u0103 sub numele de zona demilitarizat\u0103 (DMZ), \u0219i s-a oferit s\u0103 discute modalit\u0103\u021bi concrete de a pune cap\u0103t ambi\u021biilor nucleare ale Phenianului.<\/p>\n<p id=\"p-11\">Un acord de pace durabil, a declarat Lee Jae-myung, ar trebui s\u0103 \u00eenlocuiasc\u0103 \u201esistemul instabil de \u00eencetare a focului\u201d \u0219i s\u0103 includ\u0103 institu\u021bii pentru controlul tensiunilor \u0219i mecanisme pe mai multe niveluri pentru prevenirea crizelor.<\/p>\n<blockquote class=\"wp-block-quote is-layout-flow wp-block-quote-is-layout-flow\">\n<p id=\"p-12\">\u201ePacea de pe peninsula coreean\u0103 va contribui la stabilitatea \u0219i cooperarea \u00een Asia de Nord-Est, \u0219i va servi drept model pentru un viitor f\u0103r\u0103 arme nucleare. Acest lucru va oferi speran\u021b\u0103 \u0219i noi oportunit\u0103\u021bi lumii, care sufer\u0103 din cauza conflictelor\u201d, a declarat Lee Jae-myung.<\/p>\n<\/blockquote>\n<p id=\"p-13\">Ptrivit BBC, Coreea de Nord a efectuat \u00een mod continuu teste cu rachete balistice capabile s\u0103 transporte focoase nucleare, fapt perceput la Seul \u0219i \u00een Japonia vecin\u0103 ca o \u00eencercare de intimidare \u0219i de demonstrare a puterii.<\/p>\n<p id=\"p-14\">Conflictul dintre cele dou\u0103 p\u0103r\u021bi aflate \u00een Peninsula Coreean\u0103 a fost practic \u00eenghe\u021bat de la semnarea armisti\u021biului din 1953. Nu au semnat un tratat de pace \u0219i, prin urmare, din punct de vedere tehnic, se afl\u0103 \u00eenc\u0103 \u00een stare de r\u0103zboi de atunci.<\/p>\n<p id=\"p-15\">\u00cen deceniile care au urmat, au avut loc ciocniri \u0219i tensiuni de-a lungul zonei demilitarizate (DMZ), precum \u0219i acuza\u021bii reciproce de provoc\u0103ri, inclusiv aruncarea de baloane \u00eenc\u0103rcate cu gunoi \u0219i materiale de propagand\u0103.<\/p>\n<p id=\"p-16\">Lee, care a devenit pre\u0219edinte al Coreei de Sud anul trecut, dup\u0103 ce predecesorul s\u0103u, Yoon Suk Yeol, a fost destituit pentru c\u0103 a \u00eencercat s\u0103 declare legea mar\u021bial\u0103, a \u00eencercat s\u0103 \u00eembun\u0103t\u0103\u021beasc\u0103 rela\u021biile cu Coreea de Nord \u0219i cu aliatul acesteia, China, rela\u021bii care se deterioraser\u0103 sub mandatul lui Yoon.<\/p>\n<blockquote class=\"wp-block-quote is-layout-flow wp-block-quote-is-layout-flow\">\n<p id=\"p-17\">\u201eS\u0103 renun\u021b\u0103m la inten\u021biile de a ne amenin\u021ba reciproc \u0219i s\u0103 \u00eencepem discu\u021biile pentru a pune cap\u0103t r\u0103zboiului de lung\u0103 durat\u0103, \u00een calitate de p\u0103r\u021bi direct implicate\u201d, a declarat Lee \u00een cadrul unei ceremonii organizate cu ocazia Zilei Eliber\u0103rii, care comemoreaz\u0103 eliberarea peninsulei de sub domina\u021bia japonez\u0103.<\/p>\n<\/blockquote>\n<p id=\"p-18\">Lee \u0219i-a exprimat speran\u021ba c\u0103 cele dou\u0103 na\u021biuni \u201ese vor a\u0219eza fa\u021b\u0103 \u00een fa\u021b\u0103 pentru o coexisten\u021b\u0103 pa\u0219nic\u0103 \u0219i o dezvoltare reciproc\u0103\u201d, ad\u0103ug\u00e2nd c\u0103 acest lucru ar putea servi drept forum pentru discutarea \u201emodalit\u0103\u021bilor eficiente de a opri dezvoltarea capacit\u0103\u021bilor nucleare ale Coreei de Nord\u201d.<\/p>\n<h2 class=\"wp-block-heading\" id=\"chapter-0\">Coreea de Nord nu a reac\u021bionat \u00eenc\u0103 la oferta lui Lee<\/h2>\n<p id=\"p-19\">Agen\u021bia de \u0219tiri oficial\u0103 a regimului de la Phenian a transmis \u0219tiri conform c\u0103rora Kim Jong Un a marcat comemor\u0103rile Zilei Eliber\u0103rii \u021b\u0103rii sale prin depunerea unei coroane de flori \u0219i o gard\u0103 de onoare.<\/p>\n<p id=\"p-20\">Phenianul a respins anterior ofertele de dialog ale lui Lee, critic\u00e2nd un acord prin care SUA urmau s\u0103 construiasc\u0103 pentru Coreea de Sud o flot\u0103 de submarine cu propulsie nuclear\u0103 \u0219i denun\u021b\u00e2nd exerci\u021biile militare comune dintre cei doi alia\u021bi.<\/p>\n<p id=\"p-21\">\u00cen ianuarie 2024, liderul nord-coreean Kim Jong Un a anun\u021bat c\u0103 reunificarea cu Sudul nu mai este posibil\u0103.<\/p>\n<p id=\"p-22\">Potrivit lui Kim, Constitu\u021bia \u021b\u0103rii trebuie modificat\u0103 pentru ca nord-coreenii s\u0103 fie educa\u021bi \u00een spiritul ideii c\u0103 statul vecin din sud reprezint\u0103 \u201erivalul primordial \u0219i inamicul principal de neschimbat\u201d.<\/p>\n<p id=\"p-23\">\u00centr-un discurs \u021binut la acea vreme, el a ad\u0103ugat c\u0103, \u00een cazul \u00een care ar izbucni un r\u0103zboi \u00een Peninsula Coreean\u0103, Coreea de Nord ar trebui s\u0103 urm\u0103reasc\u0103 \u201eocuparea\u201d, \u201erecucerirea\u201d \u0219i \u201e\u00eencorporarea\u201d Coreei de Sud \u00een teritoriul s\u0103u.<\/p>\n<p id=\"p-24\">Coreea de Nord s-a autoproclamat putere nuclear\u0103 \u00een 2022 \u0219i a promis c\u0103 nu va renun\u021ba niciodat\u0103 la armele sale, despre care se estimeaz\u0103 c\u0103 de\u021bine zeci.<\/p>\n<figure class=\"wp-block-image\"><a href=\"https:\/\/www.gandul.ro\/wp-content\/uploads\/2026\/08\/trump-kim-jong-un.jpg\"><img decoding=\"async\" src=\"https:\/\/www.gandul.ro\/wp-content\/uploads\/2026\/08\/trump-kim-jong-un.jpg\" alt class=\"wp-image-20981142\"><\/a><\/figure>\n<p id=\"p-26\">Lee a declarat anterior c\u0103 Phenianul producea \u00eentre 15 \u0219i 20 de focoase suplimentare pe an, afirm\u00e2nd anul trecut pentru BBC c\u0103 ar sus\u021bine un acord \u00eentre pre\u0219edintele SUA, Donald Trump, \u0219i Kim Jong Un pentru \u00eenghe\u021barea produc\u021biei.<\/p>\n<p id=\"p-27\"><a href=\"https:\/\/www.gandul.ro\/international\/donald-trump-postare-truth-social-foto-kim-jong-un-20981139\">Trump este singurul lider occidental care s-a \u00eent\u00e2lnit cu Kim<\/a>, \u00eent\u00e2lnire care a avut loc \u00een timpul primului mandat al pre\u0219edintelui american.<\/p>\n<p id=\"p-28\">De\u0219i \u0219i-a \u00eendreptat aten\u021bia c\u0103tre alte regiuni de la revenirea la Casa Alb\u0103, Trump a declarat \u00een luna august a anului trecut c\u0103 sper\u0103 s\u0103 se \u00eent\u00e2lneasc\u0103 din nou cu Kim atunci c\u00e2nd va fi \u201emomentul potrivit\u201d.<\/p>\n<p><em><strong>surs\u0103: <a href=\"https:\/\/www.gandul.ro\/international\/coreea-sud-propunere-acord-pace-coreea-nord-20981338\">gandul.ro<\/a><\/strong><\/em><\/p>\n<div class=\"tagcloud qt-spacer-m\"><span class=\"qt-title\">Tagged as <\/span><a href=\"https:\/\/radiogoldfm.ro\/tag\/coreea\/\" rel=\"tag\">coreea<\/a><a href=\"https:\/\/radiogoldfm.ro\/tag\/coreea-de-nord\/\" rel=\"tag\">coreea de nord<\/a><a href=\"https:\/\/radiogoldfm.ro\/tag\/coreea-de-sud\/\" rel=\"tag\">coreea de sud<\/a><a href=\"https:\/\/radiogoldfm.ro\/tag\/gold-fm\/\" rel=\"tag\">GOLD FM<\/a><a href=\"https:\/\/radiogoldfm.ro\/tag\/romania\/\" rel=\"tag\">romania<\/a><\/div>\n<div class=\"qt-post-author qt-card\">\n<div class=\"row\">\n<div class=\"qt-post-author-data col s10 m7 l7\">\n<h6>Profil<\/h6>\n<h4><a href=\"https:\/\/radiogoldfm.ro\/coreea-de-sud-a-propus-coreei-de-nord-semnarea-unui-acord-de-pace-pentru-a-pune-capat-razboiului-care-dureaza-de-76-de-ani\/#author_page\">Gold FM Radio<\/a><\/h4>\n<\/div>\n<div class=\"qt-post-author-link col s12 m3 l4 \"><a href=\"https:\/\/radiogoldfm.ro\/author\/gold-fm\/\" class=\"qt-btn qt-btn-large qt-btn-primary aligncenter\">Arhiva postari<\/a><\/div>\n<\/div>\n<\/div>\n<\/div>\n<p>[analyse_source url=&#8221;https:\/\/radiogoldfm.ro\/coreea-de-sud-a-propus-coreei-de-nord-semnarea-unui-acord-de-pace-pentru-a-pune-capat-razboiului-care-dureaza-de-76-de-ani\/&#8221;]<\/p>\n","protected":false},"excerpt":{"rendered":"<p>[analyse_image type=&#8221;featured&#8221; src=&#8221;https:\/\/radiogoldfm.ro\/wp-content\/uploads\/2026\/08\/https___www.gandul.ro_wp-content_uploads_2026_08_jong-un-lee-jae-myung-jpg-1280&#215;720-1.webphttps:\/\/radiogoldfm.ro\/wp-content\/uploads\/2026\/08\/https___www.gandul.ro_wp-content_uploads_2026_08_jong-un-lee-jae-myung-jpg-1280&#215;720-1.webp&#8221;] Coreea de Sud a propus Coreei de Nord semnarea unui acord de pace pentru a pune cap\u0103t r\u0103zboiului coreean, care dureaz\u0103 de 76 de ani. Pre\u0219edintele Coreei de Sud, a fost cel care a lansat ini\u021biativa de a purta negocieri cu Coreea de Nord, cu scopul de a semna un acord de [&hellip;]<\/p>\n","protected":false},"author":1,"featured_media":0,"comment_status":"open","ping_status":"","sticky":false,"template":"","format":"standard","meta":{"footnotes":""},"categories":[89],"tags":[226,96],"class_list":["post-2098177","post","type-post","status-publish","format-standard","hentry","category-romania","tag-crawlmanager","tag-radiogoldfm-ro"],"_links":{"self":[{"href":"https:\/\/analyse.optim.biz\/index.php?rest_route=\/wp\/v2\/posts\/2098177","targetHints":{"allow":["GET"]}}],"collection":[{"href":"https:\/\/analyse.optim.biz\/index.php?rest_route=\/wp\/v2\/posts"}],"about":[{"href":"https:\/\/analyse.optim.biz\/index.php?rest_route=\/wp\/v2\/types\/post"}],"author":[{"embeddable":true,"href":"https:\/\/analyse.optim.biz\/index.php?rest_route=\/wp\/v2\/users\/1"}],"replies":[{"embeddable":true,"href":"https:\/\/analyse.optim.biz\/index.php?rest_route=%2Fwp%2Fv2%2Fcomments&post=2098177"}],"version-history":[{"count":0,"href":"https:\/\/analyse.optim.biz\/index.php?rest_route=\/wp\/v2\/posts\/2098177\/revisions"}],"wp:attachment":[{"href":"https:\/\/analyse.optim.biz\/index.php?rest_route=%2Fwp%2Fv2%2Fmedia&parent=2098177"}],"wp:term":[{"taxonomy":"category","embeddable":true,"href":"https:\/\/analyse.optim.biz\/index.php?rest_route=%2Fwp%2Fv2%2Fcategories&post=2098177"},{"taxonomy":"post_tag","embeddable":true,"href":"https:\/\/analyse.optim.biz\/index.php?rest_route=%2Fwp%2Fv2%2Ftags&post=2098177"}],"curies":[{"name":"wp","href":"https:\/\/api.w.org\/{rel}","templated":true}]}}