{"id":209810,"date":"2014-03-11T04:56:43","date_gmt":"2014-03-11T01:56:43","guid":{"rendered":"https:\/\/analyse.optim.biz\/?p=209810"},"modified":"2014-03-11T04:56:43","modified_gmt":"2014-03-11T01:56:43","slug":"victor-ponta-ar-candida-la-presedintie-intre-49-si-51-ca-prim-ministru-ar-nominaliza-un-liberal","status":"publish","type":"post","link":"https:\/\/analyse.optim.biz\/?p=209810","title":{"rendered":"Victor Ponta ar candida la pre\u015fedin\u0163ie \u201e\u00eentre 49 \u015fi 51%\u201d. Ca prim-ministru, ar nominaliza \u201eun liberal\u201d"},"content":{"rendered":"<div class=\"entry data-app-meta data-app-meta-article\" data-embed-base-url-canonical=\"https:\/\/www.digi24.ro\/embed\/stiri\/actualitate\/politica\/victor-ponta-ar-candida-la-presedintie-intre-49-si-51-ca-prim-ministru-ar-nominaliza-un-liberal-212578\">\n<p data-index=\"1\"><span><strong>\u00centre 49% \u015fi 51% estimeaz\u0103 Victor Ponta \u015fansele ca el s\u0103 candideze la Pre\u015fedin\u0163ia Rom\u00e2niei la alegerile din noiembrie. Premierul a precizat \u00eens\u0103 \u00eentr-o emisiune televizat\u0103 c\u0103 ultimele dou\u0103 tururi de alegeri pentru fotoliul de la Cotroceni au demonstrat c\u0103 cele dou\u0103 procente dintre 49 \u015fi 51 sunt cele care fac, de fapt, diferen\u0163a.<\/strong><\/span><\/p>\n<p data-index=\"2\"><img decoding=\"async\" src=\"https:\/\/analyse.optim.biz\/wp-content\/uploads\/2024\/09\/ogm4mwywzdkxodyzodk1yjawndc2zdqxntyym2qymg-thumb_.jpg\" data-skip-htmlfix=\"1\" title=\"ogm4mwywzdkxodyzodk1yjawndc2zdqxntyym2qymg-thumb_\"><\/p>\n<p data-index=\"3\">\u201e<em><strong>Diferen\u0163a dintre 49 \u015fi 51 e uria\u015f\u0103. \u015ei am sim\u0163it-o cu to\u0163ii, \u00een 2004 \u015fi 2009, c\u00e2nd domnul B\u0103sescu a c\u00e2\u015ftigat cu 50 virgul\u0103 ceva la sut\u0103 \u015fi aia a fost diferen\u0163a fundamental\u0103<\/strong><\/em>\u201d, a admis Victor Ponta la <a href=\"http:\/\/www.antena3.ro\/politica\/victor-ponta-daca-as-candida-si-castiga-alegerile-prezidentiale-as-numi-premier-un-liberal-246615.html\" target=\"_blank\" data-skip-linkfix=\"1\" rel=\"noopener\"><strong>Antena 3<\/strong><\/a>.<\/p>\n<p data-index=\"4\">\u00cen cazul \u00een care ar deveni pre\u015fedintele Rom\u00e2niei, Victor Ponta mai spune c\u0103 ar desemna un premier liberal, dar care, cel mai probabil, nu va fi Crin Antonescu, pentru c\u0103 acesta nu \u015fi-a exprimat niciodat\u0103 dorin\u0163a de a conduce Executivul:<\/p>\n<p data-index=\"5\">\u201e<em><strong>Dac\u0103 a\u015f fi pre\u015fedinte, func\u0163ia de premier ar trebui s\u0103 revin\u0103 altcuiva, nu unui reprezentant al PSD. (&#8230;) A\u015f nominaliza un liberal. Nu \u015ftiu dac\u0103 neap\u0103rat domnul Antonescu \u00ee\u015fi dore\u015fte acest lucru, s\u0103 fie prim-ministru. Nu \u015fi-a dorit niciodat\u0103, din c\u00e2te \u015ftiu eu<\/strong><\/em>\u201d, a declarat premierul.<\/p>\n<\/div>\n<p> Source URL: https:\/\/www.digi24.ro\/stiri\/actualitate\/politica\/victor-ponta-ar-candida-la-presedintie-intre-49-si-51-ca-prim-ministru-ar-nominaliza-un-liberal-212578<\/p>\n","protected":false},"excerpt":{"rendered":"<p>\u00centre 49% \u015fi 51% estimeaz\u0103 Victor Ponta \u015fansele ca el s\u0103 candideze la Pre\u015fedin\u0163ia Rom\u00e2niei la alegerile din noiembrie. Premierul a precizat \u00eens\u0103 \u00eentr-o emisiune televizat\u0103 c\u0103 ultimele dou\u0103 tururi de alegeri pentru fotoliul de la Cotroceni au demonstrat c\u0103 cele dou\u0103 procente dintre 49 \u015fi 51 sunt cele care fac, de fapt, diferen\u0163a. \u201eDiferen\u0163a [&hellip;]<\/p>\n","protected":false},"author":1,"featured_media":209811,"comment_status":"open","ping_status":"","sticky":false,"template":"","format":"standard","meta":{"footnotes":""},"categories":[2],"tags":[11],"class_list":["post-209810","post","type-post","status-publish","format-standard","has-post-thumbnail","hentry","category-politics","tag-digi24"],"_links":{"self":[{"href":"https:\/\/analyse.optim.biz\/index.php?rest_route=\/wp\/v2\/posts\/209810","targetHints":{"allow":["GET"]}}],"collection":[{"href":"https:\/\/analyse.optim.biz\/index.php?rest_route=\/wp\/v2\/posts"}],"about":[{"href":"https:\/\/analyse.optim.biz\/index.php?rest_route=\/wp\/v2\/types\/post"}],"author":[{"embeddable":true,"href":"https:\/\/analyse.optim.biz\/index.php?rest_route=\/wp\/v2\/users\/1"}],"replies":[{"embeddable":true,"href":"https:\/\/analyse.optim.biz\/index.php?rest_route=%2Fwp%2Fv2%2Fcomments&post=209810"}],"version-history":[{"count":0,"href":"https:\/\/analyse.optim.biz\/index.php?rest_route=\/wp\/v2\/posts\/209810\/revisions"}],"wp:featuredmedia":[{"embeddable":true,"href":"https:\/\/analyse.optim.biz\/index.php?rest_route=\/wp\/v2\/media\/209811"}],"wp:attachment":[{"href":"https:\/\/analyse.optim.biz\/index.php?rest_route=%2Fwp%2Fv2%2Fmedia&parent=209810"}],"wp:term":[{"taxonomy":"category","embeddable":true,"href":"https:\/\/analyse.optim.biz\/index.php?rest_route=%2Fwp%2Fv2%2Fcategories&post=209810"},{"taxonomy":"post_tag","embeddable":true,"href":"https:\/\/analyse.optim.biz\/index.php?rest_route=%2Fwp%2Fv2%2Ftags&post=209810"}],"curies":[{"name":"wp","href":"https:\/\/api.w.org\/{rel}","templated":true}]}}