{"id":2097984,"date":"2026-08-17T18:28:21","date_gmt":"2026-08-17T15:28:21","guid":{"rendered":"https:\/\/analyse.optim.biz\/?p=2097984"},"modified":"2026-08-17T18:28:21","modified_gmt":"2026-08-17T15:28:21","slug":"durere-fara-margini-la-dodesti-trupurile-celor-doi-frati-de-17-si-19-ani-inecati-la-olimp-au-fost-aduse-acasa","status":"publish","type":"post","link":"https:\/\/analyse.optim.biz\/?p=2097984","title":{"rendered":"Durere f\u0103r\u0103 margini la Dode\u0219ti. Trupurile celor doi fra\u021bi de 17 \u0219i 19 ani, \u00eeneca\u021bi la Olimp, au fost aduse acas\u0103"},"content":{"rendered":"<p>[analyse_image type=&#8221;featured&#8221; src=&#8221;https:\/\/infovaslui.ro\/wp-content\/uploads\/2026\/08\/doi-frati-vaslui-morti-inecati-olimp-constanta-19022666.jpg&#8221;]<\/p>\n<div class=\"tdb-block-inner td-fix-index\"><a class=\"tdb-logo-a\" href=\"https:\/\/infovaslui.ro\/\" title=\"INFO Vaslui\"><span class=\"tdb-logo-img-wrap\"><img loading=\"lazy\" decoding=\"async\" class=\"tdb-logo-img td-retina-data\" data-retina=\"https:\/\/infovaslui.ro\/wp-content\/uploads\/2024\/12\/Black-and-Yellow-Modern-Personal-Logo-4-e1734058775656.png\" src=\"https:\/\/infovaslui.ro\/wp-content\/uploads\/2024\/12\/Black-and-Yellow-Modern-Personal-Logo-4-e1734058775656.png\" alt=\"\u0218tiri din Vaslui\" title=\"INFO Vaslui\" width=\"157\" height=\"96\"><\/span><\/a><\/div>\n<div class=\"tdb-block-inner td-fix-index\"><a class=\"tdb-logo-a\" href=\"https:\/\/infovaslui.ro\/\" title=\"INFO Vaslui\"><span class=\"tdb-logo-img-wrap\"><img loading=\"lazy\" decoding=\"async\" class=\"tdb-logo-img td-retina-data\" data-retina=\"https:\/\/infovaslui.ro\/wp-content\/uploads\/2024\/12\/Black-and-Yellow-Modern-Personal-Logo-4-e1734058775656.png\" src=\"https:\/\/infovaslui.ro\/wp-content\/uploads\/2024\/12\/Black-and-Yellow-Modern-Personal-Logo-4-e1734058775656.png\" alt=\"\u0218tiri din Vaslui\" title=\"INFO Vaslui\" width=\"157\" height=\"96\"><\/span><\/a><\/div>\n<div class=\"tdb-block-inner td-fix-index\">\n<div class=\"tdb-head-date-txt\">luni, august 17, 2026<\/div>\n<\/div>\n<div class=\"tdb-block-inner td-fix-index\"><a class=\"tdb-logo-a\" href=\"https:\/\/infovaslui.ro\/\" title=\"INFO Vaslui\"><span class=\"tdb-logo-img-wrap\"><img loading=\"lazy\" decoding=\"async\" class=\"tdb-logo-img td-retina-data\" data-retina=\"https:\/\/infovaslui.ro\/wp-content\/uploads\/2024\/12\/Black-and-Yellow-Modern-Personal-Logo-1-e1734054980362.png\" src=\"https:\/\/infovaslui.ro\/wp-content\/uploads\/2024\/12\/Black-and-Yellow-Modern-Personal-Logo-1-e1734054980362.png\" alt=\"\u0218tiri din Vaslui\" title=\"INFO Vaslui\" width=\"161\" height=\"99\"><\/span><\/a><\/div>\n<div class=\"tdb-block-inner td-fix-index\"><a class=\"tdb-logo-a\" href=\"https:\/\/infovaslui.ro\/\" title=\"INFO Vaslui\"><span class=\"tdb-logo-img-wrap\"><img loading=\"lazy\" decoding=\"async\" class=\"tdb-logo-img td-retina-data\" data-retina=\"https:\/\/infovaslui.ro\/wp-content\/uploads\/2024\/12\/Black-and-Yellow-Modern-Personal-Logo-1-e1734054980362.png\" src=\"https:\/\/infovaslui.ro\/wp-content\/uploads\/2024\/12\/Black-and-Yellow-Modern-Personal-Logo-1-e1734054980362.png\" alt=\"\u0218tiri din Vaslui\" title=\"INFO Vaslui\" width=\"161\" height=\"99\"><\/span><\/a><\/div>\n<div class=\"tdb-block-inner td-fix-index\"><span><a title class=\"tdb-entry-crumb\" href=\"https:\/\/infovaslui.ro\/\">Acas\u0103<\/a><\/span><span><a title=\"Vede\u021bi toate articolele \u00een Social\" class=\"tdb-entry-crumb\" href=\"https:\/\/infovaslui.ro\/category\/social\/\">Social<\/a><\/span><span class=\"tdb-bred-no-url-last\">Durere f\u0103r\u0103 margini la Dode\u0219ti. Trupurile celor doi fra\u021bi de 17 \u0219i&#8230;<\/span><\/div>\n<div class=\"tdb-block-inner td-fix-index\">\n<h1 class=\"tdb-title-text\">Durere f\u0103r\u0103 margini la Dode\u0219ti. Trupurile celor doi fra\u021bi de 17 \u0219i 19 ani, \u00eeneca\u021bi la Olimp, au fost aduse acas\u0103<\/h1>\n<\/div>\n<div class=\"tdb-block-inner td-fix-index\">\n<div class=\"tdb-author-name-wrap\"><span class=\"tdb-author-by\">Scris de: <\/span><a class=\"tdb-author-name\" href=\"https:\/\/infovaslui.ro\/author\/alexandru-ababei\/\">Alexandru Ababei<\/a><\/div>\n<\/div>\n<div class=\"tdb-block-inner td-fix-index\"><time class=\"entry-date updated td-module-date\" datetime=\"2026-08-17T21:28:21+03:00\">17 august 2026<\/time><\/div>\n<div class=\"td_block_wrap tdb_single_content tdi_106 td-pb-border-top td_block_template_1 td-post-content tagdiv-type\" data-td-block-uid=\"tdi_106\">\n<div class=\"tdb-block-inner td-fix-index\">\n<p><em><strong>Trupurile ne\u00eensufle\u021bite ale celor doi fra\u021bi din comuna Dode\u0219ti, jude\u021bul Vaslui, care \u0219i-au pierdut via\u021ba \u00een apele M\u0103rii Negre, la Olimp, au fost aduse acas\u0103. Tinerii aveau doar 17 \u0219i 19 ani \u0219i plecaser\u0103 pe litoral pentru a munci \u00een sezonul estival \u0219i pentru a c\u00e2\u0219tiga bani cu care s\u0103-\u0219i ajute familia. Acum, p\u0103rin\u021bii se preg\u0103tesc s\u0103-\u0219i conduc\u0103 ambii fii pe ultimul drum.<\/strong><\/em><\/p>\n<p>Tragedia care a lovit familia din Dode\u0219ti a \u00eendurerat \u00eentreaga comunitate. Cei doi fra\u021bi se aflau la Olimp \u00eempreun\u0103 cu sora lor atunci c\u00e2nd au intrat \u00een mare \u0219i nu au mai reu\u0219it s\u0103 ajung\u0103 la mal.<\/p>\n<p>Salvatorii au intervenit pentru recuperarea celor doi tineri.<\/p>\n<p>\u00cen cazul b\u0103iatului de 17 ani au fost \u00eencepute manevrele de resuscitare, \u00eens\u0103 eforturile echipajelor medicale nu au mai putut s\u0103-i salveze via\u021ba. Fratele s\u0103u, \u00een v\u00e2rst\u0103 de 19 ani, a fost g\u0103sit ulterior \u00een ap\u0103. Nici pentru el nu s-a mai putut face nimic.<\/p>\n<h2>Sora lor se afla pe litoral<\/h2>\n<p>Unul dintre cele mai dureroase aspecte ale tragediei este faptul c\u0103 sora celor doi tineri se afla al\u0103turi de ei pe litoral.<\/p>\n<p>R\u0103mas\u0103 pe mal, aceasta a asistat la interven\u021bia salvatorilor \u0219i la \u00eencerc\u0103rile de a-i recupera pe fra\u021bii s\u0103i din mare.<\/p>\n<p>O vacan\u021b\u0103 de var\u0103 \u0219i o perioad\u0103 \u00een care cei doi tineri sperau s\u0103 munceasc\u0103 pentru a-\u0219i ajuta familia s-au transformat astfel \u00eentr-o tragedie.<\/p>\n<h2>Cei doi fra\u021bi au fost adu\u0219i acas\u0103 la Dode\u0219ti<\/h2>\n<p>Dup\u0103 formalit\u0103\u021bile necesare, trupurile celor doi tineri au ajuns acas\u0103, \u00een comuna Dode\u0219ti.<\/p>\n<p>Pentru p\u0103rin\u021bi \u0219i pentru cei apropia\u021bi urmeaz\u0103 acum cel mai greu moment. Cei doi fra\u021bi, care aveau \u00eentreaga via\u021b\u0103 \u00eenainte, vor fi condu\u0219i \u00eempreun\u0103 pe ultimul drum.<\/p>\n<p>Vestea mor\u021bii lor a provocat o puternic\u0103 emo\u021bie \u0219i \u00een comunitatea local\u0103, unde familia este cunoscut\u0103, iar oamenilor le este greu s\u0103 g\u0103seasc\u0103 cuvinte \u00een fa\u021ba unei asemenea tragedii.<\/p>\n<p>Doi fra\u021bi, de numai 17 \u0219i 19 ani, pleca\u021bi la sute de kilometri de cas\u0103 pentru a munci, se \u00eentorc la Dode\u0219ti pentru ultima dat\u0103.<\/p>\n<\/div>\n<\/div>\n<div class=\"tdb-block-inner td-fix-index\">\n<p><em><strong>Trupurile ne\u00eensufle\u021bite ale celor doi fra\u021bi din comuna Dode\u0219ti, jude\u021bul Vaslui, care \u0219i-au pierdut via\u021ba \u00een apele M\u0103rii Negre, la Olimp, au fost aduse acas\u0103. Tinerii aveau doar 17 \u0219i 19 ani \u0219i plecaser\u0103 pe litoral pentru a munci \u00een sezonul estival \u0219i pentru a c\u00e2\u0219tiga bani cu care s\u0103-\u0219i ajute familia. Acum, p\u0103rin\u021bii se preg\u0103tesc s\u0103-\u0219i conduc\u0103 ambii fii pe ultimul drum.<\/strong><\/em><\/p>\n<p>Tragedia care a lovit familia din Dode\u0219ti a \u00eendurerat \u00eentreaga comunitate. Cei doi fra\u021bi se aflau la Olimp \u00eempreun\u0103 cu sora lor atunci c\u00e2nd au intrat \u00een mare \u0219i nu au mai reu\u0219it s\u0103 ajung\u0103 la mal.<\/p>\n<p>Salvatorii au intervenit pentru recuperarea celor doi tineri.<\/p>\n<p>\u00cen cazul b\u0103iatului de 17 ani au fost \u00eencepute manevrele de resuscitare, \u00eens\u0103 eforturile echipajelor medicale nu au mai putut s\u0103-i salveze via\u021ba. Fratele s\u0103u, \u00een v\u00e2rst\u0103 de 19 ani, a fost g\u0103sit ulterior \u00een ap\u0103. Nici pentru el nu s-a mai putut face nimic.<\/p>\n<h2>Sora lor se afla pe litoral<\/h2>\n<p>Unul dintre cele mai dureroase aspecte ale tragediei este faptul c\u0103 sora celor doi tineri se afla al\u0103turi de ei pe litoral.<\/p>\n<p>R\u0103mas\u0103 pe mal, aceasta a asistat la interven\u021bia salvatorilor \u0219i la \u00eencerc\u0103rile de a-i recupera pe fra\u021bii s\u0103i din mare.<\/p>\n<p>O vacan\u021b\u0103 de var\u0103 \u0219i o perioad\u0103 \u00een care cei doi tineri sperau s\u0103 munceasc\u0103 pentru a-\u0219i ajuta familia s-au transformat astfel \u00eentr-o tragedie.<\/p>\n<h2>Cei doi fra\u021bi au fost adu\u0219i acas\u0103 la Dode\u0219ti<\/h2>\n<p>Dup\u0103 formalit\u0103\u021bile necesare, trupurile celor doi tineri au ajuns acas\u0103, \u00een comuna Dode\u0219ti.<\/p>\n<p>Pentru p\u0103rin\u021bi \u0219i pentru cei apropia\u021bi urmeaz\u0103 acum cel mai greu moment. Cei doi fra\u021bi, care aveau \u00eentreaga via\u021b\u0103 \u00eenainte, vor fi condu\u0219i \u00eempreun\u0103 pe ultimul drum.<\/p>\n<p>Vestea mor\u021bii lor a provocat o puternic\u0103 emo\u021bie \u0219i \u00een comunitatea local\u0103, unde familia este cunoscut\u0103, iar oamenilor le este greu s\u0103 g\u0103seasc\u0103 cuvinte \u00een fa\u021ba unei asemenea tragedii.<\/p>\n<p>Doi fra\u021bi, de numai 17 \u0219i 19 ani, pleca\u021bi la sute de kilometri de cas\u0103 pentru a munci, se \u00eentorc la Dode\u0219ti pentru ultima dat\u0103.<\/p>\n<\/div>\n<div class=\"tdb-block-inner td-fix-index\">\n<div class=\"tdb-next-post tdb-next-post-bg tdb-post-prev\"><span>Articolul precedent<\/span><\/p>\n<div class=\"td-module-container\">\n<div class=\"next-prev-title\"><a href=\"https:\/\/infovaslui.ro\/mesaj-recunostinta-cadrele-medicale-spitalul-vechi-vaslui-intalnit-oameni-dedicati-care-meseria-suflet\/\">Mesaj de recuno\u0219tin\u021b\u0103 pentru cadrele medicale de la Spitalul Vechi din Vaslui: \u201eAm \u00eent\u00e2lnit oameni dedica\u021bi, care \u00ee\u0219i fac meseria cu suflet\u201d<\/a><\/div>\n<\/div>\n<\/div>\n<\/div>\n<div class=\"tdb-block-inner td-fix-index\"><a class=\"tdb-logo-a\" href=\"https:\/\/infovaslui.ro\/\" title=\"INFO Vaslui\"><span class=\"tdb-logo-img-wrap\"><img decoding=\"async\" class=\"tdb-logo-img td-retina-data\" data-retina=\"https:\/\/infovaslui.ro\/wp-content\/uploads\/2024\/12\/Black-and-Yellow-Modern-Personal-Logo-1-e1734054980362.png\" src=\"https:\/\/infovaslui.ro\/wp-content\/uploads\/2024\/12\/Black-and-Yellow-Modern-Personal-Logo-1-e1734054980362.png\" alt=\"\u0218tiri din Vaslui\" title=\"INFO Vaslui\"><\/span><span class=\"tdb-logo-text-wrap\"><span class=\"tdb-logo-text-title\">INFO Vaslui<\/span><span class=\"tdb-logo-text-tagline\">\u0218tiri de interes<\/span><\/span><\/a><\/div>\n<p>[analyse_source url=&#8221;https:\/\/infovaslui.ro\/durere-fara-margini-dodesti-trupurile-celor-frati-17-19-inecati-olimp-fost-aduse-acasa\/#new_tab&#8221;]<\/p>\n","protected":false},"excerpt":{"rendered":"<p>[analyse_image type=&#8221;featured&#8221; src=&#8221;https:\/\/infovaslui.ro\/wp-content\/uploads\/2026\/08\/doi-frati-vaslui-morti-inecati-olimp-constanta-19022666.jpg&#8221;] luni, august 17, 2026 Acas\u0103SocialDurere f\u0103r\u0103 margini la Dode\u0219ti. Trupurile celor doi fra\u021bi de 17 \u0219i&#8230; Durere f\u0103r\u0103 margini la Dode\u0219ti. Trupurile celor doi fra\u021bi de 17 \u0219i 19 ani, \u00eeneca\u021bi la Olimp, au fost aduse acas\u0103 Scris de: Alexandru Ababei 17 august 2026 Trupurile ne\u00eensufle\u021bite ale celor doi fra\u021bi din comuna [&hellip;]<\/p>\n","protected":false},"author":1,"featured_media":0,"comment_status":"open","ping_status":"","sticky":false,"template":"","format":"standard","meta":{"footnotes":""},"categories":[89],"tags":[226,217],"class_list":["post-2097984","post","type-post","status-publish","format-standard","hentry","category-romania","tag-crawlmanager","tag-vaslui-robo-stiri-ro"],"_links":{"self":[{"href":"https:\/\/analyse.optim.biz\/index.php?rest_route=\/wp\/v2\/posts\/2097984","targetHints":{"allow":["GET"]}}],"collection":[{"href":"https:\/\/analyse.optim.biz\/index.php?rest_route=\/wp\/v2\/posts"}],"about":[{"href":"https:\/\/analyse.optim.biz\/index.php?rest_route=\/wp\/v2\/types\/post"}],"author":[{"embeddable":true,"href":"https:\/\/analyse.optim.biz\/index.php?rest_route=\/wp\/v2\/users\/1"}],"replies":[{"embeddable":true,"href":"https:\/\/analyse.optim.biz\/index.php?rest_route=%2Fwp%2Fv2%2Fcomments&post=2097984"}],"version-history":[{"count":0,"href":"https:\/\/analyse.optim.biz\/index.php?rest_route=\/wp\/v2\/posts\/2097984\/revisions"}],"wp:attachment":[{"href":"https:\/\/analyse.optim.biz\/index.php?rest_route=%2Fwp%2Fv2%2Fmedia&parent=2097984"}],"wp:term":[{"taxonomy":"category","embeddable":true,"href":"https:\/\/analyse.optim.biz\/index.php?rest_route=%2Fwp%2Fv2%2Fcategories&post=2097984"},{"taxonomy":"post_tag","embeddable":true,"href":"https:\/\/analyse.optim.biz\/index.php?rest_route=%2Fwp%2Fv2%2Ftags&post=2097984"}],"curies":[{"name":"wp","href":"https:\/\/api.w.org\/{rel}","templated":true}]}}