{"id":2097979,"date":"2026-08-11T10:35:30","date_gmt":"2026-08-11T07:35:30","guid":{"rendered":"https:\/\/analyse.optim.biz\/?p=2097979"},"modified":"2026-08-11T10:35:30","modified_gmt":"2026-08-11T07:35:30","slug":"consolidare-si-modernizare-corp-c6-spatii-laborator-d-s-v-s-a-tulcea","status":"publish","type":"post","link":"https:\/\/analyse.optim.biz\/?p=2097979","title":{"rendered":"\u201e Consolidare \u0219i modernizare Corp C6 \u2013 Spa\u021bii Laborator \u2013 D.S.V.S.A. Tulcea\u201d"},"content":{"rendered":"<p>[analyse_image type=&#8221;featured&#8221; src=&#8221;https:\/\/infotulcea.ro\/wp-content\/uploads\/2021\/11\/bulina.png&#8221;]<\/p>\n<div id=\"content\" class=\"site-content container\">\n<div id=\"main-content-row\" class=\"tie-row main-content-row\">\n<div class=\"main-content tie-col-md-8 tie-col-xs-12\" role=\"main\">\n<article id=\"the-post\" class=\"container-wrapper post-content tie-standard\">\n<header class=\"entry-header-outer\">\n<nav id=\"breadcrumb\"><a href=\"https:\/\/infotulcea.ro\/\"> Home<\/a><em class=\"delimiter\">\/<\/em><a href=\"https:\/\/infotulcea.ro\/categorie\/comunicate\/\">Comunicate<\/a><em class=\"delimiter\">\/<\/em><span class=\"current\">\u201e Consolidare \u0219i modernizare Corp C6 \u2013 Spa\u021bii Laborator \u2013 D.S.V.S.A. Tulcea\u201d<\/span><\/nav>\n<div class=\"entry-header\"><span class=\"post-cat-wrap\"><a class=\"post-cat tie-cat-35\" href=\"https:\/\/infotulcea.ro\/categorie\/comunicate\/\">Comunicate<\/a><\/span><\/p>\n<h1 class=\"post-title entry-title\">\n\t\t\t\u201e Consolidare \u0219i modernizare Corp C6 \u2013 Spa\u021bii Laborator \u2013 D.S.V.S.A. Tulcea\u201d\t\t<\/h1>\n<div class=\"single-post-meta post-meta clearfix\"><span class=\"author-meta single-author no-avatars\"><span class=\"meta-item meta-author-wrapper meta-author-9\"><span class=\"meta-author\"><a href=\"https:\/\/infotulcea.ro\/author\/redactia-2\/\" class=\"author-name tie-icon\" title=\"Redactia\">Redactia<\/a><\/span><\/span><\/span><span class=\"date meta-item tie-icon\">11 august 2026<\/span><\/p>\n<div class=\"tie-alignright\"><span class=\"meta-comment tie-icon meta-item fa-before\">0<\/span><span class=\"meta-views meta-item \"> 267 <\/span><span class=\"meta-reading-time meta-item\"> 1 minute read<\/span><\/div>\n<\/div>\n<\/div>\n<\/header>\n<div class=\"entry-content entry clearfix\">\n<p><strong>DIREC\u021aIA SANITAR\u0102 VETERINAR\u0102 \u0218I PENTRU SIGURAN\u021aA ALIMENTELOR TULCEA , \u00een calitate de<\/strong><br \/><strong>Beneficiar, implementeaz\u0103 proiectul \u201e Consolidare \u0219i modernizare Corp C6 \u2013 Spa\u021bii Laborator \u2013<\/strong><br \/><strong>D.S.V.S.A. Tulcea\u201d, cod MySMIS 352437 , finan\u021bat prin Programul Regional Sud-Est 2021-2027,<\/strong><br \/><strong>Prioritatea 2 \u2013 O regiune cu comunit\u0103\u0163i prietenoase cu mediul \u0219i mai rezilient\u0103 la riscuri ;<\/strong><br \/><strong>Ac\u021biunea 2.2 \u2013 Consolidarea cl\u0103dirilor aflate \u00een risc seismic .<\/strong><\/p>\n<p>Valoarea total\u0103 a proiectului este de 6.281.550,86 lei, din care valoarea sumei nerambursabile<br \/>\neste de 5.339.318,23 lei .<br \/>\nObiectivele proiectului :<br \/>\nObiectivul general al proiectului este consolidarea cl\u0103dirii aflat\u0103 in risc seismic \u2013 Corp C6 \u2013 Spa\u021bii<br \/>\nLaborator \u2013 D.S.V.S.A. Tulcea.<br \/>\nOS1: Realizare documenta\u021bii tehnice specifice pentru ob\u021binerea finan\u021b\u0103rii.<br \/>\nOS2: Intocmire proiect tehnic de detaliu pentru realizare lucr\u0103ri.<br \/>\nOS3: Execu\u021bia lucr\u0103rilor de reabilitare energetic\u0103 \u0219i seismic\u0103 a cl\u0103dirii.<br \/>\nOS4: Management de proiect conform cu cerin\u021bele finan\u021batorului \u0219i autorit\u0103\u021bii contractante.<br \/>\nOS5: Reducerea emisiilor de CO2 ale cl\u0103dirii.<br \/>\nOS6: Sinergii cu alte proiecte,programe \u0219i institu\u021bii care au implementate m\u0103suri similare de<br \/>\neficien\u021b\u0103 energetic\u0103.<\/p>\n<p>Durata de implementare a proiectului este de 36 luni: respectiv de la data 31.07.2026 p\u00e2n\u0103 la<br \/>\ndata 30.07.2029.<\/p>\n<\/div>\n<div id=\"post-extra-info\">\n<div class=\"theiaStickySidebar\">\n<div class=\"single-post-meta post-meta clearfix\"><span class=\"author-meta single-author no-avatars\"><span class=\"meta-item meta-author-wrapper meta-author-9\"><span class=\"meta-author\"><a href=\"https:\/\/infotulcea.ro\/author\/redactia-2\/\" class=\"author-name tie-icon\" title=\"Redactia\">Redactia<\/a><\/span><\/span><\/span><span class=\"date meta-item tie-icon\">11 august 2026<\/span><\/p>\n<div class=\"tie-alignright\"><span class=\"meta-comment tie-icon meta-item fa-before\">0<\/span><span class=\"meta-views meta-item \"> 267 <\/span><span class=\"meta-reading-time meta-item\"> 1 minute read<\/span><\/div>\n<\/div>\n<\/div>\n<\/div>\n<div id=\"share-buttons-bottom\" class=\"share-buttons share-buttons-bottom\">\n<div class=\"share-links  icons-only\">\n<div class=\"share-title\"><span> Share<\/span><\/div>\n<p><a href=\"https:\/\/www.facebook.com\/sharer.php?u=https:\/\/infotulcea.ro\/consolidare-si-modernizare-corp-c6-spatii-laborator-d-s-v-s-a-tulcea\/\" rel=\"external noopener nofollow\" title=\"Facebook\" target=\"_blank\" class=\"facebook-share-btn \" data-raw=\"https:\/\/www.facebook.com\/sharer.php?u={post_link}\"><span class=\"screen-reader-text\">Facebook<\/span><\/a><a href=\"https:\/\/twitter.com\/intent\/tweet?text=%E2%80%9E%20Consolidare%20%C8%99i%20modernizare%20Corp%20C6%20%E2%80%93%20Spa%C8%9Bii%20Laborator%20%E2%80%93%20D.S.V.S.A.%20Tulcea%E2%80%9D&amp;url=https:\/\/infotulcea.ro\/consolidare-si-modernizare-corp-c6-spatii-laborator-d-s-v-s-a-tulcea\/\" rel=\"external noopener nofollow\" title=\"X\" target=\"_blank\" class=\"twitter-share-btn \" data-raw=\"https:\/\/twitter.com\/intent\/tweet?text={post_title}&amp;url={post_link}\"><span class=\"screen-reader-text\">X<\/span><\/a><a href=\"https:\/\/api.whatsapp.com\/send?text=%E2%80%9E%20Consolidare%20%C8%99i%20modernizare%20Corp%20C6%20%E2%80%93%20Spa%C8%9Bii%20Laborator%20%E2%80%93%20D.S.V.S.A.%20Tulcea%E2%80%9D%20https:\/\/infotulcea.ro\/consolidare-si-modernizare-corp-c6-spatii-laborator-d-s-v-s-a-tulcea\/\" rel=\"external noopener nofollow\" title=\"WhatsApp\" target=\"_blank\" class=\"whatsapp-share-btn \" data-raw=\"https:\/\/api.whatsapp.com\/send?text={post_title}%20{post_link}\"><span class=\"screen-reader-text\">WhatsApp<\/span><\/a><a href=\"https:\/\/telegram.me\/share\/url?url=https:\/\/infotulcea.ro\/consolidare-si-modernizare-corp-c6-spatii-laborator-d-s-v-s-a-tulcea\/&amp;text=%E2%80%9E%20Consolidare%20%C8%99i%20modernizare%20Corp%20C6%20%E2%80%93%20Spa%C8%9Bii%20Laborator%20%E2%80%93%20D.S.V.S.A.%20Tulcea%E2%80%9D\" rel=\"external noopener nofollow\" title=\"Telegram\" target=\"_blank\" class=\"telegram-share-btn \" data-raw=\"https:\/\/telegram.me\/share\/url?url={post_link}&amp;text={post_title}\"><span class=\"screen-reader-text\">Telegram<\/span><\/a><a href=\"mailto:?subject=%E2%80%9E%20Consolidare%20%C8%99i%20modernizare%20Corp%20C6%20%E2%80%93%20Spa%C8%9Bii%20Laborator%20%E2%80%93%20D.S.V.S.A.%20Tulcea%E2%80%9D&amp;body=https:\/\/infotulcea.ro\/consolidare-si-modernizare-corp-c6-spatii-laborator-d-s-v-s-a-tulcea\/\" rel=\"external noopener nofollow\" title=\"Share via Email\" target=\"_blank\" class=\"email-share-btn \" data-raw=\"mailto:?subject={post_title}&amp;body={post_link}\"><span class=\"screen-reader-text\">Share via Email<\/span><\/a><a href=\"https:\/\/infotulcea.ro\/consolidare-si-modernizare-corp-c6-spatii-laborator-d-s-v-s-a-tulcea\/\" rel=\"external noopener nofollow\" title=\"Print\" target=\"_blank\" class=\"print-share-btn \" data-raw=\"#\"><span class=\"screen-reader-text\">Print<\/span><\/a><\/div>\n<\/div>\n<\/article>\n<div class=\"post-components\">\n<div id=\"related-posts\" class=\"container-wrapper has-extra-post\">\n<div class=\"mag-box-title the-global-title\">\n<h3>Related Articles<\/h3>\n<\/div>\n<div class=\"related-posts-list\">\n<div class=\"related-item tie-standard\"><a aria-label=\"Aproape 2300 de tulceni s-au angajat prin intermediul consilierilor AJOFM Tulcea\" href=\"https:\/\/infotulcea.ro\/aproape-2300-de-tulceni-s-au-angajat-prin-intermediul-consilierilor-ajofm-tulcea\/\" class=\"post-thumb\"><source sizes=\"(max-width: 293px) 100vw, 293px\" type=\"image\/webp\" data-srcset=\"https:\/\/infotulcea.ro\/wp-content\/uploads\/2020\/05\/locuri-de-munca-somaj.jpg.webp 580w, https:\/\/infotulcea.ro\/wp-content\/uploads\/2020\/05\/locuri-de-munca-somaj-300x225.jpg.webp 300w, https:\/\/infotulcea.ro\/wp-content\/uploads\/2020\/05\/locuri-de-munca-somaj-560x420.jpg.webp 560w, https:\/\/infotulcea.ro\/wp-content\/uploads\/2020\/05\/locuri-de-munca-somaj-80x60.jpg.webp 80w, https:\/\/infotulcea.ro\/wp-content\/uploads\/2020\/05\/locuri-de-munca-somaj-265x198.jpg.webp 265w\" \/><img loading=\"lazy\" decoding=\"async\" width=\"293\" height=\"220\" src=\"https:\/\/infotulcea.ro\/wp-content\/uploads\/2020\/05\/locuri-de-munca-somaj.jpg\" class=\"attachment-jannah-image-large size-jannah-image-large wp-post-image\" alt><\/a><\/p>\n<h3 class=\"post-title\"><a href=\"https:\/\/infotulcea.ro\/aproape-2300-de-tulceni-s-au-angajat-prin-intermediul-consilierilor-ajofm-tulcea\/\">Aproape 2300 de tulceni s-au angajat prin intermediul consilierilor AJOFM Tulcea<\/a><\/h3>\n<div class=\"post-meta clearfix\"><span class=\"date meta-item tie-icon\">29 noiembrie 2022<\/span><\/div>\n<\/div>\n<div class=\"related-item tie-standard\"><a aria-label=\"A t\u0103iat coada unor c\u00e2ini ca s\u0103 \u00eei fac\u0103 mai r\u0103i \u0219i acum are dosar penal\" href=\"https:\/\/infotulcea.ro\/a-taiat-coada-unor-caini-ca-sa-ii-faca-mai-rai-si-acum-are-dosar-penal\/\" class=\"post-thumb\"><source type=\"image\/webp\" data-srcset=\"https:\/\/infotulcea.ro\/wp-content\/uploads\/2023\/09\/caine-390x220.jpg.webp\" \/><img loading=\"lazy\" decoding=\"async\" width=\"390\" height=\"220\" src=\"https:\/\/infotulcea.ro\/wp-content\/uploads\/2023\/09\/caine-390x220.jpg\" class=\"attachment-jannah-image-large size-jannah-image-large wp-post-image\" alt><\/a><\/p>\n<h3 class=\"post-title\"><a href=\"https:\/\/infotulcea.ro\/a-taiat-coada-unor-caini-ca-sa-ii-faca-mai-rai-si-acum-are-dosar-penal\/\">A t\u0103iat coada unor c\u00e2ini ca s\u0103 \u00eei fac\u0103 mai r\u0103i \u0219i acum are dosar penal<\/a><\/h3>\n<div class=\"post-meta clearfix\"><span class=\"date meta-item tie-icon\">1 septembrie 2023<\/span><\/div>\n<\/div>\n<div class=\"related-item tie-standard\"><a aria-label=\"A\u0162I V\u0102ZUT-O?\" href=\"https:\/\/infotulcea.ro\/ati-vazut-o\/\" class=\"post-thumb\"><source type=\"image\/webp\" data-srcset=\"https:\/\/infotulcea.ro\/wp-content\/uploads\/2023\/07\/disparuta-390x220.jpg.webp\" \/><img loading=\"lazy\" decoding=\"async\" width=\"390\" height=\"220\" src=\"https:\/\/infotulcea.ro\/wp-content\/uploads\/2023\/07\/disparuta-390x220.jpg\" class=\"attachment-jannah-image-large size-jannah-image-large wp-post-image\" alt><\/a><\/p>\n<h3 class=\"post-title\"><a href=\"https:\/\/infotulcea.ro\/ati-vazut-o\/\">A\u0162I V\u0102ZUT-O?<\/a><\/h3>\n<div class=\"post-meta clearfix\"><span class=\"date meta-item tie-icon\">31 iulie 2023<\/span><\/div>\n<\/div>\n<div class=\"related-item tie-standard\"><a aria-label=\"Vineri este zi de burs\u0103! Bursa locurilor de munc\u0103 la Tulcea, M\u0103cin \u0219i Babadag!\" href=\"https:\/\/infotulcea.ro\/vineri-este-zi-de-bursa-bursa-locurilor-de-munca-la-tulcea-macin-si-babadag\/\" class=\"post-thumb\"><source type=\"image\/webp\" data-srcset=\"https:\/\/infotulcea.ro\/wp-content\/uploads\/2023\/05\/afis-bursa-390x220.jpg.webp\" \/><img loading=\"lazy\" decoding=\"async\" width=\"390\" height=\"220\" src=\"https:\/\/infotulcea.ro\/wp-content\/uploads\/2023\/05\/afis-bursa-390x220.jpg\" class=\"attachment-jannah-image-large size-jannah-image-large wp-post-image\" alt><\/a><\/p>\n<h3 class=\"post-title\"><a href=\"https:\/\/infotulcea.ro\/vineri-este-zi-de-bursa-bursa-locurilor-de-munca-la-tulcea-macin-si-babadag\/\">Vineri este zi de burs\u0103! Bursa locurilor de munc\u0103 la Tulcea, M\u0103cin \u0219i Babadag!<\/a><\/h3>\n<div class=\"post-meta clearfix\"><span class=\"date meta-item tie-icon\">9 mai 2023<\/span><\/div>\n<\/div>\n<\/div>\n<\/div>\n<div id=\"comments\" class=\"comments-area\">\n<div id=\"add-comment-block\" class=\"container-wrapper\">\n<div id=\"respond\" class=\"comment-respond\">\n<h3 id=\"reply-title\" class=\"comment-reply-title the-global-title\">Las\u0103 un r\u0103spuns <small><a rel=\"nofollow\" id=\"cancel-comment-reply-link\" href=\"https:\/\/infotulcea.ro\/consolidare-si-modernizare-corp-c6-spatii-laborator-d-s-v-s-a-tulcea\/#respond\">Anuleaz\u0103 r\u0103spunsul<\/a><\/small><\/h3>\n<p class=\"comment-notes\"><span id=\"email-notes\">Adresa ta de email nu va fi publicat\u0103.<\/span><span class=\"required-field-message\">C\u00e2mpurile obligatorii sunt marcate cu <span class=\"required\">*<\/span><\/span><\/p>\n<\/div>\n<\/div>\n<\/div>\n<\/div>\n<\/div>\n<div id=\"check-also-box\" class=\"container-wrapper check-also-right\">\n<div class=\"widget-title the-global-title\">\n<div class=\"the-subtitle\">Check Also<\/div>\n<p><a href=\"https:\/\/infotulcea.ro\/consolidare-si-modernizare-corp-c6-spatii-laborator-d-s-v-s-a-tulcea\/\" id=\"check-also-close\" class=\"remove\"><span class=\"screen-reader-text\">Close<\/span><\/a><\/div>\n<div class=\"widget posts-list-big-first has-first-big-post\">\n<ul class=\"posts-list-items\">\n<li class=\"widget-single-post-item widget-post-list tie-standard\">\n<div class=\"post-widget-thumbnail\"><a aria-label=\"T\u00e2n\u0103r cercetat pentru conducerea unui vehicul f\u0103r\u0103 permis de conducere!\" href=\"https:\/\/infotulcea.ro\/tanar-cercetat-pentru-conducerea-unui-vehicul-fara-permis-de-conducere\/\" class=\"post-thumb\"><span class=\"post-cat-wrap\"><span class=\"post-cat tie-cat-35\">Comunicate<\/span><\/span><source type=\"image\/webp\" data-srcset=\"https:\/\/infotulcea.ro\/wp-content\/uploads\/2022\/11\/politie-permise-tl-390x220.jpg.webp\" \/><img loading=\"lazy\" decoding=\"async\" width=\"390\" height=\"220\" src=\"https:\/\/infotulcea.ro\/wp-content\/uploads\/2022\/11\/politie-permise-tl-390x220.jpg\" class=\"attachment-jannah-image-large size-jannah-image-large wp-post-image\" alt><\/a><\/div>\n<div class=\"post-widget-body \"><a class=\"post-title the-subtitle\" href=\"https:\/\/infotulcea.ro\/tanar-cercetat-pentru-conducerea-unui-vehicul-fara-permis-de-conducere\/\">T\u00e2n\u0103r cercetat pentru conducerea unui vehicul f\u0103r\u0103 permis de conducere!<\/a><\/p>\n<div class=\"post-meta\"><span class=\"date meta-item tie-icon\">13 martie 2023<\/span><\/div>\n<\/div>\n<\/li>\n<\/ul>\n<\/div>\n<\/div>\n<aside class=\"sidebar tie-col-md-4 tie-col-xs-12 normal-side is-sticky\" aria-label=\"Primary Sidebar\">\n<div class=\"theiaStickySidebar\">\n<div id=\"media_image-19\" class=\"container-wrapper widget widget_media_image\"><a href=\"https:\/\/infotulcea.ro\/delta-dunarii-mai-accesibila-navrom-delta-creste-numarul-curselor-regulate-de-la-1-mai-2025\/\"><source sizes=\"(max-width: 500px) 100vw, 500px\" type=\"image\/webp\" data-srcset=\"https:\/\/infotulcea.ro\/wp-content\/uploads\/2025\/04\/navrom-delta-500x271.jpg.webp 500w, https:\/\/infotulcea.ro\/wp-content\/uploads\/2025\/04\/navrom-delta-1024x555.jpg.webp 1024w, https:\/\/infotulcea.ro\/wp-content\/uploads\/2025\/04\/navrom-delta-768x416.jpg.webp 768w, https:\/\/infotulcea.ro\/wp-content\/uploads\/2025\/04\/navrom-delta.jpg.webp 1080w\" \/><img loading=\"lazy\" decoding=\"async\" width=\"500\" height=\"271\" src=\"https:\/\/infotulcea.ro\/wp-content\/uploads\/2025\/04\/navrom-delta-500x271.jpg\" class=\"image wp-image-34487  attachment-medium size-medium\" alt><\/a><\/div>\n<div id=\"media_image-17\" class=\"container-wrapper widget widget_media_image\"><a href=\"https:\/\/www.facebook.com\/share\/p\/1DGAD1tLWN\/?mibextid=wwXIfr\" target=\"_blank\"><source sizes=\"(max-width: 500px) 100vw, 500px\" type=\"image\/webp\" data-srcset=\"https:\/\/infotulcea.ro\/wp-content\/uploads\/2026\/01\/IMG_1563-500x500.jpeg.webp 500w, https:\/\/infotulcea.ro\/wp-content\/uploads\/2026\/01\/IMG_1563-1024x1024.jpeg.webp 1024w, https:\/\/infotulcea.ro\/wp-content\/uploads\/2026\/01\/IMG_1563-250x250.jpeg.webp 250w, https:\/\/infotulcea.ro\/wp-content\/uploads\/2026\/01\/IMG_1563-768x768.jpeg.webp 768w, https:\/\/infotulcea.ro\/wp-content\/uploads\/2026\/01\/IMG_1563.jpeg.webp 1080w\" \/><img loading=\"lazy\" decoding=\"async\" width=\"500\" height=\"500\" src=\"https:\/\/infotulcea.ro\/wp-content\/uploads\/2026\/01\/IMG_1563-500x500.jpeg\" class=\"image wp-image-37932  attachment-medium size-medium\" alt title=\"Centrale pe lemne\"><\/a><\/div>\n<div id=\"media_image-18\" class=\"container-wrapper widget widget_media_image\"><a href=\"https:\/\/www.licitatia.ro\/site\/index-guest\"><img loading=\"lazy\" decoding=\"async\" width=\"500\" height=\"262\" src=\"https:\/\/infotulcea.ro\/wp-content\/uploads\/2025\/09\/licitatia-500x262.png\" class=\"image wp-image-36670  attachment-medium size-medium lazyload\" alt><img loading=\"lazy\" decoding=\"async\" width=\"500\" height=\"262\" src=\"https:\/\/infotulcea.ro\/wp-content\/uploads\/2025\/09\/licitatia-500x262.png\" class=\"image wp-image-36670  attachment-medium size-medium\" alt><\/a><\/div>\n<div id=\"media_image-27\" class=\"container-wrapper widget widget_media_image\"><a href=\"https:\/\/www.centrale-lemne-liepsnele.ro\/\"><img loading=\"lazy\" decoding=\"async\" width=\"500\" height=\"500\" src=\"https:\/\/infotulcea.ro\/wp-content\/uploads\/2025\/09\/Centrale-pe-Lemne-Liepsnele-500x500.png\" class=\"image wp-image-36541  attachment-medium size-medium lazyload\" alt=\"Centrala pe lemne\"><img loading=\"lazy\" decoding=\"async\" width=\"500\" height=\"500\" src=\"https:\/\/infotulcea.ro\/wp-content\/uploads\/2025\/09\/Centrale-pe-Lemne-Liepsnele-500x500.png\" class=\"image wp-image-36541  attachment-medium size-medium\" alt=\"Centrala pe lemne\"><\/a><\/div>\n<div id=\"media_image-28\" class=\"container-wrapper widget widget_media_image\"><a href=\"https:\/\/infotulcea.ro\/angajeaza-te-ro-platforma-ta-online-de-angajari-si-forta-de-munca\/\"><source sizes=\"(max-width: 500px) 100vw, 500px\" type=\"image\/webp\" data-srcset=\"https:\/\/infotulcea.ro\/wp-content\/uploads\/2025\/04\/banner-angajazate-1-500x305.jpg.webp 500w, https:\/\/infotulcea.ro\/wp-content\/uploads\/2025\/04\/banner-angajazate-1-1024x625.jpg.webp 1024w, https:\/\/infotulcea.ro\/wp-content\/uploads\/2025\/04\/banner-angajazate-1-768x469.jpg.webp 768w, https:\/\/infotulcea.ro\/wp-content\/uploads\/2025\/04\/banner-angajazate-1.jpg.webp 1080w\" \/><img loading=\"lazy\" decoding=\"async\" width=\"500\" height=\"305\" src=\"https:\/\/infotulcea.ro\/wp-content\/uploads\/2025\/04\/banner-angajazate-1-500x305.jpg\" class=\"image wp-image-34317  attachment-medium size-medium\" alt><\/a><\/div>\n<\/div>\n<\/aside>\n<\/div>\n<\/div>\n<div class=\"entry-content entry clearfix\">\n<p><strong>DIREC\u021aIA SANITAR\u0102 VETERINAR\u0102 \u0218I PENTRU SIGURAN\u021aA ALIMENTELOR TULCEA , \u00een calitate de<\/strong><br \/><strong>Beneficiar, implementeaz\u0103 proiectul \u201e Consolidare \u0219i modernizare Corp C6 \u2013 Spa\u021bii Laborator \u2013<\/strong><br \/><strong>D.S.V.S.A. Tulcea\u201d, cod MySMIS 352437 , finan\u021bat prin Programul Regional Sud-Est 2021-2027,<\/strong><br \/><strong>Prioritatea 2 \u2013 O regiune cu comunit\u0103\u0163i prietenoase cu mediul \u0219i mai rezilient\u0103 la riscuri ;<\/strong><br \/><strong>Ac\u021biunea 2.2 \u2013 Consolidarea cl\u0103dirilor aflate \u00een risc seismic .<\/strong><\/p>\n<p>Valoarea total\u0103 a proiectului este de 6.281.550,86 lei, din care valoarea sumei nerambursabile<br \/>\neste de 5.339.318,23 lei .<br \/>\nObiectivele proiectului :<br \/>\nObiectivul general al proiectului este consolidarea cl\u0103dirii aflat\u0103 in risc seismic \u2013 Corp C6 \u2013 Spa\u021bii<br \/>\nLaborator \u2013 D.S.V.S.A. Tulcea.<br \/>\nOS1: Realizare documenta\u021bii tehnice specifice pentru ob\u021binerea finan\u021b\u0103rii.<br \/>\nOS2: Intocmire proiect tehnic de detaliu pentru realizare lucr\u0103ri.<br \/>\nOS3: Execu\u021bia lucr\u0103rilor de reabilitare energetic\u0103 \u0219i seismic\u0103 a cl\u0103dirii.<br \/>\nOS4: Management de proiect conform cu cerin\u021bele finan\u021batorului \u0219i autorit\u0103\u021bii contractante.<br \/>\nOS5: Reducerea emisiilor de CO2 ale cl\u0103dirii.<br \/>\nOS6: Sinergii cu alte proiecte,programe \u0219i institu\u021bii care au implementate m\u0103suri similare de<br \/>\neficien\u021b\u0103 energetic\u0103.<\/p>\n<p>Durata de implementare a proiectului este de 36 luni: respectiv de la data 31.07.2026 p\u00e2n\u0103 la<br \/>\ndata 30.07.2029.<\/p>\n<\/div>\n<div class=\"articleBody\" data-key=\"articleBody\">DIREC\u021aIA SANITAR\u0102 VETERINAR\u0102 \u0218I PENTRU SIGURAN\u021aA ALIMENTELOR TULCEA , \u00een calitate de<br \/>\nBeneficiar, implementeaz\u0103 proiectul \u201e Consolidare \u0219i modernizare Corp C6 &#8211; Spa\u021bii Laborator &#8211;<br \/>\nD.S.V.S.A. Tulcea\u201d, cod MySMIS 352437 , finan\u021bat prin Programul Regional Sud-Est 2021-2027,<br \/>\nPrioritatea 2 &#8211; O regiune cu comunit\u0103\u0163i prietenoase cu mediul \u0219i mai rezilient\u0103 la riscuri ;<br \/>\nAc\u021biunea 2.2 &#8211; Consolidarea cl\u0103dirilor aflate \u00een risc seismic .<\/p>\n<p>Valoarea total\u0103 a proiectului este de 6.281.550,86 lei, din care valoarea sumei nerambursabile<br \/>\neste de 5.339.318,23 lei .<br \/>\nObiectivele proiectului :<br \/>\nObiectivul general al proiectului este consolidarea cl\u0103dirii aflat\u0103 in risc seismic &#8211; Corp C6 &#8211; Spa\u021bii<br \/>\nLaborator &#8211; D.S.V.S.A. Tulcea.<br \/>\nOS1: Realizare documenta\u021bii tehnice specifice pentru ob\u021binerea finan\u021b\u0103rii.<br \/>\nOS2: Intocmire proiect tehnic de detaliu pentru realizare lucr\u0103ri.<br \/>\nOS3: Execu\u021bia lucr\u0103rilor de reabilitare energetic\u0103 \u0219i seismic\u0103 a cl\u0103dirii.<br \/>\nOS4: Management de proiect conform cu cerin\u021bele finan\u021batorului \u0219i autorit\u0103\u021bii contractante.<br \/>\nOS5: Reducerea emisiilor de CO2 ale cl\u0103dirii.<br \/>\nOS6: Sinergii cu alte proiecte,programe \u0219i institu\u021bii care au implementate m\u0103suri similare de<br \/>\neficien\u021b\u0103 energetic\u0103.<\/p>\n<p>Durata de implementare a proiectului este de 36 luni: respectiv de la data 31.07.2026 p\u00e2n\u0103 la<br \/>\ndata 30.07.2029.<\/p><\/div>\n<p>[analyse_source url=&#8221;https:\/\/infotulcea.ro\/consolidare-si-modernizare-corp-c6-spatii-laborator-d-s-v-s-a-tulcea\/&#8221;]<\/p>\n","protected":false},"excerpt":{"rendered":"<p>[analyse_image type=&#8221;featured&#8221; src=&#8221;https:\/\/infotulcea.ro\/wp-content\/uploads\/2021\/11\/bulina.png&#8221;] Home\/Comunicate\/\u201e Consolidare \u0219i modernizare Corp C6 \u2013 Spa\u021bii Laborator \u2013 D.S.V.S.A. Tulcea\u201d Comunicate \u201e Consolidare \u0219i modernizare Corp C6 \u2013 Spa\u021bii Laborator \u2013 D.S.V.S.A. Tulcea\u201d Redactia11 august 2026 0 267 1 minute read DIREC\u021aIA SANITAR\u0102 VETERINAR\u0102 \u0218I PENTRU SIGURAN\u021aA ALIMENTELOR TULCEA , \u00een calitate deBeneficiar, implementeaz\u0103 proiectul \u201e Consolidare \u0219i modernizare Corp [&hellip;]<\/p>\n","protected":false},"author":1,"featured_media":0,"comment_status":"open","ping_status":"","sticky":false,"template":"","format":"standard","meta":{"footnotes":""},"categories":[89],"tags":[226,221],"class_list":["post-2097979","post","type-post","status-publish","format-standard","hentry","category-romania","tag-crawlmanager","tag-infotulcea-ro"],"_links":{"self":[{"href":"https:\/\/analyse.optim.biz\/index.php?rest_route=\/wp\/v2\/posts\/2097979","targetHints":{"allow":["GET"]}}],"collection":[{"href":"https:\/\/analyse.optim.biz\/index.php?rest_route=\/wp\/v2\/posts"}],"about":[{"href":"https:\/\/analyse.optim.biz\/index.php?rest_route=\/wp\/v2\/types\/post"}],"author":[{"embeddable":true,"href":"https:\/\/analyse.optim.biz\/index.php?rest_route=\/wp\/v2\/users\/1"}],"replies":[{"embeddable":true,"href":"https:\/\/analyse.optim.biz\/index.php?rest_route=%2Fwp%2Fv2%2Fcomments&post=2097979"}],"version-history":[{"count":0,"href":"https:\/\/analyse.optim.biz\/index.php?rest_route=\/wp\/v2\/posts\/2097979\/revisions"}],"wp:attachment":[{"href":"https:\/\/analyse.optim.biz\/index.php?rest_route=%2Fwp%2Fv2%2Fmedia&parent=2097979"}],"wp:term":[{"taxonomy":"category","embeddable":true,"href":"https:\/\/analyse.optim.biz\/index.php?rest_route=%2Fwp%2Fv2%2Fcategories&post=2097979"},{"taxonomy":"post_tag","embeddable":true,"href":"https:\/\/analyse.optim.biz\/index.php?rest_route=%2Fwp%2Fv2%2Ftags&post=2097979"}],"curies":[{"name":"wp","href":"https:\/\/api.w.org\/{rel}","templated":true}]}}