{"id":2097978,"date":"2026-08-17T18:20:17","date_gmt":"2026-08-17T15:20:17","guid":{"rendered":"https:\/\/analyse.optim.biz\/?p=2097978"},"modified":"2026-08-17T18:20:17","modified_gmt":"2026-08-17T15:20:17","slug":"sarbatoare-la-muntenii-de-sus-comunitatea-adunata-la-ziua-comunei-cu-artisti-indragiti-si-traditii-locale","status":"publish","type":"post","link":"https:\/\/analyse.optim.biz\/?p=2097978","title":{"rendered":"S\u0103rb\u0103toare la Muntenii de Sus. Comunitatea, adunat\u0103 la Ziua Comunei cu arti\u0219ti \u00eendr\u0103gi\u021bi \u0219i tradi\u021bii locale"},"content":{"rendered":"<p>[analyse_image type=&#8221;featured&#8221; src=&#8221;https:\/\/infovaslui.ro\/wp-content\/uploads\/2026\/08\/Ziua-Comunei-Muntenii-Sus.jpeg&#8221;]<\/p>\n<div class=\"tdb-block-inner td-fix-index\"><a class=\"tdb-logo-a\" href=\"https:\/\/infovaslui.ro\/\" title=\"INFO Vaslui\"><span class=\"tdb-logo-img-wrap\"><img loading=\"lazy\" decoding=\"async\" class=\"tdb-logo-img td-retina-data\" data-retina=\"https:\/\/infovaslui.ro\/wp-content\/uploads\/2024\/12\/Black-and-Yellow-Modern-Personal-Logo-4-e1734058775656.png\" src=\"https:\/\/infovaslui.ro\/wp-content\/uploads\/2024\/12\/Black-and-Yellow-Modern-Personal-Logo-4-e1734058775656.png\" alt=\"\u0218tiri din Vaslui\" title=\"INFO Vaslui\" width=\"157\" height=\"96\"><\/span><\/a><\/div>\n<div class=\"tdb-block-inner td-fix-index\"><a class=\"tdb-logo-a\" href=\"https:\/\/infovaslui.ro\/\" title=\"INFO Vaslui\"><span class=\"tdb-logo-img-wrap\"><img loading=\"lazy\" decoding=\"async\" class=\"tdb-logo-img td-retina-data\" data-retina=\"https:\/\/infovaslui.ro\/wp-content\/uploads\/2024\/12\/Black-and-Yellow-Modern-Personal-Logo-4-e1734058775656.png\" src=\"https:\/\/infovaslui.ro\/wp-content\/uploads\/2024\/12\/Black-and-Yellow-Modern-Personal-Logo-4-e1734058775656.png\" alt=\"\u0218tiri din Vaslui\" title=\"INFO Vaslui\" width=\"157\" height=\"96\"><\/span><\/a><\/div>\n<div class=\"tdb-block-inner td-fix-index\">\n<div class=\"tdb-head-date-txt\">luni, august 17, 2026<\/div>\n<\/div>\n<div class=\"tdb-block-inner td-fix-index\"><a class=\"tdb-logo-a\" href=\"https:\/\/infovaslui.ro\/\" title=\"INFO Vaslui\"><span class=\"tdb-logo-img-wrap\"><img loading=\"lazy\" decoding=\"async\" class=\"tdb-logo-img td-retina-data\" data-retina=\"https:\/\/infovaslui.ro\/wp-content\/uploads\/2024\/12\/Black-and-Yellow-Modern-Personal-Logo-1-e1734054980362.png\" src=\"https:\/\/infovaslui.ro\/wp-content\/uploads\/2024\/12\/Black-and-Yellow-Modern-Personal-Logo-1-e1734054980362.png\" alt=\"\u0218tiri din Vaslui\" title=\"INFO Vaslui\" width=\"161\" height=\"99\"><\/span><\/a><\/div>\n<div class=\"tdb-block-inner td-fix-index\"><a class=\"tdb-logo-a\" href=\"https:\/\/infovaslui.ro\/\" title=\"INFO Vaslui\"><span class=\"tdb-logo-img-wrap\"><img loading=\"lazy\" decoding=\"async\" class=\"tdb-logo-img td-retina-data\" data-retina=\"https:\/\/infovaslui.ro\/wp-content\/uploads\/2024\/12\/Black-and-Yellow-Modern-Personal-Logo-1-e1734054980362.png\" src=\"https:\/\/infovaslui.ro\/wp-content\/uploads\/2024\/12\/Black-and-Yellow-Modern-Personal-Logo-1-e1734054980362.png\" alt=\"\u0218tiri din Vaslui\" title=\"INFO Vaslui\" width=\"161\" height=\"99\"><\/span><\/a><\/div>\n<div class=\"tdb-block-inner td-fix-index\"><span><a title class=\"tdb-entry-crumb\" href=\"https:\/\/infovaslui.ro\/\">Acas\u0103<\/a><\/span><span><a title=\"Vede\u021bi toate articolele \u00een Evenimente\" class=\"tdb-entry-crumb\" href=\"https:\/\/infovaslui.ro\/category\/evenimente\/\">Evenimente<\/a><\/span><span class=\"tdb-bred-no-url-last\">S\u0103rb\u0103toare la Muntenii de Sus. Comunitatea, adunat\u0103 la Ziua Comunei cu arti\u0219ti&#8230;<\/span><\/div>\n<div class=\"tdb-block-inner td-fix-index\">\n<h1 class=\"tdb-title-text\">S\u0103rb\u0103toare la Muntenii de Sus. Comunitatea, adunat\u0103 la Ziua Comunei cu arti\u0219ti \u00eendr\u0103gi\u021bi \u0219i tradi\u021bii locale<\/h1>\n<\/div>\n<div class=\"tdb-block-inner td-fix-index\">\n<div class=\"tdb-author-name-wrap\"><span class=\"tdb-author-by\">Scris de: <\/span><a class=\"tdb-author-name\" href=\"https:\/\/infovaslui.ro\/author\/alexandru-ababei\/\">Alexandru Ababei<\/a><\/div>\n<\/div>\n<div class=\"tdb-block-inner td-fix-index\"><time class=\"entry-date updated td-module-date\" datetime=\"2026-08-17T21:20:17+03:00\">17 august 2026<\/time><\/div>\n<div class=\"td_block_wrap tdb_single_content tdi_106 td-pb-border-top td_block_template_1 td-post-content tagdiv-type\" data-td-block-uid=\"tdi_106\">\n<div class=\"tdb-block-inner td-fix-index\">\n<p><em><strong>Comuna Muntenii de Sus a fost \u00een s\u0103rb\u0103toare, localnicii \u0219i invita\u021bii reunindu-se pe stadionul comunal pentru a marca Ziua Comunei. Muzica popular\u0103, tradi\u021biile locale \u0219i atmosfera de s\u0103rb\u0103toare au fost \u00een centrul evenimentului, care a adus pe scen\u0103 arti\u0219ti cunoscu\u021bi, dar \u0219i reprezentan\u021bi ai comunit\u0103\u021bii locale.<\/strong><\/em><\/p>\n<p>La eveniment a participat \u0219i pre\u0219edintele Consiliului Jude\u021bean Vaslui, Ciprian-Ionu\u021b Trifan, al\u0103turi de vicepre\u0219edintele institu\u021biei, M\u0103d\u0103lin C\u0103ciul\u0103.<\/p>\n<p>Pre\u0219edintele CJ Vaslui i-a mul\u021bumit primarului comunei Muntenii de Sus, Ion Vartolomei, pentru invita\u021bie \u0219i a apreciat proiectele pe care administra\u021bia local\u0103 le are \u00een derulare.<\/p>\n<p><em>\u201eM\u0103 bucur s\u0103 fiu ast\u0103zi aici, la s\u0103rb\u0103toarea comunei Muntenii de Sus, \u0219i \u00eei mul\u021bumesc domnului primar Ion Vartolomei pentru invita\u021bie. \u00cel felicit pentru toate proiectele pe care le are \u00een derulare \u0219i pentru implicarea \u00een dezvoltarea comunit\u0103\u021bii. Sunt investi\u021bii care vor contribui la modernizarea \u0219i dezvoltarea comunei \u0219i care, \u00een final, \u00eenseamn\u0103 condi\u021bii mai bune pentru oamenii de aici\u201d<\/em>, a declarat Ciprian-Ionu\u021b Trifan.<\/p>\n<h2>Ciprian Trifan: \u201eConsiliul Jude\u021bean Vaslui va r\u0103m\u00e2ne un partener al administra\u021biilor locale\u201d<\/h2>\n<p>Pre\u0219edintele CJ Vaslui a subliniat \u0219i importan\u021ba colabor\u0103rii dintre administra\u021bia jude\u021bean\u0103 \u0219i prim\u0103rii pentru realizarea proiectelor de care au nevoie comunit\u0103\u021bile.<\/p>\n<p><em>\u201eConsiliul Jude\u021bean Vaslui va r\u0103m\u00e2ne un partener al administra\u021biilor locale \u0219i vom sprijini, \u00een limita competen\u021belor noastre, proiectele importante pentru comunit\u0103\u021bi\u201d<\/em>, a mai transmis Ciprian-Ionu\u021b Trifan.<\/p>\n<p>Ziua Comunei a reprezentat astfel \u0219i un prilej pentru a vorbi despre dezvoltarea localit\u0103\u021bii \u0219i despre investi\u021biile aflate \u00een derulare la Muntenii de Sus.<\/p>\n<h2>Arti\u0219ti cunoscu\u021bi ai muzicii populare, pe scena de la Muntenii de Sus<\/h2>\n<p>Programul artistic a adus \u00een fa\u021ba publicului mai multe nume cunoscute ale folclorului rom\u00e2nesc.<\/p>\n<p>Pe scena amenajat\u0103 pe stadionul comunal au urcat Paul Ananie, Valentin Sanfira, Dan Dobo\u0219, Cristina Dr\u0103gan-Diaconescu, Teodora Panainte \u0219i Mioara Vodu\u021bi, care au oferit publicului un spectacol dedicat c\u00e2ntecului \u0219i tradi\u021biilor populare.<\/p>\n<p>Un loc important \u00een program l-au avut \u0219i arti\u0219tii comunit\u0103\u021bii.<\/p>\n<p>Nadia Duluman, artist\u0103 local\u0103, a urcat pe scen\u0103 \u00een fa\u021ba oamenilor din comuna sa, iar membrii Ansamblului \u201eR\u00e2ndurile\u201d din Muntenii de Sus au completat programul cu momente inspirate din tradi\u021biile \u0219i folclorul zonei.<\/p>\n<p>Ziua Comunei Muntenii de Sus a devenit astfel un prilej de \u00eent\u00e2lnire pentru localnici, dar \u0219i o ocazie de a pune \u00een valoare oamenii, tradi\u021biile \u0219i identitatea comunit\u0103\u021bii.<\/p>\n<\/div>\n<\/div>\n<div class=\"tdb-block-inner td-fix-index\">\n<p><em><strong>Comuna Muntenii de Sus a fost \u00een s\u0103rb\u0103toare, localnicii \u0219i invita\u021bii reunindu-se pe stadionul comunal pentru a marca Ziua Comunei. Muzica popular\u0103, tradi\u021biile locale \u0219i atmosfera de s\u0103rb\u0103toare au fost \u00een centrul evenimentului, care a adus pe scen\u0103 arti\u0219ti cunoscu\u021bi, dar \u0219i reprezentan\u021bi ai comunit\u0103\u021bii locale.<\/strong><\/em><\/p>\n<p>La eveniment a participat \u0219i pre\u0219edintele Consiliului Jude\u021bean Vaslui, Ciprian-Ionu\u021b Trifan, al\u0103turi de vicepre\u0219edintele institu\u021biei, M\u0103d\u0103lin C\u0103ciul\u0103.<\/p>\n<p>Pre\u0219edintele CJ Vaslui i-a mul\u021bumit primarului comunei Muntenii de Sus, Ion Vartolomei, pentru invita\u021bie \u0219i a apreciat proiectele pe care administra\u021bia local\u0103 le are \u00een derulare.<\/p>\n<p><em>\u201eM\u0103 bucur s\u0103 fiu ast\u0103zi aici, la s\u0103rb\u0103toarea comunei Muntenii de Sus, \u0219i \u00eei mul\u021bumesc domnului primar Ion Vartolomei pentru invita\u021bie. \u00cel felicit pentru toate proiectele pe care le are \u00een derulare \u0219i pentru implicarea \u00een dezvoltarea comunit\u0103\u021bii. Sunt investi\u021bii care vor contribui la modernizarea \u0219i dezvoltarea comunei \u0219i care, \u00een final, \u00eenseamn\u0103 condi\u021bii mai bune pentru oamenii de aici\u201d<\/em>, a declarat Ciprian-Ionu\u021b Trifan.<\/p>\n<h2>Ciprian Trifan: \u201eConsiliul Jude\u021bean Vaslui va r\u0103m\u00e2ne un partener al administra\u021biilor locale\u201d<\/h2>\n<p>Pre\u0219edintele CJ Vaslui a subliniat \u0219i importan\u021ba colabor\u0103rii dintre administra\u021bia jude\u021bean\u0103 \u0219i prim\u0103rii pentru realizarea proiectelor de care au nevoie comunit\u0103\u021bile.<\/p>\n<p><em>\u201eConsiliul Jude\u021bean Vaslui va r\u0103m\u00e2ne un partener al administra\u021biilor locale \u0219i vom sprijini, \u00een limita competen\u021belor noastre, proiectele importante pentru comunit\u0103\u021bi\u201d<\/em>, a mai transmis Ciprian-Ionu\u021b Trifan.<\/p>\n<p>Ziua Comunei a reprezentat astfel \u0219i un prilej pentru a vorbi despre dezvoltarea localit\u0103\u021bii \u0219i despre investi\u021biile aflate \u00een derulare la Muntenii de Sus.<\/p>\n<h2>Arti\u0219ti cunoscu\u021bi ai muzicii populare, pe scena de la Muntenii de Sus<\/h2>\n<p>Programul artistic a adus \u00een fa\u021ba publicului mai multe nume cunoscute ale folclorului rom\u00e2nesc.<\/p>\n<p>Pe scena amenajat\u0103 pe stadionul comunal au urcat Paul Ananie, Valentin Sanfira, Dan Dobo\u0219, Cristina Dr\u0103gan-Diaconescu, Teodora Panainte \u0219i Mioara Vodu\u021bi, care au oferit publicului un spectacol dedicat c\u00e2ntecului \u0219i tradi\u021biilor populare.<\/p>\n<p>Un loc important \u00een program l-au avut \u0219i arti\u0219tii comunit\u0103\u021bii.<\/p>\n<p>Nadia Duluman, artist\u0103 local\u0103, a urcat pe scen\u0103 \u00een fa\u021ba oamenilor din comuna sa, iar membrii Ansamblului \u201eR\u00e2ndurile\u201d din Muntenii de Sus au completat programul cu momente inspirate din tradi\u021biile \u0219i folclorul zonei.<\/p>\n<p>Ziua Comunei Muntenii de Sus a devenit astfel un prilej de \u00eent\u00e2lnire pentru localnici, dar \u0219i o ocazie de a pune \u00een valoare oamenii, tradi\u021biile \u0219i identitatea comunit\u0103\u021bii.<\/p>\n<\/div>\n<div class=\"tdb-block-inner td-fix-index\">\n<div class=\"tdb-next-post tdb-next-post-bg tdb-post-prev\"><span>Articolul precedent<\/span><\/p>\n<div class=\"td-module-container\">\n<div class=\"next-prev-title\"><a href=\"https:\/\/infovaslui.ro\/sapte-zile-sarbatoare-vaslui-zilele-culturale-incheiat-mira-spectaculos-show-lasere\/\">\u0218apte zile de s\u0103rb\u0103toare la Vaslui. Zilele Culturale s-au \u00eencheiat cu MIRA \u0219i un spectaculos show de lasere<\/a><\/div>\n<\/div>\n<\/div>\n<\/div>\n<div class=\"tdb-block-inner td-fix-index\"><a class=\"tdb-logo-a\" href=\"https:\/\/infovaslui.ro\/\" title=\"INFO Vaslui\"><span class=\"tdb-logo-img-wrap\"><img decoding=\"async\" class=\"tdb-logo-img td-retina-data\" data-retina=\"https:\/\/infovaslui.ro\/wp-content\/uploads\/2024\/12\/Black-and-Yellow-Modern-Personal-Logo-1-e1734054980362.png\" src=\"https:\/\/infovaslui.ro\/wp-content\/uploads\/2024\/12\/Black-and-Yellow-Modern-Personal-Logo-1-e1734054980362.png\" alt=\"\u0218tiri din Vaslui\" title=\"INFO Vaslui\"><\/span><span class=\"tdb-logo-text-wrap\"><span class=\"tdb-logo-text-title\">INFO Vaslui<\/span><span class=\"tdb-logo-text-tagline\">\u0218tiri de interes<\/span><\/span><\/a><\/div>\n<p>[analyse_source url=&#8221;https:\/\/infovaslui.ro\/sarbatoare-muntenii-comunitatea-adunata-ziua-comunei-artisti-indragiti-traditii-locale\/#new_tab&#8221;]<\/p>\n","protected":false},"excerpt":{"rendered":"<p>[analyse_image type=&#8221;featured&#8221; src=&#8221;https:\/\/infovaslui.ro\/wp-content\/uploads\/2026\/08\/Ziua-Comunei-Muntenii-Sus.jpeg&#8221;] luni, august 17, 2026 Acas\u0103EvenimenteS\u0103rb\u0103toare la Muntenii de Sus. Comunitatea, adunat\u0103 la Ziua Comunei cu arti\u0219ti&#8230; S\u0103rb\u0103toare la Muntenii de Sus. Comunitatea, adunat\u0103 la Ziua Comunei cu arti\u0219ti \u00eendr\u0103gi\u021bi \u0219i tradi\u021bii locale Scris de: Alexandru Ababei 17 august 2026 Comuna Muntenii de Sus a fost \u00een s\u0103rb\u0103toare, localnicii \u0219i invita\u021bii reunindu-se pe [&hellip;]<\/p>\n","protected":false},"author":1,"featured_media":0,"comment_status":"open","ping_status":"","sticky":false,"template":"","format":"standard","meta":{"footnotes":""},"categories":[89],"tags":[226,217],"class_list":["post-2097978","post","type-post","status-publish","format-standard","hentry","category-romania","tag-crawlmanager","tag-vaslui-robo-stiri-ro"],"_links":{"self":[{"href":"https:\/\/analyse.optim.biz\/index.php?rest_route=\/wp\/v2\/posts\/2097978","targetHints":{"allow":["GET"]}}],"collection":[{"href":"https:\/\/analyse.optim.biz\/index.php?rest_route=\/wp\/v2\/posts"}],"about":[{"href":"https:\/\/analyse.optim.biz\/index.php?rest_route=\/wp\/v2\/types\/post"}],"author":[{"embeddable":true,"href":"https:\/\/analyse.optim.biz\/index.php?rest_route=\/wp\/v2\/users\/1"}],"replies":[{"embeddable":true,"href":"https:\/\/analyse.optim.biz\/index.php?rest_route=%2Fwp%2Fv2%2Fcomments&post=2097978"}],"version-history":[{"count":0,"href":"https:\/\/analyse.optim.biz\/index.php?rest_route=\/wp\/v2\/posts\/2097978\/revisions"}],"wp:attachment":[{"href":"https:\/\/analyse.optim.biz\/index.php?rest_route=%2Fwp%2Fv2%2Fmedia&parent=2097978"}],"wp:term":[{"taxonomy":"category","embeddable":true,"href":"https:\/\/analyse.optim.biz\/index.php?rest_route=%2Fwp%2Fv2%2Fcategories&post=2097978"},{"taxonomy":"post_tag","embeddable":true,"href":"https:\/\/analyse.optim.biz\/index.php?rest_route=%2Fwp%2Fv2%2Ftags&post=2097978"}],"curies":[{"name":"wp","href":"https:\/\/api.w.org\/{rel}","templated":true}]}}