{"id":2097977,"date":"2026-08-09T11:55:30","date_gmt":"2026-08-09T08:55:30","guid":{"rendered":"https:\/\/analyse.optim.biz\/?p=2097977"},"modified":"2026-08-09T11:55:30","modified_gmt":"2026-08-09T08:55:30","slug":"actiune-a-politistilor-pentru-prevenirea-si-combaterea-faptelor-antisociale-din-trenuri","status":"publish","type":"post","link":"https:\/\/analyse.optim.biz\/?p=2097977","title":{"rendered":"AC\u021aIUNE A POLI\u021aI\u0218TILOR PENTRU PREVENIREA \u0218I COMBATEREA FAPTELOR ANTISOCIALE DIN TRENURI"},"content":{"rendered":"<p>[analyse_image type=&#8221;featured&#8221; src=&#8221;https:\/\/infotulcea.ro\/wp-content\/uploads\/2021\/11\/bulina.png&#8221;]<\/p>\n<div id=\"content\" class=\"site-content container\">\n<div id=\"main-content-row\" class=\"tie-row main-content-row\">\n<div class=\"main-content tie-col-md-8 tie-col-xs-12\" role=\"main\">\n<article id=\"the-post\" class=\"container-wrapper post-content tie-standard\">\n<header class=\"entry-header-outer\">\n<nav id=\"breadcrumb\"><a href=\"https:\/\/infotulcea.ro\/\"> Home<\/a><em class=\"delimiter\">\/<\/em><a href=\"https:\/\/infotulcea.ro\/categorie\/comunicate\/\">Comunicate<\/a><em class=\"delimiter\">\/<\/em><span class=\"current\">AC\u021aIUNE A POLI\u021aI\u0218TILOR PENTRU PREVENIREA \u0218I COMBATEREA  FAPTELOR ANTISOCIALE DIN TRENURI<\/span><\/nav>\n<div class=\"entry-header\"><span class=\"post-cat-wrap\"><a class=\"post-cat tie-cat-35\" href=\"https:\/\/infotulcea.ro\/categorie\/comunicate\/\">Comunicate<\/a><\/span><\/p>\n<h1 class=\"post-title entry-title\">\n\t\t\tAC\u021aIUNE A POLI\u021aI\u0218TILOR PENTRU PREVENIREA \u0218I COMBATEREA  FAPTELOR ANTISOCIALE DIN TRENURI\t\t<\/h1>\n<div class=\"single-post-meta post-meta clearfix\"><span class=\"author-meta single-author no-avatars\"><span class=\"meta-item meta-author-wrapper meta-author-9\"><span class=\"meta-author\"><a href=\"https:\/\/infotulcea.ro\/author\/redactia-2\/\" class=\"author-name tie-icon\" title=\"Redactia\">Redactia<\/a><\/span><\/span><\/span><span class=\"date meta-item tie-icon\">9 august 2026<\/span><\/p>\n<div class=\"tie-alignright\"><span class=\"meta-comment tie-icon meta-item fa-before\">0<\/span><span class=\"meta-views meta-item \"> 323 <\/span><span class=\"meta-reading-time meta-item\"> 3 minutes read<\/span><\/div>\n<\/div>\n<\/div>\n<\/header>\n<div class=\"entry-content entry clearfix\">\n<p><strong>\u00cen perioada 4 \u2013 5 august 2026, poli\u021bi\u0219tii Direc\u021biei de Poli\u021bie Transporturi au<\/strong><br \/><strong>ac\u0163ionat pentru prevenirea \u015fi combaterea furturilor din buzunare, din bagaje \u0219i de<\/strong><br \/><strong>bagaje de la c\u0103l\u0103tori, precum \u015fi pentru asigurarea unui climat de siguran\u021b\u0103 public\u0103 \u00een<\/strong><br \/><strong>domeniul transporturilor feroviare de c\u0103l\u0103tori.<\/strong><br \/>\n\u00cen cadrul ac\u021biunii au fost efectuate verific\u0103ri \u00een 533 de sta\u021bii de cale ferat\u0103 \u0219i 541 de<br \/>\ntrenuri de c\u0103l\u0103tori, fiind legitimate 3.572 de persoane.<br \/>\nDe asemenea, au fost constatate dou\u0103 infrac\u021biuni de natur\u0103 judiciar\u0103 \u0219i dou\u0103 de natur\u0103<br \/>\neconomic\u0103 \u0219i identificate 38 de persoane care apelau la mila publicului \u0219i 5 minori lipsi\u021bi<br \/>\nde supraveghere.<br \/>\nAu fost aplicate 408 sanc\u021biuni contraven\u021bionale, dintre care: 180 la Legea nr. 61\/1991<br \/>\npentru sanc\u021bionarea faptelor de \u00eenc\u0103lcare a unor norme de convie\u021buire social\u0103, a ordinii \u0219i<br \/>\nlini\u0219tii publice, 10 la Legea 333\/2003 privind paza obiectivelor, bunurilor, valorilor \u0219i<br \/>\nprotec\u021bia persoanelor, 54 la H.G. 203\/1994 pentru stabilirea \u0219i sanc\u021bionarea<br \/>\ncontraven\u021biilor la normele privind transporturile pe c\u0103ile ferate rom\u00e2ne, valoarea total\u0103 a<br \/>\nacestora fiind de 105.491 de lei.<br \/>\nExemple:<br \/>\n1. La data de 5 august 2026, poli\u021bi\u0219tii Sec\u021biei Regionale de Poli\u021bie Transporturi Craiova \u2013<br \/>\nPostul de Poli\u021bie Transporturi Feroviare Craiova C\u0103l\u0103tori, fiind \u00een exercitarea atribu\u021biilor<br \/>\nde serviciu, au fost sesiza\u021bi de c\u0103tre o femeie, de 51 de ani, angajat\u0103 a unei companii de<br \/>\ntransport feroviar, cu privire la faptul c\u0103, la data de 1 august 2026, la sosirea unui tren, \u00een<br \/>\nsta\u021bie, a procedat la efectuarea cur\u0103\u021beniei \u00een tren, unde a g\u0103sit o geant\u0103 de culoare neagr\u0103,<br \/>\n\u00een care se aflau un laptop \u0219i mai multe bunuri.<br \/>\nUlterior, \u00een prezen\u021ba femeii, poli\u021bi\u0219tii au procedat la verificarea gen\u021bii, constat\u00e2nd c\u0103, \u00een<br \/>\ninteriorul acesteia se aflau un laptop, cu \u00eenc\u0103rc\u0103torul aferent, dou\u0103 dispozitive<\/p>\n<p>pentru emiterea semnalelor TV, cu telecomenzile aferente \u0219i cartele inserate, apar\u021bin\u00e2nd unui<br \/>\noperator de televiziune, privind servicii de televiziune \u0219i internet, o cutie cu c\u0103\u0219ti wireless<br \/>\n\u0219i alte bunuri.<br \/>\nDeoarece, \u00een intervalul 1 \u2013 5 august 2026, nu a reclamat nimeni pierderea sau furtul<br \/>\nbagajului, s-a procedat la luarea leg\u0103turilor telefonice cu posturile de poli\u021bie transporturi<br \/>\nferoviare Bucure\u0219ti \u2013 Pite\u0219ti \u2013 Craiova, iar, \u00een urma verific\u0103rilor efectuate, de c\u0103tre<br \/>\npoli\u021bi\u0219ti, a fost identificat proprietarul.<br \/>\nGeanta cu bunurile mai sus men\u021bionate au fost \u00eenaintate Serviciului Jude\u021bean de Poli\u021bie<br \/>\nTransporturi Arge\u0219 \u2013 Postul de Poli\u021bie Transporturi Feroviare Pite\u0219ti, unde au fost predate<br \/>\nproprietarului.<br \/>\n2. \u00cen urma cercet\u0103rilor efectuate \u00eentr-un dosar penal privind sustragerea, la data de 15<br \/>\niulie 2026, de c\u0103tre o persoan\u0103 a unei tablete, dintr-un tren \u00eentr-o sta\u021bie din Pite\u0219ti, din<br \/>\ndatele \u0219i informa\u021biile ob\u021binute, poli\u021bi\u0219tii din cadrul Serviciului Jude\u021bean de Poli\u021bie<br \/>\nTransporturi Arge\u0219 au identificat persoana cercetat\u0103 pentru furt \u00een persoana unui b\u0103rbat,<br \/>\nde 27 de ani, acesta fiind condus la sediul serviciului \u00een vederea continu\u0103rii cercet\u0103rilor.<br \/>\nTotodat\u0103, \u00een urma activit\u0103\u021bilor desf\u0103\u0219urate s-a procedat la recuperarea tabletei sustrase, \u00een<br \/>\nstare func\u021bional\u0103, de aproximativ 2.000 de lei, aceasta fiind ridicat\u0103 \u00een vederea continu\u0103rii<br \/>\ncercet\u0103rilor.<br \/>\nSub \u00eendrumarea procurorului de caz, poli\u021bi\u0219tii din cadrul Serviciului Jude\u021bean de Poli\u021bie<br \/>\nTransporturi Arge\u0219 au dispus prin ordonan\u021b\u0103 re\u021binerea persoanei cercetate, pentru 24 de<br \/>\nore.<br \/>\n3. La data de 4 august 2026, poli\u021bi\u0219tii Sec\u021biei Regionale de Poli\u021bie Transporturi Ia\u0219i \u2013<br \/>\nPostul de Poli\u021bie Transporturi Feroviare Pa\u0219cani au fost sesiza\u021bi telefonic de c\u0103tre un<br \/>\nb\u0103rbat, cu privire la faptul c\u0103, la data de 3 august 2026, \u00een jurul orei 19:00, ar fi mers \u00een<br \/>\nsta\u021bia din Pa\u0219cani, de unde ar fi cump\u0103rat o legitima\u021bie de c\u0103l\u0103torie.<br \/>\nAcesta, dup\u0103 ce ar fi stat pe o banc\u0103, la peron, ar fi plecat cu trenul la Ia\u0219i, iar, ulterior, ar<br \/>\nfi constatat c\u0103 nu mai are portofelul asupra sa. \u00cen portofel ar fi avut aproximativ 300 de<br \/>\nlei, un card bancar, cartea de identitate, permisul de conducere \u0219i alte documente<br \/>\npersonale.<\/p>\n<p>\u00cen urma verific\u0103rilor efectuate, a rezultat c\u0103 portofelul ar fi fost luat de o persoan\u0103<br \/>\nnecunoscut\u0103, f\u0103r\u0103 a anun\u021ba poli\u021bia sau persoana v\u0103t\u0103mat\u0103.<br \/>\n\u00cen cauz\u0103, a fost \u00eenregistrat dosar de cercetare penal\u0103 privind comiterea infrac\u021biunii de<br \/>\n\u00eensu\u0219irea bunului g\u0103sit sau ajuns din eroare la f\u0103ptuitor.<br \/>\n\u00cen urma ob\u021binerii \u0219i exploat\u0103rii unor informa\u021bii de interes operativ, dar \u0219i a cercet\u0103rilor<br \/>\nefectuate, a fost schimbat\u0103 \u00eencadrarea juridic\u0103 a faptei pentru care se efectueaz\u0103 urm\u0103rirea<br \/>\npenal\u0103, \u00een infrac\u021biunea de furt \u0219i a fost identificat\u0103 \u0219i depistat\u0103 persoana cercetat\u0103 \u00een<br \/>\npersoana unui b\u0103rbat.<br \/>\n\u00cen urma probatoriului administrat, s-a dispus efectuarea \u00een continuare a urm\u0103ririi penale<br \/>\nfa\u021b\u0103 de b\u0103rbat \u0219i re\u021binerea acestuia, la data de 5 august 2026, fiind pus\u0103 \u00een mi\u0219care<br \/>\nac\u021biunea penal\u0103.<\/p>\n<\/div>\n<div id=\"post-extra-info\">\n<div class=\"theiaStickySidebar\">\n<div class=\"single-post-meta post-meta clearfix\"><span class=\"author-meta single-author no-avatars\"><span class=\"meta-item meta-author-wrapper meta-author-9\"><span class=\"meta-author\"><a href=\"https:\/\/infotulcea.ro\/author\/redactia-2\/\" class=\"author-name tie-icon\" title=\"Redactia\">Redactia<\/a><\/span><\/span><\/span><span class=\"date meta-item tie-icon\">9 august 2026<\/span><\/p>\n<div class=\"tie-alignright\"><span class=\"meta-comment tie-icon meta-item fa-before\">0<\/span><span class=\"meta-views meta-item \"> 323 <\/span><span class=\"meta-reading-time meta-item\"> 3 minutes read<\/span><\/div>\n<\/div>\n<\/div>\n<\/div>\n<div id=\"share-buttons-bottom\" class=\"share-buttons share-buttons-bottom\">\n<div class=\"share-links  icons-only\">\n<div class=\"share-title\"><span> Share<\/span><\/div>\n<p><a href=\"https:\/\/www.facebook.com\/sharer.php?u=https:\/\/infotulcea.ro\/actiune-a-politistilor-pentru-prevenirea-si-combaterea-faptelor-antisociale-din-trenuri\/\" rel=\"external noopener nofollow\" title=\"Facebook\" target=\"_blank\" class=\"facebook-share-btn \" data-raw=\"https:\/\/www.facebook.com\/sharer.php?u={post_link}\"><span class=\"screen-reader-text\">Facebook<\/span><\/a><a href=\"https:\/\/twitter.com\/intent\/tweet?text=AC%C8%9AIUNE%20A%20POLI%C8%9AI%C8%98TILOR%20PENTRU%20PREVENIREA%20%C8%98I%20COMBATEREA%20%20FAPTELOR%20ANTISOCIALE%20DIN%20TRENURI&amp;url=https:\/\/infotulcea.ro\/actiune-a-politistilor-pentru-prevenirea-si-combaterea-faptelor-antisociale-din-trenuri\/\" rel=\"external noopener nofollow\" title=\"X\" target=\"_blank\" class=\"twitter-share-btn \" data-raw=\"https:\/\/twitter.com\/intent\/tweet?text={post_title}&amp;url={post_link}\"><span class=\"screen-reader-text\">X<\/span><\/a><a href=\"https:\/\/api.whatsapp.com\/send?text=AC%C8%9AIUNE%20A%20POLI%C8%9AI%C8%98TILOR%20PENTRU%20PREVENIREA%20%C8%98I%20COMBATEREA%20%20FAPTELOR%20ANTISOCIALE%20DIN%20TRENURI%20https:\/\/infotulcea.ro\/actiune-a-politistilor-pentru-prevenirea-si-combaterea-faptelor-antisociale-din-trenuri\/\" rel=\"external noopener nofollow\" title=\"WhatsApp\" target=\"_blank\" class=\"whatsapp-share-btn \" data-raw=\"https:\/\/api.whatsapp.com\/send?text={post_title}%20{post_link}\"><span class=\"screen-reader-text\">WhatsApp<\/span><\/a><a href=\"https:\/\/telegram.me\/share\/url?url=https:\/\/infotulcea.ro\/actiune-a-politistilor-pentru-prevenirea-si-combaterea-faptelor-antisociale-din-trenuri\/&amp;text=AC%C8%9AIUNE%20A%20POLI%C8%9AI%C8%98TILOR%20PENTRU%20PREVENIREA%20%C8%98I%20COMBATEREA%20%20FAPTELOR%20ANTISOCIALE%20DIN%20TRENURI\" rel=\"external noopener nofollow\" title=\"Telegram\" target=\"_blank\" class=\"telegram-share-btn \" data-raw=\"https:\/\/telegram.me\/share\/url?url={post_link}&amp;text={post_title}\"><span class=\"screen-reader-text\">Telegram<\/span><\/a><a href=\"mailto:?subject=AC%C8%9AIUNE%20A%20POLI%C8%9AI%C8%98TILOR%20PENTRU%20PREVENIREA%20%C8%98I%20COMBATEREA%20%20FAPTELOR%20ANTISOCIALE%20DIN%20TRENURI&amp;body=https:\/\/infotulcea.ro\/actiune-a-politistilor-pentru-prevenirea-si-combaterea-faptelor-antisociale-din-trenuri\/\" rel=\"external noopener nofollow\" title=\"Share via Email\" target=\"_blank\" class=\"email-share-btn \" data-raw=\"mailto:?subject={post_title}&amp;body={post_link}\"><span class=\"screen-reader-text\">Share via Email<\/span><\/a><a href=\"https:\/\/infotulcea.ro\/actiune-a-politistilor-pentru-prevenirea-si-combaterea-faptelor-antisociale-din-trenuri\/\" rel=\"external noopener nofollow\" title=\"Print\" target=\"_blank\" class=\"print-share-btn \" data-raw=\"#\"><span class=\"screen-reader-text\">Print<\/span><\/a><\/div>\n<\/div>\n<\/article>\n<div class=\"post-components\">\n<div id=\"related-posts\" class=\"container-wrapper has-extra-post\">\n<div class=\"mag-box-title the-global-title\">\n<h3>Related Articles<\/h3>\n<\/div>\n<div class=\"related-posts-list\">\n<div class=\"related-item tie-standard\"><a aria-label=\"Consumul de droguri ne prive\u0219te pe to\u021bi!\" href=\"https:\/\/infotulcea.ro\/consumul-de-droguri-ne-priveste-pe-toti\/\" class=\"post-thumb\"><source type=\"image\/webp\" data-srcset=\"https:\/\/infotulcea.ro\/wp-content\/uploads\/2024\/04\/11-390x220.jpg.webp\" \/><\/a><\/p>\n<h3 class=\"post-title\"><a href=\"https:\/\/infotulcea.ro\/consumul-de-droguri-ne-priveste-pe-toti\/\">Consumul de droguri ne prive\u0219te pe to\u021bi!<\/a><\/h3>\n<div class=\"post-meta clearfix\"><span class=\"date meta-item tie-icon\">7 aprilie 2024<\/span><\/div>\n<\/div>\n<div class=\"related-item tie-standard\"><a aria-label=\"Irina Gheorghi\u021b\u0103, vicecampioan\u0103 mondial\u0103 la karate kyokushin\" href=\"https:\/\/infotulcea.ro\/irina-gheorghita-vicecampioana-mondiala-la-karate-kyokushin\/\" class=\"post-thumb\"><source type=\"image\/webp\" data-srcset=\"https:\/\/infotulcea.ro\/wp-content\/uploads\/2026\/06\/panuta-1-1-390x220.jpeg.webp\" \/><img loading=\"lazy\" decoding=\"async\" width=\"390\" height=\"220\" src=\"https:\/\/infotulcea.ro\/wp-content\/uploads\/2026\/06\/panuta-1-1-390x220.jpeg\" class=\"attachment-jannah-image-large size-jannah-image-large wp-post-image\" alt><\/a><\/p>\n<h3 class=\"post-title\"><a href=\"https:\/\/infotulcea.ro\/irina-gheorghita-vicecampioana-mondiala-la-karate-kyokushin\/\">Irina Gheorghi\u021b\u0103, vicecampioan\u0103 mondial\u0103 la karate kyokushin<\/a><\/h3>\n<div class=\"post-meta clearfix\"><span class=\"date meta-item tie-icon\">10 iunie 2026<\/span><\/div>\n<\/div>\n<div class=\"related-item tie-standard\">\n<h3 class=\"post-title\"><a href=\"https:\/\/infotulcea.ro\/anar-respinge-categoric-informatiile-false-aparute-recent-in-spatiul-public-privind-taxarea-fantanilor-si-presupusa-pedepsire-penala-a-oamenilor-care-isi-construiesc-fantani-si-folosesc-apa\/\">ANAR respinge categoric informa\u021biile false ap\u0103rute recent \u00een spa\u021biul public privind taxarea f\u00e2nt\u00e2nilor \u0219i presupusa pedepsire penal\u0103 a oamenilor care \u00ee\u0219i construiesc f\u00e2nt\u00e2ni \u0219i folosesc apa<\/a><\/h3>\n<div class=\"post-meta clearfix\"><span class=\"date meta-item tie-icon\">18 iulie 2026<\/span><\/div>\n<\/div>\n<div class=\"related-item tie-standard\"><a aria-label=\"BILAN\u021a DE WEEKEND: 64 DE CONDUC\u0102TORI AUTO SANC\u021aIONA\u021aI PENTRU VITEZ\u0102!\" href=\"https:\/\/infotulcea.ro\/bilant-de-weekend-64-de-conducatori-auto-sanctionati-pentru-viteza\/\" class=\"post-thumb\"><source type=\"image\/webp\" data-srcset=\"https:\/\/infotulcea.ro\/wp-content\/uploads\/2022\/11\/politie-permise-tl-390x220.jpg.webp\" \/><img loading=\"lazy\" decoding=\"async\" width=\"390\" height=\"220\" src=\"https:\/\/infotulcea.ro\/wp-content\/uploads\/2022\/11\/politie-permise-tl-390x220.jpg\" class=\"attachment-jannah-image-large size-jannah-image-large wp-post-image\" alt><\/a><\/p>\n<h3 class=\"post-title\"><a href=\"https:\/\/infotulcea.ro\/bilant-de-weekend-64-de-conducatori-auto-sanctionati-pentru-viteza\/\">BILAN\u021a DE WEEKEND: 64 DE CONDUC\u0102TORI AUTO SANC\u021aIONA\u021aI PENTRU VITEZ\u0102!<\/a><\/h3>\n<div class=\"post-meta clearfix\"><span class=\"date meta-item tie-icon\">6 martie 2023<\/span><\/div>\n<\/div>\n<\/div>\n<\/div>\n<div id=\"comments\" class=\"comments-area\">\n<div id=\"add-comment-block\" class=\"container-wrapper\">\n<div id=\"respond\" class=\"comment-respond\">\n<h3 id=\"reply-title\" class=\"comment-reply-title the-global-title\">Las\u0103 un r\u0103spuns <small><a rel=\"nofollow\" id=\"cancel-comment-reply-link\" href=\"https:\/\/infotulcea.ro\/actiune-a-politistilor-pentru-prevenirea-si-combaterea-faptelor-antisociale-din-trenuri\/#respond\">Anuleaz\u0103 r\u0103spunsul<\/a><\/small><\/h3>\n<p class=\"comment-notes\"><span id=\"email-notes\">Adresa ta de email nu va fi publicat\u0103.<\/span><span class=\"required-field-message\">C\u00e2mpurile obligatorii sunt marcate cu <span class=\"required\">*<\/span><\/span><\/p>\n<\/div>\n<\/div>\n<\/div>\n<\/div>\n<\/div>\n<div id=\"check-also-box\" class=\"container-wrapper check-also-right\">\n<div class=\"widget-title the-global-title\">\n<div class=\"the-subtitle\">Check Also<\/div>\n<p><a href=\"https:\/\/infotulcea.ro\/actiune-a-politistilor-pentru-prevenirea-si-combaterea-faptelor-antisociale-din-trenuri\/\" id=\"check-also-close\" class=\"remove\"><span class=\"screen-reader-text\">Close<\/span><\/a><\/div>\n<div class=\"widget posts-list-big-first has-first-big-post\">\n<ul class=\"posts-list-items\">\n<li class=\"widget-single-post-item widget-post-list tie-standard\">\n<div class=\"post-widget-thumbnail\"><a aria-label=\"Controale ANR: 17 amenzi \u0219i 113.000 de lei sanc\u021biuni\" href=\"https:\/\/infotulcea.ro\/controale-anr-17-amenzi-si-113-000-de-lei-sanctiuni\/\" class=\"post-thumb\"><span class=\"post-cat-wrap\"><span class=\"post-cat tie-cat-35\">Comunicate<\/span><\/span><source type=\"image\/webp\" data-srcset=\"https:\/\/infotulcea.ro\/wp-content\/uploads\/2026\/07\/anr-390x220.jpeg.webp\" \/><img loading=\"lazy\" decoding=\"async\" width=\"390\" height=\"220\" src=\"https:\/\/infotulcea.ro\/wp-content\/uploads\/2026\/07\/anr-390x220.jpeg\" class=\"attachment-jannah-image-large size-jannah-image-large wp-post-image\" alt><\/a><\/div>\n<div class=\"post-widget-body \"><a class=\"post-title the-subtitle\" href=\"https:\/\/infotulcea.ro\/controale-anr-17-amenzi-si-113-000-de-lei-sanctiuni\/\">Controale ANR: 17 amenzi \u0219i 113.000 de lei sanc\u021biuni<\/a><\/p>\n<div class=\"post-meta\"><span class=\"date meta-item tie-icon\">20 iulie 2026<\/span><\/div>\n<\/div>\n<\/li>\n<\/ul>\n<\/div>\n<\/div>\n<aside class=\"sidebar tie-col-md-4 tie-col-xs-12 normal-side is-sticky\" aria-label=\"Primary Sidebar\">\n<div class=\"theiaStickySidebar\">\n<div id=\"media_image-19\" class=\"container-wrapper widget widget_media_image\"><a href=\"https:\/\/infotulcea.ro\/delta-dunarii-mai-accesibila-navrom-delta-creste-numarul-curselor-regulate-de-la-1-mai-2025\/\"><source sizes=\"(max-width: 500px) 100vw, 500px\" type=\"image\/webp\" data-srcset=\"https:\/\/infotulcea.ro\/wp-content\/uploads\/2025\/04\/navrom-delta-500x271.jpg.webp 500w, https:\/\/infotulcea.ro\/wp-content\/uploads\/2025\/04\/navrom-delta-1024x555.jpg.webp 1024w, https:\/\/infotulcea.ro\/wp-content\/uploads\/2025\/04\/navrom-delta-768x416.jpg.webp 768w, https:\/\/infotulcea.ro\/wp-content\/uploads\/2025\/04\/navrom-delta.jpg.webp 1080w\" \/><img loading=\"lazy\" decoding=\"async\" width=\"500\" height=\"271\" src=\"https:\/\/infotulcea.ro\/wp-content\/uploads\/2025\/04\/navrom-delta-500x271.jpg\" class=\"image wp-image-34487  attachment-medium size-medium\" alt><\/a><\/div>\n<div id=\"media_image-17\" class=\"container-wrapper widget widget_media_image\"><a href=\"https:\/\/www.facebook.com\/share\/p\/1DGAD1tLWN\/?mibextid=wwXIfr\" target=\"_blank\"><source sizes=\"(max-width: 500px) 100vw, 500px\" type=\"image\/webp\" data-srcset=\"https:\/\/infotulcea.ro\/wp-content\/uploads\/2026\/01\/IMG_1563-500x500.jpeg.webp 500w, https:\/\/infotulcea.ro\/wp-content\/uploads\/2026\/01\/IMG_1563-1024x1024.jpeg.webp 1024w, https:\/\/infotulcea.ro\/wp-content\/uploads\/2026\/01\/IMG_1563-250x250.jpeg.webp 250w, https:\/\/infotulcea.ro\/wp-content\/uploads\/2026\/01\/IMG_1563-768x768.jpeg.webp 768w, https:\/\/infotulcea.ro\/wp-content\/uploads\/2026\/01\/IMG_1563.jpeg.webp 1080w\" \/><img loading=\"lazy\" decoding=\"async\" width=\"500\" height=\"500\" src=\"https:\/\/infotulcea.ro\/wp-content\/uploads\/2026\/01\/IMG_1563-500x500.jpeg\" class=\"image wp-image-37932  attachment-medium size-medium\" alt title=\"Centrale pe lemne\"><\/a><\/div>\n<div id=\"media_image-18\" class=\"container-wrapper widget widget_media_image\"><a href=\"https:\/\/www.licitatia.ro\/site\/index-guest\"><img loading=\"lazy\" decoding=\"async\" width=\"500\" height=\"262\" src=\"https:\/\/infotulcea.ro\/wp-content\/uploads\/2025\/09\/licitatia-500x262.png\" class=\"image wp-image-36670  attachment-medium size-medium lazyload\" alt><img loading=\"lazy\" decoding=\"async\" width=\"500\" height=\"262\" src=\"https:\/\/infotulcea.ro\/wp-content\/uploads\/2025\/09\/licitatia-500x262.png\" class=\"image wp-image-36670  attachment-medium size-medium\" alt><\/a><\/div>\n<div id=\"media_image-27\" class=\"container-wrapper widget widget_media_image\"><a href=\"https:\/\/www.centrale-lemne-liepsnele.ro\/\"><img loading=\"lazy\" decoding=\"async\" width=\"500\" height=\"500\" src=\"https:\/\/infotulcea.ro\/wp-content\/uploads\/2025\/09\/Centrale-pe-Lemne-Liepsnele-500x500.png\" class=\"image wp-image-36541  attachment-medium size-medium lazyload\" alt=\"Centrala pe lemne\"><img loading=\"lazy\" decoding=\"async\" width=\"500\" height=\"500\" src=\"https:\/\/infotulcea.ro\/wp-content\/uploads\/2025\/09\/Centrale-pe-Lemne-Liepsnele-500x500.png\" class=\"image wp-image-36541  attachment-medium size-medium\" alt=\"Centrala pe lemne\"><\/a><\/div>\n<div id=\"media_image-28\" class=\"container-wrapper widget widget_media_image\"><a href=\"https:\/\/infotulcea.ro\/angajeaza-te-ro-platforma-ta-online-de-angajari-si-forta-de-munca\/\"><source sizes=\"(max-width: 500px) 100vw, 500px\" type=\"image\/webp\" data-srcset=\"https:\/\/infotulcea.ro\/wp-content\/uploads\/2025\/04\/banner-angajazate-1-500x305.jpg.webp 500w, https:\/\/infotulcea.ro\/wp-content\/uploads\/2025\/04\/banner-angajazate-1-1024x625.jpg.webp 1024w, https:\/\/infotulcea.ro\/wp-content\/uploads\/2025\/04\/banner-angajazate-1-768x469.jpg.webp 768w, https:\/\/infotulcea.ro\/wp-content\/uploads\/2025\/04\/banner-angajazate-1.jpg.webp 1080w\" \/><img loading=\"lazy\" decoding=\"async\" width=\"500\" height=\"305\" src=\"https:\/\/infotulcea.ro\/wp-content\/uploads\/2025\/04\/banner-angajazate-1-500x305.jpg\" class=\"image wp-image-34317  attachment-medium size-medium\" alt><\/a><\/div>\n<\/div>\n<\/aside>\n<\/div>\n<\/div>\n<div class=\"entry-content entry clearfix\">\n<p><strong>\u00cen perioada 4 \u2013 5 august 2026, poli\u021bi\u0219tii Direc\u021biei de Poli\u021bie Transporturi au<\/strong><br \/><strong>ac\u0163ionat pentru prevenirea \u015fi combaterea furturilor din buzunare, din bagaje \u0219i de<\/strong><br \/><strong>bagaje de la c\u0103l\u0103tori, precum \u015fi pentru asigurarea unui climat de siguran\u021b\u0103 public\u0103 \u00een<\/strong><br \/><strong>domeniul transporturilor feroviare de c\u0103l\u0103tori.<\/strong><br \/>\n\u00cen cadrul ac\u021biunii au fost efectuate verific\u0103ri \u00een 533 de sta\u021bii de cale ferat\u0103 \u0219i 541 de<br \/>\ntrenuri de c\u0103l\u0103tori, fiind legitimate 3.572 de persoane.<br \/>\nDe asemenea, au fost constatate dou\u0103 infrac\u021biuni de natur\u0103 judiciar\u0103 \u0219i dou\u0103 de natur\u0103<br \/>\neconomic\u0103 \u0219i identificate 38 de persoane care apelau la mila publicului \u0219i 5 minori lipsi\u021bi<br \/>\nde supraveghere.<br \/>\nAu fost aplicate 408 sanc\u021biuni contraven\u021bionale, dintre care: 180 la Legea nr. 61\/1991<br \/>\npentru sanc\u021bionarea faptelor de \u00eenc\u0103lcare a unor norme de convie\u021buire social\u0103, a ordinii \u0219i<br \/>\nlini\u0219tii publice, 10 la Legea 333\/2003 privind paza obiectivelor, bunurilor, valorilor \u0219i<br \/>\nprotec\u021bia persoanelor, 54 la H.G. 203\/1994 pentru stabilirea \u0219i sanc\u021bionarea<br \/>\ncontraven\u021biilor la normele privind transporturile pe c\u0103ile ferate rom\u00e2ne, valoarea total\u0103 a<br \/>\nacestora fiind de 105.491 de lei.<br \/>\nExemple:<br \/>\n1. La data de 5 august 2026, poli\u021bi\u0219tii Sec\u021biei Regionale de Poli\u021bie Transporturi Craiova \u2013<br \/>\nPostul de Poli\u021bie Transporturi Feroviare Craiova C\u0103l\u0103tori, fiind \u00een exercitarea atribu\u021biilor<br \/>\nde serviciu, au fost sesiza\u021bi de c\u0103tre o femeie, de 51 de ani, angajat\u0103 a unei companii de<br \/>\ntransport feroviar, cu privire la faptul c\u0103, la data de 1 august 2026, la sosirea unui tren, \u00een<br \/>\nsta\u021bie, a procedat la efectuarea cur\u0103\u021beniei \u00een tren, unde a g\u0103sit o geant\u0103 de culoare neagr\u0103,<br \/>\n\u00een care se aflau un laptop \u0219i mai multe bunuri.<br \/>\nUlterior, \u00een prezen\u021ba femeii, poli\u021bi\u0219tii au procedat la verificarea gen\u021bii, constat\u00e2nd c\u0103, \u00een<br \/>\ninteriorul acesteia se aflau un laptop, cu \u00eenc\u0103rc\u0103torul aferent, dou\u0103 dispozitive<\/p>\n<p>pentru emiterea semnalelor TV, cu telecomenzile aferente \u0219i cartele inserate, apar\u021bin\u00e2nd unui<br \/>\noperator de televiziune, privind servicii de televiziune \u0219i internet, o cutie cu c\u0103\u0219ti wireless<br \/>\n\u0219i alte bunuri.<br \/>\nDeoarece, \u00een intervalul 1 \u2013 5 august 2026, nu a reclamat nimeni pierderea sau furtul<br \/>\nbagajului, s-a procedat la luarea leg\u0103turilor telefonice cu posturile de poli\u021bie transporturi<br \/>\nferoviare Bucure\u0219ti \u2013 Pite\u0219ti \u2013 Craiova, iar, \u00een urma verific\u0103rilor efectuate, de c\u0103tre<br \/>\npoli\u021bi\u0219ti, a fost identificat proprietarul.<br \/>\nGeanta cu bunurile mai sus men\u021bionate au fost \u00eenaintate Serviciului Jude\u021bean de Poli\u021bie<br \/>\nTransporturi Arge\u0219 \u2013 Postul de Poli\u021bie Transporturi Feroviare Pite\u0219ti, unde au fost predate<br \/>\nproprietarului.<br \/>\n2. \u00cen urma cercet\u0103rilor efectuate \u00eentr-un dosar penal privind sustragerea, la data de 15<br \/>\niulie 2026, de c\u0103tre o persoan\u0103 a unei tablete, dintr-un tren \u00eentr-o sta\u021bie din Pite\u0219ti, din<br \/>\ndatele \u0219i informa\u021biile ob\u021binute, poli\u021bi\u0219tii din cadrul Serviciului Jude\u021bean de Poli\u021bie<br \/>\nTransporturi Arge\u0219 au identificat persoana cercetat\u0103 pentru furt \u00een persoana unui b\u0103rbat,<br \/>\nde 27 de ani, acesta fiind condus la sediul serviciului \u00een vederea continu\u0103rii cercet\u0103rilor.<br \/>\nTotodat\u0103, \u00een urma activit\u0103\u021bilor desf\u0103\u0219urate s-a procedat la recuperarea tabletei sustrase, \u00een<br \/>\nstare func\u021bional\u0103, de aproximativ 2.000 de lei, aceasta fiind ridicat\u0103 \u00een vederea continu\u0103rii<br \/>\ncercet\u0103rilor.<br \/>\nSub \u00eendrumarea procurorului de caz, poli\u021bi\u0219tii din cadrul Serviciului Jude\u021bean de Poli\u021bie<br \/>\nTransporturi Arge\u0219 au dispus prin ordonan\u021b\u0103 re\u021binerea persoanei cercetate, pentru 24 de<br \/>\nore.<br \/>\n3. La data de 4 august 2026, poli\u021bi\u0219tii Sec\u021biei Regionale de Poli\u021bie Transporturi Ia\u0219i \u2013<br \/>\nPostul de Poli\u021bie Transporturi Feroviare Pa\u0219cani au fost sesiza\u021bi telefonic de c\u0103tre un<br \/>\nb\u0103rbat, cu privire la faptul c\u0103, la data de 3 august 2026, \u00een jurul orei 19:00, ar fi mers \u00een<br \/>\nsta\u021bia din Pa\u0219cani, de unde ar fi cump\u0103rat o legitima\u021bie de c\u0103l\u0103torie.<br \/>\nAcesta, dup\u0103 ce ar fi stat pe o banc\u0103, la peron, ar fi plecat cu trenul la Ia\u0219i, iar, ulterior, ar<br \/>\nfi constatat c\u0103 nu mai are portofelul asupra sa. \u00cen portofel ar fi avut aproximativ 300 de<br \/>\nlei, un card bancar, cartea de identitate, permisul de conducere \u0219i alte documente<br \/>\npersonale.<\/p>\n<p>\u00cen urma verific\u0103rilor efectuate, a rezultat c\u0103 portofelul ar fi fost luat de o persoan\u0103<br \/>\nnecunoscut\u0103, f\u0103r\u0103 a anun\u021ba poli\u021bia sau persoana v\u0103t\u0103mat\u0103.<br \/>\n\u00cen cauz\u0103, a fost \u00eenregistrat dosar de cercetare penal\u0103 privind comiterea infrac\u021biunii de<br \/>\n\u00eensu\u0219irea bunului g\u0103sit sau ajuns din eroare la f\u0103ptuitor.<br \/>\n\u00cen urma ob\u021binerii \u0219i exploat\u0103rii unor informa\u021bii de interes operativ, dar \u0219i a cercet\u0103rilor<br \/>\nefectuate, a fost schimbat\u0103 \u00eencadrarea juridic\u0103 a faptei pentru care se efectueaz\u0103 urm\u0103rirea<br \/>\npenal\u0103, \u00een infrac\u021biunea de furt \u0219i a fost identificat\u0103 \u0219i depistat\u0103 persoana cercetat\u0103 \u00een<br \/>\npersoana unui b\u0103rbat.<br \/>\n\u00cen urma probatoriului administrat, s-a dispus efectuarea \u00een continuare a urm\u0103ririi penale<br \/>\nfa\u021b\u0103 de b\u0103rbat \u0219i re\u021binerea acestuia, la data de 5 august 2026, fiind pus\u0103 \u00een mi\u0219care<br \/>\nac\u021biunea penal\u0103.<\/p>\n<\/div>\n<div class=\"articleBody\" data-key=\"articleBody\">\u00cen perioada 4 \u2013 5 august 2026, poli\u021bi\u0219tii Direc\u021biei de Poli\u021bie Transporturi au<br \/>\nac\u0163ionat pentru prevenirea \u015fi combaterea furturilor din buzunare, din bagaje \u0219i de<br \/>\nbagaje de la c\u0103l\u0103tori, precum \u015fi pentru asigurarea unui climat de siguran\u021b\u0103 public\u0103 \u00een<br \/>\ndomeniul transporturilor feroviare de c\u0103l\u0103tori.<br \/>\n\u00cen cadrul ac\u021biunii au fost efectuate verific\u0103ri \u00een 533 de sta\u021bii de cale ferat\u0103 \u0219i 541 de<br \/>\ntrenuri de c\u0103l\u0103tori, fiind legitimate 3.572 de persoane.<br \/>\nDe asemenea, au fost constatate dou\u0103 infrac\u021biuni de natur\u0103 judiciar\u0103 \u0219i dou\u0103 de natur\u0103<br \/>\neconomic\u0103 \u0219i identificate 38 de persoane care apelau la mila publicului \u0219i 5 minori lipsi\u021bi<br \/>\nde supraveghere.<br \/>\nAu fost aplicate 408 sanc\u021biuni contraven\u021bionale, dintre care: 180 la Legea nr. 61\/1991<br \/>\npentru sanc\u021bionarea faptelor de \u00eenc\u0103lcare a unor norme de convie\u021buire social\u0103, a ordinii \u0219i<br \/>\nlini\u0219tii publice, 10 la Legea 333\/2003 privind paza obiectivelor, bunurilor, valorilor \u0219i<br \/>\nprotec\u021bia persoanelor, 54 la H.G. 203\/1994 pentru stabilirea \u0219i sanc\u021bionarea<br \/>\ncontraven\u021biilor la normele privind transporturile pe c\u0103ile ferate rom\u00e2ne, valoarea total\u0103 a<br \/>\nacestora fiind de 105.491 de lei.<br \/>\nExemple:<br \/>\n1. La data de 5 august 2026, poli\u021bi\u0219tii Sec\u021biei Regionale de Poli\u021bie Transporturi Craiova &#8211;<br \/>\nPostul de Poli\u021bie Transporturi Feroviare Craiova C\u0103l\u0103tori, fiind \u00een exercitarea atribu\u021biilor<br \/>\nde serviciu, au fost sesiza\u021bi de c\u0103tre o femeie, de 51 de ani, angajat\u0103 a unei companii de<br \/>\ntransport feroviar, cu privire la faptul c\u0103, la data de 1 august 2026, la sosirea unui tren, \u00een<br \/>\nsta\u021bie, a procedat la efectuarea cur\u0103\u021beniei \u00een tren, unde a g\u0103sit o geant\u0103 de culoare neagr\u0103,<br \/>\n\u00een care se aflau un laptop \u0219i mai multe bunuri.<br \/>\nUlterior, \u00een prezen\u021ba femeii, poli\u021bi\u0219tii au procedat la verificarea gen\u021bii, constat\u00e2nd c\u0103, \u00een<br \/>\ninteriorul acesteia se aflau un laptop, cu \u00eenc\u0103rc\u0103torul aferent, dou\u0103 dispozitive<\/p>\n<p>pentru emiterea semnalelor TV, cu telecomenzile aferente \u0219i cartele inserate, apar\u021bin\u00e2nd unui<br \/>\noperator de televiziune, privind servicii de televiziune \u0219i internet, o cutie cu c\u0103\u0219ti wireless<br \/>\n\u0219i alte bunuri.<br \/>\nDeoarece, \u00een intervalul 1 \u2013 5 august 2026, nu a reclamat nimeni pierderea sau furtul<br \/>\nbagajului, s-a procedat la luarea leg\u0103turilor telefonice cu posturile de poli\u021bie transporturi<br \/>\nferoviare Bucure\u0219ti \u2013 Pite\u0219ti \u2013 Craiova, iar, \u00een urma verific\u0103rilor efectuate, de c\u0103tre<br \/>\npoli\u021bi\u0219ti, a fost identificat proprietarul.<br \/>\nGeanta cu bunurile mai sus men\u021bionate au fost \u00eenaintate Serviciului Jude\u021bean de Poli\u021bie<br \/>\nTransporturi Arge\u0219 &#8211; Postul de Poli\u021bie Transporturi Feroviare Pite\u0219ti, unde au fost predate<br \/>\nproprietarului.<br \/>\n2. \u00cen urma cercet\u0103rilor efectuate \u00eentr-un dosar penal privind sustragerea, la data de 15<br \/>\niulie 2026, de c\u0103tre o persoan\u0103 a unei tablete, dintr-un tren \u00eentr-o sta\u021bie din Pite\u0219ti, din<br \/>\ndatele \u0219i informa\u021biile ob\u021binute, poli\u021bi\u0219tii din cadrul Serviciului Jude\u021bean de Poli\u021bie<br \/>\nTransporturi Arge\u0219 au identificat persoana cercetat\u0103 pentru furt \u00een persoana unui b\u0103rbat,<br \/>\nde 27 de ani, acesta fiind condus la sediul serviciului \u00een vederea continu\u0103rii cercet\u0103rilor.<br \/>\nTotodat\u0103, \u00een urma activit\u0103\u021bilor desf\u0103\u0219urate s-a procedat la recuperarea tabletei sustrase, \u00een<br \/>\nstare func\u021bional\u0103, de aproximativ 2.000 de lei, aceasta fiind ridicat\u0103 \u00een vederea continu\u0103rii<br \/>\ncercet\u0103rilor.<br \/>\nSub \u00eendrumarea procurorului de caz, poli\u021bi\u0219tii din cadrul Serviciului Jude\u021bean de Poli\u021bie<br \/>\nTransporturi Arge\u0219 au dispus prin ordonan\u021b\u0103 re\u021binerea persoanei cercetate, pentru 24 de<br \/>\nore.<br \/>\n3. La data de 4 august 2026, poli\u021bi\u0219tii Sec\u021biei Regionale de Poli\u021bie Transporturi Ia\u0219i &#8211;<br \/>\nPostul de Poli\u021bie Transporturi Feroviare Pa\u0219cani au fost sesiza\u021bi telefonic de c\u0103tre un<br \/>\nb\u0103rbat, cu privire la faptul c\u0103, la data de 3 august 2026, \u00een jurul orei 19:00, ar fi mers \u00een<br \/>\nsta\u021bia din Pa\u0219cani, de unde ar fi cump\u0103rat o legitima\u021bie de c\u0103l\u0103torie.<br \/>\nAcesta, dup\u0103 ce ar fi stat pe o banc\u0103, la peron, ar fi plecat cu trenul la Ia\u0219i, iar, ulterior, ar<br \/>\nfi constatat c\u0103 nu mai are portofelul asupra sa. \u00cen portofel ar fi avut aproximativ 300 de<br \/>\nlei, un card bancar, cartea de identitate, permisul de conducere \u0219i alte documente<br \/>\npersonale.<\/p>\n<p>\u00cen urma verific\u0103rilor efectuate, a rezultat c\u0103 portofelul ar fi fost luat de o persoan\u0103<br \/>\nnecunoscut\u0103, f\u0103r\u0103 a anun\u021ba poli\u021bia sau persoana v\u0103t\u0103mat\u0103.<br \/>\n\u00cen cauz\u0103, a fost \u00eenregistrat dosar de cercetare penal\u0103 privind comiterea infrac\u021biunii de<br \/>\n\u00eensu\u0219irea bunului g\u0103sit sau ajuns din eroare la f\u0103ptuitor.<br \/>\n\u00cen urma ob\u021binerii \u0219i exploat\u0103rii unor informa\u021bii de interes operativ, dar \u0219i a cercet\u0103rilor<br \/>\nefectuate, a fost schimbat\u0103 \u00eencadrarea juridic\u0103 a faptei pentru care se efectueaz\u0103 urm\u0103rirea<br \/>\npenal\u0103, \u00een infrac\u021biunea de furt \u0219i a fost identificat\u0103 \u0219i depistat\u0103 persoana cercetat\u0103 \u00een<br \/>\npersoana unui b\u0103rbat.<br \/>\n\u00cen urma probatoriului administrat, s-a dispus efectuarea \u00een continuare a urm\u0103ririi penale<br \/>\nfa\u021b\u0103 de b\u0103rbat \u0219i re\u021binerea acestuia, la data de 5 august 2026, fiind pus\u0103 \u00een mi\u0219care<br \/>\nac\u021biunea penal\u0103.<\/p><\/div>\n<p>[analyse_source url=&#8221;https:\/\/infotulcea.ro\/actiune-a-politistilor-pentru-prevenirea-si-combaterea-faptelor-antisociale-din-trenuri\/&#8221;]<\/p>\n","protected":false},"excerpt":{"rendered":"<p>[analyse_image type=&#8221;featured&#8221; src=&#8221;https:\/\/infotulcea.ro\/wp-content\/uploads\/2021\/11\/bulina.png&#8221;] Home\/Comunicate\/AC\u021aIUNE A POLI\u021aI\u0218TILOR PENTRU PREVENIREA \u0218I COMBATEREA FAPTELOR ANTISOCIALE DIN TRENURI Comunicate AC\u021aIUNE A POLI\u021aI\u0218TILOR PENTRU PREVENIREA \u0218I COMBATEREA FAPTELOR ANTISOCIALE DIN TRENURI Redactia9 august 2026 0 323 3 minutes read \u00cen perioada 4 \u2013 5 august 2026, poli\u021bi\u0219tii Direc\u021biei de Poli\u021bie Transporturi auac\u0163ionat pentru prevenirea \u015fi combaterea furturilor din buzunare, din [&hellip;]<\/p>\n","protected":false},"author":1,"featured_media":0,"comment_status":"open","ping_status":"","sticky":false,"template":"","format":"standard","meta":{"footnotes":""},"categories":[89],"tags":[226,221],"class_list":["post-2097977","post","type-post","status-publish","format-standard","hentry","category-romania","tag-crawlmanager","tag-infotulcea-ro"],"_links":{"self":[{"href":"https:\/\/analyse.optim.biz\/index.php?rest_route=\/wp\/v2\/posts\/2097977","targetHints":{"allow":["GET"]}}],"collection":[{"href":"https:\/\/analyse.optim.biz\/index.php?rest_route=\/wp\/v2\/posts"}],"about":[{"href":"https:\/\/analyse.optim.biz\/index.php?rest_route=\/wp\/v2\/types\/post"}],"author":[{"embeddable":true,"href":"https:\/\/analyse.optim.biz\/index.php?rest_route=\/wp\/v2\/users\/1"}],"replies":[{"embeddable":true,"href":"https:\/\/analyse.optim.biz\/index.php?rest_route=%2Fwp%2Fv2%2Fcomments&post=2097977"}],"version-history":[{"count":0,"href":"https:\/\/analyse.optim.biz\/index.php?rest_route=\/wp\/v2\/posts\/2097977\/revisions"}],"wp:attachment":[{"href":"https:\/\/analyse.optim.biz\/index.php?rest_route=%2Fwp%2Fv2%2Fmedia&parent=2097977"}],"wp:term":[{"taxonomy":"category","embeddable":true,"href":"https:\/\/analyse.optim.biz\/index.php?rest_route=%2Fwp%2Fv2%2Fcategories&post=2097977"},{"taxonomy":"post_tag","embeddable":true,"href":"https:\/\/analyse.optim.biz\/index.php?rest_route=%2Fwp%2Fv2%2Ftags&post=2097977"}],"curies":[{"name":"wp","href":"https:\/\/api.w.org\/{rel}","templated":true}]}}