{"id":2097976,"date":"2026-08-09T11:42:03","date_gmt":"2026-08-09T08:42:03","guid":{"rendered":"https:\/\/analyse.optim.biz\/?p=2097976"},"modified":"2026-08-09T11:42:03","modified_gmt":"2026-08-09T08:42:03","slug":"actiune-preventiva-pe-linie-silvica-desfasurata-in-orasul-macin","status":"publish","type":"post","link":"https:\/\/analyse.optim.biz\/?p=2097976","title":{"rendered":"Ac\u021biune preventiv\u0103 pe linie silvic\u0103, desf\u0103\u0219urat\u0103 \u00een ora\u0219ul M\u0103cin"},"content":{"rendered":"<p>[analyse_image type=&#8221;featured&#8221; src=&#8221;https:\/\/infotulcea.ro\/wp-content\/uploads\/2021\/11\/bulina.png&#8221;]<\/p>\n<div id=\"content\" class=\"site-content container\">\n<div id=\"main-content-row\" class=\"tie-row main-content-row\">\n<div class=\"main-content tie-col-md-8 tie-col-xs-12\" role=\"main\">\n<article id=\"the-post\" class=\"container-wrapper post-content tie-standard\">\n<header class=\"entry-header-outer\">\n<nav id=\"breadcrumb\"><a href=\"https:\/\/infotulcea.ro\/\"> Home<\/a><em class=\"delimiter\">\/<\/em><a href=\"https:\/\/infotulcea.ro\/categorie\/comunicate\/\">Comunicate<\/a><em class=\"delimiter\">\/<\/em><span class=\"current\">Ac\u021biune preventiv\u0103 pe linie silvic\u0103, desf\u0103\u0219urat\u0103 \u00een ora\u0219ul M\u0103cin<\/span><\/nav>\n<div class=\"entry-header\"><span class=\"post-cat-wrap\"><a class=\"post-cat tie-cat-35\" href=\"https:\/\/infotulcea.ro\/categorie\/comunicate\/\">Comunicate<\/a><\/span><\/p>\n<h1 class=\"post-title entry-title\">\n\t\t\tAc\u021biune preventiv\u0103 pe linie silvic\u0103, desf\u0103\u0219urat\u0103 \u00een ora\u0219ul M\u0103cin\t\t<\/h1>\n<div class=\"single-post-meta post-meta clearfix\"><span class=\"author-meta single-author no-avatars\"><span class=\"meta-item meta-author-wrapper meta-author-9\"><span class=\"meta-author\"><a href=\"https:\/\/infotulcea.ro\/author\/redactia-2\/\" class=\"author-name tie-icon\" title=\"Redactia\">Redactia<\/a><\/span><\/span><\/span><span class=\"date meta-item tie-icon\">9 august 2026<\/span><\/p>\n<div class=\"tie-alignright\"><span class=\"meta-comment tie-icon meta-item fa-before\">0<\/span><span class=\"meta-views meta-item \"> 90 <\/span><span class=\"meta-reading-time meta-item\"> Less than a minute<\/span><\/div>\n<\/div>\n<\/div>\n<\/header>\n<div class=\"entry-content entry clearfix\">\n<p><strong>La data de 7 august 2026, \u00een intervalul orar 10:00\u201313:00, poli\u021bi\u0219tii din cadrul Poli\u021biei Ora\u0219ului M\u0103cin au desf\u0103\u0219urat o ac\u021biune, pe linie silvic\u0103, pentru prevenirea \u0219i combaterea transporturilor ilegale de material lemnos, precum \u0219i pentru identificarea \u0219i sanc\u021bionarea faptelor de natur\u0103 contraven\u021bional\u0103 sau penal\u0103 prev\u0103zute de legisla\u021bia \u00een vigoare.<\/strong><\/p>\n<p>\u00cen cadrul activit\u0103\u021bilor desf\u0103\u0219urate, poli\u021bi\u0219tii au controlat 16 autovehicule \u0219i au legitimat 24 de persoane.<\/p>\n<p>Pentru abaterile constatate, au fost aplicate 7 sanc\u021biuni contraven\u021bionale, \u00een valoare total\u0103 de 5.190 de lei.<\/p>\n<p>Totodat\u0103, au fost re\u021binute 3 permise de conducere.<\/p>\n<p>Astfel de ac\u021biuni vor fi desf\u0103\u0219urate \u00een continuare, \u00een vederea prevenirii \u0219i combaterii faptelor care afecteaz\u0103 fondul forestier \u0219i resursele naturale, precum \u0219i pentru cre\u0219terea gradului de siguran\u021b\u0103 pe drumurile publice.<\/p>\n<\/div>\n<div id=\"post-extra-info\">\n<div class=\"theiaStickySidebar\">\n<div class=\"single-post-meta post-meta clearfix\"><span class=\"author-meta single-author no-avatars\"><span class=\"meta-item meta-author-wrapper meta-author-9\"><span class=\"meta-author\"><a href=\"https:\/\/infotulcea.ro\/author\/redactia-2\/\" class=\"author-name tie-icon\" title=\"Redactia\">Redactia<\/a><\/span><\/span><\/span><span class=\"date meta-item tie-icon\">9 august 2026<\/span><\/p>\n<div class=\"tie-alignright\"><span class=\"meta-comment tie-icon meta-item fa-before\">0<\/span><span class=\"meta-views meta-item \"> 90 <\/span><span class=\"meta-reading-time meta-item\"> Less than a minute<\/span><\/div>\n<\/div>\n<\/div>\n<\/div>\n<div id=\"share-buttons-bottom\" class=\"share-buttons share-buttons-bottom\">\n<div class=\"share-links  icons-only\">\n<div class=\"share-title\"><span> Share<\/span><\/div>\n<p><a href=\"https:\/\/www.facebook.com\/sharer.php?u=https:\/\/infotulcea.ro\/actiune-preventiva-pe-linie-silvica-desfasurata-in-orasul-macin\/\" rel=\"external noopener nofollow\" title=\"Facebook\" target=\"_blank\" class=\"facebook-share-btn \" data-raw=\"https:\/\/www.facebook.com\/sharer.php?u={post_link}\"><span class=\"screen-reader-text\">Facebook<\/span><\/a><a href=\"https:\/\/twitter.com\/intent\/tweet?text=Ac%C8%9Biune%20preventiv%C4%83%20pe%20linie%20silvic%C4%83%2C%20desf%C4%83%C8%99urat%C4%83%20%C3%AEn%20ora%C8%99ul%20M%C4%83cin&amp;url=https:\/\/infotulcea.ro\/actiune-preventiva-pe-linie-silvica-desfasurata-in-orasul-macin\/\" rel=\"external noopener nofollow\" title=\"X\" target=\"_blank\" class=\"twitter-share-btn \" data-raw=\"https:\/\/twitter.com\/intent\/tweet?text={post_title}&amp;url={post_link}\"><span class=\"screen-reader-text\">X<\/span><\/a><a href=\"https:\/\/api.whatsapp.com\/send?text=Ac%C8%9Biune%20preventiv%C4%83%20pe%20linie%20silvic%C4%83%2C%20desf%C4%83%C8%99urat%C4%83%20%C3%AEn%20ora%C8%99ul%20M%C4%83cin%20https:\/\/infotulcea.ro\/actiune-preventiva-pe-linie-silvica-desfasurata-in-orasul-macin\/\" rel=\"external noopener nofollow\" title=\"WhatsApp\" target=\"_blank\" class=\"whatsapp-share-btn \" data-raw=\"https:\/\/api.whatsapp.com\/send?text={post_title}%20{post_link}\"><span class=\"screen-reader-text\">WhatsApp<\/span><\/a><a href=\"https:\/\/telegram.me\/share\/url?url=https:\/\/infotulcea.ro\/actiune-preventiva-pe-linie-silvica-desfasurata-in-orasul-macin\/&amp;text=Ac%C8%9Biune%20preventiv%C4%83%20pe%20linie%20silvic%C4%83%2C%20desf%C4%83%C8%99urat%C4%83%20%C3%AEn%20ora%C8%99ul%20M%C4%83cin\" rel=\"external noopener nofollow\" title=\"Telegram\" target=\"_blank\" class=\"telegram-share-btn \" data-raw=\"https:\/\/telegram.me\/share\/url?url={post_link}&amp;text={post_title}\"><span class=\"screen-reader-text\">Telegram<\/span><\/a><a href=\"mailto:?subject=Ac%C8%9Biune%20preventiv%C4%83%20pe%20linie%20silvic%C4%83%2C%20desf%C4%83%C8%99urat%C4%83%20%C3%AEn%20ora%C8%99ul%20M%C4%83cin&amp;body=https:\/\/infotulcea.ro\/actiune-preventiva-pe-linie-silvica-desfasurata-in-orasul-macin\/\" rel=\"external noopener nofollow\" title=\"Share via Email\" target=\"_blank\" class=\"email-share-btn \" data-raw=\"mailto:?subject={post_title}&amp;body={post_link}\"><span class=\"screen-reader-text\">Share via Email<\/span><\/a><a href=\"https:\/\/infotulcea.ro\/actiune-preventiva-pe-linie-silvica-desfasurata-in-orasul-macin\/\" rel=\"external noopener nofollow\" title=\"Print\" target=\"_blank\" class=\"print-share-btn \" data-raw=\"#\"><span class=\"screen-reader-text\">Print<\/span><\/a><\/div>\n<\/div>\n<\/article>\n<div class=\"post-components\">\n<div id=\"related-posts\" class=\"container-wrapper has-extra-post\">\n<div class=\"mag-box-title the-global-title\">\n<h3>Related Articles<\/h3>\n<\/div>\n<div class=\"related-posts-list\">\n<div class=\"related-item tie-standard\"><a aria-label=\"Asocia\u021bia Voluntari pentru Tine: \u201eLa mul\u021bi ani, dragi copii!\u201d\" href=\"https:\/\/infotulcea.ro\/asociatia-voluntari-pentru-tine-la-multi-ani-dragi-copii\/\" class=\"post-thumb\"><source type=\"image\/webp\" data-srcset=\"https:\/\/infotulcea.ro\/wp-content\/uploads\/2023\/06\/voluntari-pentru-tine-390x220.jpg.webp\" \/><\/a><\/p>\n<h3 class=\"post-title\"><a href=\"https:\/\/infotulcea.ro\/asociatia-voluntari-pentru-tine-la-multi-ani-dragi-copii\/\">Asocia\u021bia Voluntari pentru Tine: \u201eLa mul\u021bi ani, dragi copii!\u201d<\/a><\/h3>\n<div class=\"post-meta clearfix\"><span class=\"date meta-item tie-icon\">1 iunie 2023<\/span><\/div>\n<\/div>\n<div class=\"related-item tie-standard\"><a aria-label=\"\u201eS\u0103pt\u0103m\u00e2na altfel la \u2026 penitenciar\u201d. Elevi din Tulcea, fa\u021b\u0103 \u00een fa\u021b\u0103 cu realitatea de dup\u0103 gratii\" href=\"https:\/\/infotulcea.ro\/saptamana-altfel-la-penitenciar-elevi-din-tulcea-fata-in-fata-cu-realitatea-de-dupa-gratii\/\" class=\"post-thumb\"><source type=\"image\/webp\" data-srcset=\"https:\/\/infotulcea.ro\/wp-content\/uploads\/2026\/04\/IMG_2973-390x220.jpeg.webp\" \/><img loading=\"lazy\" decoding=\"async\" width=\"390\" height=\"220\" src=\"https:\/\/infotulcea.ro\/wp-content\/uploads\/2026\/04\/IMG_2973-390x220.jpeg\" class=\"attachment-jannah-image-large size-jannah-image-large wp-post-image\" alt><\/a><\/p>\n<h3 class=\"post-title\"><a href=\"https:\/\/infotulcea.ro\/saptamana-altfel-la-penitenciar-elevi-din-tulcea-fata-in-fata-cu-realitatea-de-dupa-gratii\/\">\u201eS\u0103pt\u0103m\u00e2na altfel la \u2026 penitenciar\u201d. Elevi din Tulcea, fa\u021b\u0103 \u00een fa\u021b\u0103 cu realitatea de dup\u0103 gratii<\/a><\/h3>\n<div class=\"post-meta clearfix\"><span class=\"date meta-item tie-icon\">1 aprilie 2026<\/span><\/div>\n<\/div>\n<div class=\"related-item tie-standard\"><a aria-label=\"Campanie a Jandarmeriei: Doneaz\u0103 s\u00e2nge! Salveaz\u0103 o via\u021b\u0103\" href=\"https:\/\/infotulcea.ro\/campanie-a-jandarmeriei-doneaza-sange-salveaza-o-viata\/\" class=\"post-thumb\"><source type=\"image\/webp\" data-srcset=\"https:\/\/infotulcea.ro\/wp-content\/uploads\/2023\/04\/IMG-20230412-WA0011-390x220.jpg.webp\" \/><img loading=\"lazy\" decoding=\"async\" width=\"390\" height=\"220\" src=\"https:\/\/infotulcea.ro\/wp-content\/uploads\/2023\/04\/IMG-20230412-WA0011-390x220.jpg\" class=\"attachment-jannah-image-large size-jannah-image-large wp-post-image\" alt><\/a><\/p>\n<h3 class=\"post-title\"><a href=\"https:\/\/infotulcea.ro\/campanie-a-jandarmeriei-doneaza-sange-salveaza-o-viata\/\">Campanie a Jandarmeriei: Doneaz\u0103 s\u00e2nge! Salveaz\u0103 o via\u021b\u0103<\/a><\/h3>\n<div class=\"post-meta clearfix\"><span class=\"date meta-item tie-icon\">12 aprilie 2023<\/span><\/div>\n<\/div>\n<div class=\"related-item tie-standard\"><a aria-label=\"Ac\u021biunea Jupiter la Tulcea! Poli\u021bi\u0219tii au instituit sechestru pe bunuri de sute de mii de lei!\" href=\"https:\/\/infotulcea.ro\/actiunea-jupiter-la-tulcea-politistii-au-instituit-sechestru-pe-bunuri-de-sute-de-mii-de-lei\/\" class=\"post-thumb\"><img loading=\"lazy\" decoding=\"async\" width=\"390\" height=\"220\" src=\"https:\/\/infotulcea.ro\/wp-content\/uploads\/2025\/11\/IMG_8670-390x220.png\" class=\"attachment-jannah-image-large size-jannah-image-large wp-post-image lazyload\" alt><img loading=\"lazy\" decoding=\"async\" width=\"390\" height=\"220\" src=\"https:\/\/infotulcea.ro\/wp-content\/uploads\/2025\/11\/IMG_8670-390x220.png\" class=\"attachment-jannah-image-large size-jannah-image-large wp-post-image\" alt><\/a><\/p>\n<h3 class=\"post-title\"><a href=\"https:\/\/infotulcea.ro\/actiunea-jupiter-la-tulcea-politistii-au-instituit-sechestru-pe-bunuri-de-sute-de-mii-de-lei\/\">Ac\u021biunea Jupiter la Tulcea! Poli\u021bi\u0219tii au instituit sechestru pe bunuri de sute de mii de lei!<\/a><\/h3>\n<div class=\"post-meta clearfix\"><span class=\"date meta-item tie-icon\">7 noiembrie 2025<\/span><\/div>\n<\/div>\n<\/div>\n<\/div>\n<div id=\"comments\" class=\"comments-area\">\n<div id=\"add-comment-block\" class=\"container-wrapper\">\n<div id=\"respond\" class=\"comment-respond\">\n<h3 id=\"reply-title\" class=\"comment-reply-title the-global-title\">Las\u0103 un r\u0103spuns <small><a rel=\"nofollow\" id=\"cancel-comment-reply-link\" href=\"https:\/\/infotulcea.ro\/actiune-preventiva-pe-linie-silvica-desfasurata-in-orasul-macin\/#respond\">Anuleaz\u0103 r\u0103spunsul<\/a><\/small><\/h3>\n<p class=\"comment-notes\"><span id=\"email-notes\">Adresa ta de email nu va fi publicat\u0103.<\/span><span class=\"required-field-message\">C\u00e2mpurile obligatorii sunt marcate cu <span class=\"required\">*<\/span><\/span><\/p>\n<\/div>\n<\/div>\n<\/div>\n<\/div>\n<\/div>\n<div id=\"check-also-box\" class=\"container-wrapper check-also-right\">\n<div class=\"widget-title the-global-title\">\n<div class=\"the-subtitle\">Check Also<\/div>\n<p><a href=\"https:\/\/infotulcea.ro\/actiune-preventiva-pe-linie-silvica-desfasurata-in-orasul-macin\/\" id=\"check-also-close\" class=\"remove\"><span class=\"screen-reader-text\">Close<\/span><\/a><\/div>\n<div class=\"widget posts-list-big-first has-first-big-post\">\n<ul class=\"posts-list-items\">\n<li class=\"widget-single-post-item widget-post-list tie-standard\">\n<div class=\"post-widget-thumbnail\"><a aria-label=\"Prins de radar cu 125kmh prin Ciucurova!\" href=\"https:\/\/infotulcea.ro\/prins-de-radar-cu-125kmh-prin-ciucurova\/\" class=\"post-thumb\"><span class=\"post-cat-wrap\"><span class=\"post-cat tie-cat-35\">Comunicate<\/span><\/span><source type=\"image\/webp\" data-srcset=\"https:\/\/infotulcea.ro\/wp-content\/uploads\/2023\/05\/IMG-20230528-WA0004-390x220.jpg.webp\" \/><img loading=\"lazy\" decoding=\"async\" width=\"390\" height=\"220\" src=\"https:\/\/infotulcea.ro\/wp-content\/uploads\/2023\/05\/IMG-20230528-WA0004-390x220.jpg\" class=\"attachment-jannah-image-large size-jannah-image-large wp-post-image\" alt><\/a><\/div>\n<div class=\"post-widget-body \"><a class=\"post-title the-subtitle\" href=\"https:\/\/infotulcea.ro\/prins-de-radar-cu-125kmh-prin-ciucurova\/\">Prins de radar cu 125kmh prin Ciucurova!<\/a><\/p>\n<div class=\"post-meta\"><span class=\"date meta-item tie-icon\">11 iunie 2023<\/span><\/div>\n<\/div>\n<\/li>\n<\/ul>\n<\/div>\n<\/div>\n<aside class=\"sidebar tie-col-md-4 tie-col-xs-12 normal-side is-sticky\" aria-label=\"Primary Sidebar\">\n<div class=\"theiaStickySidebar\">\n<div id=\"media_image-19\" class=\"container-wrapper widget widget_media_image\"><a href=\"https:\/\/infotulcea.ro\/delta-dunarii-mai-accesibila-navrom-delta-creste-numarul-curselor-regulate-de-la-1-mai-2025\/\"><source sizes=\"(max-width: 500px) 100vw, 500px\" type=\"image\/webp\" data-srcset=\"https:\/\/infotulcea.ro\/wp-content\/uploads\/2025\/04\/navrom-delta-500x271.jpg.webp 500w, https:\/\/infotulcea.ro\/wp-content\/uploads\/2025\/04\/navrom-delta-1024x555.jpg.webp 1024w, https:\/\/infotulcea.ro\/wp-content\/uploads\/2025\/04\/navrom-delta-768x416.jpg.webp 768w, https:\/\/infotulcea.ro\/wp-content\/uploads\/2025\/04\/navrom-delta.jpg.webp 1080w\" \/><img loading=\"lazy\" decoding=\"async\" width=\"500\" height=\"271\" src=\"https:\/\/infotulcea.ro\/wp-content\/uploads\/2025\/04\/navrom-delta-500x271.jpg\" class=\"image wp-image-34487  attachment-medium size-medium\" alt><\/a><\/div>\n<div id=\"media_image-17\" class=\"container-wrapper widget widget_media_image\"><a href=\"https:\/\/www.facebook.com\/share\/p\/1DGAD1tLWN\/?mibextid=wwXIfr\" target=\"_blank\"><source sizes=\"(max-width: 500px) 100vw, 500px\" type=\"image\/webp\" data-srcset=\"https:\/\/infotulcea.ro\/wp-content\/uploads\/2026\/01\/IMG_1563-500x500.jpeg.webp 500w, https:\/\/infotulcea.ro\/wp-content\/uploads\/2026\/01\/IMG_1563-1024x1024.jpeg.webp 1024w, https:\/\/infotulcea.ro\/wp-content\/uploads\/2026\/01\/IMG_1563-250x250.jpeg.webp 250w, https:\/\/infotulcea.ro\/wp-content\/uploads\/2026\/01\/IMG_1563-768x768.jpeg.webp 768w, https:\/\/infotulcea.ro\/wp-content\/uploads\/2026\/01\/IMG_1563.jpeg.webp 1080w\" \/><img loading=\"lazy\" decoding=\"async\" width=\"500\" height=\"500\" src=\"https:\/\/infotulcea.ro\/wp-content\/uploads\/2026\/01\/IMG_1563-500x500.jpeg\" class=\"image wp-image-37932  attachment-medium size-medium\" alt title=\"Centrale pe lemne\"><\/a><\/div>\n<div id=\"media_image-18\" class=\"container-wrapper widget widget_media_image\"><a href=\"https:\/\/www.licitatia.ro\/site\/index-guest\"><img loading=\"lazy\" decoding=\"async\" width=\"500\" height=\"262\" src=\"https:\/\/infotulcea.ro\/wp-content\/uploads\/2025\/09\/licitatia-500x262.png\" class=\"image wp-image-36670  attachment-medium size-medium lazyload\" alt><img loading=\"lazy\" decoding=\"async\" width=\"500\" height=\"262\" src=\"https:\/\/infotulcea.ro\/wp-content\/uploads\/2025\/09\/licitatia-500x262.png\" class=\"image wp-image-36670  attachment-medium size-medium\" alt><\/a><\/div>\n<div id=\"media_image-27\" class=\"container-wrapper widget widget_media_image\"><a href=\"https:\/\/www.centrale-lemne-liepsnele.ro\/\"><img loading=\"lazy\" decoding=\"async\" width=\"500\" height=\"500\" src=\"https:\/\/infotulcea.ro\/wp-content\/uploads\/2025\/09\/Centrale-pe-Lemne-Liepsnele-500x500.png\" class=\"image wp-image-36541  attachment-medium size-medium lazyload\" alt=\"Centrala pe lemne\"><img loading=\"lazy\" decoding=\"async\" width=\"500\" height=\"500\" src=\"https:\/\/infotulcea.ro\/wp-content\/uploads\/2025\/09\/Centrale-pe-Lemne-Liepsnele-500x500.png\" class=\"image wp-image-36541  attachment-medium size-medium\" alt=\"Centrala pe lemne\"><\/a><\/div>\n<div id=\"media_image-28\" class=\"container-wrapper widget widget_media_image\"><a href=\"https:\/\/infotulcea.ro\/angajeaza-te-ro-platforma-ta-online-de-angajari-si-forta-de-munca\/\"><source sizes=\"(max-width: 500px) 100vw, 500px\" type=\"image\/webp\" data-srcset=\"https:\/\/infotulcea.ro\/wp-content\/uploads\/2025\/04\/banner-angajazate-1-500x305.jpg.webp 500w, https:\/\/infotulcea.ro\/wp-content\/uploads\/2025\/04\/banner-angajazate-1-1024x625.jpg.webp 1024w, https:\/\/infotulcea.ro\/wp-content\/uploads\/2025\/04\/banner-angajazate-1-768x469.jpg.webp 768w, https:\/\/infotulcea.ro\/wp-content\/uploads\/2025\/04\/banner-angajazate-1.jpg.webp 1080w\" \/><img loading=\"lazy\" decoding=\"async\" width=\"500\" height=\"305\" src=\"https:\/\/infotulcea.ro\/wp-content\/uploads\/2025\/04\/banner-angajazate-1-500x305.jpg\" class=\"image wp-image-34317  attachment-medium size-medium\" alt><\/a><\/div>\n<\/div>\n<\/aside>\n<\/div>\n<\/div>\n<div class=\"entry-content entry clearfix\">\n<p><strong>La data de 7 august 2026, \u00een intervalul orar 10:00\u201313:00, poli\u021bi\u0219tii din cadrul Poli\u021biei Ora\u0219ului M\u0103cin au desf\u0103\u0219urat o ac\u021biune, pe linie silvic\u0103, pentru prevenirea \u0219i combaterea transporturilor ilegale de material lemnos, precum \u0219i pentru identificarea \u0219i sanc\u021bionarea faptelor de natur\u0103 contraven\u021bional\u0103 sau penal\u0103 prev\u0103zute de legisla\u021bia \u00een vigoare.<\/strong><\/p>\n<p>\u00cen cadrul activit\u0103\u021bilor desf\u0103\u0219urate, poli\u021bi\u0219tii au controlat 16 autovehicule \u0219i au legitimat 24 de persoane.<\/p>\n<p>Pentru abaterile constatate, au fost aplicate 7 sanc\u021biuni contraven\u021bionale, \u00een valoare total\u0103 de 5.190 de lei.<\/p>\n<p>Totodat\u0103, au fost re\u021binute 3 permise de conducere.<\/p>\n<p>Astfel de ac\u021biuni vor fi desf\u0103\u0219urate \u00een continuare, \u00een vederea prevenirii \u0219i combaterii faptelor care afecteaz\u0103 fondul forestier \u0219i resursele naturale, precum \u0219i pentru cre\u0219terea gradului de siguran\u021b\u0103 pe drumurile publice.<\/p>\n<\/div>\n<div class=\"articleBody\" data-key=\"articleBody\">La data de 7 august 2026, \u00een intervalul orar 10:00\u201313:00, poli\u021bi\u0219tii din cadrul Poli\u021biei Ora\u0219ului M\u0103cin au desf\u0103\u0219urat o ac\u021biune, pe linie silvic\u0103, pentru prevenirea \u0219i combaterea transporturilor ilegale de material lemnos, precum \u0219i pentru identificarea \u0219i sanc\u021bionarea faptelor de natur\u0103 contraven\u021bional\u0103 sau penal\u0103 prev\u0103zute de legisla\u021bia \u00een vigoare.<\/p>\n<p>\u00cen cadrul activit\u0103\u021bilor desf\u0103\u0219urate, poli\u021bi\u0219tii au controlat 16 autovehicule \u0219i au legitimat 24 de persoane.<\/p>\n<p>Pentru abaterile constatate, au fost aplicate 7 sanc\u021biuni contraven\u021bionale, \u00een valoare total\u0103 de 5.190 de lei.<\/p>\n<p>Totodat\u0103, au fost re\u021binute 3 permise de conducere.<\/p>\n<p>Astfel de ac\u021biuni vor fi desf\u0103\u0219urate \u00een continuare, \u00een vederea prevenirii \u0219i combaterii faptelor care afecteaz\u0103 fondul forestier \u0219i resursele naturale, precum \u0219i pentru cre\u0219terea gradului de siguran\u021b\u0103 pe drumurile publice.<\/p><\/div>\n<p>[analyse_source url=&#8221;https:\/\/infotulcea.ro\/actiune-preventiva-pe-linie-silvica-desfasurata-in-orasul-macin\/&#8221;]<\/p>\n","protected":false},"excerpt":{"rendered":"<p>[analyse_image type=&#8221;featured&#8221; src=&#8221;https:\/\/infotulcea.ro\/wp-content\/uploads\/2021\/11\/bulina.png&#8221;] Home\/Comunicate\/Ac\u021biune preventiv\u0103 pe linie silvic\u0103, desf\u0103\u0219urat\u0103 \u00een ora\u0219ul M\u0103cin Comunicate Ac\u021biune preventiv\u0103 pe linie silvic\u0103, desf\u0103\u0219urat\u0103 \u00een ora\u0219ul M\u0103cin Redactia9 august 2026 0 90 Less than a minute La data de 7 august 2026, \u00een intervalul orar 10:00\u201313:00, poli\u021bi\u0219tii din cadrul Poli\u021biei Ora\u0219ului M\u0103cin au desf\u0103\u0219urat o ac\u021biune, pe linie silvic\u0103, pentru [&hellip;]<\/p>\n","protected":false},"author":1,"featured_media":0,"comment_status":"open","ping_status":"","sticky":false,"template":"","format":"standard","meta":{"footnotes":""},"categories":[89],"tags":[226,221],"class_list":["post-2097976","post","type-post","status-publish","format-standard","hentry","category-romania","tag-crawlmanager","tag-infotulcea-ro"],"_links":{"self":[{"href":"https:\/\/analyse.optim.biz\/index.php?rest_route=\/wp\/v2\/posts\/2097976","targetHints":{"allow":["GET"]}}],"collection":[{"href":"https:\/\/analyse.optim.biz\/index.php?rest_route=\/wp\/v2\/posts"}],"about":[{"href":"https:\/\/analyse.optim.biz\/index.php?rest_route=\/wp\/v2\/types\/post"}],"author":[{"embeddable":true,"href":"https:\/\/analyse.optim.biz\/index.php?rest_route=\/wp\/v2\/users\/1"}],"replies":[{"embeddable":true,"href":"https:\/\/analyse.optim.biz\/index.php?rest_route=%2Fwp%2Fv2%2Fcomments&post=2097976"}],"version-history":[{"count":0,"href":"https:\/\/analyse.optim.biz\/index.php?rest_route=\/wp\/v2\/posts\/2097976\/revisions"}],"wp:attachment":[{"href":"https:\/\/analyse.optim.biz\/index.php?rest_route=%2Fwp%2Fv2%2Fmedia&parent=2097976"}],"wp:term":[{"taxonomy":"category","embeddable":true,"href":"https:\/\/analyse.optim.biz\/index.php?rest_route=%2Fwp%2Fv2%2Fcategories&post=2097976"},{"taxonomy":"post_tag","embeddable":true,"href":"https:\/\/analyse.optim.biz\/index.php?rest_route=%2Fwp%2Fv2%2Ftags&post=2097976"}],"curies":[{"name":"wp","href":"https:\/\/api.w.org\/{rel}","templated":true}]}}