{"id":2097975,"date":"2026-08-11T10:30:20","date_gmt":"2026-08-11T07:30:20","guid":{"rendered":"https:\/\/analyse.optim.biz\/?p=2097975"},"modified":"2026-08-11T10:30:20","modified_gmt":"2026-08-11T07:30:20","slug":"noua-comunicare-a-comisiei-europene-privind-ajutorul-umanitar-are-implicatii-directe-asupra-pietei-muncii-economiei-si-capacitatii-institutionale-a-romaniei","status":"publish","type":"post","link":"https:\/\/analyse.optim.biz\/?p=2097975","title":{"rendered":"Noua Comunicare a Comisiei Europene privind ajutorul umanitar are implica\u021bii directe asupra pie\u021bei muncii, economiei \u0219i capacit\u0103\u021bii institu\u021bionale a Rom\u00e2niei"},"content":{"rendered":"<p>[analyse_image type=&#8221;featured&#8221; src=&#8221;https:\/\/infotulcea.ro\/wp-content\/uploads\/2021\/11\/bulina.png&#8221;]<\/p>\n<div id=\"content\" class=\"site-content container\">\n<div id=\"main-content-row\" class=\"tie-row main-content-row\">\n<div class=\"main-content tie-col-md-8 tie-col-xs-12\" role=\"main\">\n<article id=\"the-post\" class=\"container-wrapper post-content tie-standard\">\n<header class=\"entry-header-outer\">\n<nav id=\"breadcrumb\"><a href=\"https:\/\/infotulcea.ro\/\"> Home<\/a><em class=\"delimiter\">\/<\/em><a href=\"https:\/\/infotulcea.ro\/categorie\/comunicate\/\">Comunicate<\/a><em class=\"delimiter\">\/<\/em><span class=\"current\">Noua Comunicare a Comisiei Europene privind ajutorul umanitar are implica\u021bii directe asupra pie\u021bei muncii, economiei \u0219i capacit\u0103\u021bii institu\u021bionale a Rom\u00e2niei<\/span><\/nav>\n<div class=\"entry-header\"><span class=\"post-cat-wrap\"><a class=\"post-cat tie-cat-35\" href=\"https:\/\/infotulcea.ro\/categorie\/comunicate\/\">Comunicate<\/a><\/span><\/p>\n<h1 class=\"post-title entry-title\">\n\t\t\tNoua Comunicare a Comisiei Europene privind ajutorul umanitar are implica\u021bii directe asupra pie\u021bei muncii, economiei \u0219i capacit\u0103\u021bii institu\u021bionale a Rom\u00e2niei\t\t<\/h1>\n<div class=\"single-post-meta post-meta clearfix\"><span class=\"author-meta single-author no-avatars\"><span class=\"meta-item meta-author-wrapper meta-author-9\"><span class=\"meta-author\"><a href=\"https:\/\/infotulcea.ro\/author\/redactia-2\/\" class=\"author-name tie-icon\" title=\"Redactia\">Redactia<\/a><\/span><\/span><\/span><span class=\"date meta-item tie-icon\">11 august 2026<\/span><\/p>\n<div class=\"tie-alignright\"><span class=\"meta-comment tie-icon meta-item fa-before\">0<\/span><span class=\"meta-views meta-item \"> 97 <\/span><span class=\"meta-reading-time meta-item\"> 2 minutes read<\/span><\/div>\n<\/div>\n<\/div>\n<\/header>\n<div class=\"entry-content entry clearfix\">\n<div class=\"article-header\">\n<h1>Blocul Na\u021bional Sindical (BNS)<span>\u00a0<strong>consider\u0103 c\u0103 noua Comunicare comun\u0103 a Comisiei Europene privind ajutorul umanitar dep\u0103\u0219e\u0219te sfera politicii externe \u0219i reprezint\u0103 un<\/strong><\/span><\/h1>\n<\/div>\n<div>\n<p><strong>document strategic cu efecte directe asupra Rom\u00e2niei, inclusiv asupra pie\u021bei muncii, sistemelor publice \u0219i dezvolt\u0103rii economice.<\/strong><\/p>\n<p>\u00cen contextul amplific\u0103rii crizelor umanitare la nivel global, Uniunea European\u0103 \u00ee\u0219i propune o abordare integrat\u0103, care \u00eembin\u0103 interven\u021bia umanitar\u0103 cu dezvoltarea \u0219i consolidarea rezilien\u021bei statelor fragile. Pentru Rom\u00e2nia, aflat\u0103 la frontiera estic\u0103 a Uniunii Europene \u0219i \u00een imediata vecin\u0103tate a r\u0103zboiului din Ucraina, aceste orient\u0103ri au o relevan\u021b\u0103 imediat\u0103.<\/p>\n<p>Comunicarea eviden\u021biaz\u0103 faptul c\u0103 num\u0103rul persoanelor str\u0103mutate for\u021bat a ajuns la peste 117 milioane la nivel mondial, iar Rom\u00e2nia a devenit, \u00een ultimii ani, un actor de prim\u0103 linie \u00een r\u0103spunsul european la criza refugia\u021bilor. Integrarea cet\u0103\u021benilor ucraineni pe pia\u021ba muncii a demonstrat at\u00e2t solidaritatea societ\u0103\u021bii rom\u00e2ne\u0219ti, c\u00e2t \u0219i existen\u021ba unor provoc\u0103ri importante privind recunoa\u0219terea calific\u0103rilor profesionale, barierele lingvistice, accesul la servicii de \u00eengrijire a copiilor \u0219i adaptarea competen\u021belor la cererea angajatorilor.<\/p>\n<p>\u00cen acela\u0219i timp, Rom\u00e2nia se confrunt\u0103 cu una dintre cele mai dificile situa\u021bii demografice din Uniunea European\u0103, marcat\u0103 de \u00eemb\u0103tr\u00e2nirea popula\u021biei, emigra\u021bia for\u021bei de munc\u0103 \u0219i deficitul de personal \u00een domenii esen\u021biale precum s\u0103n\u0103tatea, construc\u021biile \u0219i tehnologia informa\u021biei.<\/p>\n<p>BNS apreciaz\u0103 c\u0103 noul cadru european creeaz\u0103 \u0219i oportunit\u0103\u021bi economice importante pentru Rom\u00e2nia. Cre\u0219terea finan\u021b\u0103rii directe acordate organiza\u021biilor locale \u0219i dezvoltarea lan\u021burilor logistice umanitare pot genera noi locuri de munc\u0103 \u00een domenii precum managementul proiectelor europene, logistic\u0103, transport, monitorizare, comunicare \u0219i servicii sociale. Pozi\u021bia strategic\u0103 a Rom\u00e2niei, infrastructura aflat\u0103 \u00een dezvoltare \u0219i rolul deja demonstrat al Portului Constan\u021ba \u00een gestionarea fluxurilor comerciale generate de conflictul din Ucraina pot transforma \u021bara noastr\u0103 \u00eentr-un centru logistic regional pentru opera\u021biunile umanitare europene.<\/p>\n<p>Comunicarea atrage \u00eens\u0103 aten\u021bia \u0219i asupra unor vulnerabilit\u0103\u021bi interne care trebuie abordate. Sistemul sanitar rom\u00e2nesc continu\u0103 s\u0103 se confrunte cu un deficit sever de personal medical, iar integrarea copiilor refugia\u021bi \u00een sistemul educa\u021bional necesit\u0103 investi\u021bii suplimentare \u00een resursa uman\u0103, preg\u0103tirea cadrelor didactice \u0219i dezvoltarea capacit\u0103\u021bii institu\u021bionale de accesare a fondurilor europene.<\/p>\n<p>\u00cen opinia BNS, implementarea eficient\u0103 a noilor orient\u0103ri europene presupune o coordonare institu\u021bional\u0103 solid\u0103 \u00eentre autorit\u0103\u021bile publice, partenerii sociali \u0219i organiza\u021biile societ\u0103\u021bii civile. Este necesar\u0103 constituirea unui mecanism na\u021bional de coordonare care s\u0103 asigure o abordare integrat\u0103 a politicilor privind ocuparea for\u021bei de munc\u0103, protec\u021bia social\u0103, educa\u021bia, s\u0103n\u0103tatea \u0219i gestionarea situa\u021biilor umanitare.<\/p>\n<p>Totodat\u0103, BNS subliniaz\u0103 importan\u021ba combaterii fenomenului dezinform\u0103rii, pe care Comunicarea \u00eel identific\u0103 drept o amenin\u021bare la adresa valorilor democratice \u0219i a eficien\u021bei interven\u021biilor umanitare. \u00cen Rom\u00e2nia, dezinformarea afecteaz\u0103 inclusiv dialogul social \u0219i percep\u021bia public\u0103 asupra politicilor europene, motiv pentru care consolidarea capacit\u0103\u021bii de informare \u0219i verificare a informa\u021biilor reprezint\u0103 o prioritate pentru partenerii sociali.<\/p>\n<p>BNS consider\u0103 c\u0103 Rom\u00e2nia trebuie s\u0103 valorifice aceast\u0103 nou\u0103 strategie european\u0103 nu doar ca obliga\u021bie de solidaritate, ci \u0219i ca oportunitate de dezvoltare economic\u0103 \u0219i institu\u021bional\u0103. Participarea activ\u0103 la implementarea politicilor europene \u00een domeniul umanitar poate contribui la consolidarea pie\u021bei muncii, dezvoltarea competen\u021belor profesionale, atragerea investi\u021biilor \u0219i \u00eent\u0103rirea rolului Rom\u00e2niei ca actor regional relevant \u00een gestionarea provoc\u0103rilor din vecin\u0103tatea estic\u0103 a Uniunii Europene<\/p>\n<\/div>\n<\/div>\n<div id=\"post-extra-info\">\n<div class=\"theiaStickySidebar\">\n<div class=\"single-post-meta post-meta clearfix\"><span class=\"author-meta single-author no-avatars\"><span class=\"meta-item meta-author-wrapper meta-author-9\"><span class=\"meta-author\"><a href=\"https:\/\/infotulcea.ro\/author\/redactia-2\/\" class=\"author-name tie-icon\" title=\"Redactia\">Redactia<\/a><\/span><\/span><\/span><span class=\"date meta-item tie-icon\">11 august 2026<\/span><\/p>\n<div class=\"tie-alignright\"><span class=\"meta-comment tie-icon meta-item fa-before\">0<\/span><span class=\"meta-views meta-item \"> 97 <\/span><span class=\"meta-reading-time meta-item\"> 2 minutes read<\/span><\/div>\n<\/div>\n<\/div>\n<\/div>\n<div id=\"share-buttons-bottom\" class=\"share-buttons share-buttons-bottom\">\n<div class=\"share-links  icons-only\">\n<div class=\"share-title\"><span> Share<\/span><\/div>\n<p><a href=\"https:\/\/www.facebook.com\/sharer.php?u=https:\/\/infotulcea.ro\/noua-comunicare-a-comisiei-europene-privind-ajutorul-umanitar-are-implicatii-directe-asupra-pietei-muncii-economiei-si-capacitatii-institutionale-a-romaniei\/\" rel=\"external noopener nofollow\" title=\"Facebook\" target=\"_blank\" class=\"facebook-share-btn \" data-raw=\"https:\/\/www.facebook.com\/sharer.php?u={post_link}\"><span class=\"screen-reader-text\">Facebook<\/span><\/a><a href=\"https:\/\/twitter.com\/intent\/tweet?text=Noua%20Comunicare%20a%20Comisiei%20Europene%20privind%20ajutorul%20umanitar%20are%20implica%C8%9Bii%20directe%20asupra%20pie%C8%9Bei%20muncii%2C%20economiei%20%C8%99i%20capacit%C4%83%C8%9Bii%20institu%C8%9Bionale%20a%20Rom%C3%A2niei&amp;url=https:\/\/infotulcea.ro\/noua-comunicare-a-comisiei-europene-privind-ajutorul-umanitar-are-implicatii-directe-asupra-pietei-muncii-economiei-si-capacitatii-institutionale-a-romaniei\/\" rel=\"external noopener nofollow\" title=\"X\" target=\"_blank\" class=\"twitter-share-btn \" data-raw=\"https:\/\/twitter.com\/intent\/tweet?text={post_title}&amp;url={post_link}\"><span class=\"screen-reader-text\">X<\/span><\/a><a href=\"https:\/\/api.whatsapp.com\/send?text=Noua%20Comunicare%20a%20Comisiei%20Europene%20privind%20ajutorul%20umanitar%20are%20implica%C8%9Bii%20directe%20asupra%20pie%C8%9Bei%20muncii%2C%20economiei%20%C8%99i%20capacit%C4%83%C8%9Bii%20institu%C8%9Bionale%20a%20Rom%C3%A2niei%20https:\/\/infotulcea.ro\/noua-comunicare-a-comisiei-europene-privind-ajutorul-umanitar-are-implicatii-directe-asupra-pietei-muncii-economiei-si-capacitatii-institutionale-a-romaniei\/\" rel=\"external noopener nofollow\" title=\"WhatsApp\" target=\"_blank\" class=\"whatsapp-share-btn \" data-raw=\"https:\/\/api.whatsapp.com\/send?text={post_title}%20{post_link}\"><span class=\"screen-reader-text\">WhatsApp<\/span><\/a><a href=\"https:\/\/telegram.me\/share\/url?url=https:\/\/infotulcea.ro\/noua-comunicare-a-comisiei-europene-privind-ajutorul-umanitar-are-implicatii-directe-asupra-pietei-muncii-economiei-si-capacitatii-institutionale-a-romaniei\/&amp;text=Noua%20Comunicare%20a%20Comisiei%20Europene%20privind%20ajutorul%20umanitar%20are%20implica%C8%9Bii%20directe%20asupra%20pie%C8%9Bei%20muncii%2C%20economiei%20%C8%99i%20capacit%C4%83%C8%9Bii%20institu%C8%9Bionale%20a%20Rom%C3%A2niei\" rel=\"external noopener nofollow\" title=\"Telegram\" target=\"_blank\" class=\"telegram-share-btn \" data-raw=\"https:\/\/telegram.me\/share\/url?url={post_link}&amp;text={post_title}\"><span class=\"screen-reader-text\">Telegram<\/span><\/a><a href=\"mailto:?subject=Noua%20Comunicare%20a%20Comisiei%20Europene%20privind%20ajutorul%20umanitar%20are%20implica%C8%9Bii%20directe%20asupra%20pie%C8%9Bei%20muncii%2C%20economiei%20%C8%99i%20capacit%C4%83%C8%9Bii%20institu%C8%9Bionale%20a%20Rom%C3%A2niei&amp;body=https:\/\/infotulcea.ro\/noua-comunicare-a-comisiei-europene-privind-ajutorul-umanitar-are-implicatii-directe-asupra-pietei-muncii-economiei-si-capacitatii-institutionale-a-romaniei\/\" rel=\"external noopener nofollow\" title=\"Share via Email\" target=\"_blank\" class=\"email-share-btn \" data-raw=\"mailto:?subject={post_title}&amp;body={post_link}\"><span class=\"screen-reader-text\">Share via Email<\/span><\/a><a href=\"https:\/\/infotulcea.ro\/noua-comunicare-a-comisiei-europene-privind-ajutorul-umanitar-are-implicatii-directe-asupra-pietei-muncii-economiei-si-capacitatii-institutionale-a-romaniei\/\" rel=\"external noopener nofollow\" title=\"Print\" target=\"_blank\" class=\"print-share-btn \" data-raw=\"#\"><span class=\"screen-reader-text\">Print<\/span><\/a><\/div>\n<\/div>\n<\/article>\n<div class=\"post-components\">\n<div id=\"related-posts\" class=\"container-wrapper has-extra-post\">\n<div class=\"mag-box-title the-global-title\">\n<h3>Related Articles<\/h3>\n<\/div>\n<div class=\"related-posts-list\">\n<div class=\"related-item tie-standard\"><a aria-label=\"Noaptea Muzeelor 2023 la Muzeul de Art\u0103 \u0219i Casa Avramide din Tulcea\" href=\"https:\/\/infotulcea.ro\/noaptea-muzeelor-2023-la-muzeul-de-arta-si-casa-avramide-din-tulcea\/\" class=\"post-thumb\"><source type=\"image\/webp\" data-srcset=\"https:\/\/infotulcea.ro\/wp-content\/uploads\/2023\/05\/Facebook-NM-23-390x220.jpg.webp\" \/><\/a><\/p>\n<h3 class=\"post-title\"><a href=\"https:\/\/infotulcea.ro\/noaptea-muzeelor-2023-la-muzeul-de-arta-si-casa-avramide-din-tulcea\/\">Noaptea Muzeelor 2023 la Muzeul de Art\u0103 \u0219i Casa Avramide din Tulcea<\/a><\/h3>\n<div class=\"post-meta clearfix\"><span class=\"date meta-item tie-icon\">8 mai 2023<\/span><\/div>\n<\/div>\n<div class=\"related-item tie-standard\"><a aria-label=\"COPIL DE 8 ANI PLECAT NOAPTEA DE ACAS\u0102, G\u0102SIT DE POLI\u021aI\u0218TI\" href=\"https:\/\/infotulcea.ro\/copil-de-8-ani-plecat-noaptea-de-acasa-gasit-de-politisti\/\" class=\"post-thumb\"><source type=\"image\/webp\" data-srcset=\"https:\/\/infotulcea.ro\/wp-content\/uploads\/2023\/08\/IMG-20230823-WA0007-390x220.jpg.webp\" \/><img loading=\"lazy\" decoding=\"async\" width=\"390\" height=\"220\" src=\"https:\/\/infotulcea.ro\/wp-content\/uploads\/2023\/08\/IMG-20230823-WA0007-390x220.jpg\" class=\"attachment-jannah-image-large size-jannah-image-large wp-post-image\" alt><\/a><\/p>\n<h3 class=\"post-title\"><a href=\"https:\/\/infotulcea.ro\/copil-de-8-ani-plecat-noaptea-de-acasa-gasit-de-politisti\/\">COPIL DE 8 ANI PLECAT NOAPTEA DE ACAS\u0102, G\u0102SIT DE POLI\u021aI\u0218TI<\/a><\/h3>\n<div class=\"post-meta clearfix\"><span class=\"date meta-item tie-icon\">23 august 2023<\/span><\/div>\n<\/div>\n<div class=\"related-item tie-standard\"><a aria-label=\"\u0218edin\u021b\u0103 de lucru a Comitetului de bazin Dobrogea Litoral cu participare tulcean\u0103!\" href=\"https:\/\/infotulcea.ro\/23803-2\/\" class=\"post-thumb\"><source type=\"image\/webp\" data-srcset=\"https:\/\/infotulcea.ro\/wp-content\/uploads\/2023\/03\/DSC_0009-390x220.jpg.webp\" \/><img loading=\"lazy\" decoding=\"async\" width=\"390\" height=\"220\" src=\"https:\/\/infotulcea.ro\/wp-content\/uploads\/2023\/03\/DSC_0009-390x220.jpg\" class=\"attachment-jannah-image-large size-jannah-image-large wp-post-image\" alt><\/a><\/p>\n<h3 class=\"post-title\"><a href=\"https:\/\/infotulcea.ro\/23803-2\/\">\u0218edin\u021b\u0103 de lucru a Comitetului de bazin Dobrogea Litoral cu participare tulcean\u0103!<\/a><\/h3>\n<div class=\"post-meta clearfix\"><span class=\"date meta-item tie-icon\">24 martie 2023<\/span><\/div>\n<\/div>\n<div class=\"related-item tie-standard\">\n<h3 class=\"post-title\"><a href=\"https:\/\/infotulcea.ro\/comunicat-de-presa-2\/\">COMUNICAT DE PRES\u0102<\/a><\/h3>\n<div class=\"post-meta clearfix\"><span class=\"date meta-item tie-icon\">27 mai 2026<\/span><\/div>\n<\/div>\n<\/div>\n<\/div>\n<div id=\"comments\" class=\"comments-area\">\n<div id=\"add-comment-block\" class=\"container-wrapper\">\n<div id=\"respond\" class=\"comment-respond\">\n<h3 id=\"reply-title\" class=\"comment-reply-title the-global-title\">Las\u0103 un r\u0103spuns <small><a rel=\"nofollow\" id=\"cancel-comment-reply-link\" href=\"https:\/\/infotulcea.ro\/noua-comunicare-a-comisiei-europene-privind-ajutorul-umanitar-are-implicatii-directe-asupra-pietei-muncii-economiei-si-capacitatii-institutionale-a-romaniei\/#respond\">Anuleaz\u0103 r\u0103spunsul<\/a><\/small><\/h3>\n<p class=\"comment-notes\"><span id=\"email-notes\">Adresa ta de email nu va fi publicat\u0103.<\/span><span class=\"required-field-message\">C\u00e2mpurile obligatorii sunt marcate cu <span class=\"required\">*<\/span><\/span><\/p>\n<\/div>\n<\/div>\n<\/div>\n<\/div>\n<\/div>\n<div id=\"check-also-box\" class=\"container-wrapper check-also-right\">\n<div class=\"widget-title the-global-title\">\n<div class=\"the-subtitle\">Check Also<\/div>\n<p><a href=\"https:\/\/infotulcea.ro\/noua-comunicare-a-comisiei-europene-privind-ajutorul-umanitar-are-implicatii-directe-asupra-pietei-muncii-economiei-si-capacitatii-institutionale-a-romaniei\/\" id=\"check-also-close\" class=\"remove\"><span class=\"screen-reader-text\">Close<\/span><\/a><\/div>\n<div class=\"widget posts-list-big-first has-first-big-post\">\n<ul class=\"posts-list-items\">\n<li class=\"widget-single-post-item widget-post-list tie-standard\">\n<div class=\"post-widget-thumbnail\"><a aria-label=\"Plase pentru prinderea sturionilor \u00een largul m\u0103rii la Sulina!\" href=\"https:\/\/infotulcea.ro\/plase-pentru-prinderea-sturionilor-in-largul-marii-la-sulina\/\" class=\"post-thumb\"><span class=\"post-cat-wrap\"><span class=\"post-cat tie-cat-35\">Comunicate<\/span><\/span><source type=\"image\/webp\" data-srcset=\"https:\/\/infotulcea.ro\/wp-content\/uploads\/2023\/05\/IMG-20230512-WA0014-390x220.jpg.webp\" \/><img loading=\"lazy\" decoding=\"async\" width=\"390\" height=\"220\" src=\"https:\/\/infotulcea.ro\/wp-content\/uploads\/2023\/05\/IMG-20230512-WA0014-390x220.jpg\" class=\"attachment-jannah-image-large size-jannah-image-large wp-post-image\" alt><\/a><\/div>\n<div class=\"post-widget-body \"><a class=\"post-title the-subtitle\" href=\"https:\/\/infotulcea.ro\/plase-pentru-prinderea-sturionilor-in-largul-marii-la-sulina\/\">Plase pentru prinderea sturionilor \u00een largul m\u0103rii la Sulina!<\/a><\/p>\n<div class=\"post-meta\"><span class=\"date meta-item tie-icon\">12 mai 2023<\/span><\/div>\n<\/div>\n<\/li>\n<\/ul>\n<\/div>\n<\/div>\n<aside class=\"sidebar tie-col-md-4 tie-col-xs-12 normal-side is-sticky\" aria-label=\"Primary Sidebar\">\n<div class=\"theiaStickySidebar\">\n<div id=\"media_image-19\" class=\"container-wrapper widget widget_media_image\"><a href=\"https:\/\/infotulcea.ro\/delta-dunarii-mai-accesibila-navrom-delta-creste-numarul-curselor-regulate-de-la-1-mai-2025\/\"><source sizes=\"(max-width: 500px) 100vw, 500px\" type=\"image\/webp\" data-srcset=\"https:\/\/infotulcea.ro\/wp-content\/uploads\/2025\/04\/navrom-delta-500x271.jpg.webp 500w, https:\/\/infotulcea.ro\/wp-content\/uploads\/2025\/04\/navrom-delta-1024x555.jpg.webp 1024w, https:\/\/infotulcea.ro\/wp-content\/uploads\/2025\/04\/navrom-delta-768x416.jpg.webp 768w, https:\/\/infotulcea.ro\/wp-content\/uploads\/2025\/04\/navrom-delta.jpg.webp 1080w\" \/><img loading=\"lazy\" decoding=\"async\" width=\"500\" height=\"271\" src=\"https:\/\/infotulcea.ro\/wp-content\/uploads\/2025\/04\/navrom-delta-500x271.jpg\" class=\"image wp-image-34487  attachment-medium size-medium\" alt><\/a><\/div>\n<div id=\"media_image-17\" class=\"container-wrapper widget widget_media_image\"><a href=\"https:\/\/www.facebook.com\/share\/p\/1DGAD1tLWN\/?mibextid=wwXIfr\" target=\"_blank\"><source sizes=\"(max-width: 500px) 100vw, 500px\" type=\"image\/webp\" data-srcset=\"https:\/\/infotulcea.ro\/wp-content\/uploads\/2026\/01\/IMG_1563-500x500.jpeg.webp 500w, https:\/\/infotulcea.ro\/wp-content\/uploads\/2026\/01\/IMG_1563-1024x1024.jpeg.webp 1024w, https:\/\/infotulcea.ro\/wp-content\/uploads\/2026\/01\/IMG_1563-250x250.jpeg.webp 250w, https:\/\/infotulcea.ro\/wp-content\/uploads\/2026\/01\/IMG_1563-768x768.jpeg.webp 768w, https:\/\/infotulcea.ro\/wp-content\/uploads\/2026\/01\/IMG_1563.jpeg.webp 1080w\" \/><img loading=\"lazy\" decoding=\"async\" width=\"500\" height=\"500\" src=\"https:\/\/infotulcea.ro\/wp-content\/uploads\/2026\/01\/IMG_1563-500x500.jpeg\" class=\"image wp-image-37932  attachment-medium size-medium\" alt title=\"Centrale pe lemne\"><\/a><\/div>\n<div id=\"media_image-18\" class=\"container-wrapper widget widget_media_image\"><a href=\"https:\/\/www.licitatia.ro\/site\/index-guest\"><img loading=\"lazy\" decoding=\"async\" width=\"500\" height=\"262\" src=\"https:\/\/infotulcea.ro\/wp-content\/uploads\/2025\/09\/licitatia-500x262.png\" class=\"image wp-image-36670  attachment-medium size-medium lazyload\" alt><img loading=\"lazy\" decoding=\"async\" width=\"500\" height=\"262\" src=\"https:\/\/infotulcea.ro\/wp-content\/uploads\/2025\/09\/licitatia-500x262.png\" class=\"image wp-image-36670  attachment-medium size-medium\" alt><\/a><\/div>\n<div id=\"media_image-27\" class=\"container-wrapper widget widget_media_image\"><a href=\"https:\/\/www.centrale-lemne-liepsnele.ro\/\"><img loading=\"lazy\" decoding=\"async\" width=\"500\" height=\"500\" src=\"https:\/\/infotulcea.ro\/wp-content\/uploads\/2025\/09\/Centrale-pe-Lemne-Liepsnele-500x500.png\" class=\"image wp-image-36541  attachment-medium size-medium lazyload\" alt=\"Centrala pe lemne\"><img loading=\"lazy\" decoding=\"async\" width=\"500\" height=\"500\" src=\"https:\/\/infotulcea.ro\/wp-content\/uploads\/2025\/09\/Centrale-pe-Lemne-Liepsnele-500x500.png\" class=\"image wp-image-36541  attachment-medium size-medium\" alt=\"Centrala pe lemne\"><\/a><\/div>\n<div id=\"media_image-28\" class=\"container-wrapper widget widget_media_image\"><a href=\"https:\/\/infotulcea.ro\/angajeaza-te-ro-platforma-ta-online-de-angajari-si-forta-de-munca\/\"><source sizes=\"(max-width: 500px) 100vw, 500px\" type=\"image\/webp\" data-srcset=\"https:\/\/infotulcea.ro\/wp-content\/uploads\/2025\/04\/banner-angajazate-1-500x305.jpg.webp 500w, https:\/\/infotulcea.ro\/wp-content\/uploads\/2025\/04\/banner-angajazate-1-1024x625.jpg.webp 1024w, https:\/\/infotulcea.ro\/wp-content\/uploads\/2025\/04\/banner-angajazate-1-768x469.jpg.webp 768w, https:\/\/infotulcea.ro\/wp-content\/uploads\/2025\/04\/banner-angajazate-1.jpg.webp 1080w\" \/><img loading=\"lazy\" decoding=\"async\" width=\"500\" height=\"305\" src=\"https:\/\/infotulcea.ro\/wp-content\/uploads\/2025\/04\/banner-angajazate-1-500x305.jpg\" class=\"image wp-image-34317  attachment-medium size-medium\" alt><\/a><\/div>\n<\/div>\n<\/aside>\n<\/div>\n<\/div>\n<div class=\"entry-content entry clearfix\">\n<div class=\"article-header\">\n<h1>Blocul Na\u021bional Sindical (BNS)<span>\u00a0<strong>consider\u0103 c\u0103 noua Comunicare comun\u0103 a Comisiei Europene privind ajutorul umanitar dep\u0103\u0219e\u0219te sfera politicii externe \u0219i reprezint\u0103 un<\/strong><\/span><\/h1>\n<\/div>\n<div>\n<p><strong>document strategic cu efecte directe asupra Rom\u00e2niei, inclusiv asupra pie\u021bei muncii, sistemelor publice \u0219i dezvolt\u0103rii economice.<\/strong><\/p>\n<p>\u00cen contextul amplific\u0103rii crizelor umanitare la nivel global, Uniunea European\u0103 \u00ee\u0219i propune o abordare integrat\u0103, care \u00eembin\u0103 interven\u021bia umanitar\u0103 cu dezvoltarea \u0219i consolidarea rezilien\u021bei statelor fragile. Pentru Rom\u00e2nia, aflat\u0103 la frontiera estic\u0103 a Uniunii Europene \u0219i \u00een imediata vecin\u0103tate a r\u0103zboiului din Ucraina, aceste orient\u0103ri au o relevan\u021b\u0103 imediat\u0103.<\/p>\n<p>Comunicarea eviden\u021biaz\u0103 faptul c\u0103 num\u0103rul persoanelor str\u0103mutate for\u021bat a ajuns la peste 117 milioane la nivel mondial, iar Rom\u00e2nia a devenit, \u00een ultimii ani, un actor de prim\u0103 linie \u00een r\u0103spunsul european la criza refugia\u021bilor. Integrarea cet\u0103\u021benilor ucraineni pe pia\u021ba muncii a demonstrat at\u00e2t solidaritatea societ\u0103\u021bii rom\u00e2ne\u0219ti, c\u00e2t \u0219i existen\u021ba unor provoc\u0103ri importante privind recunoa\u0219terea calific\u0103rilor profesionale, barierele lingvistice, accesul la servicii de \u00eengrijire a copiilor \u0219i adaptarea competen\u021belor la cererea angajatorilor.<\/p>\n<p>\u00cen acela\u0219i timp, Rom\u00e2nia se confrunt\u0103 cu una dintre cele mai dificile situa\u021bii demografice din Uniunea European\u0103, marcat\u0103 de \u00eemb\u0103tr\u00e2nirea popula\u021biei, emigra\u021bia for\u021bei de munc\u0103 \u0219i deficitul de personal \u00een domenii esen\u021biale precum s\u0103n\u0103tatea, construc\u021biile \u0219i tehnologia informa\u021biei.<\/p>\n<p>BNS apreciaz\u0103 c\u0103 noul cadru european creeaz\u0103 \u0219i oportunit\u0103\u021bi economice importante pentru Rom\u00e2nia. Cre\u0219terea finan\u021b\u0103rii directe acordate organiza\u021biilor locale \u0219i dezvoltarea lan\u021burilor logistice umanitare pot genera noi locuri de munc\u0103 \u00een domenii precum managementul proiectelor europene, logistic\u0103, transport, monitorizare, comunicare \u0219i servicii sociale. Pozi\u021bia strategic\u0103 a Rom\u00e2niei, infrastructura aflat\u0103 \u00een dezvoltare \u0219i rolul deja demonstrat al Portului Constan\u021ba \u00een gestionarea fluxurilor comerciale generate de conflictul din Ucraina pot transforma \u021bara noastr\u0103 \u00eentr-un centru logistic regional pentru opera\u021biunile umanitare europene.<\/p>\n<p>Comunicarea atrage \u00eens\u0103 aten\u021bia \u0219i asupra unor vulnerabilit\u0103\u021bi interne care trebuie abordate. Sistemul sanitar rom\u00e2nesc continu\u0103 s\u0103 se confrunte cu un deficit sever de personal medical, iar integrarea copiilor refugia\u021bi \u00een sistemul educa\u021bional necesit\u0103 investi\u021bii suplimentare \u00een resursa uman\u0103, preg\u0103tirea cadrelor didactice \u0219i dezvoltarea capacit\u0103\u021bii institu\u021bionale de accesare a fondurilor europene.<\/p>\n<p>\u00cen opinia BNS, implementarea eficient\u0103 a noilor orient\u0103ri europene presupune o coordonare institu\u021bional\u0103 solid\u0103 \u00eentre autorit\u0103\u021bile publice, partenerii sociali \u0219i organiza\u021biile societ\u0103\u021bii civile. Este necesar\u0103 constituirea unui mecanism na\u021bional de coordonare care s\u0103 asigure o abordare integrat\u0103 a politicilor privind ocuparea for\u021bei de munc\u0103, protec\u021bia social\u0103, educa\u021bia, s\u0103n\u0103tatea \u0219i gestionarea situa\u021biilor umanitare.<\/p>\n<p>Totodat\u0103, BNS subliniaz\u0103 importan\u021ba combaterii fenomenului dezinform\u0103rii, pe care Comunicarea \u00eel identific\u0103 drept o amenin\u021bare la adresa valorilor democratice \u0219i a eficien\u021bei interven\u021biilor umanitare. \u00cen Rom\u00e2nia, dezinformarea afecteaz\u0103 inclusiv dialogul social \u0219i percep\u021bia public\u0103 asupra politicilor europene, motiv pentru care consolidarea capacit\u0103\u021bii de informare \u0219i verificare a informa\u021biilor reprezint\u0103 o prioritate pentru partenerii sociali.<\/p>\n<p>BNS consider\u0103 c\u0103 Rom\u00e2nia trebuie s\u0103 valorifice aceast\u0103 nou\u0103 strategie european\u0103 nu doar ca obliga\u021bie de solidaritate, ci \u0219i ca oportunitate de dezvoltare economic\u0103 \u0219i institu\u021bional\u0103. Participarea activ\u0103 la implementarea politicilor europene \u00een domeniul umanitar poate contribui la consolidarea pie\u021bei muncii, dezvoltarea competen\u021belor profesionale, atragerea investi\u021biilor \u0219i \u00eent\u0103rirea rolului Rom\u00e2niei ca actor regional relevant \u00een gestionarea provoc\u0103rilor din vecin\u0103tatea estic\u0103 a Uniunii Europene<\/p>\n<\/div>\n<\/div>\n<div class=\"articleBody\" data-key=\"articleBody\">\nBlocul Na\u021bional Sindical (BNS)\u00a0consider\u0103 c\u0103 noua Comunicare comun\u0103 a Comisiei Europene privind ajutorul umanitar dep\u0103\u0219e\u0219te sfera politicii externe \u0219i reprezint\u0103 un<\/p>\n<p>document strategic cu efecte directe asupra Rom\u00e2niei, inclusiv asupra pie\u021bei muncii, sistemelor publice \u0219i dezvolt\u0103rii economice.<\/p>\n<p>\u00cen contextul amplific\u0103rii crizelor umanitare la nivel global, Uniunea European\u0103 \u00ee\u0219i propune o abordare integrat\u0103, care \u00eembin\u0103 interven\u021bia umanitar\u0103 cu dezvoltarea \u0219i consolidarea rezilien\u021bei statelor fragile. Pentru Rom\u00e2nia, aflat\u0103 la frontiera estic\u0103 a Uniunii Europene \u0219i \u00een imediata vecin\u0103tate a r\u0103zboiului din Ucraina, aceste orient\u0103ri au o relevan\u021b\u0103 imediat\u0103.<\/p>\n<p>Comunicarea eviden\u021biaz\u0103 faptul c\u0103 num\u0103rul persoanelor str\u0103mutate for\u021bat a ajuns la peste 117 milioane la nivel mondial, iar Rom\u00e2nia a devenit, \u00een ultimii ani, un actor de prim\u0103 linie \u00een r\u0103spunsul european la criza refugia\u021bilor. Integrarea cet\u0103\u021benilor ucraineni pe pia\u021ba muncii a demonstrat at\u00e2t solidaritatea societ\u0103\u021bii rom\u00e2ne\u0219ti, c\u00e2t \u0219i existen\u021ba unor provoc\u0103ri importante privind recunoa\u0219terea calific\u0103rilor profesionale, barierele lingvistice, accesul la servicii de \u00eengrijire a copiilor \u0219i adaptarea competen\u021belor la cererea angajatorilor.<\/p>\n<p>\u00cen acela\u0219i timp, Rom\u00e2nia se confrunt\u0103 cu una dintre cele mai dificile situa\u021bii demografice din Uniunea European\u0103, marcat\u0103 de \u00eemb\u0103tr\u00e2nirea popula\u021biei, emigra\u021bia for\u021bei de munc\u0103 \u0219i deficitul de personal \u00een domenii esen\u021biale precum s\u0103n\u0103tatea, construc\u021biile \u0219i tehnologia informa\u021biei.<\/p>\n<p>BNS apreciaz\u0103 c\u0103 noul cadru european creeaz\u0103 \u0219i oportunit\u0103\u021bi economice importante pentru Rom\u00e2nia. Cre\u0219terea finan\u021b\u0103rii directe acordate organiza\u021biilor locale \u0219i dezvoltarea lan\u021burilor logistice umanitare pot genera noi locuri de munc\u0103 \u00een domenii precum managementul proiectelor europene, logistic\u0103, transport, monitorizare, comunicare \u0219i servicii sociale. Pozi\u021bia strategic\u0103 a Rom\u00e2niei, infrastructura aflat\u0103 \u00een dezvoltare \u0219i rolul deja demonstrat al Portului Constan\u021ba \u00een gestionarea fluxurilor comerciale generate de conflictul din Ucraina pot transforma \u021bara noastr\u0103 \u00eentr-un centru logistic regional pentru opera\u021biunile umanitare europene.<\/p>\n<p>Comunicarea atrage \u00eens\u0103 aten\u021bia \u0219i asupra unor vulnerabilit\u0103\u021bi interne care trebuie abordate. Sistemul sanitar rom\u00e2nesc continu\u0103 s\u0103 se confrunte cu un deficit sever de personal medical, iar integrarea copiilor refugia\u021bi \u00een sistemul educa\u021bional necesit\u0103 investi\u021bii suplimentare \u00een resursa uman\u0103, preg\u0103tirea cadrelor didactice \u0219i dezvoltarea capacit\u0103\u021bii institu\u021bionale de accesare a fondurilor europene.<\/p>\n<p>\u00cen opinia BNS, implementarea eficient\u0103 a noilor orient\u0103ri europene presupune o coordonare institu\u021bional\u0103 solid\u0103 \u00eentre autorit\u0103\u021bile publice, partenerii sociali \u0219i organiza\u021biile societ\u0103\u021bii civile. Este necesar\u0103 constituirea unui mecanism na\u021bional de coordonare care s\u0103 asigure o abordare integrat\u0103 a politicilor privind ocuparea for\u021bei de munc\u0103, protec\u021bia social\u0103, educa\u021bia, s\u0103n\u0103tatea \u0219i gestionarea situa\u021biilor umanitare.<\/p>\n<p>Totodat\u0103, BNS subliniaz\u0103 importan\u021ba combaterii fenomenului dezinform\u0103rii, pe care Comunicarea \u00eel identific\u0103 drept o amenin\u021bare la adresa valorilor democratice \u0219i a eficien\u021bei interven\u021biilor umanitare. \u00cen Rom\u00e2nia, dezinformarea afecteaz\u0103 inclusiv dialogul social \u0219i percep\u021bia public\u0103 asupra politicilor europene, motiv pentru care consolidarea capacit\u0103\u021bii de informare \u0219i verificare a informa\u021biilor reprezint\u0103 o prioritate pentru partenerii sociali.<\/p>\n<p>BNS consider\u0103 c\u0103 Rom\u00e2nia trebuie s\u0103 valorifice aceast\u0103 nou\u0103 strategie european\u0103 nu doar ca obliga\u021bie de solidaritate, ci \u0219i ca oportunitate de dezvoltare economic\u0103 \u0219i institu\u021bional\u0103. Participarea activ\u0103 la implementarea politicilor europene \u00een domeniul umanitar poate contribui la consolidarea pie\u021bei muncii, dezvoltarea competen\u021belor profesionale, atragerea investi\u021biilor \u0219i \u00eent\u0103rirea rolului Rom\u00e2niei ca actor regional relevant \u00een gestionarea provoc\u0103rilor din vecin\u0103tatea estic\u0103 a Uniunii Europene<\/p>\n<\/div>\n<p>[analyse_source url=&#8221;https:\/\/infotulcea.ro\/noua-comunicare-a-comisiei-europene-privind-ajutorul-umanitar-are-implicatii-directe-asupra-pietei-muncii-economiei-si-capacitatii-institutionale-a-romaniei\/&#8221;]<\/p>\n","protected":false},"excerpt":{"rendered":"<p>[analyse_image type=&#8221;featured&#8221; src=&#8221;https:\/\/infotulcea.ro\/wp-content\/uploads\/2021\/11\/bulina.png&#8221;] Home\/Comunicate\/Noua Comunicare a Comisiei Europene privind ajutorul umanitar are implica\u021bii directe asupra pie\u021bei muncii, economiei \u0219i capacit\u0103\u021bii institu\u021bionale a Rom\u00e2niei Comunicate Noua Comunicare a Comisiei Europene privind ajutorul umanitar are implica\u021bii directe asupra pie\u021bei muncii, economiei \u0219i capacit\u0103\u021bii institu\u021bionale a Rom\u00e2niei Redactia11 august 2026 0 97 2 minutes read Blocul Na\u021bional Sindical [&hellip;]<\/p>\n","protected":false},"author":1,"featured_media":0,"comment_status":"open","ping_status":"","sticky":false,"template":"","format":"standard","meta":{"footnotes":""},"categories":[89],"tags":[226,221],"class_list":["post-2097975","post","type-post","status-publish","format-standard","hentry","category-romania","tag-crawlmanager","tag-infotulcea-ro"],"_links":{"self":[{"href":"https:\/\/analyse.optim.biz\/index.php?rest_route=\/wp\/v2\/posts\/2097975","targetHints":{"allow":["GET"]}}],"collection":[{"href":"https:\/\/analyse.optim.biz\/index.php?rest_route=\/wp\/v2\/posts"}],"about":[{"href":"https:\/\/analyse.optim.biz\/index.php?rest_route=\/wp\/v2\/types\/post"}],"author":[{"embeddable":true,"href":"https:\/\/analyse.optim.biz\/index.php?rest_route=\/wp\/v2\/users\/1"}],"replies":[{"embeddable":true,"href":"https:\/\/analyse.optim.biz\/index.php?rest_route=%2Fwp%2Fv2%2Fcomments&post=2097975"}],"version-history":[{"count":0,"href":"https:\/\/analyse.optim.biz\/index.php?rest_route=\/wp\/v2\/posts\/2097975\/revisions"}],"wp:attachment":[{"href":"https:\/\/analyse.optim.biz\/index.php?rest_route=%2Fwp%2Fv2%2Fmedia&parent=2097975"}],"wp:term":[{"taxonomy":"category","embeddable":true,"href":"https:\/\/analyse.optim.biz\/index.php?rest_route=%2Fwp%2Fv2%2Fcategories&post=2097975"},{"taxonomy":"post_tag","embeddable":true,"href":"https:\/\/analyse.optim.biz\/index.php?rest_route=%2Fwp%2Fv2%2Ftags&post=2097975"}],"curies":[{"name":"wp","href":"https:\/\/api.w.org\/{rel}","templated":true}]}}