{"id":2097974,"date":"2026-08-17T14:29:56","date_gmt":"2026-08-17T11:29:56","guid":{"rendered":"https:\/\/analyse.optim.biz\/?p=2097974"},"modified":"2026-08-17T14:29:56","modified_gmt":"2026-08-17T11:29:56","slug":"stpt-anunt-important-pentru-calatorii-care-circula-pe-ruta-giroc-timisoara","status":"publish","type":"post","link":"https:\/\/analyse.optim.biz\/?p=2097974","title":{"rendered":"STPT &#8211; anun\u021b important pentru c\u0103l\u0103torii care circul\u0103 pe ruta Giroc &#8211; Timi\u0219oara"},"content":{"rendered":"<p>[analyse_image type=&#8221;featured&#8221; src=&#8221;https:\/\/renasterea.ro\/ro\/wp-content\/uploads\/2026\/08\/transport-giroc.jpghttps:\/\/renasterea.ro\/ro\/wp-content\/uploads\/2026\/08\/transport-giroc.jpg&#8221;]<\/p>\n<div class=\"entry-content\"><img loading=\"lazy\" decoding=\"async\" width=\"650\" height=\"423\" src=\"https:\/\/renasterea.ro\/ro\/wp-content\/uploads\/2026\/08\/transport-giroc.jpg\" class=\"attachment-medium size-medium wp-post-image\" alt=\"STPT - anun\u021b important pentru c\u0103l\u0103torii care circul\u0103 pe ruta Giroc - Timi\u0219oara\" title=\"STPT - anun\u021b important pentru c\u0103l\u0103torii care circul\u0103 pe ruta Giroc - Timi\u0219oara 1\"><\/p>\n<h4>STPT \u2013 anun\u021b important pentru c\u0103l\u0103torii care circul\u0103 pe ruta Giroc \u2013 Timi\u0219oara!<\/h4>\n<p>\u00cencep\u00e2nd de mar\u021bi, 18 august, ora 4:00, traseul liniei metropolitane M3 va fi deviat temporar, ca urmare a \u00eenchiderii circula\u021biei rutiere pe Calea Timi\u0219oarei (DJ 595), pentru executarea lucr\u0103rilor la infrastructura rutier\u0103.<\/p>\n<p><strong>Traseul deviat:<\/strong><\/p>\n<p><em>Tur \u2013 spre Giroc:<\/em><br \/>\nComplexul Studen\u021besc \u2013 str. Cluj \u2013 str. Arie\u0219 \u2013 Bd. Liviu Rebreanu \u2013 Bd. Sudului \u2013 str. Mare\u0219al Constantin Prezan \u2013 Calea Martirilor \u2013 Calea Timi\u0219oarei \u2013 str. Zefirului \u2013 str. Egalit\u0103\u021bii \u2013 str. Speran\u021bei \u2013 str. Ecoului \u2013 str. Neptun \u2013 str. Cometei \u2013 str. G\u0103rii \u2013 str. Trandafirilor \u2013 Goya.<\/p>\n<p><em>Retur \u2013 spre Timi\u0219oara:<\/em><br \/>\nGoya \u2013 str. Trandafirilor \u2013 str. G\u0103rii \u2013 str. Cometei \u2013 str. Neptun \u2013 str. Ecoului \u2013 str. Speran\u021bei \u2013 str. Egalit\u0103\u021bii \u2013 str. Zefirului \u2013 Calea Timi\u0219oarei \u2013 Calea Martirilor \u2013 Bd. Mare\u0219al C. Prezan \u2013 Bd. Sudului \u2013 Bd. Liviu Rebreanu \u2013 str. Arie\u0219 \u2013 str. Surorile Martir Caceu \u2013 Aleea F.C. Ripensia \u2013 str. Cluj \u2013 Complexul Studen\u021besc.<\/p>\n<p><strong>Lista complet\u0103 a sta\u021biilor \u00een care va opri linia M3, pe ambele sensuri:<\/strong><\/p>\n<p><em>Sta\u021bii tur:<\/em> Complexul Studen\u021besc \u2013 Strada Cluj \u2013 Mure\u0219 (Calea Martirilor) \u2013 Zefirului (Giroc) \u2013 Egalit\u0103\u021bii (Giroc) \u2013 Neptun-Parcului (Giroc) \u2013 Neptun-V\u00e2ntului (Giroc) \u2013 Cometei (Giroc) \u2013 Naturii (Giroc) \u2013 Semenic-C\u0103minul Cultural (Giroc) \u2013 Muncitorilor (Giroc) \u2013 Dun\u0103rea (Giroc) \u2013 C\u00e2mpului (Giroc) \u2013 Goya (Giroc);<\/p>\n<p><em>Sta\u021bii retur:<\/em> Goya (Giroc) \u2013 C\u00e2mpului (Giroc) \u2013 Dun\u0103rea (Giroc) \u2013 Muncitorilor (Giroc) \u2013 Prim\u0103rie (Giroc) \u2013 G\u0103rii-Penny (Giroc) \u2013 Cometei (Giroc) \u2013 Neptun-V\u00e2ntului (Giroc) \u2013 Neptun \u2013 Parcului (Giroc) \u2013 Egalit\u0103\u021bii (Giroc) \u2013 Zefirului (Giroc) \u2013 Apicultorilor \u2013 Mure\u0219 \u2013 Casa Tineretului \u2013 Sala C. Jude \u2013 Complexul Studen\u021besc.<\/p>\n<h2>CITE\u0218TE \u0218I: <span><a href=\"https:\/\/renasterea.ro\/lovitura-de-proportii-pentru-seful-usr-si-primarul-timisoarei-dominic-fritz-ccr-a-decis-ca-amendamentul-prin-care-isi-pierde-mandatul-e-constitutional\/\">Dominic Fritz, dup\u0103 decizia CCR privind legea ANI: Mandatul meu de primar va \u00eenceta \u00een 30 de zile<\/a><\/span><\/h2>\n<p>Modificarea este valabil\u0103 p\u00e2n\u0103 \u00een 23 noiembrie, ora 24:00, conform perioadei de restric\u021bionare a circula\u021biei comunicate de autorit\u0103\u021bi.<\/p>\n<p>Pentru planificarea c\u0103l\u0103toriei, v\u0103 recomand\u0103m s\u0103 utiliza\u021bi Live STPT, Google Maps sau alte aplica\u021bii disponibile.<\/p>\n<\/div>\n<p>[analyse_source url=&#8221;https:\/\/renasterea.ro\/stpt-anunt-important-pentru-calatorii-care-circula-pe-ruta-giroc-timisoara\/&#8221;]<\/p>\n","protected":false},"excerpt":{"rendered":"<p>[analyse_image type=&#8221;featured&#8221; src=&#8221;https:\/\/renasterea.ro\/ro\/wp-content\/uploads\/2026\/08\/transport-giroc.jpghttps:\/\/renasterea.ro\/ro\/wp-content\/uploads\/2026\/08\/transport-giroc.jpg&#8221;] STPT \u2013 anun\u021b important pentru c\u0103l\u0103torii care circul\u0103 pe ruta Giroc \u2013 Timi\u0219oara! \u00cencep\u00e2nd de mar\u021bi, 18 august, ora 4:00, traseul liniei metropolitane M3 va fi deviat temporar, ca urmare a \u00eenchiderii circula\u021biei rutiere pe Calea Timi\u0219oarei (DJ 595), pentru executarea lucr\u0103rilor la infrastructura rutier\u0103. Traseul deviat: Tur \u2013 spre Giroc: Complexul [&hellip;]<\/p>\n","protected":false},"author":1,"featured_media":0,"comment_status":"open","ping_status":"","sticky":false,"template":"","format":"standard","meta":{"footnotes":""},"categories":[89],"tags":[226,188],"class_list":["post-2097974","post","type-post","status-publish","format-standard","hentry","category-romania","tag-crawlmanager","tag-renasterea-ro"],"_links":{"self":[{"href":"https:\/\/analyse.optim.biz\/index.php?rest_route=\/wp\/v2\/posts\/2097974","targetHints":{"allow":["GET"]}}],"collection":[{"href":"https:\/\/analyse.optim.biz\/index.php?rest_route=\/wp\/v2\/posts"}],"about":[{"href":"https:\/\/analyse.optim.biz\/index.php?rest_route=\/wp\/v2\/types\/post"}],"author":[{"embeddable":true,"href":"https:\/\/analyse.optim.biz\/index.php?rest_route=\/wp\/v2\/users\/1"}],"replies":[{"embeddable":true,"href":"https:\/\/analyse.optim.biz\/index.php?rest_route=%2Fwp%2Fv2%2Fcomments&post=2097974"}],"version-history":[{"count":0,"href":"https:\/\/analyse.optim.biz\/index.php?rest_route=\/wp\/v2\/posts\/2097974\/revisions"}],"wp:attachment":[{"href":"https:\/\/analyse.optim.biz\/index.php?rest_route=%2Fwp%2Fv2%2Fmedia&parent=2097974"}],"wp:term":[{"taxonomy":"category","embeddable":true,"href":"https:\/\/analyse.optim.biz\/index.php?rest_route=%2Fwp%2Fv2%2Fcategories&post=2097974"},{"taxonomy":"post_tag","embeddable":true,"href":"https:\/\/analyse.optim.biz\/index.php?rest_route=%2Fwp%2Fv2%2Ftags&post=2097974"}],"curies":[{"name":"wp","href":"https:\/\/api.w.org\/{rel}","templated":true}]}}