{"id":2097973,"date":"2026-08-17T12:56:32","date_gmt":"2026-08-17T09:56:32","guid":{"rendered":"https:\/\/analyse.optim.biz\/?p=2097973"},"modified":"2026-08-17T12:56:32","modified_gmt":"2026-08-17T09:56:32","slug":"lovitura-de-proportii-pentru-seful-usr-si-primarul-timisoarei-dominic-fritz-ccr-a-decis-ca-amendamentul","status":"publish","type":"post","link":"https:\/\/analyse.optim.biz\/?p=2097973","title":{"rendered":"Lovitur\u0103 de propor\u021bii pentru \u0219eful USR \u0219i primarul Timi\u0219oarei, Dominic Fritz: CCR a decis c\u0103 amendamentul"},"content":{"rendered":"<p>[analyse_image type=&#8221;featured&#8221; src=&#8221;https:\/\/renasterea.ro\/ro\/wp-content\/uploads\/primar-dominic-fritz-jpeg.jpghttps:\/\/renasterea.ro\/ro\/wp-content\/uploads\/primar-dominic-fritz-jpeg.jpg&#8221;]<\/p>\n<div class=\"entry-content\"><img loading=\"lazy\" decoding=\"async\" width=\"650\" height=\"365\" src=\"https:\/\/renasterea.ro\/ro\/wp-content\/uploads\/primar-dominic-fritz-jpeg.jpg\" class=\"attachment-medium size-medium wp-post-image\" alt=\"Lovitur\u0103 de propor\u021bii pentru \u0219eful USR \u0219i primarul Timi\u0219oarei, Dominic Fritz: CCR a decis c\u0103 amendamentul prin care \u00ee\u0219i pierde mandatul e constitu\u021bional\" title=\"Lovitur\u0103 de propor\u021bii pentru \u0219eful USR \u0219i primarul Timi\u0219oarei, Dominic Fritz: CCR a decis c\u0103 amendamentul prin care \u00ee\u0219i pierde mandatul e constitu\u021bional 1\"><\/p>\n<p><strong>Lovitur\u0103 de propor\u021bii pentru \u0219eful USR \u0219i primarul Timi\u0219oarei, Dominic Fritz. Judec\u0103torii CCR au decis c\u0103 amendamentul care prevede ca el s\u0103 \u00ee\u0219i piard\u0103 mandatul dup\u0103 ce a fost declarat incompatibil de ANI \u0219i \u00ceCCJ este constitu\u021bional. Cu alte cuvinte, Fritz nu va mai fi primarul Timi\u0219oarei.<\/strong><\/p>\n<h3>Dominic Fritz, dup\u0103 decizia CCR privind legea ANI: Mandatul meu de primar va \u00eenceta \u00een 30 de zile<\/h3>\n<div class=\"max-h-fit w-full\">\n<p>\u201e\u00cen loc s\u0103 opreasc\u0103 un brutal abuz de putere, majoritatea PSD din Curtea Constitu\u021bional\u0103 tocmai l-a validat.<br \/>\nDac\u0103 pre\u0219edintele va promulga legea ANI, mandatul meu de primar va \u00eenceta \u00een 30 zile, ca o sanc\u021biune retroactiv\u0103 pentru lucruri care s-au \u00eent\u00e2mplat \u00eenainte s\u0103 intre \u00een vigoare legea. Nevoia mafiei privilegia\u021bilor de a sc\u0103pa de mine \u00eei face s\u0103 ac\u021bioneze disperat p\u00e2n\u0103 \u00eentr-acolo \u00eenc\u00e2t demoleaz\u0103 bazele democra\u021biei. Un stat de drept care exist\u0103 doar atunci c\u00e2nd PSD \u00ee\u0219i dore\u0219te, nu mai este stat de drept.<\/p>\n<p>Art. 15 din Constitu\u021bie \u201clegea dispune numai pentru viitor\u201d a fost suspendat azi pentru mine. M\u00e2ine poate fi suspendat pentru oricine. De azi \u00eenainte, orice majoritate parlamentar\u0103 poate inventa pedepse pentru trecut, croite pe numele unui adversar politic, iar CCR-ul controlat politic le va parafa.<\/p>\n<p>\u00cen fa\u021ba Comisiei Europene, PSD va trebui s\u0103 explice cum o lege-jalon de 770 de milioane de euro a fost transformat\u0103 \u00eentr-o arm\u0103 \u00eempotriva unui primar ales de dou\u0103 ori. \u00cen fa\u021ba investitorilor, va fi mai greu de explicat de ce s\u0103 creeze locuri de munc\u0103 la noi dac\u0103 tot statul e la cheremul unui singur partid corupt.<\/p>\n<p>Ziua de azi spulber\u0103 orice iluzie c\u0103 exist\u0103 un PSD \u201ccurat, pro-european\u201d cu care s-ar putea coabita. PSD vrea puterea total\u0103 \u00een stat, pentru c\u0103 doar a\u0219a poate fura nestingherit. Din p\u0103cate, au reu\u0219it s\u0103 controleze institu\u021bii precum ANI, p\u0103r\u021bi din justi\u021bie \u0219i din televiziuni \u0219i chiar Curtea Constitu\u021bional\u0103. Ce nu poate controla PSD sunt milioanele de rom\u00e2ni corec\u021bi care s-au s\u0103turat de pre\u021buri crescute doar ca s\u0103 li se umple lor cutiile de pantofi.<\/p>\n<p>Drumul meu continu\u0103 la CEDO, unde nu ajung telefoanele din Kiseleff. Nu m\u0103 voi lupta pentru mine, ci pentru votul liber dat de timi\u0219oreni.<\/p>\n<p>PS: V\u0103 amintesc c\u0103 \u201cfapta\u201d mea a fost s\u0103 semnez o dublur\u0103 a unui referat deja semnat de fostul primar, \u00een a doua zi de prim\u0103rie \u00een 2020, pentru un PUZ elaborat \u00een integralitate \u00eenainte s\u0103 ajung primar. Ca s\u0103 v\u0103 da\u021bi seama de perversitatea cu care au ac\u021bionat: dup\u0103 noua lege, actele normative, adic\u0103 cele destinate tuturor, cum e un PUZ, nu mai pot fi \u00eencadrate la conflict de interese. Deci ANI, dac\u0103 ar analiza azi semn\u0103tura mea din 2020, n-ar mai putea nici cu cea mai r\u0103ut\u0103cioas\u0103 \u0219i abuziv\u0103 interpretare s\u0103 constate un conflict de interese. O lege care elimin\u0103 fapta \u00een viitor dar inventeaz\u0103 o nou\u0103 sanc\u021biune pentru cei care presupus au comis-o \u00een trecut: bine a\u021bi venit \u00een dictatura PSD.\u201d, a transmis Fritz, pe Facebook, la scut timp dup\u0103 decizia Cur\u021bii Constitu\u021bionale privind prevederile legii referitoare la integritate.<\/p>\n<\/div>\n<\/div>\n<p>[analyse_source url=&#8221;https:\/\/renasterea.ro\/lovitura-de-proportii-pentru-seful-usr-si-primarul-timisoarei-dominic-fritz-ccr-a-decis-ca-amendamentul-prin-care-isi-pierde-mandatul-e-constitutional\/&#8221;]<\/p>\n","protected":false},"excerpt":{"rendered":"<p>[analyse_image type=&#8221;featured&#8221; src=&#8221;https:\/\/renasterea.ro\/ro\/wp-content\/uploads\/primar-dominic-fritz-jpeg.jpghttps:\/\/renasterea.ro\/ro\/wp-content\/uploads\/primar-dominic-fritz-jpeg.jpg&#8221;] Lovitur\u0103 de propor\u021bii pentru \u0219eful USR \u0219i primarul Timi\u0219oarei, Dominic Fritz. Judec\u0103torii CCR au decis c\u0103 amendamentul care prevede ca el s\u0103 \u00ee\u0219i piard\u0103 mandatul dup\u0103 ce a fost declarat incompatibil de ANI \u0219i \u00ceCCJ este constitu\u021bional. Cu alte cuvinte, Fritz nu va mai fi primarul Timi\u0219oarei. Dominic Fritz, dup\u0103 decizia CCR [&hellip;]<\/p>\n","protected":false},"author":1,"featured_media":0,"comment_status":"open","ping_status":"","sticky":false,"template":"","format":"standard","meta":{"footnotes":""},"categories":[89],"tags":[226,188],"class_list":["post-2097973","post","type-post","status-publish","format-standard","hentry","category-romania","tag-crawlmanager","tag-renasterea-ro"],"_links":{"self":[{"href":"https:\/\/analyse.optim.biz\/index.php?rest_route=\/wp\/v2\/posts\/2097973","targetHints":{"allow":["GET"]}}],"collection":[{"href":"https:\/\/analyse.optim.biz\/index.php?rest_route=\/wp\/v2\/posts"}],"about":[{"href":"https:\/\/analyse.optim.biz\/index.php?rest_route=\/wp\/v2\/types\/post"}],"author":[{"embeddable":true,"href":"https:\/\/analyse.optim.biz\/index.php?rest_route=\/wp\/v2\/users\/1"}],"replies":[{"embeddable":true,"href":"https:\/\/analyse.optim.biz\/index.php?rest_route=%2Fwp%2Fv2%2Fcomments&post=2097973"}],"version-history":[{"count":0,"href":"https:\/\/analyse.optim.biz\/index.php?rest_route=\/wp\/v2\/posts\/2097973\/revisions"}],"wp:attachment":[{"href":"https:\/\/analyse.optim.biz\/index.php?rest_route=%2Fwp%2Fv2%2Fmedia&parent=2097973"}],"wp:term":[{"taxonomy":"category","embeddable":true,"href":"https:\/\/analyse.optim.biz\/index.php?rest_route=%2Fwp%2Fv2%2Fcategories&post=2097973"},{"taxonomy":"post_tag","embeddable":true,"href":"https:\/\/analyse.optim.biz\/index.php?rest_route=%2Fwp%2Fv2%2Ftags&post=2097973"}],"curies":[{"name":"wp","href":"https:\/\/api.w.org\/{rel}","templated":true}]}}