{"id":2097972,"date":"2026-08-17T10:49:59","date_gmt":"2026-08-17T07:49:59","guid":{"rendered":"https:\/\/analyse.optim.biz\/?p=2097972"},"modified":"2026-08-17T10:49:59","modified_gmt":"2026-08-17T07:49:59","slug":"oferta-culturala-a-consiliului-judetean-timis-pentru-perioada-17-23-august","status":"publish","type":"post","link":"https:\/\/analyse.optim.biz\/?p=2097972","title":{"rendered":"Oferta cultural\u0103 a Consiliului Jude\u021bean Timi\u0219 pentru perioada 17 \u2013 23 august"},"content":{"rendered":"<p>[analyse_image type=&#8221;featured&#8221; src=&#8221;https:\/\/renasterea.ro\/ro\/wp-content\/uploads\/2026\/07\/muzeul-national-de-arta-timisoara.jpghttps:\/\/renasterea.ro\/ro\/wp-content\/uploads\/2026\/07\/muzeul-national-de-arta-timisoara.jpg&#8221;]<\/p>\n<div class=\"entry-content\"><img loading=\"lazy\" decoding=\"async\" width=\"650\" height=\"425\" src=\"https:\/\/renasterea.ro\/ro\/wp-content\/uploads\/2026\/07\/muzeul-national-de-arta-timisoara.jpg\" class=\"attachment-medium size-medium wp-post-image\" alt=\"Oferta cultural\u0103 a Consiliului Jude\u021bean Timi\u0219 pentru perioada 17 \u2013 23 august\" title=\"Oferta cultural\u0103 a Consiliului Jude\u021bean Timi\u0219 pentru perioada 17 \u2013 23 august 1\"><\/p>\n<h4 class=\"western\" align=\"justify\"><span><span><span><span><span><span lang=\"ro-RO\">Consiliul Jude\u021bean Timi\u0219 propune publicului, prin institu\u021biile sale de cultur\u0103, \u00een perioada 17 \u2013 23 august, expozi\u021bii permanente \u0219i temporare.<\/span><\/span><\/span><\/span><\/span><\/span><\/h4>\n<p class=\"western\" align=\"justify\"><span><span><span><span><span><span lang=\"ro-RO\">La Muzeul Na\u021bional al Banatului va avea loc finisajul expozi\u021biei \u201eAlbume de familie. Burghezia din Banat \u00een perioada modern\u0103 (1800\u20131947)\u201d. Expozi\u021bia a adus \u00een prim-plan elegan\u021ba burgheziei b\u0103n\u0103\u021bene \u0219i peste un secol \u0219i jum\u0103tate de istorie a Banatului, reunind piese din colec\u021biile muzeelor din Arad, Lugoj, Re\u0219i\u021ba \u0219i Caransebe\u0219, precum \u0219i din arhive \u0219i colec\u021bii private. Expozi\u021bia prezint\u0103 povestea unei burghezii care a construit ora\u0219e, \u0219coli \u0219i institu\u021bii \u0219i care a contribuit la modernizarea regiunii. Intrarea este gratuit\u0103.<\/span><\/span><\/span><\/span><\/span><\/span><\/p>\n<p class=\"western\" align=\"justify\"><strong><span><span><span><span><span>Programul evenimentelor este urm\u0103torul:<\/span><\/span><\/span><\/span><\/span><\/strong><\/p>\n<p class=\"western\" align=\"justify\"><span><span><span><span><span lang=\"ro-RO\"><b>LUNI, 17 AUGUST<\/b><\/span><\/span><\/span><\/span><\/span><\/p>\n<p class=\"western\" align=\"justify\"><span><span><span><span><span lang=\"ro-RO\"><b>Centrul Multifunc\u021bional Bastion <\/b><\/span><\/span><\/span><\/span><\/span><\/p>\n<ul>\n<li>\n<p lang=\"ro-RO\" align=\"justify\">Expozi\u021bia de pictur\u0103 \u0219i sculptur\u0103 \u201eSENS\u201d;<\/p>\n<\/li>\n<li>\n<p lang=\"ro-RO\" align=\"justify\">Expozi\u021bie colectiv\u0103 \u201eSteps to Your Heart\u201d \u2013 Conacul Mocioni din Foeni;<\/p>\n<\/li>\n<li>\n<p lang=\"ro-RO\" align=\"justify\">Expozi\u021bie de pictur\u0103 \u0219i ceramic\u0103 \u201eAmintiri din viitor\u201d, semnat\u0103 de artistele Lucia Kolla Stoica \u0219i Hella Crasnanic.<\/p>\n<\/li>\n<\/ul>\n<p class=\"western\" align=\"justify\"><span><span><span><span><span lang=\"ro-RO\"><b>Centrul de Cultur\u0103 \u0219i Art\u0103 al Jude\u021bului Timi\u0219<\/b><\/span><\/span><\/span><\/span><\/span><\/p>\n<ul>\n<li>\n<p lang=\"ro-RO\" align=\"justify\">Expozi\u021bia \u201eParadisul de dup\u0103 col\u021b\u201d.<\/p>\n<\/li>\n<\/ul>\n<p class=\"western\" align=\"justify\"><span><span><span><span><span lang=\"ro-RO\"><b>Muzeul Na\u021bional al Banatului<\/b><\/span><\/span><\/span><\/span><\/span><\/p>\n<ul>\n<li>\n<p class=\"western\" align=\"justify\"><span><span><span><span><span lang=\"ro-RO\">Expozi\u021bia permanent\u0103 \u201e\u0218tefan Popa Popa\u2019s\u201d, Bastion Maria Theresia.<\/span><\/span><\/span><\/span><\/span><\/p>\n<\/li>\n<\/ul>\n<p class=\"western\" align=\"justify\"><span><span><span><span><span lang=\"ro-RO\"><b>MAR\u021aI, 18 AUGUST<\/b><\/span><\/span><\/span><\/span><\/span><\/p>\n<p class=\"western\" align=\"justify\"><span><span><span><span><span lang=\"ro-RO\"><b>Centrul Multifunc\u021bional Bastion <\/b><\/span><\/span><\/span><\/span><\/span><\/p>\n<ul>\n<li>\n<p lang=\"ro-RO\" align=\"justify\">Expozi\u021bia de pictur\u0103 \u0219i sculptur\u0103 \u201eSENS\u201d;<\/p>\n<\/li>\n<li>\n<p lang=\"ro-RO\" align=\"justify\">Expozi\u021bie colectiv\u0103 \u201eSteps to Your Heart\u201d \u2013 Conacul Mocioni din Foeni;<\/p>\n<\/li>\n<li>\n<p lang=\"ro-RO\" align=\"justify\">Expozi\u021bie de pictur\u0103 \u0219i ceramic\u0103 \u201eAmintiri din viitor\u201d, semnat\u0103 de artistele Lucia Kolla Stoica \u0219i Hella Crasnanic.<\/p>\n<\/li>\n<\/ul>\n<p class=\"western\" align=\"justify\"><span><span><span><span><span lang=\"ro-RO\"><b>Centrul de Cultur\u0103 \u0219i Art\u0103 al Jude\u021bului Timi\u0219<\/b><\/span><\/span><\/span><\/span><\/span><\/p>\n<ul>\n<li>\n<p lang=\"ro-RO\" align=\"justify\">Expozi\u021bia \u201eParadisul de dup\u0103 col\u021b\u201d.<\/p>\n<\/li>\n<\/ul>\n<p class=\"western\" align=\"justify\"><span><span><span><span><span lang=\"ro-RO\"><b>Muzeul Na\u021bional al Banatului<\/b><\/span><\/span><\/span><\/span><\/span><\/p>\n<ul>\n<li>\n<p class=\"western\" align=\"justify\"><span><span><span><span><span lang=\"ro-RO\">Expozi\u021bia permanent\u0103 \u201e\u0218tefan Popa Popa\u2019s\u201d, Bastion Maria Theresia.<\/span><\/span><\/span><\/span><\/span><\/p>\n<\/li>\n<\/ul>\n<p class=\"western\" align=\"justify\"><span><span><span><span><span lang=\"ro-RO\"><b>MIERCURI, 19 AUGUST<\/b><\/span><\/span><\/span><\/span><\/span><\/p>\n<p class=\"western\" align=\"justify\"><span><span><span><span><span lang=\"ro-RO\"><b>Centrul Multifunc\u021bional Bastion <\/b><\/span><\/span><\/span><\/span><\/span><\/p>\n<ul>\n<li>\n<p lang=\"ro-RO\" align=\"justify\">Expozi\u021bia de pictur\u0103 \u0219i sculptur\u0103 \u201eSENS\u201d;<\/p>\n<\/li>\n<li>\n<p lang=\"ro-RO\" align=\"justify\">Expozi\u021bie colectiv\u0103 \u201eSteps to Your Heart\u201d \u2013 Conacul Mocioni din Foeni;<\/p>\n<\/li>\n<li>\n<p lang=\"ro-RO\" align=\"justify\">Expozi\u021bie de pictur\u0103 \u0219i ceramic\u0103 \u201eAmintiri din viitor\u201d, semnat\u0103 de artistele Lucia Kolla Stoica \u0219i Hella Crasnanic.<\/p>\n<\/li>\n<\/ul>\n<p class=\"western\" align=\"justify\"><span><span><span><span><span lang=\"ro-RO\"><b>Centrul de Cultur\u0103 \u0219i Art\u0103 al Jude\u021bului Timi\u0219<\/b><\/span><\/span><\/span><\/span><\/span><\/p>\n<ul>\n<li>\n<p lang=\"ro-RO\" align=\"justify\">Expozi\u021bia \u201eParadisul de dup\u0103 col\u021b\u201d.<\/p>\n<\/li>\n<\/ul>\n<p class=\"western\" align=\"justify\"><span><span><span><span><span lang=\"ro-RO\"><b>Muzeul Na\u021bional de Art\u0103 Timi\u0219oara<\/b><\/span><\/span><\/span><\/span><\/span><\/p>\n<ul>\n<li>\n<p class=\"western\" align=\"justify\"><span><span><span><span><span lang=\"ro-RO\">Expozi\u021bia permanent\u0103 \u201eArt\u0103 B\u0103n\u0103\u021bean\u0103 \u0219i Art\u0103 Modern\u0103 Rom\u00e2neasc\u0103\u201d;<\/span><\/span><\/span><\/span><\/span><\/p>\n<\/li>\n<li>\n<p class=\"western\" align=\"justify\"><span><span><span><span><span lang=\"ro-RO\">Expozi\u021bia permanent\u0103 \u201eArt\u0103 European\u0103\u201d \u2013 Fondul Ormos Zsigmond;<\/span><\/span><\/span><\/span><\/span><\/p>\n<\/li>\n<li>\n<p class=\"western\" align=\"justify\"><span><span><span><span><span lang=\"ro-RO\">Expozi\u021bia permanent\u0103 \u201eLaborator restaurare-conservare\u201d;<\/span><\/span><\/span><\/span><\/span><\/p>\n<\/li>\n<li>\n<p lang=\"ro-RO\" align=\"justify\">Expozi\u021bia permanent\u0103 a colec\u021biei \u201eCorneliu Baba\u201d;<\/p>\n<\/li>\n<li>\n<p class=\"western\" align=\"justify\"><span><span><span><span><span lang=\"ro-RO\">Expozi\u021bia interactiv\u0103 \u201eBufetul Sim\u021burilor\u201d, \u00een Galeria Arcada;\u00a0<\/span><\/span><\/span><\/span><\/span><\/p>\n<\/li>\n<li>\n<p class=\"western\" align=\"justify\"><span><span><span><span><span lang=\"ro-RO\">Expozi\u021bia \u201eUtopie \u0219i cercetare. Grupurile experimentale timi\u0219orene 111 \u0219i Sigma (1966-1981)\u201d;<\/span><\/span><\/span><\/span><\/span><\/p>\n<\/li>\n<li>\n<p class=\"western\" align=\"justify\"><span><span><span><span>MNArT Open View: \u201eCompozi\u021bie\u201d, semnat\u0103 de Corneliu Vasilescu (1934\u20132023);<\/span><\/span><\/span><\/span><\/p>\n<\/li>\n<li>\n<p class=\"western\" align=\"justify\"><span><span><span><span>Expozi\u021bia Absolven\u021bilor Facult\u0103\u021bii de Arte \u0219i Design UVT 2026 \u2013 \u201e Turning Point\u201d.<\/span><\/span><\/span><\/span><\/p>\n<\/li>\n<\/ul>\n<p class=\"western\" align=\"justify\"><span><span><span><span><span lang=\"ro-RO\"><b>Muzeul Na\u021bional al Banatului<\/b><\/span><\/span><\/span><\/span><\/span><\/p>\n<ul>\n<li>\n<p class=\"western\" align=\"justify\"><span><span><span><span><span lang=\"ro-RO\">Expozi\u021bia permanent\u0103 \u201eIstoria militar\u0103 a Banatului\u201d, Bastion Maria Theresia, parter;<\/span><\/span><\/span><\/span><\/span><\/p>\n<\/li>\n<li>\n<p class=\"western\" align=\"justify\"><span><span><span><span><span lang=\"ro-RO\">Expozi\u021bia permanent\u0103 \u201eSpa\u021biile Oravitzan\u201d,<\/span><\/span><\/span><span><span><span lang=\"ro-RO\">Bastion Maria Theresia, hol etajul I;<\/span><\/span><\/span><\/span><\/span><\/p>\n<\/li>\n<li>\n<p lang=\"ro-RO\">Expozi\u021bia \u201eBastion Viola. Fr\u00e2nturi din istoria Politehnicii\u201d, Bastion Maria Theresia, hol etajul I;<\/p>\n<\/li>\n<li>\n<p class=\"western\" align=\"justify\"><span><span><span><span><span lang=\"ro-RO\">Expozi\u021bia permanent\u0103 \u201e\u0218tefan Popa Popa\u2019s\u201d, Bastion Maria Theresia, parter;<\/span><\/span><\/span><\/span><\/span><\/p>\n<\/li>\n<li>\n<p class=\"western\" align=\"justify\"><span><span><span><span><span lang=\"ro-RO\">Expozi\u021bia \u201eAlbume de familie. Burghezia din Banat \u00een perioada modern\u0103 1800 \u2013 1947\u201d, Bastion Maria Theresia, mansarda B1;<\/span><\/span><\/span><\/span><\/span><\/p>\n<\/li>\n<li>\n<p class=\"western\" align=\"justify\"><span><span><span><span><span lang=\"ro-RO\">Expozi\u021bia \u201eOglinda frumuse\u021bii! De la simplitatea femeii la divinitatea zei\u021bei \u00een antichitate\u201d, Bastion Maria Theresia, mansarda B2.<\/span><\/span><\/span><\/span><\/span><\/p>\n<\/li>\n<\/ul>\n<p class=\"western\" align=\"justify\"><span><span><span><span><span><b>Muzeul Satului B\u0103n\u0103\u021bean Timi\u0219oara<\/b><\/span><\/span><\/span><\/span><\/span><\/p>\n<ul>\n<li>\n<p class=\"western\" align=\"justify\"><span><span><span><span><span>Expozi\u021bia permanent\u0103 \u201eO zi din via\u021ba satului \u2013 Banatul \u00een comunism\u201d;<\/span><\/span><\/span><\/span><\/span><\/p>\n<\/li>\n<li>\n<p class=\"western\" align=\"justify\"><span><span><span><span><span>Expozi\u021bia \u201e<\/span><\/span><\/span><span><span>Uneltele p\u0103m\u00e2ntului. <\/span><\/span><span><span><span lang=\"fr-CA\">Agricultur\u0103 \u0219i me\u0219te\u0219ug \u00een Banatul multietnic<\/span><\/span><\/span><span><span><span lang=\"ro-RO\">\u201d;<\/span><\/span><\/span><\/span><\/span><\/p>\n<\/li>\n<li>\n<p class=\"western\" align=\"justify\"><span><span><span><span><span>Expozi\u021bia \u201e<\/span><\/span><\/span><span><span><span lang=\"ro-RO\">Pove\u0219ti din v\u00e2rful casei. \u021aigle, lut \u0219i me\u0219te\u0219ug\u201d<\/span><\/span><\/span><span><span><span>;<\/span><\/span><\/span><\/span><\/span><\/p>\n<\/li>\n<li>\n<p lang=\"ro-RO\"><span>\u201e<span lang=\"en-US\">Casa de la Drag\u0219ina\u201d, specific\u0103 zonei V\u0103ii Pog\u0103ni\u0219ului \u0219i Dealurilor Silagiului;<\/span><\/span><\/p>\n<\/li>\n<li>\n<p lang=\"ro-RO\"><span lang=\"fr-CA\">Ansamblul de gospod\u0103rii \u0219i monumente de arhitectur\u0103 tradi\u021bional\u0103<\/span><span>, \u00een aer liber.<\/span><\/p>\n<\/li>\n<\/ul>\n<p class=\"western\" align=\"justify\"><span><span><span><span><span lang=\"ro-RO\"><b>JOI, 20 AUGUST<\/b><\/span><\/span><\/span><\/span><\/span><\/p>\n<p class=\"western\" align=\"justify\"><span><span><span><span><span lang=\"ro-RO\"><b>Centrul Multifunc\u021bional Bastion <\/b><\/span><\/span><\/span><\/span><\/span><\/p>\n<ul>\n<li>\n<p lang=\"ro-RO\" align=\"justify\">Expozi\u021bia de pictur\u0103 \u0219i sculptur\u0103 \u201eSENS\u201d;<\/p>\n<\/li>\n<li>\n<p lang=\"ro-RO\" align=\"justify\">Expozi\u021bie colectiv\u0103 \u201eSteps to Your Heart\u201d \u2013 Conacul Mocioni din Foeni;<\/p>\n<\/li>\n<li>\n<p lang=\"ro-RO\" align=\"justify\">Expozi\u021bie de pictur\u0103 \u0219i ceramic\u0103 \u201eAmintiri din viitor\u201d, semnat\u0103 de artistele Lucia Kolla Stoica \u0219i Hella Crasnanic.<\/p>\n<\/li>\n<\/ul>\n<p class=\"western\" align=\"justify\"><span><span><span><span><span lang=\"ro-RO\"><b>Centrul de Cultur\u0103 \u0219i Art\u0103 al Jude\u021bului Timi\u0219<\/b><\/span><\/span><\/span><\/span><\/span><\/p>\n<ul>\n<li>\n<p lang=\"ro-RO\" align=\"justify\">Expozi\u021bia \u201eParadisul de dup\u0103 col\u021b\u201d.<\/p>\n<\/li>\n<\/ul>\n<p class=\"western\" align=\"justify\"><span><span><span><span><span lang=\"ro-RO\"><b>Muzeul Na\u021bional de Art\u0103 Timi\u0219oara<\/b><\/span><\/span><\/span><\/span><\/span><\/p>\n<ul>\n<li>\n<p class=\"western\" align=\"justify\"><span><span><span><span><span lang=\"ro-RO\">Expozi\u021bia permanent\u0103 \u201eArt\u0103 B\u0103n\u0103\u021bean\u0103 \u0219i Art\u0103 Modern\u0103 Rom\u00e2neasc\u0103\u201d;<\/span><\/span><\/span><\/span><\/span><\/p>\n<\/li>\n<li>\n<p class=\"western\" align=\"justify\"><span><span><span><span><span lang=\"ro-RO\">Expozi\u021bia permanent\u0103 \u201eArt\u0103 European\u0103\u201d \u2013 Fondul Ormos Zsigmond;<\/span><\/span><\/span><\/span><\/span><\/p>\n<\/li>\n<li>\n<p class=\"western\" align=\"justify\"><span><span><span><span><span lang=\"ro-RO\">Expozi\u021bia permanent\u0103 \u201eLaborator restaurare-conservare\u201d;<\/span><\/span><\/span><\/span><\/span><\/p>\n<\/li>\n<li>\n<p lang=\"ro-RO\" align=\"justify\">Expozi\u021bia permanent\u0103 a colec\u021biei \u201eCorneliu Baba\u201d;<\/p>\n<\/li>\n<li>\n<p class=\"western\" align=\"justify\"><span><span><span><span><span lang=\"ro-RO\">Expozi\u021bia interactiv\u0103 \u201eBufetul Sim\u021burilor\u201d, \u00een Galeria Arcada;\u00a0<\/span><\/span><\/span><\/span><\/span><\/p>\n<\/li>\n<li>\n<p class=\"western\" align=\"justify\"><span><span><span><span><span lang=\"ro-RO\">Expozi\u021bia \u201eUtopie \u0219i cercetare. Grupurile experimentale timi\u0219orene 111 \u0219i Sigma (1966-1981)\u201d;<\/span><\/span><\/span><\/span><\/span><\/p>\n<\/li>\n<li>\n<p class=\"western\" align=\"justify\"><span><span><span><span>MNArT Open View: \u201eCompozi\u021bie\u201d, semnat\u0103 de Corneliu Vasilescu (1934\u20132023);<\/span><\/span><\/span><\/span><\/p>\n<\/li>\n<li>\n<p class=\"western\" align=\"justify\"><span><span><span><span>Expozi\u021bia Absolven\u021bilor Facult\u0103\u021bii de Arte \u0219i Design UVT 2026 \u2013 \u201e Turning Point\u201d.<\/span><\/span><\/span><\/span><\/p>\n<\/li>\n<\/ul>\n<p class=\"western\" align=\"justify\"><span><span><span><span><span lang=\"ro-RO\"><b>Muzeul Na\u021bional al Banatului<\/b><\/span><\/span><\/span><\/span><\/span><\/p>\n<ul>\n<li>\n<p class=\"western\" align=\"justify\"><span><span><span><span><span lang=\"ro-RO\">Expozi\u021bia permanent\u0103 \u201eIstoria militar\u0103 a Banatului\u201d, Bastion Maria Theresia, parter;<\/span><\/span><\/span><\/span><\/span><\/p>\n<\/li>\n<li>\n<p class=\"western\" align=\"justify\"><span><span><span><span><span lang=\"ro-RO\">Expozi\u021bia permanent\u0103 \u201eSpa\u021biile Oravitzan\u201d,<\/span><\/span><\/span><span><span><span lang=\"ro-RO\">Bastion Maria Theresia, hol etajul I;<\/span><\/span><\/span><\/span><\/span><\/p>\n<\/li>\n<li>\n<p lang=\"ro-RO\">Expozi\u021bia \u201eBastion Viola. Fr\u00e2nturi din istoria Politehnicii\u201d, Bastion Maria Theresia, hol etajul I;<\/p>\n<\/li>\n<li>\n<p class=\"western\" align=\"justify\"><span><span><span><span><span lang=\"ro-RO\">Expozi\u021bia permanent\u0103 \u201e\u0218tefan Popa Popa\u2019s\u201d, Bastion Maria Theresia, parter;<\/span><\/span><\/span><\/span><\/span><\/p>\n<\/li>\n<li>\n<p class=\"western\" align=\"justify\"><span><span><span><span><span lang=\"ro-RO\">Expozi\u021bia \u201eAlbume de familie. Burghezia din Banat \u00een perioada modern\u0103 1800 \u2013 1947\u201d, Bastion Maria Theresia, mansarda B1;<\/span><\/span><\/span><\/span><\/span><\/p>\n<\/li>\n<li>\n<p class=\"western\" align=\"justify\"><span><span><span><span><span lang=\"ro-RO\">Expozi\u021bia \u201eOglinda frumuse\u021bii! De la simplitatea femeii la divinitatea zei\u021bei \u00een antichitate\u201d, Bastion Maria Theresia, mansarda B2.<\/span><\/span><\/span><\/span><\/span><\/p>\n<\/li>\n<\/ul>\n<p class=\"western\" align=\"justify\"><span><span><span><span><span><b>Muzeul Satului B\u0103n\u0103\u021bean Timi\u0219oara<\/b><\/span><\/span><\/span><\/span><\/span><\/p>\n<ul>\n<li>\n<p class=\"western\" align=\"justify\"><span><span><span><span><span>Expozi\u021bia permanent\u0103 \u201eO zi din via\u021ba satului \u2013 Banatul \u00een comunism\u201d;<\/span><\/span><\/span><\/span><\/span><\/p>\n<\/li>\n<li>\n<p class=\"western\" align=\"justify\"><span><span><span><span><span>Expozi\u021bia \u201e<\/span><\/span><\/span><span><span>Uneltele p\u0103m\u00e2ntului. <\/span><\/span><span><span><span lang=\"fr-CA\">Agricultur\u0103 \u0219i me\u0219te\u0219ug \u00een Banatul multietnic<\/span><\/span><\/span><span><span><span lang=\"ro-RO\">\u201d;<\/span><\/span><\/span><\/span><\/span><\/p>\n<\/li>\n<li>\n<p class=\"western\" align=\"justify\"><span><span><span><span><span>Expozi\u021bia \u201e<\/span><\/span><\/span><span><span><span lang=\"ro-RO\">Pove\u0219ti din v\u00e2rful casei. \u021aigle, lut \u0219i me\u0219te\u0219ug\u201d<\/span><\/span><\/span><span><span><span>;<\/span><\/span><\/span><\/span><\/span><\/p>\n<\/li>\n<li>\n<p lang=\"ro-RO\"><span>\u201e<span lang=\"en-US\">Casa de la Drag\u0219ina\u201d, specific\u0103 zonei V\u0103ii Pog\u0103ni\u0219ului \u0219i Dealurilor Silagiului;<\/span><\/span><\/p>\n<\/li>\n<li>\n<p lang=\"ro-RO\"><span lang=\"fr-CA\">Ansamblul de gospod\u0103rii \u0219i monumente de arhitectur\u0103 tradi\u021bional\u0103<\/span><span>, \u00een aer liber.<\/span><\/p>\n<\/li>\n<\/ul>\n<p class=\"western\" align=\"justify\"><span><span><span><span><span lang=\"ro-RO\"><b>VINERI, 21 AUGUST<\/b><\/span><\/span><\/span><\/span><\/span><\/p>\n<p class=\"western\" align=\"justify\"><span><span><span><span><span lang=\"ro-RO\"><b>Centrul Multifunc\u021bional Bastion <\/b><\/span><\/span><\/span><\/span><\/span><\/p>\n<ul>\n<li>\n<p lang=\"ro-RO\" align=\"justify\">Expozi\u021bia de pictur\u0103 \u0219i sculptur\u0103 \u201eSENS\u201d;<\/p>\n<\/li>\n<li>\n<p lang=\"ro-RO\" align=\"justify\">Expozi\u021bie colectiv\u0103 \u201eSteps to Your Heart\u201d \u2013 Conacul Mocioni din Foeni;<\/p>\n<\/li>\n<li>\n<p lang=\"ro-RO\" align=\"justify\">Expozi\u021bie de pictur\u0103 \u0219i ceramic\u0103 \u201eAmintiri din viitor\u201d, semnat\u0103 de artistele Lucia Kolla Stoica \u0219i Hella Crasnanic.<\/p>\n<\/li>\n<\/ul>\n<p class=\"western\" align=\"justify\"><span><span><span><span><span lang=\"ro-RO\"><b>Centrul de Cultur\u0103 \u0219i Art\u0103 al Jude\u021bului Timi\u0219<\/b><\/span><\/span><\/span><\/span><\/span><\/p>\n<ul>\n<li>\n<p lang=\"ro-RO\" align=\"justify\">Expozi\u021bia \u201eParadisul de dup\u0103 col\u021b\u201d.<\/p>\n<\/li>\n<\/ul>\n<p class=\"western\" align=\"justify\"><span><span><span><span><span lang=\"ro-RO\"><b>Muzeul Na\u021bional de Art\u0103 Timi\u0219oara<\/b><\/span><\/span><\/span><\/span><\/span><\/p>\n<ul>\n<li>\n<p class=\"western\" align=\"justify\"><span><span><span><span><span lang=\"ro-RO\">Expozi\u021bia permanent\u0103 \u201eArt\u0103 B\u0103n\u0103\u021bean\u0103 \u0219i Art\u0103 Modern\u0103 Rom\u00e2neasc\u0103\u201d;<\/span><\/span><\/span><\/span><\/span><\/p>\n<\/li>\n<li>\n<p class=\"western\" align=\"justify\"><span><span><span><span><span lang=\"ro-RO\">Expozi\u021bia permanent\u0103 \u201eArt\u0103 European\u0103\u201d \u2013 Fondul Ormos Zsigmond;<\/span><\/span><\/span><\/span><\/span><\/p>\n<\/li>\n<li>\n<p class=\"western\" align=\"justify\"><span><span><span><span><span lang=\"ro-RO\">Expozi\u021bia permanent\u0103 \u201eLaborator restaurare-conservare\u201d;<\/span><\/span><\/span><\/span><\/span><\/p>\n<\/li>\n<li>\n<p lang=\"ro-RO\" align=\"justify\">Expozi\u021bia permanent\u0103 a colec\u021biei \u201eCorneliu Baba\u201d;<\/p>\n<\/li>\n<li>\n<p class=\"western\" align=\"justify\"><span><span><span><span><span lang=\"ro-RO\">Expozi\u021bia interactiv\u0103 \u201eBufetul Sim\u021burilor\u201d, \u00een Galeria Arcada;\u00a0<\/span><\/span><\/span><\/span><\/span><\/p>\n<\/li>\n<li>\n<p class=\"western\" align=\"justify\"><span><span><span><span><span lang=\"ro-RO\">Expozi\u021bia \u201eUtopie \u0219i cercetare. Grupurile experimentale timi\u0219orene 111 \u0219i Sigma (1966-1981)\u201d;<\/span><\/span><\/span><\/span><\/span><\/p>\n<\/li>\n<li>\n<p class=\"western\" align=\"justify\"><span><span><span><span>MNArT Open View: \u201eCompozi\u021bie\u201d, semnat\u0103 de Corneliu Vasilescu (1934\u20132023);<\/span><\/span><\/span><\/span><\/p>\n<\/li>\n<li>\n<p class=\"western\" align=\"justify\"><span><span><span><span>Expozi\u021bia Absolven\u021bilor Facult\u0103\u021bii de Arte \u0219i Design UVT 2026 \u2013 \u201e Turning Point\u201d.<\/span><\/span><\/span><\/span><\/p>\n<\/li>\n<\/ul>\n<p class=\"western\" align=\"justify\"><span><span><span><span><span lang=\"ro-RO\"><b>Muzeul Na\u021bional al Banatului<\/b><\/span><\/span><\/span><\/span><\/span><\/p>\n<ul>\n<li>\n<p class=\"western\" align=\"justify\"><span><span><span><span><span lang=\"ro-RO\">Expozi\u021bia permanent\u0103 \u201eIstoria militar\u0103 a Banatului\u201d, Bastion Maria Theresia, parter;<\/span><\/span><\/span><\/span><\/span><\/p>\n<\/li>\n<li>\n<p class=\"western\" align=\"justify\"><span><span><span><span><span lang=\"ro-RO\">Expozi\u021bia permanent\u0103 \u201eSpa\u021biile Oravitzan\u201d,<\/span><\/span><\/span><span><span><span lang=\"ro-RO\">Bastion Maria Theresia, hol etajul I;<\/span><\/span><\/span><\/span><\/span><\/p>\n<\/li>\n<li>\n<p lang=\"ro-RO\">Expozi\u021bia \u201eBastion Viola. Fr\u00e2nturi din istoria Politehnicii\u201d, Bastion Maria Theresia, hol etajul I;<\/p>\n<\/li>\n<li>\n<p class=\"western\" align=\"justify\"><span><span><span><span><span lang=\"ro-RO\">Expozi\u021bia permanent\u0103 \u201e\u0218tefan Popa Popa\u2019s\u201d, Bastion Maria Theresia, parter;<\/span><\/span><\/span><\/span><\/span><\/p>\n<\/li>\n<li>\n<p class=\"western\" align=\"justify\"><span><span><span><span><span lang=\"ro-RO\">Expozi\u021bia \u201eAlbume de familie. Burghezia din Banat \u00een perioada modern\u0103 1800 \u2013 1947\u201d, Bastion Maria Theresia, mansarda B1;<\/span><\/span><\/span><\/span><\/span><\/p>\n<\/li>\n<li>\n<p class=\"western\" align=\"justify\"><span><span><span><span><span lang=\"ro-RO\">Expozi\u021bia \u201eOglinda frumuse\u021bii! De la simplitatea femeii la divinitatea zei\u021bei \u00een antichitate\u201d, Bastion Maria Theresia, mansarda B2.<\/span><\/span><\/span><\/span><\/span><\/p>\n<\/li>\n<\/ul>\n<p class=\"western\" align=\"justify\"><span><span><span><span><span><b>Muzeul Satului B\u0103n\u0103\u021bean Timi\u0219oara<\/b><\/span><\/span><\/span><\/span><\/span><\/p>\n<ul>\n<li>\n<p class=\"western\" align=\"justify\"><span><span><span><span><span>Expozi\u021bia permanent\u0103 \u201eO zi din via\u021ba satului \u2013 Banatul \u00een comunism\u201d;<\/span><\/span><\/span><\/span><\/span><\/p>\n<\/li>\n<li>\n<p class=\"western\" align=\"justify\"><span><span><span><span><span>Expozi\u021bia \u201e<\/span><\/span><\/span><span><span>Uneltele p\u0103m\u00e2ntului. <\/span><\/span><span><span><span lang=\"fr-CA\">Agricultur\u0103 \u0219i me\u0219te\u0219ug \u00een Banatul multietnic<\/span><\/span><\/span><span><span><span lang=\"ro-RO\">\u201d;<\/span><\/span><\/span><\/span><\/span><\/p>\n<\/li>\n<li>\n<p class=\"western\" align=\"justify\"><span><span><span><span><span>Expozi\u021bia \u201e<\/span><\/span><\/span><span><span><span lang=\"ro-RO\">Pove\u0219ti din v\u00e2rful casei. \u021aigle, lut \u0219i me\u0219te\u0219ug\u201d<\/span><\/span><\/span><span><span><span>;<\/span><\/span><\/span><\/span><\/span><\/p>\n<\/li>\n<li>\n<p lang=\"ro-RO\"><span>\u201e<span lang=\"en-US\">Casa de la Drag\u0219ina\u201d, specific\u0103 zonei V\u0103ii Pog\u0103ni\u0219ului \u0219i Dealurilor Silagiului;<\/span><\/span><\/p>\n<\/li>\n<li>\n<p lang=\"ro-RO\"><span lang=\"fr-CA\">Ansamblul de gospod\u0103rii \u0219i monumente de arhitectur\u0103 tradi\u021bional\u0103<\/span><span>, \u00een aer liber.<\/span><\/p>\n<\/li>\n<\/ul>\n<p class=\"western\" align=\"justify\"><span><span><span><span><span lang=\"ro-RO\"><b>S\u00c2MB\u0102T\u0102, 22 AUGUST<\/b><\/span><\/span><\/span><\/span><\/span><\/p>\n<p class=\"western\" align=\"justify\"><span><span><span><span><span lang=\"ro-RO\"><b>Centrul Multifunc\u021bional Bastion <\/b><\/span><\/span><\/span><\/span><\/span><\/p>\n<ul>\n<li>\n<p lang=\"ro-RO\" align=\"justify\">Expozi\u021bie colectiv\u0103 \u201eSteps to Your Heart\u201d \u2013 Conacul Mocioni din Foeni.<\/p>\n<\/li>\n<\/ul>\n<p class=\"western\" align=\"justify\"><span><span><span><span><span lang=\"ro-RO\"><b>Muzeul Na\u021bional de Art\u0103 Timi\u0219oara<\/b><\/span><\/span><\/span><\/span><\/span><\/p>\n<ul>\n<li>\n<p class=\"western\" align=\"justify\"><span><span><span><span><span lang=\"ro-RO\">Expozi\u021bia permanent\u0103 \u201eArt\u0103 B\u0103n\u0103\u021bean\u0103 \u0219i Art\u0103 Modern\u0103 Rom\u00e2neasc\u0103\u201d;<\/span><\/span><\/span><\/span><\/span><\/p>\n<\/li>\n<li>\n<p class=\"western\" align=\"justify\"><span><span><span><span><span lang=\"ro-RO\">Expozi\u021bia permanent\u0103 \u201eArt\u0103 European\u0103\u201d \u2013 Fondul Ormos Zsigmond;<\/span><\/span><\/span><\/span><\/span><\/p>\n<\/li>\n<li>\n<p class=\"western\" align=\"justify\"><span><span><span><span><span lang=\"ro-RO\">Expozi\u021bia permanent\u0103 \u201eLaborator restaurare-conservare\u201d;<\/span><\/span><\/span><\/span><\/span><\/p>\n<\/li>\n<li>\n<p lang=\"ro-RO\" align=\"justify\">Expozi\u021bia permanent\u0103 a colec\u021biei \u201eCorneliu Baba\u201d;<\/p>\n<\/li>\n<li>\n<p class=\"western\" align=\"justify\"><span><span><span><span><span lang=\"ro-RO\">Expozi\u021bia interactiv\u0103 \u201eBufetul Sim\u021burilor\u201d, \u00een Galeria Arcada;\u00a0<\/span><\/span><\/span><\/span><\/span><\/p>\n<\/li>\n<li>\n<p class=\"western\" align=\"justify\"><span><span><span><span><span lang=\"ro-RO\">Expozi\u021bia \u201eUtopie \u0219i cercetare. Grupurile experimentale timi\u0219orene 111 \u0219i Sigma (1966-1981)\u201d;<\/span><\/span><\/span><\/span><\/span><\/p>\n<\/li>\n<li>\n<p class=\"western\" align=\"justify\"><span><span><span><span>MNArT Open View: \u201eCompozi\u021bie\u201d, semnat\u0103 de Corneliu Vasilescu (1934\u20132023);<\/span><\/span><\/span><\/span><\/p>\n<\/li>\n<li>\n<p class=\"western\" align=\"justify\"><span><span><span><span>Expozi\u021bia Absolven\u021bilor Facult\u0103\u021bii de Arte \u0219i Design UVT 2026 \u2013 \u201e Turning Point\u201d.<\/span><\/span><\/span><\/span><\/p>\n<\/li>\n<\/ul>\n<p class=\"western\" align=\"justify\"><span><span><span><span><span lang=\"ro-RO\"><b>Muzeul Na\u021bional al Banatului<\/b><\/span><\/span><\/span><\/span><\/span><\/p>\n<ul>\n<li>\n<p class=\"western\" align=\"justify\"><span><span><span><span><span lang=\"ro-RO\">Expozi\u021bia permanent\u0103 \u201eIstoria militar\u0103 a Banatului\u201d, Bastion Maria Theresia, parter;<\/span><\/span><\/span><\/span><\/span><\/p>\n<\/li>\n<li>\n<p class=\"western\" align=\"justify\"><span><span><span><span><span lang=\"ro-RO\">Expozi\u021bia permanent\u0103 \u201eSpa\u021biile Oravitzan\u201d,<\/span><\/span><\/span><span><span><span lang=\"ro-RO\">Bastion Maria Theresia, hol etajul I;<\/span><\/span><\/span><\/span><\/span><\/p>\n<\/li>\n<li>\n<p lang=\"ro-RO\">Expozi\u021bia \u201eBastion Viola. Fr\u00e2nturi din istoria Politehnicii\u201d, Bastion Maria Theresia, hol etajul I;<\/p>\n<\/li>\n<li>\n<p class=\"western\" align=\"justify\"><span><span><span><span><span lang=\"ro-RO\">Expozi\u021bia \u201eAlbume de familie. Burghezia din Banat \u00een perioada modern\u0103 1800 \u2013 1947\u201d, Bastion Maria Theresia, mansarda B1;<\/span><\/span><\/span><\/span><\/span><\/p>\n<\/li>\n<li>\n<p class=\"western\" align=\"justify\"><span><span><span><span><span lang=\"ro-RO\">Expozi\u021bia \u201eOglinda frumuse\u021bii! De la simplitatea femeii la divinitatea zei\u021bei \u00een antichitate\u201d, Bastion Maria Theresia, mansarda B2.<\/span><\/span><\/span><\/span><\/span><\/p>\n<\/li>\n<\/ul>\n<p class=\"western\" align=\"justify\"><span><span><span><span><span><b>Muzeul Satului B\u0103n\u0103\u021bean Timi\u0219oara<\/b><\/span><\/span><\/span><\/span><\/span><\/p>\n<ul>\n<li>\n<p class=\"western\" align=\"justify\"><span><span><span><span><span>Expozi\u021bia permanent\u0103 \u201eO zi din via\u021ba satului \u2013 Banatul \u00een comunism\u201d;<\/span><\/span><\/span><\/span><\/span><\/p>\n<\/li>\n<li>\n<p class=\"western\" align=\"justify\"><span><span><span><span><span>Expozi\u021bia \u201e<\/span><\/span><\/span><span><span>Uneltele p\u0103m\u00e2ntului. <\/span><\/span><span><span><span lang=\"fr-CA\">Agricultur\u0103 \u0219i me\u0219te\u0219ug \u00een Banatul multietnic<\/span><\/span><\/span><span><span><span lang=\"ro-RO\">\u201d;<\/span><\/span><\/span><\/span><\/span><\/p>\n<\/li>\n<li>\n<p class=\"western\" align=\"justify\"><span><span><span><span><span>Expozi\u021bia \u201e<\/span><\/span><\/span><span><span><span lang=\"ro-RO\">Pove\u0219ti din v\u00e2rful casei. \u021aigle, lut \u0219i me\u0219te\u0219ug\u201d<\/span><\/span><\/span><span><span><span>;<\/span><\/span><\/span><\/span><\/span><\/p>\n<\/li>\n<li>\n<p lang=\"ro-RO\"><span>\u201e<span lang=\"en-US\">Casa de la Drag\u0219ina\u201d, specific\u0103 zonei V\u0103ii Pog\u0103ni\u0219ului \u0219i Dealurilor Silagiului;<\/span><\/span><\/p>\n<\/li>\n<li>\n<p lang=\"ro-RO\"><span lang=\"fr-CA\">Ansamblul de gospod\u0103rii \u0219i monumente de arhitectur\u0103 tradi\u021bional\u0103<\/span><span>, \u00een aer liber.<\/span><\/p>\n<\/li>\n<\/ul>\n<h2 align=\"justify\">CITE\u015eTE \u015eI: <span><a href=\"https:\/\/renasterea.ro\/muzeul-satului-banatean-din-timisoara-salveaza-doua-constructii-traditionale-din-banatul-montan\/\">Muzeul Satului B\u0103n\u0103\u021bean din Timi\u015foara salveaz\u0103 dou\u0103 construc\u021bii tradi\u021bionale din Banatul Montan<\/a><\/span><\/h2>\n<p class=\"western\" align=\"justify\"><span><span><span><span><span lang=\"ro-RO\"><b>DUMINIC\u0102, 23 AUGUST <\/b><\/span><\/span><\/span><\/span><\/span><\/p>\n<p class=\"western\" align=\"justify\"><span><span><span><span><span lang=\"ro-RO\"><b>Centrul Multifunc\u021bional Bastion <\/b><\/span><\/span><\/span><\/span><\/span><\/p>\n<ul>\n<li>\n<p lang=\"ro-RO\" align=\"justify\">Expozi\u021bie colectiv\u0103 \u201eSteps to Your Heart\u201d \u2013 Conacul Mocioni din Foeni.<\/p>\n<\/li>\n<\/ul>\n<p class=\"western\" align=\"justify\"><span><span><span><span><span lang=\"ro-RO\"><b>Muzeul Na\u021bional de Art\u0103 Timi\u0219oara<\/b><\/span><\/span><\/span><\/span><\/span><\/p>\n<ul>\n<li>\n<p class=\"western\" align=\"justify\"><span><span><span><span><span lang=\"ro-RO\">Expozi\u021bia permanent\u0103 \u201eArt\u0103 B\u0103n\u0103\u021bean\u0103 \u0219i Art\u0103 Modern\u0103 Rom\u00e2neasc\u0103\u201d;<\/span><\/span><\/span><\/span><\/span><\/p>\n<\/li>\n<li>\n<p class=\"western\" align=\"justify\"><span><span><span><span><span lang=\"ro-RO\">Expozi\u021bia permanent\u0103 \u201eArt\u0103 European\u0103\u201d \u2013 Fondul Ormos Zsigmond;<\/span><\/span><\/span><\/span><\/span><\/p>\n<\/li>\n<li>\n<p class=\"western\" align=\"justify\"><span><span><span><span><span lang=\"ro-RO\">Expozi\u021bia permanent\u0103 \u201eLaborator restaurare-conservare\u201d;<\/span><\/span><\/span><\/span><\/span><\/p>\n<\/li>\n<li>\n<p lang=\"ro-RO\" align=\"justify\">Expozi\u021bia permanent\u0103 a colec\u021biei \u201eCorneliu Baba\u201d;<\/p>\n<\/li>\n<li>\n<p class=\"western\" align=\"justify\"><span><span><span><span><span lang=\"ro-RO\">Expozi\u021bia interactiv\u0103 \u201eBufetul Sim\u021burilor\u201d, \u00een Galeria Arcada;\u00a0<\/span><\/span><\/span><\/span><\/span><\/p>\n<\/li>\n<li>\n<p class=\"western\" align=\"justify\"><span><span><span><span><span lang=\"ro-RO\">Expozi\u021bia \u201eUtopie \u0219i cercetare. Grupurile experimentale timi\u0219orene 111 \u0219i Sigma (1966-1981)\u201d;<\/span><\/span><\/span><\/span><\/span><\/p>\n<\/li>\n<li>\n<p class=\"western\" align=\"justify\"><span><span><span><span>MNArT Open View: \u201eCompozi\u021bie\u201d, semnat\u0103 de Corneliu Vasilescu (1934\u20132023);<\/span><\/span><\/span><\/span><\/p>\n<\/li>\n<li>\n<p class=\"western\" align=\"justify\"><span><span><span><span>Expozi\u021bia Absolven\u021bilor Facult\u0103\u021bii de Arte \u0219i Design UVT 2026 \u2013 \u201e Turning Point\u201d.<\/span><\/span><\/span><\/span><\/p>\n<\/li>\n<\/ul>\n<p class=\"western\" align=\"justify\"><span><span><span><span><span lang=\"ro-RO\"><b>Muzeul Na\u021bional al Banatului<\/b><\/span><\/span><\/span><\/span><\/span><\/p>\n<ul>\n<li>\n<p class=\"western\" align=\"justify\"><span><span><span><span><span lang=\"ro-RO\">Expozi\u021bia permanent\u0103 \u201eIstoria militar\u0103 a Banatului\u201d, Bastion Maria Theresia, parter;<\/span><\/span><\/span><\/span><\/span><\/p>\n<\/li>\n<li>\n<p class=\"western\" align=\"justify\"><span><span><span><span><span lang=\"ro-RO\">Expozi\u021bia permanent\u0103 \u201eSpa\u021biile Oravitzan\u201d,<\/span><\/span><\/span><span><span><span lang=\"ro-RO\">Bastion Maria Theresia, hol etajul I;<\/span><\/span><\/span><\/span><\/span><\/p>\n<\/li>\n<li>\n<p lang=\"ro-RO\">Expozi\u021bia \u201eBastion Viola. Fr\u00e2nturi din istoria Politehnicii\u201d, Bastion Maria Theresia, hol etajul I;<\/p>\n<\/li>\n<li>\n<p class=\"western\" align=\"justify\"><span><span><span><span><span lang=\"ro-RO\">Expozi\u021bia permanent\u0103 \u201e\u0218tefan Popa Popa\u2019s\u201d, Bastion Maria Theresia, parter;<\/span><\/span><\/span><\/span><\/span><\/p>\n<\/li>\n<li>\n<p class=\"western\" align=\"justify\"><span><span><span><span><span lang=\"ro-RO\">Expozi\u021bia \u201eOglinda frumuse\u021bii! De la simplitatea femeii la divinitatea zei\u021bei \u00een antichitate\u201d, Bastion Maria Theresia, mansarda B2<\/span><\/span><\/span><span><span><span lang=\"ro-RO\">;<\/span><\/span><\/span><\/span><\/span><\/p>\n<\/li>\n<li>\n<p class=\"western\" align=\"justify\"><span><span><span><span><span lang=\"ro-RO\">Finisajul expozi\u021biei \u201eAlbume de familie. Burghezia din Banat \u00een perioada modern\u0103 1800 \u2013 1947\u201d, Bastion Maria Theresia, mansarda B1, ora 17:00.<\/span><\/span><\/span><\/span><\/span><\/p>\n<\/li>\n<\/ul>\n<p class=\"western\" align=\"justify\"><span><span><span><span><span><b>Muzeul Satului B\u0103n\u0103\u021bean Timi\u0219oara<\/b><\/span><\/span><\/span><\/span><\/span><\/p>\n<ul>\n<li>\n<p class=\"western\" align=\"justify\"><span><span><span><span><span>Expozi\u021bia permanent\u0103 \u201eO zi din via\u021ba satului \u2013 Banatul \u00een comunism\u201d;<\/span><\/span><\/span><\/span><\/span><\/p>\n<\/li>\n<li>\n<p class=\"western\" align=\"justify\"><span><span><span><span><span>Expozi\u021bia \u201e<\/span><\/span><\/span><span><span>Uneltele p\u0103m\u00e2ntului. <\/span><\/span><span><span><span lang=\"fr-CA\">Agricultur\u0103 \u0219i me\u0219te\u0219ug \u00een Banatul multietnic<\/span><\/span><\/span><span><span><span lang=\"ro-RO\">\u201d;<\/span><\/span><\/span><\/span><\/span><\/p>\n<\/li>\n<li>\n<p class=\"western\" align=\"justify\"><span><span><span><span><span>Expozi\u021bia \u201e<\/span><\/span><\/span><span><span><span lang=\"ro-RO\">Pove\u0219ti din v\u00e2rful casei. \u021aigle, lut \u0219i me\u0219te\u0219ug\u201d<\/span><\/span><\/span><span><span><span>;<\/span><\/span><\/span><\/span><\/span><\/p>\n<\/li>\n<li>\n<p lang=\"ro-RO\"><span>\u201e<span lang=\"en-US\">Casa de la Drag\u0219ina\u201d, specific\u0103 zonei V\u0103ii Pog\u0103ni\u0219ului \u0219i Dealurilor Silagiului;<\/span><\/span><\/p>\n<\/li>\n<li>\n<p lang=\"ro-RO\"><span lang=\"fr-CA\">Ansamblul de gospod\u0103rii \u0219i monumente de arhitectur\u0103 tradi\u021bional\u0103<\/span><span>, \u00een aer liber.<\/span><\/p>\n<\/li>\n<\/ul>\n<\/div>\n<p>[analyse_source url=&#8221;https:\/\/renasterea.ro\/oferta-culturala-a-consiliului-judetean-timis-pentru-perioada-17-23-august\/&#8221;]<\/p>\n","protected":false},"excerpt":{"rendered":"<p>[analyse_image type=&#8221;featured&#8221; src=&#8221;https:\/\/renasterea.ro\/ro\/wp-content\/uploads\/2026\/07\/muzeul-national-de-arta-timisoara.jpghttps:\/\/renasterea.ro\/ro\/wp-content\/uploads\/2026\/07\/muzeul-national-de-arta-timisoara.jpg&#8221;] Consiliul Jude\u021bean Timi\u0219 propune publicului, prin institu\u021biile sale de cultur\u0103, \u00een perioada 17 \u2013 23 august, expozi\u021bii permanente \u0219i temporare. La Muzeul Na\u021bional al Banatului va avea loc finisajul expozi\u021biei \u201eAlbume de familie. Burghezia din Banat \u00een perioada modern\u0103 (1800\u20131947)\u201d. Expozi\u021bia a adus \u00een prim-plan elegan\u021ba burgheziei b\u0103n\u0103\u021bene \u0219i peste un secol [&hellip;]<\/p>\n","protected":false},"author":1,"featured_media":0,"comment_status":"open","ping_status":"","sticky":false,"template":"","format":"standard","meta":{"footnotes":""},"categories":[89],"tags":[226,188],"class_list":["post-2097972","post","type-post","status-publish","format-standard","hentry","category-romania","tag-crawlmanager","tag-renasterea-ro"],"_links":{"self":[{"href":"https:\/\/analyse.optim.biz\/index.php?rest_route=\/wp\/v2\/posts\/2097972","targetHints":{"allow":["GET"]}}],"collection":[{"href":"https:\/\/analyse.optim.biz\/index.php?rest_route=\/wp\/v2\/posts"}],"about":[{"href":"https:\/\/analyse.optim.biz\/index.php?rest_route=\/wp\/v2\/types\/post"}],"author":[{"embeddable":true,"href":"https:\/\/analyse.optim.biz\/index.php?rest_route=\/wp\/v2\/users\/1"}],"replies":[{"embeddable":true,"href":"https:\/\/analyse.optim.biz\/index.php?rest_route=%2Fwp%2Fv2%2Fcomments&post=2097972"}],"version-history":[{"count":0,"href":"https:\/\/analyse.optim.biz\/index.php?rest_route=\/wp\/v2\/posts\/2097972\/revisions"}],"wp:attachment":[{"href":"https:\/\/analyse.optim.biz\/index.php?rest_route=%2Fwp%2Fv2%2Fmedia&parent=2097972"}],"wp:term":[{"taxonomy":"category","embeddable":true,"href":"https:\/\/analyse.optim.biz\/index.php?rest_route=%2Fwp%2Fv2%2Fcategories&post=2097972"},{"taxonomy":"post_tag","embeddable":true,"href":"https:\/\/analyse.optim.biz\/index.php?rest_route=%2Fwp%2Fv2%2Ftags&post=2097972"}],"curies":[{"name":"wp","href":"https:\/\/api.w.org\/{rel}","templated":true}]}}