{"id":2097971,"date":"2026-08-17T15:27:45","date_gmt":"2026-08-17T12:27:45","guid":{"rendered":"https:\/\/analyse.optim.biz\/?p=2097971"},"modified":"2026-08-17T15:27:45","modified_gmt":"2026-08-17T12:27:45","slug":"cel-mai-mare-camin-studentesc-din-tara-inaugurat-la-timisoara-in-prezenta-premierului-ilie-bolojan-foto","status":"publish","type":"post","link":"https:\/\/analyse.optim.biz\/?p=2097971","title":{"rendered":"Cel mai mare c\u0103min studen\u021besc din \u021bar\u0103, inaugurat la Timi\u0219oara \u00een prezen\u021ba premierului Ilie Bolojan (foto)"},"content":{"rendered":"<p>[analyse_image type=&#8221;featured&#8221; src=&#8221;https:\/\/renasterea.ro\/ro\/wp-content\/uploads\/2026\/08\/inaugurare-camin-uvt.jpghttps:\/\/renasterea.ro\/ro\/wp-content\/uploads\/2026\/08\/inaugurare-camin-uvt.jpg&#8221;]<\/p>\n<div class=\"entry-content\"><img loading=\"lazy\" decoding=\"async\" width=\"650\" height=\"433\" src=\"https:\/\/renasterea.ro\/ro\/wp-content\/uploads\/2026\/08\/inaugurare-camin-uvt.jpg\" class=\"attachment-medium size-medium wp-post-image\" alt=\"Cel mai mare c\u0103min studen\u021besc din \u021bar\u0103, inaugurat la Timi\u0219oara \u00een prezen\u021ba premierului Ilie Bolojan (foto)\" title=\"Cel mai mare c\u0103min studen\u021besc din \u021bar\u0103, inaugurat la Timi\u0219oara \u00een prezen\u021ba premierului Ilie Bolojan (foto) 1\"><\/p>\n<h4>Prim-ministrul interimar al Rom\u00e2niei, Ilie Bolojan, a r\u0103spuns invita\u021biei rectorului Universit\u0103\u021bii de Vest din Timi\u0219oara, Marilen Pirtea, de a fi prezent la inaugurarea celui mai mare c\u0103min studen\u021besc din \u021bar\u0103.<\/h4>\n<p>\u00cen fapt, este vorba despre un ansamblu de cl\u0103diri situat pe Strada Rena\u0219terii, care asigur\u0103 902 de locuri de cazare cu b\u0103i proprii \u00een camere \u0219i mobilier modern, s\u0103li de lectur\u0103, spa\u021bii de servire a mesei, sp\u0103l\u0103torii, plus alte facilit\u0103\u021bi exterioare pentru confortul studen\u021bilor.<\/p>\n<p>Valoarea total\u0103 actualizat\u0103 a investi\u021biei a fost de aproximativ 230.449.000 de lei, dintre care aproximativ 8 milioane \u2013 contribu\u021bia din veniturile proprii ale universit\u0103\u021bii, diferen\u021ba fiind asigurat\u0103 de Ministerul Dezvolt\u0103rii, Lucr\u0103rilor Publice \u0219i Administra\u021biei prin Compania Na\u021bional\u0103 de Investi\u021bii.<\/p>\n<p>\u201dPentru mine, orice se \u00eent\u00e2mpl\u0103 bun \u00een universit\u0103\u021bile pe care le-am absolvit (n.r. \u2013 Ilie Bolojan este absolvent al Facult\u0103\u021bii de Matematic\u0103 a UVT \u0219i al facult\u0103\u021bii de Mecanic\u0103 a UPT) e o bucurie, pentru c\u0103 sunt legat sentimental de Timi\u0219oara \u0219i de aceste universit\u0103\u021bi, \u0219i amintindu-mi de condi\u021biile din c\u0103minul 15, \u00eemi dau seama c\u0103 lucrurile au evoluat foarte mult.<\/p>\n<p>Eram patru \u00een camer\u0103 \u00een perioada respectiv\u0103, grupurile sociale, du\u0219urile, erau la cap\u0103tul holului \u0219i, \u00een mod evident, ceea ce avem ast\u0103zi \u0219i ce se \u00eent\u00e2mpl\u0103 prin investi\u021biile care se fac at\u00e2t din PNRR, dar \u0219i din bugetele guvernamentale \u00een mod cert aduc condi\u021bii mult mai bune pentru studen\u021bii universit\u0103\u021bilor din Rom\u00e2nia \u2013 \u0219i aici ne referim la cele din Timi\u0219oara.<\/p>\n<p>Investi\u021biile \u00een educa\u021bie sunt un element de baz\u0103 pentru a sus\u021bine cre\u0219terea calit\u0103\u021bii \u00eenv\u0103\u021b\u0103m\u00e2ntului din Rom\u00e2nia \u0219i atragerea c\u00e2t mai multor studen\u021bi c\u0103tre universit\u0103\u021bile care \u021bin un standard de calitate ce asigur\u0103 un \u00eenv\u0103\u021b\u0103m\u00e2nt care ne preg\u0103te\u0219te tinerii pentru vremurile care vor veni\u201d, a declarat premierul Bolojan, luni, 17 august, la Timi\u0219oara.<\/p>\n<p>Proiectarea lucr\u0103rii a fost demarat\u0103 \u00een anul 2022, cu o durat\u0103 de aproximativ un an p\u00e2n\u0103 la ob\u021binerea autoriza\u021biei de construire, iar ordinul de \u00eencepere a execu\u021biei a fost dat \u00een martie 2023. \u00cen 2025, Guvernul Rom\u00e2niei a reaprobat indicatorii tehnico-economici necesari finaliz\u0103rii investi\u021biei (prin HG nr. 653\/2025), \u00een 2026 construc\u021bia fiind la stadiul final. \u00cen aceast\u0103 perioad\u0103 urmeaz\u0103 recep\u021bia final\u0103, preluarea de c\u0103tre UVT \u0219i introducerea c\u0103minului \u00een circuitul de cazare, \u00eencep\u00e2nd din aceast\u0103 toamn\u0103.<\/p>\n<p>\u201dNu este vorba doar despre cazare. Acest c\u0103min reprezint\u0103 de fapt un ambient oferit studen\u021bilor no\u0219tri, pentru c\u0103 discut\u0103m de 418 de locuri \u00een s\u0103lile de lectur\u0103, despre buc\u0103t\u0103rii dotate \u0219i amenajate, de zon\u0103 de sp\u0103l\u0103torie, de parc\u0103ri \u2013 avem aproape 100 de locuri de parcare, 55 \u00een subteran, celelalte suprateran, o pist\u0103 de alergat pentru cei care doresc s\u0103 fac\u0103 mi\u0219care \u0219i faptul c\u0103 din cele 12 de facult\u0103\u021bi ale Universit\u0103\u021bii de Vest din Timi\u0219oara vor fi studen\u021bi caza\u021bi \u00een acest c\u0103min reprezint\u0103 de fapt \u0219i o zon\u0103 de multidisciplinaritate \u0219i dialog \u00eentre ace\u0219tia\u201d, a precizat rectorul UVT, Marilen Pirtea, subliniind, totodat\u0103, importan\u021ba, al\u0103turi de standardele educa\u021bionale, a confortului ambiental pe care conducerea universit\u0103\u021bii se str\u0103duie\u0219te s\u0103 \u00eel ofere studen\u021bilor.<\/p>\n<h2>CITE\u0218TE \u0218I: <span><a href=\"https:\/\/renasterea.ro\/lovitura-de-proportii-pentru-seful-usr-si-primarul-timisoarei-dominic-fritz-ccr-a-decis-ca-amendamentul-prin-care-isi-pierde-mandatul-e-constitutional\/\">Dominic Fritz, dup\u0103 decizia CCR privind legea ANI: Mandatul meu de primar va \u00eenceta \u00een 30 de zile<\/a><\/span><\/h2>\n<p>\u00cen acela\u0219i timp, \u00eens\u0103, Marilen Pirtea a atras aten\u021bia c\u0103 \u0219i gradul de implicare a administra\u021biei locale trebuie s\u0103 fie mai mare \u00een ceea ce prive\u0219te nivelul de educa\u021bie la nivelul Timi\u0219oarei: \u201eSunt administra\u021bii locale care au investit \u0219i fac mult mai mult ap\u0103sat \u00een aceast\u0103 zon\u0103. (\u2026) Investi\u021biile \u00een educa\u021bie nu sunt cheltuieli ale prezentului; sunt de fapt investi\u021bii \u00een competitivitatea jude\u021bului, a ora\u0219ului \u0219i a \u021b\u0103rii \u00een viitor\u201d.<\/p>\n<div id=\"gallery-1\" class=\"gallery galleryid-303844 gallery-columns-3 gallery-size-thumbnail\">\n<figure class=\"gallery-item\">\n<div class=\"gallery-icon landscape\"><a href=\"https:\/\/renasterea.ro\/ro\/wp-content\/uploads\/2026\/08\/camin-uvt-3.jpg\" title data-rl_title class=\"rl-gallery-link\" data-rl_caption data-rel=\"lightbox-gallery-1\"><img loading=\"lazy\" decoding=\"async\" width=\"250\" height=\"250\" src=\"https:\/\/renasterea.ro\/ro\/wp-content\/uploads\/2026\/08\/camin-uvt-3-250x250.jpg\" class=\"attachment-thumbnail size-thumbnail\" alt=\"Cel mai mare c\u0103min studen\u021besc din \u021bar\u0103, inaugurat la Timi\u0219oara \u00een prezen\u021ba premierului Ilie Bolojan (foto)\" title=\"Cel mai mare c\u0103min studen\u021besc din \u021bar\u0103, inaugurat la Timi\u0219oara \u00een prezen\u021ba premierului Ilie Bolojan (foto) 2\"><\/a><\/div>\n<\/figure>\n<figure class=\"gallery-item\">\n<div class=\"gallery-icon landscape\"><a href=\"https:\/\/renasterea.ro\/ro\/wp-content\/uploads\/2026\/08\/camin-uvt-1.jpg\" title data-rl_title class=\"rl-gallery-link\" data-rl_caption data-rel=\"lightbox-gallery-1\"><img loading=\"lazy\" decoding=\"async\" width=\"250\" height=\"250\" src=\"https:\/\/renasterea.ro\/ro\/wp-content\/uploads\/2026\/08\/camin-uvt-1-250x250.jpg\" class=\"attachment-thumbnail size-thumbnail\" alt=\"Cel mai mare c\u0103min studen\u021besc din \u021bar\u0103, inaugurat la Timi\u0219oara \u00een prezen\u021ba premierului Ilie Bolojan (foto)\" title=\"Cel mai mare c\u0103min studen\u021besc din \u021bar\u0103, inaugurat la Timi\u0219oara \u00een prezen\u021ba premierului Ilie Bolojan (foto) 3\"><\/a><\/div>\n<\/figure>\n<figure class=\"gallery-item\">\n<div class=\"gallery-icon landscape\"><a href=\"https:\/\/renasterea.ro\/ro\/wp-content\/uploads\/2026\/08\/camin-uvt-2.jpg\" title data-rl_title class=\"rl-gallery-link\" data-rl_caption data-rel=\"lightbox-gallery-1\"><img decoding=\"async\" loading=\"lazy\" width=\"250\" height=\"250\" src=\"https:\/\/renasterea.ro\/ro\/wp-content\/uploads\/2026\/08\/camin-uvt-2-250x250.jpg\" class=\"attachment-thumbnail size-thumbnail\" alt=\"Cel mai mare c\u0103min studen\u021besc din \u021bar\u0103, inaugurat la Timi\u0219oara \u00een prezen\u021ba premierului Ilie Bolojan (foto)\" title=\"Cel mai mare c\u0103min studen\u021besc din \u021bar\u0103, inaugurat la Timi\u0219oara \u00een prezen\u021ba premierului Ilie Bolojan (foto) 4\"><\/a><\/div>\n<\/figure>\n<\/div>\n<\/div>\n<p>[analyse_source url=&#8221;https:\/\/renasterea.ro\/cel-mai-mare-camin-studentesc-din-tara-inaugurat-la-timisoara-in-prezenta-premierului-ilie-bolojan-foto\/&#8221;]<\/p>\n","protected":false},"excerpt":{"rendered":"<p>[analyse_image type=&#8221;featured&#8221; src=&#8221;https:\/\/renasterea.ro\/ro\/wp-content\/uploads\/2026\/08\/inaugurare-camin-uvt.jpghttps:\/\/renasterea.ro\/ro\/wp-content\/uploads\/2026\/08\/inaugurare-camin-uvt.jpg&#8221;] Prim-ministrul interimar al Rom\u00e2niei, Ilie Bolojan, a r\u0103spuns invita\u021biei rectorului Universit\u0103\u021bii de Vest din Timi\u0219oara, Marilen Pirtea, de a fi prezent la inaugurarea celui mai mare c\u0103min studen\u021besc din \u021bar\u0103. \u00cen fapt, este vorba despre un ansamblu de cl\u0103diri situat pe Strada Rena\u0219terii, care asigur\u0103 902 de locuri de cazare cu b\u0103i [&hellip;]<\/p>\n","protected":false},"author":1,"featured_media":0,"comment_status":"open","ping_status":"","sticky":false,"template":"","format":"standard","meta":{"footnotes":""},"categories":[89],"tags":[226,188],"class_list":["post-2097971","post","type-post","status-publish","format-standard","hentry","category-romania","tag-crawlmanager","tag-renasterea-ro"],"_links":{"self":[{"href":"https:\/\/analyse.optim.biz\/index.php?rest_route=\/wp\/v2\/posts\/2097971","targetHints":{"allow":["GET"]}}],"collection":[{"href":"https:\/\/analyse.optim.biz\/index.php?rest_route=\/wp\/v2\/posts"}],"about":[{"href":"https:\/\/analyse.optim.biz\/index.php?rest_route=\/wp\/v2\/types\/post"}],"author":[{"embeddable":true,"href":"https:\/\/analyse.optim.biz\/index.php?rest_route=\/wp\/v2\/users\/1"}],"replies":[{"embeddable":true,"href":"https:\/\/analyse.optim.biz\/index.php?rest_route=%2Fwp%2Fv2%2Fcomments&post=2097971"}],"version-history":[{"count":0,"href":"https:\/\/analyse.optim.biz\/index.php?rest_route=\/wp\/v2\/posts\/2097971\/revisions"}],"wp:attachment":[{"href":"https:\/\/analyse.optim.biz\/index.php?rest_route=%2Fwp%2Fv2%2Fmedia&parent=2097971"}],"wp:term":[{"taxonomy":"category","embeddable":true,"href":"https:\/\/analyse.optim.biz\/index.php?rest_route=%2Fwp%2Fv2%2Fcategories&post=2097971"},{"taxonomy":"post_tag","embeddable":true,"href":"https:\/\/analyse.optim.biz\/index.php?rest_route=%2Fwp%2Fv2%2Ftags&post=2097971"}],"curies":[{"name":"wp","href":"https:\/\/api.w.org\/{rel}","templated":true}]}}