{"id":2097963,"date":"2026-08-17T06:41:46","date_gmt":"2026-08-17T03:41:46","guid":{"rendered":"https:\/\/analyse.optim.biz\/?p=2097963"},"modified":"2026-08-17T06:41:46","modified_gmt":"2026-08-17T03:41:46","slug":"pieton-accidentat-grav-langa-timisoara","status":"publish","type":"post","link":"https:\/\/analyse.optim.biz\/?p=2097963","title":{"rendered":"Pieton accidentat grav l\u00e2ng\u0103 Timi\u015foara"},"content":{"rendered":"<p>[analyse_image type=&#8221;featured&#8221; src=&#8221;https:\/\/renasterea.ro\/ro\/wp-content\/uploads\/2026\/07\/smurd-timisoara.jpghttps:\/\/renasterea.ro\/ro\/wp-content\/uploads\/2026\/07\/smurd-timisoara.jpg&#8221;]<\/p>\n<div class=\"entry-content\"><img loading=\"lazy\" decoding=\"async\" width=\"650\" height=\"385\" src=\"https:\/\/renasterea.ro\/ro\/wp-content\/uploads\/2026\/07\/smurd-timisoara.jpg\" class=\"attachment-medium size-medium wp-post-image\" alt=\"Pieton accidentat grav l\u00e2ng\u0103 Timi\u015foara\" title=\"Pieton accidentat grav l\u00e2ng\u0103 Timi\u015foara 1\"><\/p>\n<h4>Pieton accidentat grav l\u00e2ng\u0103 Timi\u015foara<\/h4>\n<p>Luni, 17 august, un b\u0103rbat \u00een v\u00e2rst\u0103 de 38 de ani a condus un autoturism pe DJ 591 C, din localitatea S\u0103c\u0103laz c\u0103tre Dude\u0219tii Noi, iar la un moment dat a surprins \u0219i accidentat un pieton care s-ar fi angajat \u00een traversarea neregulamentar\u0103 a drumului public.<\/p>\n<p>Pietonul, un b\u0103rbat de 42 de ani, a fost transportat la spital pentru acordarea \u00eengrijirilor medicale.<\/p>\n<p>Poli\u021bi\u0219tii continu\u0103 cercet\u0103rile \u00een cadrul unui dosar penal \u00eentocmit sub aspectul s\u0103v\u00e2r\u0219irii infrac\u021biunii de v\u0103t\u0103mare corporal\u0103 din culp\u0103.<\/p>\n<h2>CITE\u015eTE \u015eI: <span><a href=\"https:\/\/renasterea.ro\/intreruperi-de-curent-electric-in-timisoara-si-judetul-timis-in-perioada-17-21-august\/\">\u00centreruperi de curent electric \u00een Timi\u0219oara \u0219i jude\u021bul Timi\u0219, \u00een perioada 17-21 august<\/a><\/span><\/h2>\n<\/div>\n<p>[analyse_source url=&#8221;https:\/\/renasterea.ro\/pieton-accidentat-grav-langa-timisoara\/&#8221;]<\/p>\n","protected":false},"excerpt":{"rendered":"<p>[analyse_image type=&#8221;featured&#8221; src=&#8221;https:\/\/renasterea.ro\/ro\/wp-content\/uploads\/2026\/07\/smurd-timisoara.jpghttps:\/\/renasterea.ro\/ro\/wp-content\/uploads\/2026\/07\/smurd-timisoara.jpg&#8221;] Pieton accidentat grav l\u00e2ng\u0103 Timi\u015foara Luni, 17 august, un b\u0103rbat \u00een v\u00e2rst\u0103 de 38 de ani a condus un autoturism pe DJ 591 C, din localitatea S\u0103c\u0103laz c\u0103tre Dude\u0219tii Noi, iar la un moment dat a surprins \u0219i accidentat un pieton care s-ar fi angajat \u00een traversarea neregulamentar\u0103 a drumului public. Pietonul, [&hellip;]<\/p>\n","protected":false},"author":1,"featured_media":0,"comment_status":"open","ping_status":"","sticky":false,"template":"","format":"standard","meta":{"footnotes":""},"categories":[89],"tags":[226,188],"class_list":["post-2097963","post","type-post","status-publish","format-standard","hentry","category-romania","tag-crawlmanager","tag-renasterea-ro"],"_links":{"self":[{"href":"https:\/\/analyse.optim.biz\/index.php?rest_route=\/wp\/v2\/posts\/2097963","targetHints":{"allow":["GET"]}}],"collection":[{"href":"https:\/\/analyse.optim.biz\/index.php?rest_route=\/wp\/v2\/posts"}],"about":[{"href":"https:\/\/analyse.optim.biz\/index.php?rest_route=\/wp\/v2\/types\/post"}],"author":[{"embeddable":true,"href":"https:\/\/analyse.optim.biz\/index.php?rest_route=\/wp\/v2\/users\/1"}],"replies":[{"embeddable":true,"href":"https:\/\/analyse.optim.biz\/index.php?rest_route=%2Fwp%2Fv2%2Fcomments&post=2097963"}],"version-history":[{"count":0,"href":"https:\/\/analyse.optim.biz\/index.php?rest_route=\/wp\/v2\/posts\/2097963\/revisions"}],"wp:attachment":[{"href":"https:\/\/analyse.optim.biz\/index.php?rest_route=%2Fwp%2Fv2%2Fmedia&parent=2097963"}],"wp:term":[{"taxonomy":"category","embeddable":true,"href":"https:\/\/analyse.optim.biz\/index.php?rest_route=%2Fwp%2Fv2%2Fcategories&post=2097963"},{"taxonomy":"post_tag","embeddable":true,"href":"https:\/\/analyse.optim.biz\/index.php?rest_route=%2Fwp%2Fv2%2Ftags&post=2097963"}],"curies":[{"name":"wp","href":"https:\/\/api.w.org\/{rel}","templated":true}]}}