{"id":2097961,"date":"2026-08-17T09:29:27","date_gmt":"2026-08-17T06:29:27","guid":{"rendered":"https:\/\/analyse.optim.biz\/?p=2097961"},"modified":"2026-08-17T09:29:27","modified_gmt":"2026-08-17T06:29:27","slug":"au-inceput-lucrarile-de-restaurare-si-punere-in-siguranta-la-uszoda-cu-peste-100-de-voluntari-a-anuntat","status":"publish","type":"post","link":"https:\/\/analyse.optim.biz\/?p=2097961","title":{"rendered":"Au \u00eenceput lucr\u0103rile de restaurare \u0219i punere \u00een siguran\u021b\u0103 la Uszoda, cu peste 100 de voluntari, a anun\u0163at"},"content":{"rendered":"<p>[analyse_image type=&#8221;featured&#8221; src=&#8221;https:\/\/renasterea.ro\/ro\/wp-content\/uploads\/2026\/08\/uszoda.jpghttps:\/\/renasterea.ro\/ro\/wp-content\/uploads\/2026\/08\/uszoda.jpg&#8221;]<\/p>\n<div class=\"entry-content\"><img loading=\"lazy\" decoding=\"async\" width=\"650\" height=\"434\" src=\"https:\/\/renasterea.ro\/ro\/wp-content\/uploads\/2026\/08\/uszoda.jpg\" class=\"attachment-medium size-medium wp-post-image\" alt=\"Au \u00eenceput lucr\u0103rile de restaurare \u0219i punere \u00een siguran\u021b\u0103 la Uszoda, cu peste 100 de voluntari, a anun\u0163at Prim\u0103ria Timi\u015foara\" title=\"Au \u00eenceput lucr\u0103rile de restaurare \u0219i punere \u00een siguran\u021b\u0103 la Uszoda, cu peste 100 de voluntari, a anun\u0163at Prim\u0103ria Timi\u015foara 1\"><\/p>\n<h4>Prim\u0103ria Municipiului Timi\u0219oara \u0219i Asocia\u021bia Arhabito, prin proiectul Ambulan\u021ba pentru Monumente \u2013 Banat, au \u00eenceput interven\u021biile de restaurare \u0219i punere \u00een siguran\u021b\u0103 a Bazei Uszoda.<\/h4>\n<p>Timp de o lun\u0103, peste 100 de voluntari din \u00eentreaga \u021bar\u0103, studen\u021bi ai facult\u0103\u021bilor de profil \u0219i speciali\u0219ti \u00een patrimoniu, vor lucra la \u201econservarea ansamblului istoric care \u00eempline\u0219te anul acesta 100 de ani\u201d. Municipalitatea va asigura materialele necesare pentru lucr\u0103ri, a transmis aceasta, \u00eentr-un comunicat.<\/p>\n<p>\u201eAvem \u00een comunitate oameni care vor s\u0103 se implice \u0219i organiza\u021bii cu expertiz\u0103 \u0219i rezultate dovedite \u0219i m\u0103 bucur c\u0103 reu\u0219im s\u0103 atragem parteneri precum Asocia\u021bia Arhabito \u0219i voluntari. Vrem ca Uszoda s\u0103 devin\u0103 un spa\u021biu viu, folosit de comunitate, dar, \u00een acela\u0219i timp, dorim s\u0103 p\u0103str\u0103m memoria acestui loc. Baza nu mai poate fi transformat\u0103 \u00eentr-un \u0219trand dup\u0103 modelul de acum 100 de ani, c\u00e2nd a fost construit\u0103, dar o reg\u00e2ndim \u00eentr-un circuit sportiv, cu spa\u021bii pentru mi\u0219care \u0219i activit\u0103\u021bi, p\u0103str\u00e2nd, \u00een acela\u0219i timp, memoria locului. Facem acum, \u00eempreun\u0103 cu exper\u021bi \u0219i voluntari, un pas important \u00een transformarea Uszodei\u201d, a declarat viceprimarul Ruben La\u021bc\u0103u.<\/p>\n<h2>CITE\u015eTE \u015eI: <span><a href=\"https:\/\/renasterea.ro\/in-timisoara-cosmopolita-statiile-mijloacelor-de-transport-in-comun-sunt-umilitoare\/\">\u00cen Timi\u0219oara cosmopolit\u0103, sta\u021biile mijloacelor de transport \u00een comun sunt umilitoare. Ce spun locuitorii ora\u015fului<\/a><\/span><\/h2>\n<p>\u201eAnul acesta, baza sportiv\u0103 cunoscut\u0103 ast\u0103zi drept Uszoda marcheaz\u0103 100 de ani de la \u00eenfiin\u021bare. Am considerat c\u0103 acest moment aniversar este un prilej potrivit pentru a \u00eendrepta eforturile proiectului Ambulan\u021ba pentru Monumente \u2013 Banat c\u0103tre acest loc emblematic pentru Timi\u0219oara \u0219i pentru memoria ora\u0219ului. Este prima interven\u021bie pe care o desf\u0103\u0219ur\u0103m \u00een mediul urban. P\u00e2n\u0103 acum, proiectele Ambulan\u021ba pentru Monumente \u2013 Banat au vizat cu prec\u0103dere ansambluri \u0219i monumente istorice din mediul rural. Interven\u021bia de la Uszoda reprezint\u0103, astfel, o nou\u0103 provocare pentru echipa noastr\u0103, dar \u0219i o oportunitate de a fi mai aproape de comunitatea timi\u0219orean\u0103 \u0219i de a implica un num\u0103r c\u00e2t mai mare de oameni \u00eentr-un efort comun pentru salvarea patrimoniului cultural.<\/p>\n<p>\u00cencep\u00e2nd de ast\u0103zi, timp de o lun\u0103, al\u0103turi de voluntari veni\u021bi din toate col\u021burile \u021b\u0103rii, ne propunem s\u0103 desf\u0103\u0219ur\u0103m la Uszoda o interven\u021bie integrat\u0103 de salvgardare, bazat\u0103 pe o abordare dual\u0103: conservarea \u0219i recuperarea substan\u021bei istorice, concomitent cu reactivarea cultural\u0103 a sitului. Ne propunem \u0219i o salvare memorial\u0103 \u0219i identitar\u0103 a locului \u2013 a pove\u0219tilor, amintirilor \u0219i experien\u021belor pe care baza sportiv\u0103 le-a adunat de-a lungul unui secol \u0219i care au f\u0103cut-o parte din memoria colectiv\u0103 a genera\u021biilor de timi\u0219oreni\u201d, a declarat pre\u0219edintele Asocia\u021biei Arhabito, Mihai-Claudiu Moldovan.<\/p>\n<p>Interven\u021biile se desf\u0103\u0219oar\u0103 timp de o lun\u0103, p\u00e2n\u0103 pe 13 septembrie. Lucr\u0103rile vizeaz\u0103 punerea \u00een siguran\u021b\u0103 \u0219i restaurarea ansamblului prin consolidarea \u0219i completarea \u0219arpantelor, refacerea \u00eenvelitorii din \u021bigl\u0103, redeschiderea golurilor obturate \u0219i reconstituirea profilelor acestora, precum \u0219i interven\u021bii asupra paramentelor, cu respectarea caracterului istoric al Uszodei \u2013 loca\u021bia fostelor b\u0103i populare din Timi\u0219oara. Aceste lucr\u0103ri vor contribui la oprirea degrad\u0103rii \u0219i la recuperarea valorii arhitecturale a ansamblului, a precizat municipalitatea.<\/p>\n<p>\u201e\u00cen paralel cu lucr\u0103rile de conservare, Uszoda va g\u0103zdui activit\u0103\u021bi culturale \u0219i comunitare dedicate centenarului ansamblului. Astfel, baza va reintra treptat \u00een via\u021ba ora\u0219ului, p\u0103str\u00e2nd leg\u0103tura cu cultura urban\u0103 \u0219i comunit\u0103\u021bile care au folosit acest spa\u021biu de-a lungul timpului\u201d, se mai arat\u0103 \u00een comunicatul Prim\u0103riei Timi\u015foara.<\/p>\n<p>Ambulan\u021ba pentru Monumente este un proiect civic na\u021bional dedicat salv\u0103rii patrimoniului construit aflat \u00een degradare, prin interven\u021bii care reunesc speciali\u0219ti \u0219i voluntari. Programul mobilizeaz\u0103 \u00een special studen\u021bi \u0219i tineri profesioni\u0219ti din domeniile arhitecturii, restaur\u0103rii \u0219i patrimoniului \u0219i a contribuit la salvarea a peste 100 de monumente din Rom\u00e2nia. Activitatea sa a fost recunoscut\u0103 la nivel european prin Premiul European pentru Patrimoniu \/ Premiul Europa Nostra. Pe plan regional proiectul este implementat \u00een jude\u021bele Timi\u0219 \u0219i Cara\u0219-Severin de Asocia\u021bia Arhabito.<\/p>\n<\/div>\n<p>[analyse_source url=&#8221;https:\/\/renasterea.ro\/au-inceput-lucrarile-de-restaurare-si-punere-in-siguranta-la-uszoda-cu-peste-100-de-voluntari-a-anuntat-primaria-timisoara\/&#8221;]<\/p>\n","protected":false},"excerpt":{"rendered":"<p>[analyse_image type=&#8221;featured&#8221; src=&#8221;https:\/\/renasterea.ro\/ro\/wp-content\/uploads\/2026\/08\/uszoda.jpghttps:\/\/renasterea.ro\/ro\/wp-content\/uploads\/2026\/08\/uszoda.jpg&#8221;] Prim\u0103ria Municipiului Timi\u0219oara \u0219i Asocia\u021bia Arhabito, prin proiectul Ambulan\u021ba pentru Monumente \u2013 Banat, au \u00eenceput interven\u021biile de restaurare \u0219i punere \u00een siguran\u021b\u0103 a Bazei Uszoda. Timp de o lun\u0103, peste 100 de voluntari din \u00eentreaga \u021bar\u0103, studen\u021bi ai facult\u0103\u021bilor de profil \u0219i speciali\u0219ti \u00een patrimoniu, vor lucra la \u201econservarea ansamblului istoric care [&hellip;]<\/p>\n","protected":false},"author":1,"featured_media":0,"comment_status":"open","ping_status":"","sticky":false,"template":"","format":"standard","meta":{"footnotes":""},"categories":[89],"tags":[226,188],"class_list":["post-2097961","post","type-post","status-publish","format-standard","hentry","category-romania","tag-crawlmanager","tag-renasterea-ro"],"_links":{"self":[{"href":"https:\/\/analyse.optim.biz\/index.php?rest_route=\/wp\/v2\/posts\/2097961","targetHints":{"allow":["GET"]}}],"collection":[{"href":"https:\/\/analyse.optim.biz\/index.php?rest_route=\/wp\/v2\/posts"}],"about":[{"href":"https:\/\/analyse.optim.biz\/index.php?rest_route=\/wp\/v2\/types\/post"}],"author":[{"embeddable":true,"href":"https:\/\/analyse.optim.biz\/index.php?rest_route=\/wp\/v2\/users\/1"}],"replies":[{"embeddable":true,"href":"https:\/\/analyse.optim.biz\/index.php?rest_route=%2Fwp%2Fv2%2Fcomments&post=2097961"}],"version-history":[{"count":0,"href":"https:\/\/analyse.optim.biz\/index.php?rest_route=\/wp\/v2\/posts\/2097961\/revisions"}],"wp:attachment":[{"href":"https:\/\/analyse.optim.biz\/index.php?rest_route=%2Fwp%2Fv2%2Fmedia&parent=2097961"}],"wp:term":[{"taxonomy":"category","embeddable":true,"href":"https:\/\/analyse.optim.biz\/index.php?rest_route=%2Fwp%2Fv2%2Fcategories&post=2097961"},{"taxonomy":"post_tag","embeddable":true,"href":"https:\/\/analyse.optim.biz\/index.php?rest_route=%2Fwp%2Fv2%2Ftags&post=2097961"}],"curies":[{"name":"wp","href":"https:\/\/api.w.org\/{rel}","templated":true}]}}