{"id":2097957,"date":"2026-08-17T10:34:55","date_gmt":"2026-08-17T07:34:55","guid":{"rendered":"https:\/\/analyse.optim.biz\/?p=2097957"},"modified":"2026-08-17T10:34:55","modified_gmt":"2026-08-17T07:34:55","slug":"victor-ponta-este-pregatit-sa-revina-in-fruntea-guvernului-daca-imi-va-propune-domnul-presedinte","status":"publish","type":"post","link":"https:\/\/analyse.optim.biz\/?p=2097957","title":{"rendered":"Victor Ponta este preg\u0103tit s\u0103 revin\u0103 \u00een fruntea Guvernului: &#8220;Dac\u0103 \u00eemi va propune domnul pre\u0219edinte"},"content":{"rendered":"<p>[analyse_image type=&#8221;featured&#8221; src=&#8221;https:\/\/renasterea.ro\/ro\/wp-content\/uploads\/2026\/08\/victor-ponta.jpghttps:\/\/renasterea.ro\/ro\/wp-content\/uploads\/2026\/08\/victor-ponta.jpg&#8221;]<\/p>\n<div class=\"entry-content\"><img loading=\"lazy\" decoding=\"async\" width=\"650\" height=\"426\" src=\"https:\/\/renasterea.ro\/ro\/wp-content\/uploads\/2026\/08\/victor-ponta.jpg\" class=\"attachment-medium size-medium wp-post-image\" alt=\"Victor Ponta este preg\u0103tit s\u0103 revin\u0103 \u00een fruntea Guvernului: &quot;Dac\u0103 \u00eemi va propune domnul pre\u0219edinte Nicu\u0219or Dan, sigur c\u0103 voi spune da&quot;\" title=\"Victor Ponta este preg\u0103tit s\u0103 revin\u0103 \u00een fruntea Guvernului: &quot;Dac\u0103 \u00eemi va propune domnul pre\u0219edinte Nicu\u0219or Dan, sigur c\u0103 voi spune da&quot; 1\"><\/p>\n<h4>Victor Ponta nu ar refuza s\u0103 revin\u0103 \u00een fruntea Guvernului \u00een cazul \u00een care \u0219eful statului \u00eei propune. Politicianul spune c\u0103 forma\u021biunea din care face parte l-a propus pentru func\u021bia de premier la consult\u0103rile de la Cotroceni.<\/h4>\n<p>Victor Ponta a \u021binut s\u0103 sublinieze c\u0103 Rom\u00e2nia nu depinde de un singur om. Acesta spune c\u0103 ar sus\u021bine inclusiv alte variante de premier. Se a\u0219teapt\u0103 ca Nicu\u0219or Dan s\u0103 fac\u0103 o nou\u0103 desemnare pentru func\u021bia de premier \u00een zilele urm\u0103toare.<\/p>\n<p>\u201eGrupul din care eu fac parte, Uni\u021bi pentru Rom\u00e2nia, a propus la Cotroceni, la consult\u0103ri, au spus, dom\u2019le, noi, grup mic, e adev\u0103rat, 18 parlamentari, \u00eel propunem pe Victor Ponta prim-ministru.Vreau s\u0103 spun foarte clar, s\u0103 r\u0103spund foarte direct. Dac\u0103 \u00eemi va propune domnul pre\u0219edinte Nicu\u0219or Dan, sigur c\u0103 voi spune da, dar \u00een aceea\u0219i m\u0103sur\u0103 nu cred c\u0103 st\u0103 \u021bara \u00eentr-un om. Cum nu st\u0103 \u00een Bolojan, nu st\u0103 nici \u00een Ponta. \u00cen m\u0103sura \u00een care \u00eel va propune pe Sorin Grindeanu, care are cel mai mare grup din Parlament, sau pe Nazare, sau pe Tomac, repet, nu voi spune, nu, domnule, nu sunt eu, cum face domnul Bolojan, domnule, nu e el s\u0103 nu fie nimeni.<br \/>\nNu, nu sunt eu. Dac\u0103 e Grindeanu, dac\u0103 e Nazare, dac\u0103 e Tomac \u0219i cer ajutorul, r\u0103spunsul meu este categoric da\u201d, a declarat Victor Ponta, pentru Rom\u00e2nia TV.<\/p>\n<p>Ponta mai spune c\u0103 mai multe m\u0103suri fiscale adoptate \u00een perioada guvern\u0103rilor PSD-PNL au fost gre\u0219ite.<\/p>\n<p>\u201eAu fost ni\u0219te decizii total gre\u0219ite, ale guvernului PSD, PNL, cine era UDMR, \u0219i atunci am spus, \u0219i spun \u0219i acum, c\u0103 am \u00eenv\u0103\u021bat pe pielea mea, ca s\u0103 zic a\u0219a, ca prim-ministru.<\/p>\n<p>\u00cen Rom\u00e2nia m\u0103re\u0219ti taxe, \u00eencasezi mai pu\u021bin la buget \u0219i distrugi economia. Tai taxe, s-a dovedit chestia asta \u00een 2014-2015, tai taxe, \u00eei sco\u021bi de pe pia\u021b\u0103 pe evazioni\u0219ti \u0219i \u00eei aju\u021bi pe cei corec\u021bi care pl\u0103tesc de fapt mai mul\u021bi bani.\u201d, a declarat fostul premier.<\/p>\n<p>\u201eDac\u0103 v\u0103 aduce\u021bi aminte, cu impozitul pe dividende care era 16%, am luat decizia de a-l duce la 5% \u0219i atunci Comisia European\u0103, toat\u0103 lumea a zis c\u0103 nu-i bine. \u0218i le-am zis, uite, haide\u021bi s\u0103 vede\u021bi c\u0103 \u00een 2016 \u00eencas\u0103m din 5% mai mult dec\u00e2t din 16% \u0219i s-a dovedit adev\u0103rat.\u201d<\/p>\n<p>Ponta atrage aten\u021bia asupra faptului c\u0103 m\u0103surile fiscale trebuie adaptate realit\u0103\u021bilor economiei rom\u00e2ne\u0219ti. Major\u0103rile de taxe nu sunt o solu\u021bie, mai spune el.<\/p>\n<p>\u201eNu trebuie s\u0103 iei premiul Nobel pentru economie, trebuie s\u0103 \u00een\u021belegi cum func\u021bioneaz\u0103 economia Rom\u00e2niei \u0219i, repet, toate m\u0103surile pe care le-a luat Bolojan, c\u0103 le-a luat \u00eenainte Ciolacu sau cine le-a luat, Ciuc\u0103, de cre\u0219teri de taxe, din punctul meu de vedere, au avut un efect \u0219i au un efect nociv asupra firmelor rom\u00e2ne\u0219ti.\u201d, mai spune Ponta.<\/p>\n<p>Articol preluat de pe <a href=\"https:\/\/www.stiripesurse.ro\/victor-ponta-este-pregatit-sa-revina-in-fruntea-guvernului-daca-imi-va-propune-domnul-presedinte-nicusor-dan-sigur-ca-voi-spune-da_3912667\" rel=\"noopener\">stiripesurse.ro<\/a><\/p>\n<\/div>\n<p>[analyse_source url=&#8221;https:\/\/renasterea.ro\/victor-ponta-este-pregatit-sa-revina-in-fruntea-guvernului-daca-imi-va-propune-domnul-presedinte-nicusor-dan-sigur-ca-voi-spune-da\/&#8221;]<\/p>\n","protected":false},"excerpt":{"rendered":"<p>[analyse_image type=&#8221;featured&#8221; src=&#8221;https:\/\/renasterea.ro\/ro\/wp-content\/uploads\/2026\/08\/victor-ponta.jpghttps:\/\/renasterea.ro\/ro\/wp-content\/uploads\/2026\/08\/victor-ponta.jpg&#8221;] Victor Ponta nu ar refuza s\u0103 revin\u0103 \u00een fruntea Guvernului \u00een cazul \u00een care \u0219eful statului \u00eei propune. Politicianul spune c\u0103 forma\u021biunea din care face parte l-a propus pentru func\u021bia de premier la consult\u0103rile de la Cotroceni. Victor Ponta a \u021binut s\u0103 sublinieze c\u0103 Rom\u00e2nia nu depinde de un singur om. Acesta [&hellip;]<\/p>\n","protected":false},"author":1,"featured_media":0,"comment_status":"open","ping_status":"","sticky":false,"template":"","format":"standard","meta":{"footnotes":""},"categories":[89],"tags":[226,188],"class_list":["post-2097957","post","type-post","status-publish","format-standard","hentry","category-romania","tag-crawlmanager","tag-renasterea-ro"],"_links":{"self":[{"href":"https:\/\/analyse.optim.biz\/index.php?rest_route=\/wp\/v2\/posts\/2097957","targetHints":{"allow":["GET"]}}],"collection":[{"href":"https:\/\/analyse.optim.biz\/index.php?rest_route=\/wp\/v2\/posts"}],"about":[{"href":"https:\/\/analyse.optim.biz\/index.php?rest_route=\/wp\/v2\/types\/post"}],"author":[{"embeddable":true,"href":"https:\/\/analyse.optim.biz\/index.php?rest_route=\/wp\/v2\/users\/1"}],"replies":[{"embeddable":true,"href":"https:\/\/analyse.optim.biz\/index.php?rest_route=%2Fwp%2Fv2%2Fcomments&post=2097957"}],"version-history":[{"count":0,"href":"https:\/\/analyse.optim.biz\/index.php?rest_route=\/wp\/v2\/posts\/2097957\/revisions"}],"wp:attachment":[{"href":"https:\/\/analyse.optim.biz\/index.php?rest_route=%2Fwp%2Fv2%2Fmedia&parent=2097957"}],"wp:term":[{"taxonomy":"category","embeddable":true,"href":"https:\/\/analyse.optim.biz\/index.php?rest_route=%2Fwp%2Fv2%2Fcategories&post=2097957"},{"taxonomy":"post_tag","embeddable":true,"href":"https:\/\/analyse.optim.biz\/index.php?rest_route=%2Fwp%2Fv2%2Ftags&post=2097957"}],"curies":[{"name":"wp","href":"https:\/\/api.w.org\/{rel}","templated":true}]}}