{"id":2097949,"date":"2026-08-17T10:20:49","date_gmt":"2026-08-17T07:20:49","guid":{"rendered":"https:\/\/analyse.optim.biz\/?p=2097949"},"modified":"2026-08-17T10:20:49","modified_gmt":"2026-08-17T07:20:49","slug":"muzeul-satului-banatean-din-timisoara-salveaza-doua-constructii-traditionale-din-banatul-montan","status":"publish","type":"post","link":"https:\/\/analyse.optim.biz\/?p=2097949","title":{"rendered":"Muzeul Satului B\u0103n\u0103\u021bean din Timi\u015foara salveaz\u0103 dou\u0103 construc\u021bii tradi\u021bionale din Banatul Montan"},"content":{"rendered":"<p>[analyse_image type=&#8221;featured&#8221; src=&#8221;https:\/\/renasterea.ro\/ro\/wp-content\/uploads\/2026\/08\/moara-si-salas.jpghttps:\/\/renasterea.ro\/ro\/wp-content\/uploads\/2026\/08\/moara-si-salas.jpg&#8221;]<\/p>\n<div class=\"entry-content\"><img loading=\"lazy\" decoding=\"async\" width=\"800\" height=\"316\" src=\"https:\/\/renasterea.ro\/ro\/wp-content\/uploads\/2026\/08\/moara-si-salas.jpg\" class=\"attachment-medium size-medium wp-post-image\" alt=\"Muzeul Satului B\u0103n\u0103\u021bean din Timi\u015foara salveaz\u0103 dou\u0103 construc\u021bii tradi\u021bionale din Banatul Montan\" title=\"Muzeul Satului B\u0103n\u0103\u021bean din Timi\u015foara salveaz\u0103 dou\u0103 construc\u021bii tradi\u021bionale din Banatul Montan 1\"><\/p>\n<h4 class=\"western\" lang=\"ro-RO\">Muzeul Satului B\u0103n\u0103\u021bean din Timi\u0219oara \u00ee\u0219i \u00eembog\u0103\u021be\u0219te patrimoniul cu dou\u0103 construc\u021bii tradi\u021bionale din jude\u021bul Cara\u0219-Severin, salvate de la degradare: un s\u0103la\u0219 pastoral din zona comunei Eftimie Murgu (Rud\u0103ria) \u0219i o moar\u0103 de ap\u0103 din apropierea satului Prilipe\u021b, comuna Bozovici.<\/h4>\n<p class=\"western\" lang=\"ro-RO\">\u00cen perioada 19\u201321 august, cele dou\u0103 obiective vor fi demontate \u0219i transferate la Muzeul Satului B\u0103n\u0103\u021bean, unde vor intra \u00een patrimoniul institu\u021biei \u0219i vor fi supuse etapelor de documentare, conservare \u0219i restaurare, \u00een vederea reconstruc\u021biei.<\/p>\n<p class=\"western\" lang=\"ro-RO\">Primul obiectiv este un s\u0103la\u0219 pastoral fortificat, realizat din b\u00e2rne de lemn \u0219i donat muzeului de familia Dancea din Rud\u0103ria. Construc\u021bia este alc\u0103tuit\u0103 din dou\u0103 corpuri rectangulare, paralele, a\u0219ezate pe bolovani mari de piatr\u0103, configura\u021bie caracteristic\u0103 s\u0103la\u0219urilor din zona de munte a Banatului. Vor fi recuperate toate elementele constructive care pot fi salvate, de la structura din lemn \u0219i elementele de t\u00e2mpl\u0103rie, p\u00e2n\u0103 la funda\u021bia din piatr\u0103.<\/p>\n<p class=\"western\" lang=\"ro-RO\">Cel de-al doilea obiectiv este o moar\u0103 de ap\u0103 din apropierea satului Prilipe\u021b, comuna Bozovici. Moara este una de mici dimensiuni, cu roat\u0103 orizontal\u0103 \u0219i se remarc\u0103 prin acoperi\u0219ul extins deasupra intr\u0103rii, care oferea ad\u0103post animalelor de povar\u0103.<\/p>\n<p class=\"western\" lang=\"ro-RO\">\u201eEste important s\u0103 aducem aceste obiective la muzeu acum, c\u00e2nd \u00eenc\u0103 nu este prea t\u00e2rziu. Sunt construc\u021bii abandonate care vor disp\u0103rea \u00een c\u00e2\u021biva ani \u0219i faptul c\u0103 le aducem la muzeu le d\u0103 o nou\u0103 via\u021b\u0103. S\u0103la\u0219ul reprezint\u0103 un tip de construc\u021bie care nu era reprezentat p\u00e2n\u0103 acum \u00een ansamblul nostru \u00een aer liber \u0219i ne ajut\u0103 s\u0103 prezent\u0103m mai bine arhitectura \u0219i modul de via\u021b\u0103 tradi\u021bional din zona montan\u0103 a Banatului\u201d, a declarat Radu Trifan, managerul Muzeului Satului B\u0103n\u0103\u021bean Timi\u0219oara.<\/p>\n<p class=\"western\" lang=\"ro-RO\">Dup\u0103 finalizarea lucr\u0103rilor de conservare \u0219i restaurare, cele dou\u0103 construc\u021bii vor fi reconstruite \u00een cadrul muzeului \u0219i integrate \u00een circuitul de vizitare.<\/p>\n<\/div>\n<p>[analyse_source url=&#8221;https:\/\/renasterea.ro\/muzeul-satului-banatean-din-timisoara-salveaza-doua-constructii-traditionale-din-banatul-montan\/&#8221;]<\/p>\n","protected":false},"excerpt":{"rendered":"<p>[analyse_image type=&#8221;featured&#8221; src=&#8221;https:\/\/renasterea.ro\/ro\/wp-content\/uploads\/2026\/08\/moara-si-salas.jpghttps:\/\/renasterea.ro\/ro\/wp-content\/uploads\/2026\/08\/moara-si-salas.jpg&#8221;] Muzeul Satului B\u0103n\u0103\u021bean din Timi\u0219oara \u00ee\u0219i \u00eembog\u0103\u021be\u0219te patrimoniul cu dou\u0103 construc\u021bii tradi\u021bionale din jude\u021bul Cara\u0219-Severin, salvate de la degradare: un s\u0103la\u0219 pastoral din zona comunei Eftimie Murgu (Rud\u0103ria) \u0219i o moar\u0103 de ap\u0103 din apropierea satului Prilipe\u021b, comuna Bozovici. \u00cen perioada 19\u201321 august, cele dou\u0103 obiective vor fi demontate \u0219i transferate la [&hellip;]<\/p>\n","protected":false},"author":1,"featured_media":0,"comment_status":"open","ping_status":"","sticky":false,"template":"","format":"standard","meta":{"footnotes":""},"categories":[89],"tags":[226,188],"class_list":["post-2097949","post","type-post","status-publish","format-standard","hentry","category-romania","tag-crawlmanager","tag-renasterea-ro"],"_links":{"self":[{"href":"https:\/\/analyse.optim.biz\/index.php?rest_route=\/wp\/v2\/posts\/2097949","targetHints":{"allow":["GET"]}}],"collection":[{"href":"https:\/\/analyse.optim.biz\/index.php?rest_route=\/wp\/v2\/posts"}],"about":[{"href":"https:\/\/analyse.optim.biz\/index.php?rest_route=\/wp\/v2\/types\/post"}],"author":[{"embeddable":true,"href":"https:\/\/analyse.optim.biz\/index.php?rest_route=\/wp\/v2\/users\/1"}],"replies":[{"embeddable":true,"href":"https:\/\/analyse.optim.biz\/index.php?rest_route=%2Fwp%2Fv2%2Fcomments&post=2097949"}],"version-history":[{"count":0,"href":"https:\/\/analyse.optim.biz\/index.php?rest_route=\/wp\/v2\/posts\/2097949\/revisions"}],"wp:attachment":[{"href":"https:\/\/analyse.optim.biz\/index.php?rest_route=%2Fwp%2Fv2%2Fmedia&parent=2097949"}],"wp:term":[{"taxonomy":"category","embeddable":true,"href":"https:\/\/analyse.optim.biz\/index.php?rest_route=%2Fwp%2Fv2%2Fcategories&post=2097949"},{"taxonomy":"post_tag","embeddable":true,"href":"https:\/\/analyse.optim.biz\/index.php?rest_route=%2Fwp%2Fv2%2Ftags&post=2097949"}],"curies":[{"name":"wp","href":"https:\/\/api.w.org\/{rel}","templated":true}]}}