{"id":2097945,"date":"2026-08-17T12:59:27","date_gmt":"2026-08-17T09:59:27","guid":{"rendered":"https:\/\/analyse.optim.biz\/?p=2097945"},"modified":"2026-08-17T12:59:27","modified_gmt":"2026-08-17T09:59:27","slug":"e-neconstitutionala-sintagma-persoana-care-are-relatii-asemanatoare-celor-dintre-soti-din-legea-ani-si-publicarea-declaratiilor-sotului-sotiei","status":"publish","type":"post","link":"https:\/\/analyse.optim.biz\/?p=2097945","title":{"rendered":"E neconstitu\u0163ional\u0103 sintagma \u201cpersoana care are rela\u0163ii asem\u0103n\u0103toare celor dintre so\u0163i\u201d din legea ANI \u015fi publicarea declara\u0163iilor so\u0163ului\/so\u0163iei"},"content":{"rendered":"<p>[analyse_image type=&#8221;featured&#8221; src=&#8221;https:\/\/ziardesuceava.ro\/wp-content\/uploads\/2026\/02\/ccr-1.jpg&#8221;]<\/p>\n<div class=\"post-content clearfix\">\n<div class=\"blog-post-thumb\"><img loading=\"lazy\" decoding=\"async\" width=\"820\" height=\"546\" src=\"https:\/\/ziardesuceava.ro\/wp-content\/uploads\/2026\/02\/ccr-1.jpg\" class=\"attachment-inhype-blog-thumb size-inhype-blog-thumb wp-post-image\" alt><\/div>\n<div class=\"entry-content\">\n<p>Curtea Constitu\u0163ional\u0103 a decis, luni, c\u0103 este neconstitu\u0163ional\u0103 sintagma \u201cpersoana care are rela\u0163ii asem\u0103n\u0103toare celor dintre soti\u201d din legea ANI dar \u015fi publicarea declara\u0163iilor de interese financiare ale so\u0163ului\/so\u0163iei \u015fi a func\u0163ionarilor\/demnitarilor viza\u0163i de lege. De asemenea, amendamentul care \u00eel vizeaz\u0103 pe primarul Timi\u015foarei, liderul USR Dominic Fritz, privind \u00eencetarea mandatului, la incompatibilitate \u015fi conflict de interese, \u00een 30 de zile, a fost declarat constitu\u0163ional.<\/p>\n<p>Astfel, judec\u0103torii CCR au decis, cu unanimitate de voturi, c\u0103 este neconstitu\u0163ional\u0103 sintagma \u201cpersoana care are rela\u0163ii asem\u0103n\u0103toare celor dintre so\u0163i\u201d din legea ANI.<\/p>\n<p>De asemenea, cu unanimitate fost declarat\u0103 neconstitu\u0163ional\u0103 publicarea declara\u0163iilor de interese financiare ale so\u0163ului\/sotiei, \u015fi cu majoritate \u2013 a func\u0163ionarilor\/demnitarilor viza\u0163i de lege.<\/p>\n<p>\u00cen plus, cu majoritate. a fost declarat\u0103 constitu\u0163ional\u0103 \u00eencetarea de drept a func\u0163iei \/ demnit\u0103\u0163ii publice, la 30 de zile de la intarea \u00een vigoare a legii.<\/p>\n<p>\u00a0<\/p>\n<p>Legea integrit\u0103\u0163ii a fostr contestat\u0103 at\u00e2t de un grup de senatori USR \u015fi PNL, c\u00e2t \u015fi de pre\u015fedintele Nicu\u015for Dan.<\/p>\n<\/div>\n<div class=\"inhype-social-share-fixed sidebar-position-right\">\n<div class=\"post-social-wrapper\">\n<div class=\"post-social-title\"><span class=\"post-social-title-text\">Share<\/span><\/div>\n<\/div>\n<\/div>\n<\/div>\n<p>[analyse_source url=&#8221;https:\/\/ziardesuceava.ro\/e-neconstitutionala-sintagma-persoana-care-are-relatii-asemanatoare-celor-dintre-soti-din-legea-ani-si-publicarea-declaratiilor-sotului-sotiei\/&#8221;]<\/p>\n","protected":false},"excerpt":{"rendered":"<p>[analyse_image type=&#8221;featured&#8221; src=&#8221;https:\/\/ziardesuceava.ro\/wp-content\/uploads\/2026\/02\/ccr-1.jpg&#8221;] Curtea Constitu\u0163ional\u0103 a decis, luni, c\u0103 este neconstitu\u0163ional\u0103 sintagma \u201cpersoana care are rela\u0163ii asem\u0103n\u0103toare celor dintre soti\u201d din legea ANI dar \u015fi publicarea declara\u0163iilor de interese financiare ale so\u0163ului\/so\u0163iei \u015fi a func\u0163ionarilor\/demnitarilor viza\u0163i de lege. De asemenea, amendamentul care \u00eel vizeaz\u0103 pe primarul Timi\u015foarei, liderul USR Dominic Fritz, privind \u00eencetarea mandatului, la [&hellip;]<\/p>\n","protected":false},"author":1,"featured_media":0,"comment_status":"open","ping_status":"","sticky":false,"template":"","format":"standard","meta":{"footnotes":""},"categories":[89],"tags":[226,171],"class_list":["post-2097945","post","type-post","status-publish","format-standard","hentry","category-romania","tag-crawlmanager","tag-ziardesuceava-ro"],"_links":{"self":[{"href":"https:\/\/analyse.optim.biz\/index.php?rest_route=\/wp\/v2\/posts\/2097945","targetHints":{"allow":["GET"]}}],"collection":[{"href":"https:\/\/analyse.optim.biz\/index.php?rest_route=\/wp\/v2\/posts"}],"about":[{"href":"https:\/\/analyse.optim.biz\/index.php?rest_route=\/wp\/v2\/types\/post"}],"author":[{"embeddable":true,"href":"https:\/\/analyse.optim.biz\/index.php?rest_route=\/wp\/v2\/users\/1"}],"replies":[{"embeddable":true,"href":"https:\/\/analyse.optim.biz\/index.php?rest_route=%2Fwp%2Fv2%2Fcomments&post=2097945"}],"version-history":[{"count":0,"href":"https:\/\/analyse.optim.biz\/index.php?rest_route=\/wp\/v2\/posts\/2097945\/revisions"}],"wp:attachment":[{"href":"https:\/\/analyse.optim.biz\/index.php?rest_route=%2Fwp%2Fv2%2Fmedia&parent=2097945"}],"wp:term":[{"taxonomy":"category","embeddable":true,"href":"https:\/\/analyse.optim.biz\/index.php?rest_route=%2Fwp%2Fv2%2Fcategories&post=2097945"},{"taxonomy":"post_tag","embeddable":true,"href":"https:\/\/analyse.optim.biz\/index.php?rest_route=%2Fwp%2Fv2%2Ftags&post=2097945"}],"curies":[{"name":"wp","href":"https:\/\/api.w.org\/{rel}","templated":true}]}}