{"id":2097934,"date":"2026-08-17T13:17:46","date_gmt":"2026-08-17T10:17:46","guid":{"rendered":"https:\/\/analyse.optim.biz\/?p=2097934"},"modified":"2026-08-17T13:17:46","modified_gmt":"2026-08-17T10:17:46","slug":"ccr-amendamentul-fritz-la-legea-integritatii-este-constitutional-primarul-timisoarei-isi-pierde-mandatul-cand-lege-intra-in-vigoare","status":"publish","type":"post","link":"https:\/\/analyse.optim.biz\/?p=2097934","title":{"rendered":"CCR: Amendamentul Fritz la Legea Integrit\u0103\u021bii este constitu\u021bional. Primarul Timi\u0219oarei \u00ee\u0219i pierde mandatul c\u00e2nd lege intr\u0103 \u00een vigoare"},"content":{"rendered":"<p>[analyse_image type=&#8221;featured&#8221; src=&#8221;https:\/\/r3media.ro\/wp-content\/uploads\/2023\/04\/fritz-opera-e1781896274265.jpghttps:\/\/r3media.ro\/wp-content\/uploads\/2023\/04\/fritz-opera-e1781896274265.jpg&#8221;]<\/p>\n<article id=\"template-id-109\" class=\"post-109 tdb_templates type-tdb_templates status-publish post\">\n<div id=\"tdi_2\" class=\"tdc-zone\">\n<div class=\"tdc_zone tdi_3  wpb_row td-pb-row\">\n<div id=\"tdi_4\" class=\"tdc-row\">\n<div class=\"vc_row tdi_5  wpb_row td-pb-row\">\n<div class=\"vc_column tdi_7  wpb_column vc_column_container tdc-column td-pb-span8\">\n<div class=\"wpb_wrapper\">\n<div class=\"td_block_wrap tdb_breadcrumbs tdi_8 td-pb-border-top td_block_template_1 tdb-breadcrumbs \" data-td-block-uid=\"tdi_8\">\n<div class=\"tdb-block-inner td-fix-index\"><span><a title=\"Vede\u021bi toate articolele \u00een FEATURED\" class=\"tdb-entry-crumb\" href=\"https:\/\/r3media.ro\/category\/featured\/\">FEATURED<\/a><\/span><span class=\"tdb-bred-no-url-last\">CCR: Amendamentul Fritz la Legea Integrit\u0103\u021bii este constitu\u021bional. Primarul Timi\u0219oarei \u00ee\u0219i pierde&#8230;<\/span><\/div>\n<\/div>\n<div class=\"td_block_wrap tdb_single_categories tdi_9 td-pb-border-top td_block_template_1 \" data-td-block-uid=\"tdi_9\">\n<div class=\"tdb-category td-fix-index\"><a class=\"tdb-entry-category\" href=\"https:\/\/r3media.ro\/category\/featured\/\">FEATURED<\/a><a class=\"tdb-entry-category\" href=\"https:\/\/r3media.ro\/category\/stiri\/\">\u0218TIRI<\/a><\/div>\n<\/div>\n<div class=\"td_block_wrap tdb_title tdi_10 tdb-single-title td-pb-border-top td_block_template_1\" data-td-block-uid=\"tdi_10\">\n<div class=\"tdb-block-inner td-fix-index\">\n<h1 class=\"tdb-title-text\">CCR: Amendamentul Fritz la Legea Integrit\u0103\u021bii este constitu\u021bional. Primarul Timi\u0219oarei \u00ee\u0219i pierde mandatul c\u00e2nd lege intr\u0103 \u00een vigoare<\/h1>\n<\/div>\n<\/div>\n<div class=\"vc_row_inner tdi_12  vc_row vc_inner wpb_row td-pb-row\">\n<div class=\"vc_column_inner tdi_14  wpb_column vc_column_container tdc-inner-column td-pb-span12\">\n<div class=\"vc_column-inner\">\n<div class=\"wpb_wrapper\">\n<div class=\"td_block_wrap tdb_single_author tdi_15 td-pb-border-top td_block_template_1 tdb-post-meta\" data-td-block-uid=\"tdi_15\">\n<div class=\"tdb-block-inner td-fix-index\">\n<div class=\"tdb-author-name-wrap\"><a class=\"tdb-author-name\" href=\"https:\/\/r3media.ro\/author\/oana\/\">Oana Ivan<\/a><\/div>\n<\/div>\n<\/div>\n<div class=\"td_block_wrap tdb_single_date tdi_16 td-pb-border-top td_block_template_1 tdb-post-meta\" data-td-block-uid=\"tdi_16\">\n<div class=\"tdb-block-inner td-fix-index\"><time class=\"entry-date updated td-module-date\" datetime=\"2026-08-17T16:17:46+03:00\">17\/08\/2026<\/time><\/div>\n<\/div>\n<\/div>\n<\/div>\n<\/div>\n<\/div>\n<div class=\"td_block_wrap tdb_single_content tdi_18 td-pb-border-top td_block_template_1 td-post-content tagdiv-type\" data-td-block-uid=\"tdi_18\">\n<div class=\"tdb-block-inner td-fix-index\">\n<p><strong>Amendamentul la Legea Integrit\u0103\u021bii care prevedea ca <a href=\"https:\/\/r3media.ro\/tag\/dominic-fritz\/\" target=\"_blank\" rel=\"noopener\">Dominic Fritz<\/a> s\u0103 \u00ee\u0219i piard\u0103 mandatul de primar al Timi\u0219oarei dup\u0103 ce a fost declarat incompatibil de ANI \u0219i \u00ceCCJ a fost declarat constitu\u021bional de c\u0103tre CCR.\u00a0<\/strong><\/p>\n<p>\u00centr-o reac\u021bie ulterioar\u0103 deciziei, Dominic Fritz a spus c\u0103 majoritatea PSD din CCR a f\u0103cut un abuz de putere.<\/p>\n<p>\u201eDac\u0103 pre\u0219edintele va promulga legea ANI, mandatul meu de primar va \u00eenceta \u00een 30 zile. Va fi o sanc\u021biune retroactiv\u0103 pentru lucruri care s-au \u00eent\u00e2mplat \u00eenainte s\u0103 intre \u00een vigoare legea. Nevoia mafiei privilegia\u021bilor de a sc\u0103pa de mine \u00eei face s\u0103 ac\u021bioneze disperat p\u00e2n\u0103 \u00eentr-acolo \u00eenc\u00e2t demoleaz\u0103 bazele democra\u021biei. Un stat de drept care exist\u0103 doar atunci c\u00e2nd PSD \u00ee\u0219i dore\u0219te, nu mai este stat de drept.<\/p>\n<p>Art. 15 din Constitu\u021bie \u201clegea dispune numai pentru viitor\u201d a fost suspendat azi pentru mine. M\u00e2ine poate fi suspendat pentru oricine. De azi \u00eenainte, orice majoritate parlamentar\u0103 poate inventa pedepse pentru trecut, croite pe numele unui adversar politic, iar CCR-ul controlat politic le va parafa\u201c, a scris Dominic Fritz.<\/p>\n<h2><strong>Primarul Timi\u0219oarei va ataca decizia la CEDO<\/strong><\/h2>\n<p>\u00a0<\/p>\n<p>Primarul Timi\u0219oarei a acuzat PSD c\u0103 este anti-european \u0219i vrea puterea total\u0103 \u00een stat. Totodat\u0103, Fritz a ad\u0103ugat c\u0103 PSD s-a folosit jalonul din PNRR ca arma \u00eempotriva sa.<\/p>\n<p>\u201e\u00cen fa\u021ba Comisiei Europene, PSD va trebui s\u0103 explice cum o lege-jalon de 770 de milioane de euro a fost transformat\u0103 \u00eentr-o arm\u0103 \u00eempotriva unui primar ales de dou\u0103 ori. \u00cen fa\u021ba investitorilor, va fi mai greu de explicat de ce s\u0103 creeze locuri de munc\u0103 la noi dac\u0103 tot statul e la cheremul unui singur partid corupt.<\/p>\n<p>Ziua de azi spulber\u0103 orice iluzie c\u0103 exist\u0103 un PSD \u201ccurat, pro-european\u201d cu care s-ar putea coabita. PSD vrea puterea total\u0103 \u00een stat, pentru c\u0103 doar a\u0219a poate fura nestingherit. Din p\u0103cate, au reu\u0219it s\u0103 controleze institu\u021bii precum ANI, p\u0103r\u021bi din justi\u021bie \u0219i din televiziuni \u0219i chiar Curtea Constitu\u021bional\u0103. Ce nu poate controla PSD sunt milioanele de rom\u00e2ni corec\u021bi care s-au s\u0103turat de pre\u021buri crescute doar ca s\u0103 li se umple lor cutiile de pantofi.<\/p>\n<h2><strong>Dominic Fritz: Drumul meu continu\u0103 la CEDO<\/strong><\/h2>\n<p>Dominic Fritz a precizat c\u0103 va ataca decizia CCR la Curtea European\u0103 a Drepturilor Omului (CEDO). El a mai zis c\u0103 se va lupta\u00a0pentru votul liber dat de timi\u0219oreni.<\/p>\n<p>PS: V\u0103 amintesc c\u0103 \u201cfapta\u201d mea a fost s\u0103 semnez o dublur\u0103 a unui referat deja semnat de fostul primar. S-a \u00eent\u00e2mplat \u00een a doua zi de prim\u0103rie \u00een 2020, pentru un PUZ elaborat \u00een integralitate \u00eenainte s\u0103 ajung primar. Ca s\u0103 v\u0103 da\u021bi seama de perversitatea cu care au ac\u021bionat. Dup\u0103 noua lege, actele normative, cum e un PUZ, nu mai pot fi \u00eencadrate la conflict de interese. Deci ANI, dac\u0103 ar analiza azi semn\u0103tura mea din 2020, n-ar mai putea nici cu cea mai r\u0103ut\u0103cioas\u0103 \u0219i abuziv\u0103 interpretare s\u0103 constate un conflict de interese. O lege care elimin\u0103 fapta \u00een viitor dar inventeaz\u0103 o nou\u0103 sanc\u021biune pentru cei care presupus au comis-o \u00een trecut: bine a\u021bi venit \u00een dictatura PSD\u201c, a precizat Dominic Fritz.<\/p>\n<div class=\"crp_related     crp-masonry\">\n<h2>\u00ceN CONTEXT<\/h2>\n<ul>\n<li><a href=\"https:\/\/r3media.ro\/dominic-fritz-pierde-mandat-primar-timisoara-declarat-incompatibil-iccj\/\" class=\"crp_link post-118563\"><span class=\"crp_title\">Dominic Fritz \u00ee\u0219i poate pierde mandatul de primar al Timi\u0219oarei. Surse: Ar urma s\u0103 fie\u2026<\/span><\/a><\/li>\n<li><a href=\"https:\/\/r3media.ro\/nicolae-voiculet-acuza-dominic-fritz-intervenit-interzicere-colinde-scrise-radu-gyr-repertoriu-craciun-filarmonica-banatul-primarul-timisoarei-raspunde-zeflemitor-acuzatiilor\/\" class=\"crp_link post-114351\"><span class=\"crp_title\">Nicolae Voicule\u021b \u00eel acuz\u0103 pe Dominic Fritz c\u0103 a intervenit pentru interzicerea unor colinde\u2026<\/span><\/a><\/li>\n<li><a href=\"https:\/\/r3media.ro\/anularea-alegerilor-judecatoarea-ccr-iulia-scintei-se-spala-pe-maini-imi-pare-rau-ca-nu-am-gasit-prilejul-de-a-explica-oamenilor-si-poate-de-a-ne-cere-scuze-noi-am-sanctionat-pentru-faptul-ca-un\/\" class=\"crp_link post-112474\"><span class=\"crp_title\">Anularea alegerilor | Judec\u0103toarea CCR, Iulia Sc\u00e2ntei, se spal\u0103 pe m\u00e2ini: \u00cemi pare r\u0103u c\u0103 nu\u2026<\/span><\/a><\/li>\n<li><a href=\"https:\/\/r3media.ro\/demisia-fritz\/\" class=\"crp_link post-115154\"><span class=\"crp_title\">Demisia, Fritz!<\/span><\/a><\/li>\n<li><a href=\"https:\/\/r3media.ro\/demisia-dominic-fritz\/\" class=\"crp_link post-118667\"><span class=\"crp_title\">Demisia, Dominic Fritz!<\/span><\/a><\/li>\n<li><a href=\"https:\/\/r3media.ro\/toni-grebla-dezvaluiri-fara-precedent-anularea-alegerilor-prezidentiale-2024-presiuni-ccr-organisme-comisia-europeana-aep\/\" class=\"crp_link post-115157\"><span class=\"crp_title\">VIDEO | Toni Grebl\u0103 face dezv\u0103luiri f\u0103r\u0103 precedent despre anularea alegerilor preziden\u021biale\u2026<\/span><\/a><\/li>\n<li><a href=\"https:\/\/r3media.ro\/niceasy-like-a-sunday-mooorning\/\" class=\"crp_link post-118437\"><span class=\"crp_title\">\u2026(nic)easy like a sunday mooorning\u2026<\/span><\/a><\/li>\n<li><a href=\"https:\/\/r3media.ro\/bolojan-fritz-pnl-si-usr-germania\/\" class=\"crp_link post-118635\"><span class=\"crp_title\">Bolojan, Fritz, PNL \u0219i USR. Adic\u0103 Germania<\/span><\/a><\/li>\n<\/ul>\n<\/div>\n<\/div>\n<\/div>\n<div class=\"td_block_wrap tdb_single_tags tdi_19 td-pb-border-top td_block_template_1\" data-td-block-uid=\"tdi_19\">\n<div class=\"tdb-block-inner td-fix-index\">\n<ul class=\"tdb-tags\">\n<li><span>SUBIECTE FIERBIN\u021aI<\/span><\/li>\n<li><a href=\"https:\/\/r3media.ro\/tag\/curtea-constitutionala-a-romaniei-ccr\/\">curtea constitutionala a romaniei (ccr)<\/a><\/li>\n<li><a href=\"https:\/\/r3media.ro\/tag\/dominic-fritz\/\">dominic fritz<\/a><\/li>\n<\/ul>\n<\/div>\n<\/div>\n<div class=\"td_block_wrap td_block_9 tdi_20 td_with_ajax_pagination td-pb-border-top td_block_template_1 td-column-2 td_block_padding td_block_bot_line\" data-td-block-uid=\"tdi_20\">\n<div class=\"td-block-title-wrap\">\n<h4 class=\"block-title td-block-title\"><span class=\"td-pulldown-size\">CITE\u0218TE MAI MULT<\/span><\/h4>\n<\/div>\n<div id=\"tdi_20\" class=\"td_block_inner\">\n<div class=\"td-block-row\">\n<div class=\"td-block-span6\">\n<div class=\"td_module_8 td_module_wrap\">\n<div class=\"item-details\">\n<h3 class=\"entry-title td-module-title\"><a href=\"https:\/\/r3media.ro\/presedintele-serbiei-razboiul-din-ucraina\/\" rel=\"bookmark\" title=\"Pre\u0219edintele Serbiei nu crede c\u0103 r\u0103zboiul din Ucraina se termin\u0103 cur\u00e2nd: Cred c\u0103 ne afl\u0103m la \u00eenceputul unui r\u0103zboi mult, mult mai mare\">Pre\u0219edintele Serbiei nu crede c\u0103 r\u0103zboiul din Ucraina se termin\u0103 cur\u00e2nd: Cred c\u0103 ne&#8230;<\/a><\/h3>\n<div class=\"td-module-meta-info\"><a href=\"https:\/\/r3media.ro\/category\/actualitate\/\" class=\"td-post-category\">ACTUALITATE<\/a><span class=\"td-post-author-name\"><a href=\"https:\/\/r3media.ro\/author\/teodor_stan\/\">Teodor Stan<\/a><span>&#8211;<\/span><\/span><span class=\"td-post-date\"><time class=\"entry-date updated td-module-date\" datetime=\"2026-08-10T12:22:44+03:00\">10\/08\/2026<\/time><\/span><\/div>\n<\/div>\n<\/div>\n<\/div>\n<div class=\"td-block-span6\">\n<div class=\"td_module_8 td_module_wrap\">\n<div class=\"item-details\">\n<h3 class=\"entry-title td-module-title\"><a href=\"https:\/\/r3media.ro\/fara-apa-fara-curent-fara-viitor-cum-au-sacrificat-pro-europenii-romania-pe-altarul-ecologiei-ieftine\/\" rel=\"bookmark\" title=\"F\u0103r\u0103 ap\u0103, f\u0103r\u0103 curent, f\u0103r\u0103 viitor: cum au sacrificat pro-europenii Rom\u00e2nia pe altarul ecologiei ieftine\">F\u0103r\u0103 ap\u0103, f\u0103r\u0103 curent, f\u0103r\u0103 viitor: cum au sacrificat pro-europenii Rom\u00e2nia pe altarul ecologiei&#8230;<\/a><\/h3>\n<div class=\"td-module-meta-info\"><a href=\"https:\/\/r3media.ro\/category\/actualitate\/\" class=\"td-post-category\">ACTUALITATE<\/a><span class=\"td-post-author-name\"><a href=\"https:\/\/r3media.ro\/author\/paul_lazar\/\">Paul-Daniel Laz\u0103r<\/a><span>&#8211;<\/span><\/span><span class=\"td-post-date\"><time class=\"entry-date updated td-module-date\" datetime=\"2026-08-08T22:30:54+03:00\">08\/08\/2026<\/time><\/span><\/div>\n<\/div>\n<\/div>\n<\/div>\n<\/div>\n<div class=\"td-block-row\">\n<div class=\"td-block-span6\">\n<div class=\"td_module_8 td_module_wrap\">\n<div class=\"item-details\">\n<h3 class=\"entry-title td-module-title\"><a href=\"https:\/\/r3media.ro\/show-iluzie-si-realitate-de-la-the-truman-show-la-son-of-a-rich\/\" rel=\"bookmark\" title=\"Show, iluzie \u0219i realitate: de la The Truman Show la Son of a Rich\">Show, iluzie \u0219i realitate: de la The Truman Show la Son of a Rich<\/a><\/h3>\n<div class=\"td-module-meta-info\"><a href=\"https:\/\/r3media.ro\/category\/actualitate\/\" class=\"td-post-category\">ACTUALITATE<\/a><span class=\"td-post-author-name\"><a href=\"https:\/\/r3media.ro\/author\/costi_balasoiu\/\">Constantin B\u0103l\u0103\u0219oiu<\/a><span>&#8211;<\/span><\/span><span class=\"td-post-date\"><time class=\"entry-date updated td-module-date\" datetime=\"2026-08-08T15:30:25+03:00\">08\/08\/2026<\/time><\/span><\/div>\n<\/div>\n<\/div>\n<\/div>\n<div class=\"td-block-span6\">\n<div class=\"td_module_8 td_module_wrap\">\n<div class=\"item-details\">\n<h3 class=\"entry-title td-module-title\"><a href=\"https:\/\/r3media.ro\/fani-stapanul-inelelor-surpriza-sezonul-3-sauron\/\" rel=\"bookmark\" title=\"Fanii \u201eSt\u0103p\u00e2nul Inelelor\u201c ar putea avea o surpriz\u0103 \u00een sezonul 3 din serialul \u201eInelele Puterii\u201c. Sauron se va confrunta cu o creatur\u0103 de temut\">Fanii \u201eSt\u0103p\u00e2nul Inelelor\u201c ar putea avea o surpriz\u0103 \u00een sezonul 3 din serialul \u201eInelele&#8230;<\/a><\/h3>\n<div class=\"td-module-meta-info\"><a href=\"https:\/\/r3media.ro\/category\/actualitate\/\" class=\"td-post-category\">ACTUALITATE<\/a><span class=\"td-post-author-name\"><a href=\"https:\/\/r3media.ro\/author\/oana\/\">Oana Ivan<\/a><span>&#8211;<\/span><\/span><span class=\"td-post-date\"><time class=\"entry-date updated td-module-date\" datetime=\"2026-08-08T00:19:31+03:00\">08\/08\/2026<\/time><\/span><\/div>\n<\/div>\n<\/div>\n<\/div>\n<\/div>\n<div class=\"td-block-row\">\n<div class=\"td-block-span6\">\n<div class=\"td_module_8 td_module_wrap\">\n<div class=\"item-details\">\n<h3 class=\"entry-title td-module-title\"><a href=\"https:\/\/r3media.ro\/david-popovici-fair-play-sportivi-rusi-competitii\/\" rel=\"bookmark\" title=\"David Popovici, fair-play la revenirea sportivilor ru\u0219i \u00een competi\u021bii: Le urez succes, sper s\u0103 fiu mai bun dec\u00e2t ei\">David Popovici, fair-play la revenirea sportivilor ru\u0219i \u00een competi\u021bii: Le urez succes, sper s\u0103&#8230;<\/a><\/h3>\n<div class=\"td-module-meta-info\"><a href=\"https:\/\/r3media.ro\/category\/actualitate\/\" class=\"td-post-category\">ACTUALITATE<\/a><span class=\"td-post-author-name\"><a href=\"https:\/\/r3media.ro\/author\/redactia\/\">Redac\u021bia<\/a><span>&#8211;<\/span><\/span><span class=\"td-post-date\"><time class=\"entry-date updated td-module-date\" datetime=\"2026-08-07T15:07:51+03:00\">07\/08\/2026<\/time><\/span><\/div>\n<\/div>\n<\/div>\n<\/div>\n<div class=\"td-block-span6\">\n<div class=\"td_module_8 td_module_wrap\">\n<div class=\"item-details\">\n<h3 class=\"entry-title td-module-title\"><a href=\"https:\/\/r3media.ro\/kia-recheama-service-prima-generatie-masini-electrice-e-niro-risc-incendiu\/\" rel=\"bookmark\" title=\"Kia recheam\u0103 \u00een service prima genera\u021bie de ma\u0219ini electrice e-Niro din cauza riscului de incendiu\">Kia recheam\u0103 \u00een service prima genera\u021bie de ma\u0219ini electrice e-Niro din cauza riscului de&#8230;<\/a><\/h3>\n<div class=\"td-module-meta-info\"><a href=\"https:\/\/r3media.ro\/category\/actualitate\/\" class=\"td-post-category\">ACTUALITATE<\/a><span class=\"td-post-author-name\"><a href=\"https:\/\/r3media.ro\/author\/oana\/\">Oana Ivan<\/a><span>&#8211;<\/span><\/span><span class=\"td-post-date\"><time class=\"entry-date updated td-module-date\" datetime=\"2026-08-06T17:07:42+03:00\">06\/08\/2026<\/time><\/span><\/div>\n<\/div>\n<\/div>\n<\/div>\n<\/div>\n<div class=\"td-block-row\">\n<div class=\"td-block-span6\">\n<div class=\"td_module_8 td_module_wrap\">\n<div class=\"item-details\">\n<h3 class=\"entry-title td-module-title\"><a href=\"https:\/\/r3media.ro\/drona-gasita-mare-mamaia-zona-loft-video\/\" rel=\"bookmark\" title=\"VIDEO | O dron\u0103 a fost g\u0103sit\u0103 \u00een mare, \u00een Mamaia, \u00een zona Loft\">VIDEO | O dron\u0103 a fost g\u0103sit\u0103 \u00een mare, \u00een Mamaia, \u00een zona Loft<\/a><\/h3>\n<div class=\"td-module-meta-info\"><a href=\"https:\/\/r3media.ro\/category\/actualitate\/\" class=\"td-post-category\">ACTUALITATE<\/a><span class=\"td-post-author-name\"><a href=\"https:\/\/r3media.ro\/author\/oana\/\">Oana Ivan<\/a><span>&#8211;<\/span><\/span><span class=\"td-post-date\"><time class=\"entry-date updated td-module-date\" datetime=\"2026-08-05T21:48:11+03:00\">05\/08\/2026<\/time><\/span><\/div>\n<\/div>\n<\/div>\n<\/div>\n<div class=\"td-block-span6\">\n<div class=\"td_module_8 td_module_wrap\">\n<div class=\"item-details\">\n<h3 class=\"entry-title td-module-title\"><a href=\"https:\/\/r3media.ro\/cand-incepe-scoala-in-2026-structura-an-nou-scolar\/\" rel=\"bookmark\" title=\"C\u00e2nd \u00eencepe \u0219coala \u00een 2026: Structura noului an \u0219colar, vacan\u021bele \u0219i zilele libere\">C\u00e2nd \u00eencepe \u0219coala \u00een 2026: Structura noului an \u0219colar, vacan\u021bele \u0219i zilele libere<\/a><\/h3>\n<div class=\"td-module-meta-info\"><a href=\"https:\/\/r3media.ro\/category\/actualitate\/\" class=\"td-post-category\">ACTUALITATE<\/a><span class=\"td-post-author-name\"><a href=\"https:\/\/r3media.ro\/author\/oana\/\">Oana Ivan<\/a><span>&#8211;<\/span><\/span><span class=\"td-post-date\"><time class=\"entry-date updated td-module-date\" datetime=\"2026-08-03T22:23:20+03:00\">03\/08\/2026<\/time><\/span><\/div>\n<\/div>\n<\/div>\n<\/div>\n<\/div>\n<div class=\"td-block-row\">\n<div class=\"td-block-span6\">\n<div class=\"td_module_8 td_module_wrap\">\n<div class=\"item-details\">\n<h3 class=\"entry-title td-module-title\"><a href=\"https:\/\/r3media.ro\/tara-europa-norvegia-masini-electrice-inmatriculate-cota-ridicata\/\" rel=\"bookmark\" title=\"\u021aara din Europa unde aproape toate ma\u0219inile \u00eenmatriculate sune electrice. Cota a ajuns la 97,6% \u00een iulie\">\u021aara din Europa unde aproape toate ma\u0219inile \u00eenmatriculate sune electrice. Cota a ajuns la&#8230;<\/a><\/h3>\n<div class=\"td-module-meta-info\"><a href=\"https:\/\/r3media.ro\/category\/actualitate\/\" class=\"td-post-category\">ACTUALITATE<\/a><span class=\"td-post-author-name\"><a href=\"https:\/\/r3media.ro\/author\/oana\/\">Oana Ivan<\/a><span>&#8211;<\/span><\/span><span class=\"td-post-date\"><time class=\"entry-date updated td-module-date\" datetime=\"2026-08-03T17:01:21+03:00\">03\/08\/2026<\/time><\/span><\/div>\n<\/div>\n<\/div>\n<\/div>\n<div class=\"td-block-span6\">\n<div class=\"td_module_8 td_module_wrap\">\n<div class=\"item-details\">\n<h3 class=\"entry-title td-module-title\"><a href=\"https:\/\/r3media.ro\/puterea-mitologica-instalata-a-romaniei\/\" rel=\"bookmark\" title=\"Puterea mitologic\u0103 instalat\u0103 a Rom\u00e2niei\">Puterea mitologic\u0103 instalat\u0103 a Rom\u00e2niei<\/a><\/h3>\n<div class=\"td-module-meta-info\"><a href=\"https:\/\/r3media.ro\/category\/opinii\/\" class=\"td-post-category\">OPINII<\/a><span class=\"td-post-author-name\"><a href=\"https:\/\/r3media.ro\/author\/tru\/\">TRU (Traian Ungureanu)<\/a><span>&#8211;<\/span><\/span><span class=\"td-post-date\"><time class=\"entry-date updated td-module-date\" datetime=\"2026-08-02T22:08:04+03:00\">02\/08\/2026<\/time><\/span><\/div>\n<\/div>\n<\/div>\n<\/div>\n<\/div>\n<div class=\"td-block-row\">\n<div class=\"td-block-span6\">\n<div class=\"td_module_8 td_module_wrap\">\n<div class=\"item-details\">\n<h3 class=\"entry-title td-module-title\"><a href=\"https:\/\/r3media.ro\/hyundai-recheama-service-masini-electrice-inster-risc-incendiu\/\" rel=\"bookmark\" title=\"Hyundai recheam\u0103 \u00een service zeci de mii de ma\u0219ini electrice din cauza riscului de incendiu\">Hyundai recheam\u0103 \u00een service zeci de mii de ma\u0219ini electrice din cauza riscului de&#8230;<\/a><\/h3>\n<div class=\"td-module-meta-info\"><a href=\"https:\/\/r3media.ro\/category\/actualitate\/\" class=\"td-post-category\">ACTUALITATE<\/a><span class=\"td-post-author-name\"><a href=\"https:\/\/r3media.ro\/author\/oana\/\">Oana Ivan<\/a><span>&#8211;<\/span><\/span><span class=\"td-post-date\"><time class=\"entry-date updated td-module-date\" datetime=\"2026-08-02T08:34:05+03:00\">02\/08\/2026<\/time><\/span><\/div>\n<\/div>\n<\/div>\n<\/div>\n<div class=\"td-block-span6\">\n<div class=\"td_module_8 td_module_wrap\">\n<div class=\"item-details\">\n<h3 class=\"entry-title td-module-title\"><a href=\"https:\/\/r3media.ro\/dragostea-care-transcende-epoci-descult-in-parc-1967\/\" rel=\"bookmark\" title=\"Dragostea care transcende epoci \u2014 Descul\u021b \u00een parc (1967)\">Dragostea care transcende epoci \u2014 Descul\u021b \u00een parc (1967)<\/a><\/h3>\n<div class=\"td-module-meta-info\"><a href=\"https:\/\/r3media.ro\/category\/opinii\/\" class=\"td-post-category\">OPINII<\/a><span class=\"td-post-author-name\"><a href=\"https:\/\/r3media.ro\/author\/costi_balasoiu\/\">Constantin B\u0103l\u0103\u0219oiu<\/a><span>&#8211;<\/span><\/span><span class=\"td-post-date\"><time class=\"entry-date updated td-module-date\" datetime=\"2026-08-01T13:45:14+03:00\">01\/08\/2026<\/time><\/span><\/div>\n<\/div>\n<\/div>\n<\/div>\n<\/div>\n<\/div>\n<div class=\"td-load-more-wrap td-load-more-infinite-wrap\" id=\"infinite-lm-tdi_20\"><a href=\"https:\/\/r3media.ro\/ccr-amendamentul-fritz-lleea-integritatii-constitutional-primar-timisoara-mandat\/\" class=\"td_ajax_load_more td_ajax_load_more_js\" aria-label=\"\u00cenc\u0103rca\u021bi mai multe\" id=\"next-page-tdi_20\" data-td_block_id=\"tdi_20\">\u00cenc\u0103rca\u021bi mai multe<\/a><\/div>\n<\/div>\n<div class=\"td_block_wrap tdb_single_comments tdi_21 tdb-comm-layout2 td-pb-border-top td_block_template_1\" data-td-block-uid=\"tdi_21\">\n<div class=\"tdb-block-inner td-fix-index\">\n<div class=\"comments\" id=\"comments\">\n<div id=\"respond\" class=\"comment-respond\">\n<h3 id=\"reply-title\" class=\"comment-reply-title\">AI CEVA DE SPUS? <small><a rel=\"nofollow\" id=\"cancel-comment-reply-link\" href=\"https:\/\/r3media.ro\/ccr-amendamentul-fritz-lleea-integritatii-constitutional-primar-timisoara-mandat\/#respond\">Renun\u021ba\u021bi la r\u0103spuns<\/a><\/small><\/h3>\n<div class=\"comment-form-input-wrap td-form-comment\">\n<div class=\"td-warning-comment\">V\u0103 rug\u0103m s\u0103 introduce\u021bi comentariul dvs.!<\/div>\n<\/div>\n<div class=\"comment-form-input-wrap td-form-author\">\n<div class=\"td-warning-author\">Introduce\u021bi aici numele dvs.<\/div>\n<\/div>\n<div class=\"comment-form-input-wrap td-form-email\">\n<div class=\"td-warning-email-error\">A\u021bi introdus o adres\u0103 de e-mail incorect\u0103!<\/div>\n<div class=\"td-warning-email\">V\u0103 rug\u0103m s\u0103 introduce\u021bi adresa dvs. de e-mail aici<\/div>\n<\/div>\n<\/div>\n<\/div>\n<\/div>\n<\/div>\n<\/div>\n<\/div>\n<div class=\"vc_column tdi_23  wpb_column vc_column_container tdc-column td-pb-span4 td-is-sticky\">\n<div class=\"wpb_wrapper\" data-sticky-enabled-on=\"W3RydWUsdHJ1ZSx0cnVlLHRydWVd\" data-sticky-offset=\"20\" data-sticky-is-width-auto=\"W2ZhbHNlLGZhbHNlLGZhbHNlLGZhbHNlXQ==\">\n<div class=\"wpb_wrapper td_block_wrap vc_widget_sidebar tdi_25 \">\n<div class=\"td_block_wrap td_block_7 td_block_widget tdi_26 td-pb-border-top td_block_template_1 td-column-1 td_block_padding\" data-td-block-uid=\"tdi_26\">\n<div class=\"td-block-title-wrap\">\n<h4 class=\"block-title td-block-title\"><span class=\"td-pulldown-size\">Articole RELA\u021aIONATE<\/span><\/h4>\n<\/div>\n<div id=\"tdi_26\" class=\"td_block_inner\">\n<div class=\"td-block-span12\">\n<div class=\"td_module_6 td_module_wrap td-animation-stack\">\n<div class=\"td-module-thumb\"><a href=\"https:\/\/r3media.ro\/marius-totolici-nepot-mircea-rednic-infarct-mort\/\" rel=\"bookmark\" class=\"td-image-wrap \" title=\"Marius Totolici, nepotul lui Mircea Rednic, a murit fulger\u0103tor la 37 de ani. A f\u0103cut infarct \u00een somn\"><img loading=\"lazy\" decoding=\"async\" class=\"entry-thumb\" src=\"https:\/\/r3media.ro\/wp-content\/uploads\/2023\/07\/spital-medic-pacient-sanatate-100x70.jpg\" alt title=\"Marius Totolici, nepotul lui Mircea Rednic, a murit fulger\u0103tor la 37 de ani. A f\u0103cut infarct \u00een somn\" width=\"100\" height=\"70\"><\/a><\/div>\n<div class=\"item-details\">\n<h3 class=\"entry-title td-module-title\"><a href=\"https:\/\/r3media.ro\/marius-totolici-nepot-mircea-rednic-infarct-mort\/\" rel=\"bookmark\" title=\"Marius Totolici, nepotul lui Mircea Rednic, a murit fulger\u0103tor la 37 de ani. A f\u0103cut infarct \u00een somn\">Marius Totolici, nepotul lui Mircea Rednic, a murit fulger\u0103tor la 37&#8230;<\/a><\/h3>\n<div class=\"td-module-meta-info\"><span class=\"td-post-date\"><time class=\"entry-date updated td-module-date\" datetime=\"2026-08-17T20:45:16+03:00\">17\/08\/2026<\/time><\/span><\/div>\n<\/div>\n<\/div>\n<\/div>\n<div class=\"td-block-span12\">\n<div class=\"td_module_6 td_module_wrap td-animation-stack\">\n<div class=\"td-module-thumb\"><a href=\"https:\/\/r3media.ro\/142-miliarde-euro-romania-6-luni-2026-radu-georgescu-romania-safari\/\" rel=\"bookmark\" class=\"td-image-wrap \" title=\"14,2 miliarde de euro au ie\u0219it din Rom\u00e2nia \u00een primele 6 luni din 2026. Radu Georgescu: Nu exclud ca peste 10 ani, \u021bara s\u0103 fie ca un safari, unde str\u0103inii vor merge cu blindate prin ora\u0219e ca s\u0103 vad\u0103 ur\u0219i\"><img loading=\"lazy\" decoding=\"async\" class=\"entry-thumb\" src=\"https:\/\/r3media.ro\/wp-content\/uploads\/2025\/08\/radu-georgescu-100x70.png\" alt title=\"14,2 miliarde de euro au ie\u0219it din Rom\u00e2nia \u00een primele 6 luni din 2026. Radu Georgescu: Nu exclud ca peste 10 ani, \u021bara s\u0103 fie ca un safari, unde str\u0103inii vor merge cu blindate prin ora\u0219e ca s\u0103 vad\u0103 ur\u0219i\" width=\"100\" height=\"70\"><\/a><\/div>\n<div class=\"item-details\">\n<h3 class=\"entry-title td-module-title\"><a href=\"https:\/\/r3media.ro\/142-miliarde-euro-romania-6-luni-2026-radu-georgescu-romania-safari\/\" rel=\"bookmark\" title=\"14,2 miliarde de euro au ie\u0219it din Rom\u00e2nia \u00een primele 6 luni din 2026. Radu Georgescu: Nu exclud ca peste 10 ani, \u021bara s\u0103 fie ca un safari, unde str\u0103inii vor merge cu blindate prin ora\u0219e ca s\u0103 vad\u0103 ur\u0219i\">14,2 miliarde de euro au ie\u0219it din Rom\u00e2nia \u00een primele 6&#8230;<\/a><\/h3>\n<div class=\"td-module-meta-info\"><span class=\"td-post-date\"><time class=\"entry-date updated td-module-date\" datetime=\"2026-08-17T17:39:22+03:00\">17\/08\/2026<\/time><\/span><\/div>\n<\/div>\n<\/div>\n<\/div>\n<div class=\"td-block-span12\">\n<div class=\"td_module_6 td_module_wrap td-animation-stack\">\n<div class=\"td-module-thumb\"><a href=\"https:\/\/r3media.ro\/studiu-stingere-incendiile-la-masinile-electrice\/\" rel=\"bookmark\" class=\"td-image-wrap \" title=\"Un studiu arat\u0103 care e cea mai bun\u0103 modalitate de a stinge incendiile izbucnite la ma\u0219inile electrice. Tot ce s-a inventat \u00een ultimii ani e ineficient\"><img loading=\"lazy\" decoding=\"async\" class=\"entry-thumb\" src=\"https:\/\/r3media.ro\/wp-content\/uploads\/2025\/07\/incendiu-masina-electrica-100x70.png\" alt title=\"Un studiu arat\u0103 care e cea mai bun\u0103 modalitate de a stinge incendiile izbucnite la ma\u0219inile electrice. Tot ce s-a inventat \u00een ultimii ani e ineficient\" width=\"100\" height=\"70\"><\/a><\/div>\n<div class=\"item-details\">\n<h3 class=\"entry-title td-module-title\"><a href=\"https:\/\/r3media.ro\/studiu-stingere-incendiile-la-masinile-electrice\/\" rel=\"bookmark\" title=\"Un studiu arat\u0103 care e cea mai bun\u0103 modalitate de a stinge incendiile izbucnite la ma\u0219inile electrice. Tot ce s-a inventat \u00een ultimii ani e ineficient\">Un studiu arat\u0103 care e cea mai bun\u0103 modalitate de a&#8230;<\/a><\/h3>\n<div class=\"td-module-meta-info\"><span class=\"td-post-date\"><time class=\"entry-date updated td-module-date\" datetime=\"2026-08-17T16:00:24+03:00\">17\/08\/2026<\/time><\/span><\/div>\n<\/div>\n<\/div>\n<\/div>\n<div class=\"td-block-span12\">\n<div class=\"td_module_6 td_module_wrap td-animation-stack\">\n<div class=\"td-module-thumb\"><a href=\"https:\/\/r3media.ro\/polonia-iaugurare-statuie-sfanta-fecioara-maria-video\/\" rel=\"bookmark\" class=\"td-image-wrap \" title=\"VIDEO | Polonia a inaugurat cea mai \u00eenalt\u0103 statuie a Sfintei Fecioare Maria din Europa\"><img loading=\"lazy\" decoding=\"async\" class=\"entry-thumb\" src=\"https:\/\/r3media.ro\/wp-content\/uploads\/2026\/08\/statuia-fecioarei-maria-100x70.jpg\" alt title=\"VIDEO | Polonia a inaugurat cea mai \u00eenalt\u0103 statuie a Sfintei Fecioare Maria din Europa\" width=\"100\" height=\"70\"><\/a><\/div>\n<div class=\"item-details\">\n<h3 class=\"entry-title td-module-title\"><a href=\"https:\/\/r3media.ro\/polonia-iaugurare-statuie-sfanta-fecioara-maria-video\/\" rel=\"bookmark\" title=\"VIDEO | Polonia a inaugurat cea mai \u00eenalt\u0103 statuie a Sfintei Fecioare Maria din Europa\">VIDEO | Polonia a inaugurat cea mai \u00eenalt\u0103 statuie a Sfintei&#8230;<\/a><\/h3>\n<div class=\"td-module-meta-info\"><span class=\"td-post-date\"><time class=\"entry-date updated td-module-date\" datetime=\"2026-08-16T21:44:40+03:00\">16\/08\/2026<\/time><\/span><\/div>\n<\/div>\n<\/div>\n<\/div>\n<div class=\"td-block-span12\">\n<div class=\"td_module_6 td_module_wrap td-animation-stack\">\n<div class=\"td-module-thumb\"><a href=\"https:\/\/r3media.ro\/masina-electrica-barbat-foc-incarcare-rechemare-service-nissan-leaf\/\" rel=\"bookmark\" class=\"td-image-wrap \" title=\"Ma\u0219ina electric\u0103 a unui b\u0103rbat a luat foc \u00een timp ce se afla la \u00eenc\u0103rcat. Vehiculul fusese anterior rechemat \u00een service tocmai pentru a se preveni astfel de incendii\"><img loading=\"lazy\" decoding=\"async\" class=\"entry-thumb\" src=\"https:\/\/r3media.ro\/wp-content\/uploads\/2024\/06\/baterie-masina-electrica-foc-100x70.png\" alt title=\"Ma\u0219ina electric\u0103 a unui b\u0103rbat a luat foc \u00een timp ce se afla la \u00eenc\u0103rcat. Vehiculul fusese anterior rechemat \u00een service tocmai pentru a se preveni astfel de incendii\" width=\"100\" height=\"70\"><\/a><\/div>\n<div class=\"item-details\">\n<h3 class=\"entry-title td-module-title\"><a href=\"https:\/\/r3media.ro\/masina-electrica-barbat-foc-incarcare-rechemare-service-nissan-leaf\/\" rel=\"bookmark\" title=\"Ma\u0219ina electric\u0103 a unui b\u0103rbat a luat foc \u00een timp ce se afla la \u00eenc\u0103rcat. Vehiculul fusese anterior rechemat \u00een service tocmai pentru a se preveni astfel de incendii\">Ma\u0219ina electric\u0103 a unui b\u0103rbat a luat foc \u00een timp ce&#8230;<\/a><\/h3>\n<div class=\"td-module-meta-info\"><span class=\"td-post-date\"><time class=\"entry-date updated td-module-date\" datetime=\"2026-08-16T11:29:15+03:00\">16\/08\/2026<\/time><\/span><\/div>\n<\/div>\n<\/div>\n<\/div>\n<div class=\"td-block-span12\">\n<div class=\"td_module_6 td_module_wrap td-animation-stack\">\n<div class=\"td-module-thumb\"><a href=\"https:\/\/r3media.ro\/the-economist-unirea-republicii-moldova-cu-romania\/\" rel=\"bookmark\" class=\"td-image-wrap \" title=\"The Economist: S-ar putea uni Republica Moldova cu Rom\u00e2nia?\"><img loading=\"lazy\" decoding=\"async\" class=\"entry-thumb\" src=\"https:\/\/r3media.ro\/wp-content\/uploads\/2021\/11\/basarabia-e-romania-100x70.jpg\" alt title=\"The Economist: S-ar putea uni Republica Moldova cu Rom\u00e2nia?\" width=\"100\" height=\"70\"><\/a><\/div>\n<div class=\"item-details\">\n<h3 class=\"entry-title td-module-title\"><a href=\"https:\/\/r3media.ro\/the-economist-unirea-republicii-moldova-cu-romania\/\" rel=\"bookmark\" title=\"The Economist: S-ar putea uni Republica Moldova cu Rom\u00e2nia?\">The Economist: S-ar putea uni Republica Moldova cu Rom\u00e2nia?<\/a><\/h3>\n<div class=\"td-module-meta-info\"><span class=\"td-post-date\"><time class=\"entry-date updated td-module-date\" datetime=\"2026-08-15T22:37:53+03:00\">15\/08\/2026<\/time><\/span><\/div>\n<\/div>\n<\/div>\n<\/div>\n<div class=\"td-block-span12\">\n<div class=\"td_module_6 td_module_wrap td-animation-stack\">\n<div class=\"td-module-thumb\"><a href=\"https:\/\/r3media.ro\/calendarul-zilei-16-august-sf-martiri-brancoveni-ziua-nationala-de-constientizare-a-violentelor-impotriva-crestinilor\/\" rel=\"bookmark\" class=\"td-image-wrap \" title=\"Calendarul zilei 16 august: Sf.Martiri Br\u00e2ncoveni. Ziua na\u021bional\u0103 de con\u0219tientizare a violen\u021belor \u00eempotriva cre\u0219tinilor\"><img loading=\"lazy\" decoding=\"async\" class=\"entry-thumb\" src=\"https:\/\/r3media.ro\/wp-content\/uploads\/2021\/08\/sfintii-martiri-brancoveni-100x70.jpg\" alt title=\"Calendarul zilei 16 august: Sf.Martiri Br\u00e2ncoveni. Ziua na\u021bional\u0103 de con\u0219tientizare a violen\u021belor \u00eempotriva cre\u0219tinilor\" width=\"100\" height=\"70\"><\/a><\/div>\n<div class=\"item-details\">\n<h3 class=\"entry-title td-module-title\"><a href=\"https:\/\/r3media.ro\/calendarul-zilei-16-august-sf-martiri-brancoveni-ziua-nationala-de-constientizare-a-violentelor-impotriva-crestinilor\/\" rel=\"bookmark\" title=\"Calendarul zilei 16 august: Sf.Martiri Br\u00e2ncoveni. Ziua na\u021bional\u0103 de con\u0219tientizare a violen\u021belor \u00eempotriva cre\u0219tinilor\">Calendarul zilei 16 august: Sf.Martiri Br\u00e2ncoveni. Ziua na\u021bional\u0103 de con\u0219tientizare a&#8230;<\/a><\/h3>\n<div class=\"td-module-meta-info\"><span class=\"td-post-date\"><time class=\"entry-date updated td-module-date\" datetime=\"2026-08-15T22:00:36+03:00\">15\/08\/2026<\/time><\/span><\/div>\n<\/div>\n<\/div>\n<\/div>\n<\/div>\n<\/div>\n<aside class=\"td_block_template_1 widget widget_recent_comments\">\n<h4 class=\"block-title\"><span>INTR\u0102 \u00ceN DISCU\u021aIE!<\/span><\/h4>\n<ul id=\"recentcomments\">\n<li class=\"recentcomments\"><span class=\"comment-author-link\">Arsenie<\/span> la <a href=\"https:\/\/r3media.ro\/cornel-nistorescu-ambulanta-recea-cristur-stiri-false-interzicere\/#comment-40385\">Cornel Nistorescu, despre incidentul cu ambulan\u021ba de la Recea-Cristur: Statul rom\u00e2n a\u0219teapt\u0103 s\u0103 interzic\u0103 \u0219tirile false \u0219i, pe l\u00eeng\u0103, tot ce nu convine puterii<\/a><\/li>\n<li class=\"recentcomments\"><span class=\"comment-author-link\">Nicu<\/span> la <a href=\"https:\/\/r3media.ro\/gen-silviu-predoiu-guvern-roman-bruxelles\/#comment-40384\">Gen. Silviu Predoiu: Misiunea guvernului rom\u00e2n nu este s\u0103 ob\u021bin\u0103 note bune la Bruxelles. Nu este s\u0103 transforme fiecare decizie strategic\u0103 \u00eentr-o \u00eentrebare: \u201cAvem voie?\u201d<\/a><\/li>\n<li class=\"recentcomments\"><span class=\"comment-author-link\">Nicu<\/span> la <a href=\"https:\/\/r3media.ro\/sri-in-scoli-expert-scuza-monitorizare-radicalizare\/#comment-40383\">SRI \u00een \u0219coli. Expert: SRI \u0219i \u201eb\u0103e\u021bii\u201d vor folosi aceast\u0103 scuz\u0103 c\u0103 \u201emonitorizeaz\u0103 radicalizarea\u201d ca s\u0103 vin\u0103 dup\u0103 oricine bate la ochi<\/a><\/li>\n<li class=\"recentcomments\"><span class=\"comment-author-link\">Nicu<\/span> la <a href=\"https:\/\/r3media.ro\/radu-naum-david-popovici-dialog-rus\/#comment-40382\">Ziaristul Radu Naum consider\u0103 c\u0103 dialogul amical dintre David Popovici \u0219i adversarul s\u0103u rus ar fi fost \u201eopera\u021biune ruseasc\u0103\u201d de manipulare<\/a><\/li>\n<li class=\"recentcomments\"><span class=\"comment-author-link\">E.T.<\/span> la <a href=\"https:\/\/r3media.ro\/cornel-nistorescu-ambulanta-recea-cristur-stiri-false-interzicere\/#comment-40381\">Cornel Nistorescu, despre incidentul cu ambulan\u021ba de la Recea-Cristur: Statul rom\u00e2n a\u0219teapt\u0103 s\u0103 interzic\u0103 \u0219tirile false \u0219i, pe l\u00eeng\u0103, tot ce nu convine puterii<\/a><\/li>\n<li class=\"recentcomments\"><span class=\"comment-author-link\">E.T.<\/span> la <a href=\"https:\/\/r3media.ro\/sri-in-scoli-expert-scuza-monitorizare-radicalizare\/#comment-40380\">SRI \u00een \u0219coli. Expert: SRI \u0219i \u201eb\u0103e\u021bii\u201d vor folosi aceast\u0103 scuz\u0103 c\u0103 \u201emonitorizeaz\u0103 radicalizarea\u201d ca s\u0103 vin\u0103 dup\u0103 oricine bate la ochi<\/a><\/li>\n<li class=\"recentcomments\"><span class=\"comment-author-link\">E.T.<\/span> la <a href=\"https:\/\/r3media.ro\/video-david-popovici-paris-aur\/#comment-40379\">VIDEO | David Popovici, rege pentru a treia oar\u0103 la Paris: aur \u0219i record al competi\u021biei la 100 m liber<\/a><\/li>\n<\/ul>\n<\/aside>\n<aside class=\"td_block_template_1 widget widget_search\">\n<h4 class=\"block-title\"><span>CAUT\u0102 \u0218I VEI G\u0102SI<\/span><\/h4>\n<\/aside>\n<\/div>\n<\/div>\n<\/div>\n<\/div>\n<\/div>\n<\/div>\n<\/div>\n<p><span class=\"td-page-meta\"><\/span><span class=\"td-page-meta\"><span class=\"td-page-meta\"><\/span><\/span><span class=\"td-page-meta\"><\/span><\/article>\n<\/p>\n<div class=\"td_block_wrap tdb_single_content tdi_18 td-pb-border-top td_block_template_1 td-post-content tagdiv-type\" data-td-block-uid=\"tdi_18\">\n<div class=\"tdb-block-inner td-fix-index\">\n<p><strong>Amendamentul la Legea Integrit\u0103\u021bii care prevedea ca <a href=\"https:\/\/r3media.ro\/tag\/dominic-fritz\/\" target=\"_blank\" rel=\"noopener\">Dominic Fritz<\/a> s\u0103 \u00ee\u0219i piard\u0103 mandatul de primar al Timi\u0219oarei dup\u0103 ce a fost declarat incompatibil de ANI \u0219i \u00ceCCJ a fost declarat constitu\u021bional de c\u0103tre CCR.\u00a0<\/strong><\/p>\n<p>\u00centr-o reac\u021bie ulterioar\u0103 deciziei, Dominic Fritz a spus c\u0103 majoritatea PSD din CCR a f\u0103cut un abuz de putere.<\/p>\n<p>\u201eDac\u0103 pre\u0219edintele va promulga legea ANI, mandatul meu de primar va \u00eenceta \u00een 30 zile. Va fi o sanc\u021biune retroactiv\u0103 pentru lucruri care s-au \u00eent\u00e2mplat \u00eenainte s\u0103 intre \u00een vigoare legea. Nevoia mafiei privilegia\u021bilor de a sc\u0103pa de mine \u00eei face s\u0103 ac\u021bioneze disperat p\u00e2n\u0103 \u00eentr-acolo \u00eenc\u00e2t demoleaz\u0103 bazele democra\u021biei. Un stat de drept care exist\u0103 doar atunci c\u00e2nd PSD \u00ee\u0219i dore\u0219te, nu mai este stat de drept.<\/p>\n<p>Art. 15 din Constitu\u021bie \u201clegea dispune numai pentru viitor\u201d a fost suspendat azi pentru mine. M\u00e2ine poate fi suspendat pentru oricine. De azi \u00eenainte, orice majoritate parlamentar\u0103 poate inventa pedepse pentru trecut, croite pe numele unui adversar politic, iar CCR-ul controlat politic le va parafa\u201c, a scris Dominic Fritz.<\/p>\n<h2><strong>Primarul Timi\u0219oarei va ataca decizia la CEDO<\/strong><\/h2>\n<p>\u00a0<\/p>\n<p>Primarul Timi\u0219oarei a acuzat PSD c\u0103 este anti-european \u0219i vrea puterea total\u0103 \u00een stat. Totodat\u0103, Fritz a ad\u0103ugat c\u0103 PSD s-a folosit jalonul din PNRR ca arma \u00eempotriva sa.<\/p>\n<p>\u201e\u00cen fa\u021ba Comisiei Europene, PSD va trebui s\u0103 explice cum o lege-jalon de 770 de milioane de euro a fost transformat\u0103 \u00eentr-o arm\u0103 \u00eempotriva unui primar ales de dou\u0103 ori. \u00cen fa\u021ba investitorilor, va fi mai greu de explicat de ce s\u0103 creeze locuri de munc\u0103 la noi dac\u0103 tot statul e la cheremul unui singur partid corupt.<\/p>\n<p>Ziua de azi spulber\u0103 orice iluzie c\u0103 exist\u0103 un PSD \u201ccurat, pro-european\u201d cu care s-ar putea coabita. PSD vrea puterea total\u0103 \u00een stat, pentru c\u0103 doar a\u0219a poate fura nestingherit. Din p\u0103cate, au reu\u0219it s\u0103 controleze institu\u021bii precum ANI, p\u0103r\u021bi din justi\u021bie \u0219i din televiziuni \u0219i chiar Curtea Constitu\u021bional\u0103. Ce nu poate controla PSD sunt milioanele de rom\u00e2ni corec\u021bi care s-au s\u0103turat de pre\u021buri crescute doar ca s\u0103 li se umple lor cutiile de pantofi.<\/p>\n<h2><strong>Dominic Fritz: Drumul meu continu\u0103 la CEDO<\/strong><\/h2>\n<p>Dominic Fritz a precizat c\u0103 va ataca decizia CCR la Curtea European\u0103 a Drepturilor Omului (CEDO). El a mai zis c\u0103 se va lupta\u00a0pentru votul liber dat de timi\u0219oreni.<\/p>\n<p>PS: V\u0103 amintesc c\u0103 \u201cfapta\u201d mea a fost s\u0103 semnez o dublur\u0103 a unui referat deja semnat de fostul primar. S-a \u00eent\u00e2mplat \u00een a doua zi de prim\u0103rie \u00een 2020, pentru un PUZ elaborat \u00een integralitate \u00eenainte s\u0103 ajung primar. Ca s\u0103 v\u0103 da\u021bi seama de perversitatea cu care au ac\u021bionat. Dup\u0103 noua lege, actele normative, cum e un PUZ, nu mai pot fi \u00eencadrate la conflict de interese. Deci ANI, dac\u0103 ar analiza azi semn\u0103tura mea din 2020, n-ar mai putea nici cu cea mai r\u0103ut\u0103cioas\u0103 \u0219i abuziv\u0103 interpretare s\u0103 constate un conflict de interese. O lege care elimin\u0103 fapta \u00een viitor dar inventeaz\u0103 o nou\u0103 sanc\u021biune pentru cei care presupus au comis-o \u00een trecut: bine a\u021bi venit \u00een dictatura PSD\u201c, a precizat Dominic Fritz.<\/p>\n<div class=\"crp_related     crp-masonry\">\n<h2>\u00ceN CONTEXT<\/h2>\n<ul>\n<li><a href=\"https:\/\/r3media.ro\/dominic-fritz-pierde-mandat-primar-timisoara-declarat-incompatibil-iccj\/\" class=\"crp_link post-118563\"><span class=\"crp_title\">Dominic Fritz \u00ee\u0219i poate pierde mandatul de primar al Timi\u0219oarei. Surse: Ar urma s\u0103 fie\u2026<\/span><\/a><\/li>\n<li><a href=\"https:\/\/r3media.ro\/nicolae-voiculet-acuza-dominic-fritz-intervenit-interzicere-colinde-scrise-radu-gyr-repertoriu-craciun-filarmonica-banatul-primarul-timisoarei-raspunde-zeflemitor-acuzatiilor\/\" class=\"crp_link post-114351\"><span class=\"crp_title\">Nicolae Voicule\u021b \u00eel acuz\u0103 pe Dominic Fritz c\u0103 a intervenit pentru interzicerea unor colinde\u2026<\/span><\/a><\/li>\n<li><a href=\"https:\/\/r3media.ro\/anularea-alegerilor-judecatoarea-ccr-iulia-scintei-se-spala-pe-maini-imi-pare-rau-ca-nu-am-gasit-prilejul-de-a-explica-oamenilor-si-poate-de-a-ne-cere-scuze-noi-am-sanctionat-pentru-faptul-ca-un\/\" class=\"crp_link post-112474\"><span class=\"crp_title\">Anularea alegerilor | Judec\u0103toarea CCR, Iulia Sc\u00e2ntei, se spal\u0103 pe m\u00e2ini: \u00cemi pare r\u0103u c\u0103 nu\u2026<\/span><\/a><\/li>\n<li><a href=\"https:\/\/r3media.ro\/demisia-fritz\/\" class=\"crp_link post-115154\"><span class=\"crp_title\">Demisia, Fritz!<\/span><\/a><\/li>\n<li><a href=\"https:\/\/r3media.ro\/demisia-dominic-fritz\/\" class=\"crp_link post-118667\"><span class=\"crp_title\">Demisia, Dominic Fritz!<\/span><\/a><\/li>\n<li><a href=\"https:\/\/r3media.ro\/toni-grebla-dezvaluiri-fara-precedent-anularea-alegerilor-prezidentiale-2024-presiuni-ccr-organisme-comisia-europeana-aep\/\" class=\"crp_link post-115157\"><span class=\"crp_title\">VIDEO | Toni Grebl\u0103 face dezv\u0103luiri f\u0103r\u0103 precedent despre anularea alegerilor preziden\u021biale\u2026<\/span><\/a><\/li>\n<li><a href=\"https:\/\/r3media.ro\/niceasy-like-a-sunday-mooorning\/\" class=\"crp_link post-118437\"><span class=\"crp_title\">\u2026(nic)easy like a sunday mooorning\u2026<\/span><\/a><\/li>\n<li><a href=\"https:\/\/r3media.ro\/bolojan-fritz-pnl-si-usr-germania\/\" class=\"crp_link post-118635\"><span class=\"crp_title\">Bolojan, Fritz, PNL \u0219i USR. Adic\u0103 Germania<\/span><\/a><\/li>\n<\/ul>\n<\/div>\n<\/div>\n<\/div>\n<p>[analyse_source url=&#8221;https:\/\/r3media.ro\/ccr-amendamentul-fritz-lleea-integritatii-constitutional-primar-timisoara-mandat\/&#8221;]<\/p>\n","protected":false},"excerpt":{"rendered":"<p>[analyse_image type=&#8221;featured&#8221; src=&#8221;https:\/\/r3media.ro\/wp-content\/uploads\/2023\/04\/fritz-opera-e1781896274265.jpghttps:\/\/r3media.ro\/wp-content\/uploads\/2023\/04\/fritz-opera-e1781896274265.jpg&#8221;] FEATUREDCCR: Amendamentul Fritz la Legea Integrit\u0103\u021bii este constitu\u021bional. Primarul Timi\u0219oarei \u00ee\u0219i pierde&#8230; FEATURED\u0218TIRI CCR: Amendamentul Fritz la Legea Integrit\u0103\u021bii este constitu\u021bional. Primarul Timi\u0219oarei \u00ee\u0219i pierde mandatul c\u00e2nd lege intr\u0103 \u00een vigoare Oana Ivan 17\/08\/2026 Amendamentul la Legea Integrit\u0103\u021bii care prevedea ca Dominic Fritz s\u0103 \u00ee\u0219i piard\u0103 mandatul de primar al Timi\u0219oarei dup\u0103 [&hellip;]<\/p>\n","protected":false},"author":1,"featured_media":0,"comment_status":"open","ping_status":"","sticky":false,"template":"","format":"standard","meta":{"footnotes":""},"categories":[89],"tags":[226,93],"class_list":["post-2097934","post","type-post","status-publish","format-standard","hentry","category-romania","tag-crawlmanager","tag-r3media-ro"],"_links":{"self":[{"href":"https:\/\/analyse.optim.biz\/index.php?rest_route=\/wp\/v2\/posts\/2097934","targetHints":{"allow":["GET"]}}],"collection":[{"href":"https:\/\/analyse.optim.biz\/index.php?rest_route=\/wp\/v2\/posts"}],"about":[{"href":"https:\/\/analyse.optim.biz\/index.php?rest_route=\/wp\/v2\/types\/post"}],"author":[{"embeddable":true,"href":"https:\/\/analyse.optim.biz\/index.php?rest_route=\/wp\/v2\/users\/1"}],"replies":[{"embeddable":true,"href":"https:\/\/analyse.optim.biz\/index.php?rest_route=%2Fwp%2Fv2%2Fcomments&post=2097934"}],"version-history":[{"count":0,"href":"https:\/\/analyse.optim.biz\/index.php?rest_route=\/wp\/v2\/posts\/2097934\/revisions"}],"wp:attachment":[{"href":"https:\/\/analyse.optim.biz\/index.php?rest_route=%2Fwp%2Fv2%2Fmedia&parent=2097934"}],"wp:term":[{"taxonomy":"category","embeddable":true,"href":"https:\/\/analyse.optim.biz\/index.php?rest_route=%2Fwp%2Fv2%2Fcategories&post=2097934"},{"taxonomy":"post_tag","embeddable":true,"href":"https:\/\/analyse.optim.biz\/index.php?rest_route=%2Fwp%2Fv2%2Ftags&post=2097934"}],"curies":[{"name":"wp","href":"https:\/\/api.w.org\/{rel}","templated":true}]}}