{"id":2097926,"date":"2026-08-17T17:01:11","date_gmt":"2026-08-17T14:01:11","guid":{"rendered":"https:\/\/analyse.optim.biz\/?p=2097926"},"modified":"2026-08-17T17:01:11","modified_gmt":"2026-08-17T14:01:11","slug":"ccr-a-decis-ca-amendamentul-prin-care-dominic-fritz-isi-pierde-mandatul-e-constitutional","status":"publish","type":"post","link":"https:\/\/analyse.optim.biz\/?p=2097926","title":{"rendered":"CCR a decis c\u0103 amendamentul prin care Dominic Fritz \u00ee\u0219i pierde mandatul e constitu\u021bional"},"content":{"rendered":"<p>[analyse_image type=&#8221;featured&#8221; src=&#8221;https:\/\/60m.ro\/wp-content\/uploads\/2026\/07\/dominic-fritz.webp&#8221;]<\/p>\n<div class=\"articleBody\" data-key=\"articleBody\">\nLovitur\u0103 de propor\u021bii pentru \u0219eful USR \u0219i primarul Timi\u0219oarei, Dominic Fritz. Judec\u0103torii CCR au decis c\u0103 amendamentul care prevede ca el s\u0103 \u00ee\u0219i piard\u0103 mandatul dup\u0103 ce a fost declarat incompatibil de ANI \u0219i \u00ceCCJ este constitu\u021bional. Cu alte cuvinte, Fritz nu va mai fi primarul Timi\u0219oarei.<\/p>\n<p>UPDATE: Curtea Constitu\u0163ional\u0103 a Rom\u00e2niei a stabilit, luni, cu privire la modific\u0103rile aduse la Legea integrit\u0103\u0163ii, c\u0103 reglementarea m\u0103surilor de sanc\u0163ionare a conflictului de interese intr\u0103 \u00een marja de apreciere a legiuitorului.<\/p>\n<p>Potrivit unui comunicat al CCR, judec\u0103torii constitu\u0163ionali, cu majoritate de voturi, au constatat c\u0103 dispozi\u0163iile art.II pct.17 &#8211; cu referire la art.25 alin.(1) \u015fi (2) &#8211; \u015fi ale art.X alin.(1) \u015fi (2) din Legea privind modificarea \u015fi completarea unor acte normative \u00een domeniul integrit\u0103\u0163ii sunt constitu\u0163ionale.<\/p>\n<p>Alineatul 1 din articolul X are urm\u0103torul con\u0163inut: &#8220;Persoanelor fa\u0163\u0103 de care, p\u00e2n\u0103 la data intr\u0103rii \u00een vigoare a prezentei legi, s-a constatat \u00een mod definitiv starea de incompatibilitate sau de conflict de interese \u015fi pentru care nu s-a \u00eemplinit termenul de 3 ani aferent interdic\u0163iei prev\u0103zute de lege, calculat de la data r\u0103m\u00e2nerii definitive a raportului de evaluare, respectiv a hot\u0103r\u00e2rii judec\u0103tore\u015fti, le \u00eenceteaz\u0103 de drept func\u0163ia, demnitatea public\u0103 ori mandatul, la 30 de zile de la data intr\u0103rii \u00een vigoare a prezentei legi&#8221;.<\/p>\n<p>\u00cen Alineatul 2 din articolul X se men\u0163ioneaz\u0103: &#8220;Persoanelor fa\u0163\u0103 de care se constat\u0103 \u00een mod definitiv starea de incompatibilitate sau conflictul de interese dup\u0103 intrarea \u00een vigoare a prezentei legi le \u00eenceteaz\u0103 func\u0163ia, demnitatea public\u0103 ori mandatul la data r\u0103m\u00e2nerii definitive a raportului de evaluare sau a hot\u0103r\u00e2rii judec\u0103tore\u015fti, dup\u0103 caz&#8221;.<\/p>\n<p>Curtea a constatat c\u0103 &#8220;reglementarea m\u0103surilor de sanc\u0163ionare a conflictului de interese intr\u0103 \u00een marja de apreciere a legiuitorului, iar aplicarea \u00een timp a acestora, prin intermediul normelor tranzitorii adoptate, s-a realizat cu respectarea art.15 alin.(2) din Constitu\u0163ie&#8221;.<\/p>\n<p>Reprezentan\u0163ii USR au reclamat faptul c\u0103 acest amendament introdus \u00een lege \u00eel vizeaz\u0103 pe pre\u015fedintele partidului, Dominic Fritz, care are o decizie definitiv\u0103 privind conflictul de interese \u015fi poate s\u0103-\u015fi piard\u0103 func\u0163ia de primar al municipiului Timi\u015foara.<\/p>\n<p>Dominic Fritz a afirmat luni, dup\u0103 decizia Cur\u0163ii Constitu\u0163ionale pe Legea integrit\u0103\u0163ii, c\u0103 &#8220;\u00een loc s\u0103 opreasc\u0103 un brutal abuz de putere, majoritatea PSD din CCR tocmai l-a validat&#8221;.<\/p>\n<p>&#8220;Dac\u0103 pre\u015fedintele va promulga Legea ANI, mandatul meu de primar va \u00eenceta \u00een 30 zile, ca o sanc\u0163iune retroactiv\u0103 pentru lucruri care s-au \u00eent\u00e2mplat \u00eenainte s\u0103 intre \u00een vigoare legea. Nevoia mafiei privilegia\u0163ilor de a sc\u0103pa de mine \u00eei face s\u0103 ac\u0163ioneze disperat p\u00e2n\u0103 \u00eentr-acolo \u00eenc\u00e2t demoleaz\u0103 bazele democra\u0163iei. Un stat de drept care exist\u0103 doar atunci c\u00e2nd PSD \u00ee\u015fi dore\u015fte, nu mai este stat de drept. Art. 15 din Constitu\u0163ie &#8211; &#8220;legea dispune numai pentru viitor&#8221; &#8211; a fost suspendat azi pentru mine. M\u00e2ine poate fi suspendat pentru oricine. De azi \u00eenainte, orice majoritate parlamentar\u0103 poate inventa pedepse pentru trecut, croite pe numele unui adversar politic, iar CCR-ul controlat politic le va parafa&#8221;, a scris Dominic Fritz pe pagina sa de Facebook.<\/p>\n<p>Decizie \u0219i pe articolul privind declara\u021biile de avere pentru concubine<\/p>\n<p>La dosarele pe integritate conexate : cu unanimitate de voturi &#8211; a fost declarat\u0103 neconstitutionala sintagma &#8220;persoana care are relatii asem\u0103n\u0103toare celor dintre soti&#8221;; cu unanimitate , a fost declarata neconstitu\u021bionala publicarea declaratiilor de interese financiare a sotului\/sotiei, si cu majoritate &#8211; a func\u021bionarilor\/demnitarilor vizati de lege; cu majoritate, a fost declarata constitutionala incetarea de drept a functiei\/demnitatii publice la 30 de zile de la intarea in vigoare a legii.<\/p>\n<p>Nicu\u0219or Dan a sesizat CCR<\/p>\n<p>Pre\u015fedintele Nicu\u015for Dan a atacat la Curtea Constitu\u0163ional\u0103 Legea privind integritatea, vizat fiind articolul care oblig\u0103 so\u0163ii sau partenerii demnitarilor s\u0103 depun\u0103 declara\u0163ii de avere. &#8220;Legea nu stabile\u015fte niciun criteriu obiectiv &#8211; durat\u0103, convie\u0163uire, interdependen\u0163\u0103 economic\u0103, asumare public\u0103 &#8211; pentru identificarea momentului de la care o rela\u0163ie afectiv\u0103 devine relevant\u0103 juridic, l\u0103s\u00e2nd persoanei vizate sarcina de a se autocalifica drept destinatar al obliga\u0163iei&#8221;, argumenteaz\u0103 pre\u015fedintele, referindu-se la formularea &#8220;so\u0163ul, so\u0163ia sau persoana care are rela\u0163ii asem\u0103n\u0103toare acelora dintre so\u0163i&#8221;. Aceasta \u00een condi\u0163iile \u00een care partenera sa Mirabela Gr\u0103dinaru \u015fi-a f\u0103cut publice declara\u0163iile de avere \u015fi de interese \u00eenainte ca legea s\u0103 fie adoptat\u0103 de Parlament. Un alt articol contestat de pre\u015fedinte este cel care l-a vizat pe liderul USR, primarul Timi\u015foarei, Dominic Fritz, care are o decizie definitiv\u0103 de incompatibilitate.<\/p>\n<p>Noua lege a integrit\u0103\u0163ii adoptat\u0103 de Parlament a fost contestat\u0103 \u015fi de un grup de 27 de senatori de la USR \u015fi PNL, fiind vizate cele dou\u0103 amendamente care au ridicat, \u00eenc\u0103 din timpul dezbaterilor \u00een comisiile parlamentare, serioase suspiciuni c\u0103 ar \u00eenc\u0103lca Legea fundamental\u0103. Demersul are drept scop ob\u0163inerea garan\u0163iei c\u0103 noua lege ANI corespunde rigorilor constitu\u0163ionale \u015fi c\u0103, astfel, Comisia European\u0103 va considera \u00eendeplinit corect jalonul din PNRR aferent, arat\u0103 USR.<\/p>\n<p>&#8220;Am atacat la CCR, \u00eempreun\u0103 cu PNL, articolele neconstitu\u0163ionale introduse de PSD \u015fi AUR \u00eempotriva lui Dominic Fritz \u015fi Mirabelei Gr\u0103dinaru, partenera pre\u015fedintelui Nicu\u015for Dan. \u00centr-o democra\u0163ie nu se dau legi \u00eempotriva adversarilor politici, ca \u00een dictatur\u0103, nici legi retroactive. Dac\u0103 obiec\u0163ia de neconstitu\u0163ionalitate va fi admis\u0103 de CCR, avem \u015fansa s\u0103 salv\u0103m Legea ANI \u015fi jalonul PNRR&#8221;, afirma Sorin \u015eipo\u015f, liderul senatorilor USR.<\/p>\n<p>USR consider\u0103 c\u0103 sunt neconstitu\u0163ionale alineatele prin care, ca urmare a dorin\u0163ei PSD-AUR, ar urma s\u0103 fie sanc\u0163ionate cu pierderea func\u0163iei sau a mandatului persoanele g\u0103site \u00een stare de incompatibilitate sau de conflict de interese \u00eenainte de intrarea \u00een vigoare a noii legi ANI. Potrivit art. 15 alin. (2) din Constitu\u0163ie, o lege poate dispune numai pentru viitor, cu excep\u0163ia legii penale sau contraven\u0163ionale mai favorabile.<\/p>\n<p>Astfel, sunt contestate dou\u0103 prevederi din lege, introduse prin amendamente propuse de PSD \u015fi de AUR: cea privind ale\u015fii locali cu decizie definitiv\u0103 de incompatibilitate, situa\u0163ie \u00een care se reg\u0103se\u015fte Dominic Fritz, \u015fi cea privind declara\u0163iile de avere ale partenerilor demnitarilor.<\/p>\n<p>Mizele majore ale contesta\u0163iilor<\/p>\n<p>Una dintre cele dou\u0103 mize majore ale contesta\u0163iilor se refer\u0103 la retroactivitatea sanc\u0163iunilor (Amendamentul &#8220;Fritz&#8221;).<\/p>\n<p>Cea mai controversat\u0103 prevedere stabile\u015fte c\u0103 ale\u015fii afla\u0163i \u00een func\u0163ie, pentru care s-a constatat definitiv incompatibilitatea sau conflictul de interese anterior noii legi, \u00ee\u015fi pierd mandatul, \u00een termen de 30 de zile. Contestatarii invoc\u0103 \u00eenc\u0103lcarea Articolului 15 din Constitu\u0163ie, sus\u0163in\u00e2nd c\u0103 legea dispune numai pentru viitor \u015fi nu poate ad\u0103uga sanc\u0163iuni noi (pierderea mandatului actual) unor fapte \u015fi situa\u0163ii juridice deja finalizate sub vechea lege. Aceast\u0103 prevedere a fost interpretat\u0103 ca av\u00e2nd o &#8220;\u0163int\u0103 fix\u0103&#8221;, respectiv primarul Timi\u015foarei, Dominic Fritz, dar \u015fi al\u0163i ale\u015fi locali afla\u0163i \u00een situa\u0163ii similare.<\/p>\n<p>Cea de-a doua se refer\u0103 la declara\u0163iile de avere \u015fi de interese ale partenerilor de via\u0163\u0103 (Amendamentul &#8220;Gr\u0103dinaru&#8221;).<\/p>\n<p>Noua lege extinde obliga\u0163ia de depunere a declara\u0163iilor de avere \u015fi interese c\u0103tre persoanele care au &#8220;rela\u0163ii asem\u0103n\u0103toare acelora dintre so\u0163i&#8221; cu demnitarii. Sesizarea arat\u0103 c\u0103 legea nu define\u015fte clar ce \u00eenseamn\u0103 o astfel de rela\u0163ie (nu precizeaz\u0103 durata convie\u0163uirii sau existen\u0163a unei gospod\u0103rii comune), for\u0163\u00e2nd persoanele vizate s\u0103 se &#8220;autocalifice&#8221; ca subiec\u0163i ai legii pentru a nu risca amenzi. Pre\u015fedintele \u015fi opozi\u0163ia sus\u0163in c\u0103 publicarea nominal\u0103 a averilor unor persoane private, care nu exercit\u0103 func\u0163ii publice, este o ingerin\u0163\u0103 dispropor\u0163ionat\u0103 \u00een via\u0163a privat\u0103, \u00eenc\u0103lc\u00e2nd standardele CJUE \u015fi CEDO.<\/p>\n<p>Aceast\u0103 form\u0103 este considerat\u0103 un &#8220;viciu agravat&#8221; fa\u0163\u0103 de Decizia CCR 297\/2025, deoarece impune r\u0103spunderea unei persoane ter\u0163e pentru o obliga\u0163ie pe care nu \u015fi-a asumat-o. Din punct de vedere politic, se consider\u0103 c\u0103 m\u0103sura o vizeaz\u0103 pe partenera pre\u015fedintelui, Mirabela Gr\u0103dinaru.<\/p>\n<p>Contextul PNRR \u015fi presiunea fondurilor europene<\/p>\n<p>Legea integrit\u0103\u0163ii reprezint\u0103 un jalon critic \u00een Planul Na\u0163ional de Redresare \u015fi Rezilien\u0163\u0103 (PNRR) \u015fi trebuie promulgat\u0103 p\u00e2n\u0103 la 31 august.<\/p>\n<p>Reprezentan\u0163ii social-democra\u0163ilor acuz\u0103 USR \u015fi PNL c\u0103, prin aceast\u0103 sesizare, blocheaz\u0103 primirea a 771 de milioane de euro din fondurile europene pentru a-\u015fi proteja liderii. Contestatarii afirm\u0103 c\u0103 integritatea nu se poate asigura prin legi neconstitu\u0163ionale &#8220;date \u00eempotriva adversarilor politici, ca \u00een dictatur\u0103&#8221; \u015fi c\u0103 o lege viciat\u0103 ar periclita oricum jalonul PNRR \u00een fa\u0163a Comisiei Europene.<\/p>\n<p>Precedente \u015fi riscuri interna\u0163ionale<\/p>\n<p>Disputa are loc \u00een contextul \u00een care, \u00een mai 2025, CCR a limitat deja caracterul public al informa\u0163iilor despre familie din declara\u0163iile de avere. Agen\u0163ia Na\u0163ional\u0103 de Integritate (ANI) \u015fi exper\u0163ii anticorup\u0163ie avertizeaz\u0103 c\u0103 eliminarea transparen\u0163ei averilor poate \u00eenc\u0103lca angajamentele interna\u0163ionale ale Rom\u00e2niei fa\u0163\u0103 de OCDE, GRECO \u015fi Comisia European\u0103 (\u00een cadrul Raportului privind Statul de Drept).<\/p>\n<p>\u00cent\u00e2lnirea de tain\u0103<\/p>\n<p>\u015eedin\u0163a de luni a judec\u0103torilor constitu\u0163ionali are loc \u00een contextul unor relat\u0103ri de pres\u0103 despre o \u00eent\u00e2lnire neanun\u0163at\u0103 oficial a liderului PNL, premierul Ilie Bolojan, cu Simina T\u0103n\u0103sescu, pre\u015fedinta CCR, \u00een biroul pre\u015fedintelui Senatului, liberalul Mircea Abrudean.<\/p>\n<p>Pre\u015fedinta CCR, Simina T\u0103n\u0103sescu, a respins &#8220;ferm \u015fi categoric&#8221; orice specula\u0163ie privind discutarea cauzelor aflate pe rolul Cur\u0163ii \u00een afara cadrului strict legal.<\/p>\n<p>Pe de alt\u0103 parte, pre\u015fedin\u0163ii cur\u0163ilor de apel din Rom\u00e2nia consider\u0103 necesar\u0103 clarificarea acestor informa\u0163ii privind \u00eent\u00e2lnirea dintre pre\u015fedinta CCR \u015fi premierul, care ar fi avut loc \u00een biroul pre\u015fedintelui Senatului, ace\u015ftia din urm\u0103 cu interese \u00een dosare aflate pe rolul Cur\u0163ii Constitu\u0163ionale. Totodat\u0103, pre\u015fedin\u0163ii cur\u0163ilor de apel sus\u0163in c\u0103 lipsa de transparen\u0163\u0103 a unor astfel de \u00eent\u00e2lniri este &#8220;profund inadecvat\u0103 standardelor&#8221; pe care trebuie s\u0103 le respecte o jurisdic\u0163ie constitu\u0163ional\u0103.<\/p>\n<p>Mesaje similare au transmis, duminic\u0103 sear\u0103, \u015fi pre\u015fedin\u0163ii tribunalelor \u015fi judec\u0103toriilor din Rom\u00e2nia, precum \u015fi reprezentan\u0163ii CSM.<\/p>\n<p>S\u0103pt\u0103m\u00e2na trecut\u0103, pre\u015fedintele PSD, Sorin Grindeanu, afirma c\u0103 a\u015fteapt\u0103 ca, luni, CCR s\u0103 se pronun\u0163e dac\u0103 este constitu\u0163ional sau nu ceea ce au semnalat PNL-USR \u015fi pre\u015fedintele Rom\u00e2niei \u00een leg\u0103tur\u0103 cu Legea integrit\u0103\u0163ii. El preciza c\u0103, dac\u0103 trebuie f\u0103cute modific\u0103ri acestei legi, atunci acestea trebuie realizate p\u00e2n\u0103 la 31 august, dat\u0103 p\u00e2n\u0103 la care legea trebuie promulgat\u0103, \u00een caz contrar, Rom\u00e2nia risc\u00e2nd s\u0103 piard\u0103 o sum\u0103 uria\u015f\u0103 din fondurile europene.\n<\/p><\/div>\n<p>[analyse_source url=&#8221;https:\/\/60m.ro\/ccr-a-decis-ca-amendamentul-prin-care-dominic-fritz-isi-pierde-mandatul-e-constitutional\/&#8221;]<\/p>\n","protected":false},"excerpt":{"rendered":"<p>[analyse_image type=&#8221;featured&#8221; src=&#8221;https:\/\/60m.ro\/wp-content\/uploads\/2026\/07\/dominic-fritz.webp&#8221;] Lovitur\u0103 de propor\u021bii pentru \u0219eful USR \u0219i primarul Timi\u0219oarei, Dominic Fritz. Judec\u0103torii CCR au decis c\u0103 amendamentul care prevede ca el s\u0103 \u00ee\u0219i piard\u0103 mandatul dup\u0103 ce a fost declarat incompatibil de ANI \u0219i \u00ceCCJ este constitu\u021bional. Cu alte cuvinte, Fritz nu va mai fi primarul Timi\u0219oarei. UPDATE: Curtea Constitu\u0163ional\u0103 a Rom\u00e2niei [&hellip;]<\/p>\n","protected":false},"author":1,"featured_media":0,"comment_status":"open","ping_status":"","sticky":false,"template":"","format":"standard","meta":{"footnotes":""},"categories":[89],"tags":[100,226],"class_list":["post-2097926","post","type-post","status-publish","format-standard","hentry","category-romania","tag-60m-ro","tag-crawlmanager"],"_links":{"self":[{"href":"https:\/\/analyse.optim.biz\/index.php?rest_route=\/wp\/v2\/posts\/2097926","targetHints":{"allow":["GET"]}}],"collection":[{"href":"https:\/\/analyse.optim.biz\/index.php?rest_route=\/wp\/v2\/posts"}],"about":[{"href":"https:\/\/analyse.optim.biz\/index.php?rest_route=\/wp\/v2\/types\/post"}],"author":[{"embeddable":true,"href":"https:\/\/analyse.optim.biz\/index.php?rest_route=\/wp\/v2\/users\/1"}],"replies":[{"embeddable":true,"href":"https:\/\/analyse.optim.biz\/index.php?rest_route=%2Fwp%2Fv2%2Fcomments&post=2097926"}],"version-history":[{"count":0,"href":"https:\/\/analyse.optim.biz\/index.php?rest_route=\/wp\/v2\/posts\/2097926\/revisions"}],"wp:attachment":[{"href":"https:\/\/analyse.optim.biz\/index.php?rest_route=%2Fwp%2Fv2%2Fmedia&parent=2097926"}],"wp:term":[{"taxonomy":"category","embeddable":true,"href":"https:\/\/analyse.optim.biz\/index.php?rest_route=%2Fwp%2Fv2%2Fcategories&post=2097926"},{"taxonomy":"post_tag","embeddable":true,"href":"https:\/\/analyse.optim.biz\/index.php?rest_route=%2Fwp%2Fv2%2Ftags&post=2097926"}],"curies":[{"name":"wp","href":"https:\/\/api.w.org\/{rel}","templated":true}]}}