{"id":2097924,"date":"2026-08-17T13:17:27","date_gmt":"2026-08-17T10:17:27","guid":{"rendered":"https:\/\/analyse.optim.biz\/?p=2097924"},"modified":"2026-08-17T13:17:27","modified_gmt":"2026-08-17T10:17:27","slug":"doi-buzoieni-arestati-preventiv-pentru-trafic-de-droguri-peste-520-de-grame-de-canabis-ridicate-la-perchezitii-video","status":"publish","type":"post","link":"https:\/\/analyse.optim.biz\/?p=2097924","title":{"rendered":"Doi buzoieni, aresta\u021bi preventiv pentru trafic de droguri. Peste 520 de grame de canabis, ridicate la perchezi\u021bii (VIDEO)"},"content":{"rendered":"<p>[analyse_image type=&#8221;featured&#8221; src=&#8221;https:\/\/gazetabuzoiana.ro\/wp-content\/uploads\/2026\/08\/c-1.jpeg&#8221;]<\/p>\n<div class=\"entry-content entry clearfix\">\n<p class=\"wp-block-paragraph\">Dou\u0103 persoane, ambele \u00een v\u00e2rst\u0103 de 46 de ani, au fost arestate preventiv pentru 30 de zile, \u00eentr-un dosar de trafic de droguri de risc \u0219i mare risc. Potrivit anchetatorilor, cei doi ar fi v\u00e2ndut droguri \u00een municipiile Buz\u0103u \u0219i R\u00e2mnicu S\u0103rat, iar activitatea infrac\u021bional\u0103 ar fi \u00eenceput \u00een luna aprilie 2026.<\/p>\n<p class=\"wp-block-paragraph\">Dosarul este instrumentat de poli\u021bi\u0219tii Serviciului de Combatere a Criminalit\u0103\u021bii Organizate Buz\u0103u, \u00eempreun\u0103 cu procurorii DIICOT \u2013 Biroul Teritorial Buz\u0103u.<\/p>\n<p class=\"wp-block-paragraph\">Din cercet\u0103rile efectuate p\u00e2n\u0103 \u00een acest moment a rezultat c\u0103 cele dou\u0103 persoane ar fi procurat \u0219i comercializat diferite cantit\u0103\u021bi de canabis \u0219i amfetamin\u0103. Anchetatorii sus\u021bin c\u0103 \u00eentre cei doi exista o rela\u021bie str\u00e2ns\u0103 de colaborare: \u00ee\u0219i recomandau reciproc clien\u021bi \u0219i \u00ee\u0219i furnizau unul altuia substan\u021be stupefiante.<\/p>\n<p class=\"wp-block-paragraph\">Unul dintre cei doi ar fi fost prins \u00een flagrant pe 5 august, \u00eentr-un parc din municipiul R\u00e2mnicu S\u0103rat.<\/p>\n<p class=\"wp-block-paragraph\">Potrivit anchetatorilor, acesta ar fi v\u00e2ndut zece doze de canabis \u0219i dou\u0103 doze de cocain\u0103, pentru suma de 500 de lei. Canabisul comercializat \u00een cadrul tranzac\u021biei ar fi fost procurat anterior de la cealalt\u0103 persoan\u0103 cercetat\u0103 \u00een dosar.<\/p>\n<p class=\"wp-block-paragraph\">\u00cen aceea\u0219i zi, poli\u021bi\u0219tii au pus \u00een aplicare dou\u0103 mandate de perchezi\u021bie domiciliar\u0103, la locuin\u021bele celor doi.<\/p>\n<p class=\"wp-block-paragraph\">\u00cen urma perchezi\u021biilor au fost descoperite \u0219i ridicate peste 520 de grame de canabis, o parte din cantitate fiind deja por\u021bionat\u0103 \u0219i ambalat\u0103, potrivit anchetatorilor, \u00een vederea comercializ\u0103rii. Poli\u021bi\u0219tii au mai ridicat \u0219i alte mijloace de prob\u0103 care urmeaz\u0103 s\u0103 fie analizate \u00een cadrul anchetei.<\/p>\n<figure class=\"wp-block-gallery has-nested-images columns-default is-cropped wp-block-gallery-1 is-layout-flex wp-block-gallery-is-layout-flex\">\n<figure class=\"wp-block-image size-large\"><img loading=\"lazy\" decoding=\"async\" width=\"566\" height=\"1024\" data-id=\"22150\" src=\"https:\/\/gazetabuzoiana.ro\/wp-content\/uploads\/2026\/08\/a-4-566x1024.jpeg\" alt class=\"wp-image-22150\"><\/figure>\n<figure class=\"wp-block-image size-large\"><img decoding=\"async\" loading=\"lazy\" width=\"575\" height=\"1024\" data-id=\"22151\" src=\"https:\/\/gazetabuzoiana.ro\/wp-content\/uploads\/2026\/08\/b-2-575x1024.jpeg\" alt class=\"wp-image-22151\"><\/figure>\n<\/figure>\n<p class=\"wp-block-paragraph\">\u00cen urma probatoriului administrat, procurorii DIICOT \u2013 Biroul Teritorial Buz\u0103u au dispus, pe 5 august, re\u021binerea celor dou\u0103 persoane.<\/p>\n<p class=\"wp-block-paragraph\">A doua zi, pe 6 august, acestea au fost prezentate Tribunalului Buz\u0103u. Judec\u0103torul de drepturi \u0219i libert\u0103\u021bi a admis propunerea procurorilor \u0219i a dispus arestarea preventiv\u0103 pentru 30 de zile.<\/p>\n<p class=\"wp-block-paragraph\">Ac\u021biunea poli\u021bi\u0219tilor a beneficiat de sprijinul jandarmilor din cadrul Inspectoratului de Jandarmi Jude\u021bean Buz\u0103u.<\/p>\n<p class=\"wp-block-paragraph\">Ancheta continu\u0103 pentru stabilirea \u00eentregii activit\u0103\u021bi infrac\u021bionale \u0219i a tuturor persoanelor implicate.<\/p>\n<p class=\"wp-block-paragraph\">Persoanele cercetate beneficiaz\u0103, pe parcursul \u00eentregului proces penal, de drepturile \u0219i garan\u021biile procesuale prev\u0103zute de Codul de procedur\u0103 penal\u0103, precum \u0219i de prezum\u021bia de nevinov\u0103\u021bie.<\/p>\n<div class=\"post-bottom-meta post-bottom-tags post-tags-modern\">\n<div class=\"post-bottom-meta-title\"> Etichete<\/div>\n<p><span class=\"tagcloud\"><a href=\"https:\/\/gazetabuzoiana.ro\/tag\/amfetamina\/\" rel=\"tag\">amfetamin\u0103<\/a><a href=\"https:\/\/gazetabuzoiana.ro\/tag\/arest-preventiv\/\" rel=\"tag\">arest preventiv<\/a><a href=\"https:\/\/gazetabuzoiana.ro\/tag\/canabis-buzau\/\" rel=\"tag\">canabis Buz\u0103u<\/a><a href=\"https:\/\/gazetabuzoiana.ro\/tag\/cocaina\/\" rel=\"tag\">cocain\u0103<\/a><a href=\"https:\/\/gazetabuzoiana.ro\/tag\/criminalitate-organizata\/\" rel=\"tag\">criminalitate organizat\u0103<\/a><a href=\"https:\/\/gazetabuzoiana.ro\/tag\/diicot-buzau-2\/\" rel=\"tag\">DIICOT Buz\u0103u<\/a><a href=\"https:\/\/gazetabuzoiana.ro\/tag\/droguri-buzau\/\" rel=\"tag\">droguri Buz\u0103u<\/a><a href=\"https:\/\/gazetabuzoiana.ro\/tag\/ipj-buzau-2\/\" rel=\"tag\">IPJ Buz\u0103u<\/a><a href=\"https:\/\/gazetabuzoiana.ro\/tag\/ramnicu-sarat\/\" rel=\"tag\">r\u00e2mnicu s\u0103rat<\/a><a href=\"https:\/\/gazetabuzoiana.ro\/tag\/trafic-de-droguri\/\" rel=\"tag\">trafic de droguri<\/a><\/span><\/div>\n<\/div>\n<p>[analyse_source url=&#8221;https:\/\/gazetabuzoiana.ro\/2026\/08\/17\/doi-buzoieni-arestati-preventiv-pentru-trafic-de-droguri-peste-520-de-grame-de-canabis-ridicate-la-perchezitii-video\/&#8221;]<\/p>\n","protected":false},"excerpt":{"rendered":"<p>[analyse_image type=&#8221;featured&#8221; src=&#8221;https:\/\/gazetabuzoiana.ro\/wp-content\/uploads\/2026\/08\/c-1.jpeg&#8221;] Dou\u0103 persoane, ambele \u00een v\u00e2rst\u0103 de 46 de ani, au fost arestate preventiv pentru 30 de zile, \u00eentr-un dosar de trafic de droguri de risc \u0219i mare risc. Potrivit anchetatorilor, cei doi ar fi v\u00e2ndut droguri \u00een municipiile Buz\u0103u \u0219i R\u00e2mnicu S\u0103rat, iar activitatea infrac\u021bional\u0103 ar fi \u00eenceput \u00een luna aprilie 2026. [&hellip;]<\/p>\n","protected":false},"author":1,"featured_media":0,"comment_status":"open","ping_status":"","sticky":false,"template":"","format":"standard","meta":{"footnotes":""},"categories":[2],"tags":[226,38],"class_list":["post-2097924","post","type-post","status-publish","format-standard","hentry","category-politics","tag-crawlmanager","tag-gazetabuzoiana-ro"],"_links":{"self":[{"href":"https:\/\/analyse.optim.biz\/index.php?rest_route=\/wp\/v2\/posts\/2097924","targetHints":{"allow":["GET"]}}],"collection":[{"href":"https:\/\/analyse.optim.biz\/index.php?rest_route=\/wp\/v2\/posts"}],"about":[{"href":"https:\/\/analyse.optim.biz\/index.php?rest_route=\/wp\/v2\/types\/post"}],"author":[{"embeddable":true,"href":"https:\/\/analyse.optim.biz\/index.php?rest_route=\/wp\/v2\/users\/1"}],"replies":[{"embeddable":true,"href":"https:\/\/analyse.optim.biz\/index.php?rest_route=%2Fwp%2Fv2%2Fcomments&post=2097924"}],"version-history":[{"count":0,"href":"https:\/\/analyse.optim.biz\/index.php?rest_route=\/wp\/v2\/posts\/2097924\/revisions"}],"wp:attachment":[{"href":"https:\/\/analyse.optim.biz\/index.php?rest_route=%2Fwp%2Fv2%2Fmedia&parent=2097924"}],"wp:term":[{"taxonomy":"category","embeddable":true,"href":"https:\/\/analyse.optim.biz\/index.php?rest_route=%2Fwp%2Fv2%2Fcategories&post=2097924"},{"taxonomy":"post_tag","embeddable":true,"href":"https:\/\/analyse.optim.biz\/index.php?rest_route=%2Fwp%2Fv2%2Ftags&post=2097924"}],"curies":[{"name":"wp","href":"https:\/\/api.w.org\/{rel}","templated":true}]}}