{"id":2097922,"date":"2026-08-17T12:36:08","date_gmt":"2026-08-17T09:36:08","guid":{"rendered":"https:\/\/analyse.optim.biz\/?p=2097922"},"modified":"2026-08-17T12:36:08","modified_gmt":"2026-08-17T09:36:08","slug":"40-de-copii-din-buzau-au-plecat-in-tabere-gratuite-la-colti-patru-zile-de-activitati-si-descoperiri-in-tinutul-buzaului","status":"publish","type":"post","link":"https:\/\/analyse.optim.biz\/?p=2097922","title":{"rendered":"40 de copii din Buz\u0103u au plecat \u00een tabere gratuite la Col\u021bi. Patru zile de activit\u0103\u021bi \u0219i descoperiri \u00een \u021ainutul Buz\u0103ului"},"content":{"rendered":"<p>[analyse_image type=&#8221;featured&#8221; src=&#8221;https:\/\/gazetabuzoiana.ro\/wp-content\/uploads\/2026\/08\/1-6.jpeg&#8221;]<\/p>\n<div class=\"entry-content entry clearfix\">\n<p class=\"wp-block-paragraph\">40 de copii din medii defavorizate, dar cu rezultate foarte bune la \u00eenv\u0103\u021b\u0103tur\u0103, au plecat ast\u0103zi \u00een tabere gratuite organizate de Consiliul Jude\u021bean Buz\u0103u. Este al doilea an consecutiv \u00een care administra\u021bia jude\u021bean\u0103 deruleaz\u0103 acest program.<\/p>\n<p class=\"wp-block-paragraph\">Taberele se desf\u0103\u0219oar\u0103 \u00een perioada 17-20 august, \u00een comuna Col\u021bi, \u00eentr-o zon\u0103 \u00een care natura, tradi\u021biile \u0219i me\u0219te\u0219ugurile locale devin parte din experien\u021ba copiilor.<\/p>\n<p class=\"wp-block-paragraph\">Cei 40 de beneficiari au fost \u00eemp\u0103r\u021bi\u021bi \u00een dou\u0103 grupuri de c\u00e2te 20 de copii. Primul grup este format din elevi proveni\u021bi din mai multe unit\u0103\u021bi administrativ-teritoriale ale jude\u021bului Buz\u0103u, iar cel de-al doilea din copii afla\u021bi \u00een eviden\u021ba DGASPC Buz\u0103u.<\/p>\n<p class=\"wp-block-paragraph\">Pe parcursul celor patru zile, copiii vor participa la un atelier de ol\u0103rit, vor face drume\u021bii \u00een c\u0103utarea chihlimbarului \u0219i vor vizita Muzeul Chihlimbarului din Col\u021bi. Organizatorii au inclus \u00een program at\u00e2t activit\u0103\u021bi de recreere, c\u00e2t \u0219i experien\u021be prin care cei mici pot descoperi tradi\u021biile \u0219i particularit\u0103\u021bile zonei.<\/p>\n<p class=\"wp-block-paragraph\">Cazarea este asigurat\u0103 la Casa Lila \u0219i Aluni\u0219 Retreat, \u00een regim de pensiune complet\u0103.<\/p>\n<p class=\"wp-block-paragraph\">Dincolo de ie\u0219irea din rutina de zi cu zi, programul urm\u0103re\u0219te s\u0103 le ofere copiilor un context \u00een care s\u0103 socializeze, s\u0103 lucreze \u00eempreun\u0103 \u0219i s\u0103 capete mai mult\u0103 \u00eencredere \u00een propriile for\u021be.<\/p>\n<p class=\"wp-block-paragraph\">Potrivit Consiliului Jude\u021bean Buz\u0103u, astfel de experien\u021be au \u0219i o component\u0103 important\u0103 de dezvoltare personal\u0103 \u0219i emo\u021bional\u0103, prin interac\u021biunea dintre copii, activit\u0103\u021bile desf\u0103\u0219urate \u00een echip\u0103 \u0219i contactul direct cu natura \u0219i tradi\u021biile locale.<\/p>\n<p class=\"wp-block-paragraph\">Taberele gratuite sunt organizate pentru al doilea an consecutiv \u0219i se adreseaz\u0103 copiilor care, de\u0219i provin din familii sau medii cu posibilit\u0103\u021bi reduse, au rezultate bune la \u0219coal\u0103.<\/p>\n<figure class=\"wp-block-image size-large\"><img loading=\"lazy\" decoding=\"async\" width=\"1024\" height=\"685\" src=\"https:\/\/gazetabuzoiana.ro\/wp-content\/uploads\/2026\/08\/2-3-1024x685.jpeg\" alt class=\"wp-image-22147\"><\/figure>\n<div class=\"post-bottom-meta post-bottom-tags post-tags-modern\">\n<div class=\"post-bottom-meta-title\"> Etichete<\/div>\n<p><span class=\"tagcloud\"><a href=\"https:\/\/gazetabuzoiana.ro\/tag\/alunis-retreat\/\" rel=\"tag\">Aluni\u0219 Retreat<\/a><a href=\"https:\/\/gazetabuzoiana.ro\/tag\/buzau-2\/\" rel=\"tag\">Buz\u0103u<\/a><a href=\"https:\/\/gazetabuzoiana.ro\/tag\/casa-lila\/\" rel=\"tag\">Casa Lila<\/a><a href=\"https:\/\/gazetabuzoiana.ro\/tag\/colti\/\" rel=\"tag\">Col\u021bi<\/a><a href=\"https:\/\/gazetabuzoiana.ro\/tag\/consiliul-judetean-buzau\/\" rel=\"tag\">Consiliul Jude\u021bean Buz\u0103u<\/a><a href=\"https:\/\/gazetabuzoiana.ro\/tag\/copii\/\" rel=\"tag\">copii<\/a><a href=\"https:\/\/gazetabuzoiana.ro\/tag\/copii-din-medii-defavorizate\/\" rel=\"tag\">copii din medii defavorizate<\/a><a href=\"https:\/\/gazetabuzoiana.ro\/tag\/dgaspc-buzau-2\/\" rel=\"tag\">DGASPC Buz\u0103u<\/a><a href=\"https:\/\/gazetabuzoiana.ro\/tag\/educatie\/\" rel=\"tag\">educa\u021bie<\/a><a href=\"https:\/\/gazetabuzoiana.ro\/tag\/judetul-buzau-2\/\" rel=\"tag\">jude\u021bul Buz\u0103u<\/a><a href=\"https:\/\/gazetabuzoiana.ro\/tag\/muzeul-chihlimbarului\/\" rel=\"tag\">muzeul chihlimbarului<\/a><a href=\"https:\/\/gazetabuzoiana.ro\/tag\/rezultate-la-invatatura\/\" rel=\"tag\">rezultate la \u00eenv\u0103\u021b\u0103tur\u0103<\/a><a href=\"https:\/\/gazetabuzoiana.ro\/tag\/tabere-gratuite\/\" rel=\"tag\">tabere gratuite<\/a><a href=\"https:\/\/gazetabuzoiana.ro\/tag\/tabere-pentru-copii\/\" rel=\"tag\">tabere pentru copii<\/a><\/span><\/div>\n<\/div>\n<p>[analyse_source url=&#8221;https:\/\/gazetabuzoiana.ro\/2026\/08\/17\/40-de-copii-din-buzau-au-plecat-in-tabere-gratuite-la-colti-patru-zile-de-activitati-si-descoperiri-in-tinutul-buzaului\/&#8221;]<\/p>\n","protected":false},"excerpt":{"rendered":"<p>[analyse_image type=&#8221;featured&#8221; src=&#8221;https:\/\/gazetabuzoiana.ro\/wp-content\/uploads\/2026\/08\/1-6.jpeg&#8221;] 40 de copii din medii defavorizate, dar cu rezultate foarte bune la \u00eenv\u0103\u021b\u0103tur\u0103, au plecat ast\u0103zi \u00een tabere gratuite organizate de Consiliul Jude\u021bean Buz\u0103u. Este al doilea an consecutiv \u00een care administra\u021bia jude\u021bean\u0103 deruleaz\u0103 acest program. Taberele se desf\u0103\u0219oar\u0103 \u00een perioada 17-20 august, \u00een comuna Col\u021bi, \u00eentr-o zon\u0103 \u00een care natura, tradi\u021biile [&hellip;]<\/p>\n","protected":false},"author":1,"featured_media":0,"comment_status":"open","ping_status":"","sticky":false,"template":"","format":"standard","meta":{"footnotes":""},"categories":[2],"tags":[226,38],"class_list":["post-2097922","post","type-post","status-publish","format-standard","hentry","category-politics","tag-crawlmanager","tag-gazetabuzoiana-ro"],"_links":{"self":[{"href":"https:\/\/analyse.optim.biz\/index.php?rest_route=\/wp\/v2\/posts\/2097922","targetHints":{"allow":["GET"]}}],"collection":[{"href":"https:\/\/analyse.optim.biz\/index.php?rest_route=\/wp\/v2\/posts"}],"about":[{"href":"https:\/\/analyse.optim.biz\/index.php?rest_route=\/wp\/v2\/types\/post"}],"author":[{"embeddable":true,"href":"https:\/\/analyse.optim.biz\/index.php?rest_route=\/wp\/v2\/users\/1"}],"replies":[{"embeddable":true,"href":"https:\/\/analyse.optim.biz\/index.php?rest_route=%2Fwp%2Fv2%2Fcomments&post=2097922"}],"version-history":[{"count":0,"href":"https:\/\/analyse.optim.biz\/index.php?rest_route=\/wp\/v2\/posts\/2097922\/revisions"}],"wp:attachment":[{"href":"https:\/\/analyse.optim.biz\/index.php?rest_route=%2Fwp%2Fv2%2Fmedia&parent=2097922"}],"wp:term":[{"taxonomy":"category","embeddable":true,"href":"https:\/\/analyse.optim.biz\/index.php?rest_route=%2Fwp%2Fv2%2Fcategories&post=2097922"},{"taxonomy":"post_tag","embeddable":true,"href":"https:\/\/analyse.optim.biz\/index.php?rest_route=%2Fwp%2Fv2%2Ftags&post=2097922"}],"curies":[{"name":"wp","href":"https:\/\/api.w.org\/{rel}","templated":true}]}}