{"id":2097919,"date":"2026-08-17T11:51:16","date_gmt":"2026-08-17T08:51:16","guid":{"rendered":"https:\/\/analyse.optim.biz\/?p=2097919"},"modified":"2026-08-17T11:51:16","modified_gmt":"2026-08-17T08:51:16","slug":"ramnicelu-o-familei-a-ajuns-prizoniera-in-propria-curte-dreptatea-se-plimba-intre-institutii-iar-oamenii-raman-cu-aceeasi-problema","status":"publish","type":"post","link":"https:\/\/analyse.optim.biz\/?p=2097919","title":{"rendered":"R\u00c2MNICELU | O familei a ajuns prizonier\u0103 \u00een propria curte. Dreptatea se plimb\u0103 \u00eentre institu\u021bii, iar oamenii r\u0103m\u00e2n cu aceea\u0219i problem\u0103"},"content":{"rendered":"<p>[analyse_image type=&#8221;featured&#8221; src=&#8221;https:\/\/gazetabuzoiana.ro\/wp-content\/uploads\/2026\/08\/20.jpeg&#8221;]<\/p>\n<div class=\"entry-content entry clearfix\">\n<p class=\"wp-block-paragraph\">Sunt situa\u021bii \u00een care omul ajunge s\u0103 nu mai \u0219tie unde s\u0103 cear\u0103 ajutor. Merge la Prim\u0103rie, face o sesizare, prime\u0219te un r\u0103spuns. Se adreseaz\u0103 Prefecturii, apoi Poli\u021biei, G\u0103rzii de Mediu, Inspectoratului \u00een Construc\u021bii, Avocatului Poporului \u0219i, \u00een cele din urm\u0103, ajunge \u0219i la Parchet. Se adun\u0103 h\u00e2rtii, numere de \u00eenregistrare, notific\u0103ri \u0219i procese. Numai c\u0103, atunci c\u00e2nd omul se \u00eentoarce acas\u0103, problema este tot acolo.<\/p>\n<p class=\"wp-block-paragraph\">A\u0219a se \u00eent\u00e2mpl\u0103, de mai bine de un an \u0219i jum\u0103tate, \u00een cazul familiei Concea din R\u00e2mnicelu. L\u00e2ng\u0103 locuin\u021ba lor se afl\u0103 un amplasament folosit de Neculai Jugaru, unde, potrivit sesiz\u0103rilor \u0219i imaginilor transmise redac\u021biei, sunt depozitate furaje \u0219i utilaje agricole \u0219i sunt crescute p\u0103s\u0103ri. Familia reclam\u0103 zgomot, mirosuri, noxe \u0219i disconfort, toate \u00een imediata apropiere a casei.<\/p>\n<p class=\"wp-block-paragraph\">\u00cen spatele unui gard al unei locuin\u021be din comuna R\u00e2mnicelu se afl\u0103 o poveste care dureaz\u0103 de mai bine de un an \u0219i jum\u0103tate. Un teren p\u0103r\u0103sit este folosit \u00een prezent de fostul primar al comunei, de\u0219i el apar\u021bine unei societ\u0103\u021bi radiate de 16 ani, iar o familie, a c\u0103rei gospod\u0103rie este separat\u0103 de un gard de acel teren, care spune c\u0103 a ajuns <em>\u201eprizonier\u0103 \u00een propria curte\u201d<\/em>. De atunci, cazul a trecut prin Prim\u0103rie, Prefectur\u0103, Poli\u021bie, Garda de Mediu, Inspectoratul \u00een Construc\u021bii, Avocatul Poporului \u0219i Parchet. Au fost sesiz\u0103ri, notific\u0103ri, controale \u0219i r\u0103spunsuri \u00een favoarea familie respective, doar problema a r\u0103mas nerezolvat\u0103.<\/p>\n<p class=\"wp-block-paragraph\">Povestea familiei Concea din R\u00e2mnicelu a dep\u0103\u0219it limitele unui conflict \u00eentre vecini. Documentele transmise redac\u021biei noatsre arat\u0103 un lung \u0219ir de sesiz\u0103ri \u0219i r\u0103spunsuri oficiale, \u00een centrul c\u0103rora se afl\u0103 un amplasament folosit de Neculai Jugaru, fostul primar al comunei \u0219i o situa\u021bie juridic\u0103 pe care administra\u021bia local\u0103 pare incapabil\u0103 s\u0103 o l\u0103mureasc\u0103 definitiv.<\/p>\n<p class=\"wp-block-paragraph\">Pentru Claudia Concea, nu este doar o problem\u0103 de acte sau de proprietate. Ea spune c\u0103 utilajele agricole sunt pornite sau sta\u021bionate l\u00e2ng\u0103 gardul care desparte amplasamentul de locuin\u021ba sa, iar unele activit\u0103\u021bi \u00eencep \u00eenc\u0103 de la primele ore ale dimine\u021bii. A reclamat inclusiv situa\u021bii \u00een care un tractor ar fi fost l\u0103sat pornit aproximativ 45 de minute, iar gazele de e\u0219apament ar fi ajuns \u00een locuin\u021b\u0103.<\/p>\n<p class=\"wp-block-paragraph\">\u00cen alte zile, spune femeia, zgomotul p\u0103s\u0103rilor \u00eencepe \u00een jurul orei 6.00 \u0219i continu\u0103 pe parcursul zilei. Pe l\u00e2ng\u0103 acestea, sunt balo\u021bi de furaje, utilaje, remorci \u0219i alte materiale depozitate pe amplasament. Toate se afl\u0103, potrivit relat\u0103rilor sale, la c\u00e2\u021biva metri de casa \u00een care locuie\u0219te.<\/p>\n<p class=\"wp-block-paragraph\">Mai recent, problema s-a complicat \u0219i mai mult dup\u0103 montarea unor panouri de tabl\u0103 zincat\u0103, de aproximativ doi metri \u00een\u0103l\u021bime, pe gardul de la limita de proprietate. Claudia Concea sus\u021bine c\u0103 panourile au fost montate f\u0103r\u0103 acordul s\u0103u \u0219i c\u0103 \u00eei afecteaz\u0103 lumina natural\u0103 \u0219i aerisirea cur\u021bii. \u00cen zilele c\u0103lduroase, spune ea, tabla amplific\u0103 \u0219i mai mult c\u0103ldura \u00een curte.<\/p>\n<p class=\"wp-block-paragraph\">Problema nu este \u00eens\u0103 una ap\u0103rut\u0103 de ieri. Prim\u0103ria R\u00e2mnicelu \u0219tie despre ea de ani de zile.<\/p>\n<p class=\"wp-block-paragraph\">\u00cen documentele cadastrale apare \u0219i o suprafa\u021b\u0103 de 125 mp care apar\u021bine UAT R\u00e2mnicelu. Pentru un alt teren, de aproximativ 1.756 mp, Prim\u0103ria a precizat oficial, \u00een iulie 2026, c\u0103 \u00een eviden\u021bele sale figureaz\u0103 SC SARCO SRL, imobilul fiind \u00eens\u0103 <em>\u201efolosit de dl. Jugaru Neculai\u201d.<\/em><\/p>\n<p class=\"wp-block-paragraph\">Numai c\u0103 SC SARCO SRL este, potrivit documentelor prezentate de petent\u0103, radiat\u0103 din anul 2010.<\/p>\n<p class=\"wp-block-paragraph\">Nu exist\u0103 niciun document oficial care s\u0103 ateste \u00een baza c\u0103rui drept folose\u0219te Neculai Jugaru terenul \u0219i construc\u021biile \u0219i cine este, \u00een prezent, proprietarul acestora.<\/p>\n<p class=\"wp-block-paragraph\">Prim\u0103ria \u0219tie despre situa\u021bie de ani de zile. \u00cen aprilie 2025, administra\u021bia local\u0103 i-a notificat lui Jugaru s\u0103 elibereze terenul de utilaje agricole, lemne, furaje, p\u0103s\u0103ri, animale \u0219i alte bunuri, amenin\u021b\u00e2nd cu ac\u021bionarea \u00een judecat\u0103. Au urmat apoi procesele de evacuare.<\/p>\n<p class=\"wp-block-paragraph\">\u00cen cazul suprafe\u021bei de 125 mp, petenta, Claudia Concea, sus\u021bine c\u0103 instan\u021ba a stabilit c\u0103 terenul apar\u021bine Prim\u0103riei \u0219i c\u0103 aceasta \u00ee\u0219i poate exercita drepturile asupra lui. F\u0103r\u0103 motivarea integral\u0103 a hot\u0103r\u00e2rii, redac\u021bia nu poate valida interpretarea juridic\u0103 a petentei, dar un lucru este cert, c\u0103 Prim\u0103ria cunoa\u0219te situa\u021bia juridic\u0103 a terenului \u0219i continu\u0103 s\u0103 recunoasc\u0103 faptul c\u0103 acesta este folosit de Jugaru.<\/p>\n<p class=\"wp-block-paragraph\">\u00cen ianuarie 2026, chiar Prim\u0103ria \u00eei comunica familiei Concea c\u0103, dup\u0103 pronun\u021barea instan\u021bei, va \u00eentreprinde demersurile necesare pentru demolarea unei construc\u021bii, pentru a nu fi pus\u0103 \u00een pericol siguran\u021ba persoanelor.<\/p>\n<p class=\"wp-block-paragraph\">\u00centre timp, familia a sesizat Prefectura, Garda de Mediu, Direc\u021bia de S\u0103n\u0103tate Public\u0103, Inspectoratul \u00een Construc\u021bii, Poli\u021bia \u0219i Avocatul Poporului.<\/p>\n<p class=\"wp-block-paragraph\">Garda de Mediu a f\u0103cut un control \u00een iunie. Prim\u0103ria a comunicat c\u0103 nu au fost g\u0103site de\u0219euri de grajd sau dejec\u021bii \u00een zona verificat\u0103. \u00cen privin\u021ba panourilor de tabl\u0103 zincat\u0103, montate pe gardul de hotar, administra\u021bia a indicat Inspectoratul \u00een Construc\u021bii ca institu\u021bie competent\u0103. \u00cen august, petenta spune c\u0103 ISC nu i-a transmis niciun r\u0103spuns.<\/p>\n<p class=\"wp-block-paragraph\">Avocatul Poporului a intervenit, la r\u00e2ndul s\u0103u. \u00centr-un r\u0103spuns din 23 iulie, institu\u021bia ar\u0103ta c\u0103, la acel moment, Prim\u0103ria R\u00e2mnicelu nu \u00eei comunicase r\u0103spunsul solicitat, motiv pentru care a revenit c\u0103tre administra\u021bia local\u0103.<\/p>\n<p class=\"wp-block-paragraph\">\u00cen paralel, familia reclam\u0103 zgomote, utilaje agricole, p\u0103s\u0103ri \u0219i activit\u0103\u021bi care, potrivit sesiz\u0103rilor, \u00eencep uneori de la ora 6 diminea\u021ba \u0219i continu\u0103 pe parcursul zilei. Exist\u0103 \u0219i un dosar penal privind o presupus\u0103 tulburare de posesie, \u00eenaintat Parchetului \u00een martie 2026, pentru care petenta a solicitat \u00een august s\u0103 i se comunice stadiul.<\/p>\n<p class=\"wp-block-paragraph\">Pe 12 august, Claudia Concea a relatat c\u0103 a fost audiat\u0103 de poli\u021bie \u00een urma sesiz\u0103rilor privind zgomotul \u0219i activit\u0103\u021bile desf\u0103\u0219urate pe amplasament. Potrivit relat\u0103rii sale, poli\u021bistul i-ar fi spus c\u0103 Prim\u0103ria este \u201eprincipala vinovat\u0103\u201d \u0219i c\u0103 nu \u00een\u021belege de ce nu \u00ee\u0219i revendic\u0103 terenul. Afirma\u021bia nu este confirmat\u0103 oficial de Poli\u021bie.<\/p>\n<p class=\"wp-block-paragraph\">Dup\u0103 toate aceste demersuri, \u00eentreb\u0103rile sunt aproape acelea\u0219i. Nici acum nu se \u0219tie  \u00een ce temei folose\u0219te Jugaru terenul, cine este proprietarul, ce statut mai are SC SARCO SRL, cine a autorizat activit\u0103\u021bile de pe amplasament \u0219i ce m\u0103suri a luat efectiv Prim\u0103ria. <\/p>\n<p class=\"wp-block-paragraph\">Familia spune c\u0103 a ajuns la cap\u0103tul puterilor \u0219i c\u0103 via\u021ba i s-a transformat \u00eentr-un calvar. <\/p>\n<p class=\"wp-block-paragraph\">Aceasta este imaginea cea mai trist\u0103 a \u00eentregii situa\u021bii. Oamenii au acte, au procese, au sesiz\u0103ri, au numere de \u00eenregistrare \u0219i au r\u0103spunsuri \u00een fdavoarea lor de la institu\u021bii, dar problema lor nu este nici pe departe rezolvat\u0103.<\/p>\n<p class=\"wp-block-paragraph\">Institu\u021biile \u00ee\u0219i paseaz\u0103 competen\u021bele, a\u0219teapt\u0103 alte institu\u021bii, cer alte controale, trimit alte adrese. \u00centre timp, omul r\u0103m\u00e2ne acas\u0103 \u0219i suport\u0103 consecin\u021bele.<\/p>\n<p class=\"wp-block-paragraph\">Dup\u0103 toate aceste demersuri, familia Concea se afl\u0103 practic \u00een acela\u0219i punct. A cerut ajutor, a depus sesiz\u0103ri, a mers \u00een instan\u021b\u0103 \u0219i a b\u0103tut la u\u0219a mai multor institu\u021bii. Problema de l\u00e2ng\u0103 casa lor a r\u0103mas \u00eens\u0103 nerezolvat\u0103. Pentru ei, nu mai este o chestiune de h\u00e2rtii, ci de cum \u00ee\u0219i tr\u0103iesc fiecare zi.<\/p>\n<p class=\"wp-block-paragraph\">Nu punem punct aici. Vom cere r\u0103spunsuri oficiale de la toate institu\u021biile abilitate \u0219i vom verifica documentele aflate la baza acestei situa\u021bii. Dac\u0103 exist\u0103 explica\u021bii pentru faptul c\u0103, dup\u0103 at\u00e2tea sesiz\u0103ri \u0219i demersuri, problema continu\u0103, vrem s\u0103 le afl\u0103m. Iar r\u0103spunsurile primite le vom publica.<\/p>\n<div class=\"post-bottom-meta post-bottom-tags post-tags-modern\">\n<div class=\"post-bottom-meta-title\"> Etichete<\/div>\n<p><span class=\"tagcloud\"><a href=\"https:\/\/gazetabuzoiana.ro\/tag\/administratie-locala\/\" rel=\"tag\">administra\u021bie local\u0103<\/a><a href=\"https:\/\/gazetabuzoiana.ro\/tag\/autoritati-locale\/\" rel=\"tag\">autorit\u0103\u021bi locale<\/a><a href=\"https:\/\/gazetabuzoiana.ro\/tag\/avocatul-poporului\/\" rel=\"tag\">Avocatul Poporului<\/a><a href=\"https:\/\/gazetabuzoiana.ro\/tag\/buzau-2\/\" rel=\"tag\">Buz\u0103u<\/a><a href=\"https:\/\/gazetabuzoiana.ro\/tag\/claudia-concea\/\" rel=\"tag\">Claudia Concea<\/a><a href=\"https:\/\/gazetabuzoiana.ro\/tag\/conflict-de-vecinatate\/\" rel=\"tag\">conflict de vecin\u0103tate<\/a><a href=\"https:\/\/gazetabuzoiana.ro\/tag\/drept-de-folosinta\/\" rel=\"tag\">drept de folosin\u021b\u0103<\/a><a href=\"https:\/\/gazetabuzoiana.ro\/tag\/drept-de-proprietate\/\" rel=\"tag\">drept de proprietate<\/a><a href=\"https:\/\/gazetabuzoiana.ro\/tag\/evacuare\/\" rel=\"tag\">evacuare<\/a><a href=\"https:\/\/gazetabuzoiana.ro\/tag\/garda-de-mediu\/\" rel=\"tag\">Garda de Mediu<\/a><a href=\"https:\/\/gazetabuzoiana.ro\/tag\/inspectoratul-in-constructii\/\" rel=\"tag\">Inspectoratul \u00een Construc\u021bii<\/a><a href=\"https:\/\/gazetabuzoiana.ro\/tag\/litigiu\/\" rel=\"tag\">litigiu<\/a><a href=\"https:\/\/gazetabuzoiana.ro\/tag\/neculai-jugaru\/\" rel=\"tag\">Neculai Jugaru<\/a><a href=\"https:\/\/gazetabuzoiana.ro\/tag\/politia-buzau\/\" rel=\"tag\">poli\u021bia Buz\u0103u<\/a><a href=\"https:\/\/gazetabuzoiana.ro\/tag\/prefectura-buzau\/\" rel=\"tag\">Prefectura Buz\u0103u<\/a><a href=\"https:\/\/gazetabuzoiana.ro\/tag\/primaria-ramnicelu\/\" rel=\"tag\">Prim\u0103ria R\u00e2mnicelu<\/a><a href=\"https:\/\/gazetabuzoiana.ro\/tag\/ramnicelu\/\" rel=\"tag\">r\u00e2mnicelu<\/a><a href=\"https:\/\/gazetabuzoiana.ro\/tag\/sc-sarco-srl\/\" rel=\"tag\">SC SARCO SRL<\/a><a href=\"https:\/\/gazetabuzoiana.ro\/tag\/sesizari\/\" rel=\"tag\">sesiz\u0103ri<\/a><a href=\"https:\/\/gazetabuzoiana.ro\/tag\/teren\/\" rel=\"tag\">teren<\/a><a href=\"https:\/\/gazetabuzoiana.ro\/tag\/tulburare-de-posesie\/\" rel=\"tag\">tulburare de posesie<\/a><\/span><\/div>\n<\/div>\n<p>[analyse_source url=&#8221;https:\/\/gazetabuzoiana.ro\/2026\/08\/17\/ramnicelu-o-familei-a-ajuns-prizoniera-in-propria-curte-dreptatea-se-plimba-intre-institutii-iar-oamenii-raman-cu-aceeasi-problema\/&#8221;]<\/p>\n","protected":false},"excerpt":{"rendered":"<p>[analyse_image type=&#8221;featured&#8221; src=&#8221;https:\/\/gazetabuzoiana.ro\/wp-content\/uploads\/2026\/08\/20.jpeg&#8221;] Sunt situa\u021bii \u00een care omul ajunge s\u0103 nu mai \u0219tie unde s\u0103 cear\u0103 ajutor. Merge la Prim\u0103rie, face o sesizare, prime\u0219te un r\u0103spuns. Se adreseaz\u0103 Prefecturii, apoi Poli\u021biei, G\u0103rzii de Mediu, Inspectoratului \u00een Construc\u021bii, Avocatului Poporului \u0219i, \u00een cele din urm\u0103, ajunge \u0219i la Parchet. Se adun\u0103 h\u00e2rtii, numere de \u00eenregistrare, notific\u0103ri [&hellip;]<\/p>\n","protected":false},"author":1,"featured_media":0,"comment_status":"open","ping_status":"","sticky":false,"template":"","format":"standard","meta":{"footnotes":""},"categories":[2],"tags":[226,38],"class_list":["post-2097919","post","type-post","status-publish","format-standard","hentry","category-politics","tag-crawlmanager","tag-gazetabuzoiana-ro"],"_links":{"self":[{"href":"https:\/\/analyse.optim.biz\/index.php?rest_route=\/wp\/v2\/posts\/2097919","targetHints":{"allow":["GET"]}}],"collection":[{"href":"https:\/\/analyse.optim.biz\/index.php?rest_route=\/wp\/v2\/posts"}],"about":[{"href":"https:\/\/analyse.optim.biz\/index.php?rest_route=\/wp\/v2\/types\/post"}],"author":[{"embeddable":true,"href":"https:\/\/analyse.optim.biz\/index.php?rest_route=\/wp\/v2\/users\/1"}],"replies":[{"embeddable":true,"href":"https:\/\/analyse.optim.biz\/index.php?rest_route=%2Fwp%2Fv2%2Fcomments&post=2097919"}],"version-history":[{"count":0,"href":"https:\/\/analyse.optim.biz\/index.php?rest_route=\/wp\/v2\/posts\/2097919\/revisions"}],"wp:attachment":[{"href":"https:\/\/analyse.optim.biz\/index.php?rest_route=%2Fwp%2Fv2%2Fmedia&parent=2097919"}],"wp:term":[{"taxonomy":"category","embeddable":true,"href":"https:\/\/analyse.optim.biz\/index.php?rest_route=%2Fwp%2Fv2%2Fcategories&post=2097919"},{"taxonomy":"post_tag","embeddable":true,"href":"https:\/\/analyse.optim.biz\/index.php?rest_route=%2Fwp%2Fv2%2Ftags&post=2097919"}],"curies":[{"name":"wp","href":"https:\/\/api.w.org\/{rel}","templated":true}]}}