{"id":2097904,"date":"2026-08-17T17:24:05","date_gmt":"2026-08-17T14:24:05","guid":{"rendered":"https:\/\/analyse.optim.biz\/?p=2097904"},"modified":"2026-08-17T17:24:05","modified_gmt":"2026-08-17T14:24:05","slug":"compania-de-apa-buzau-%f0%9d%90%80%f0%9d%90%a9%f0%9d%90%9a-%f0%9d%90%a7%f0%9d%90%ae-%f0%9d%90%9e%f0%9d%90%ac%f0%9d%90%ad%f0%9d%90%9e-%f0%9d%90%a8-%f0%9d%90%ab%f0%9d%90%9e%f0%9d%90%ac%f0%9d%90%ae","status":"publish","type":"post","link":"https:\/\/analyse.optim.biz\/?p=2097904","title":{"rendered":"Compania de Ap\u0103 Buz\u0103u: \ud835\udc00\ud835\udc29\ud835\udc1a \ud835\udc27\ud835\udc2e \ud835\udc1e\ud835\udc2c\ud835\udc2d\ud835\udc1e \ud835\udc28 \ud835\udc2b\ud835\udc1e\ud835\udc2c\ud835\udc2e\ud835\udc2b\ud835\udc2c\ud835\udc1a\u0306 \ud835\udc22\ud835\udc27\ud835\udc1e\ud835\udc29\ud835\udc2e\ud835\udc22\ud835\udc33\ud835\udc1a\ud835\udc1b\ud835\udc22\ud835\udc25\ud835\udc1a\u0306!"},"content":{"rendered":"<p>[analyse_image type=&#8221;featured&#8221; src=&#8221;https:\/\/buzaumedia.ro\/wp-content\/uploads\/2026\/08\/1786967874_Compania-de-Apa-Buzau-INFORMARE.jpghttps:\/\/buzaumedia.ro\/wp-content\/uploads\/2026\/08\/1786967874_Compania-de-Apa-Buzau-INFORMARE.jpg&#8221;]<\/p>\n<div class=\"entry-content rbct clearfix is-highlight-shares\">\n<p>\u00a0<\/p>\n<p>De ast\u0103zi a fost instituit program de furnizare a apei \u00een localit\u0103\u021bi de pe Valea Sl\u0103nicului.<\/p>\n<p>Astfel, \u00een Vintil\u0103 Vod\u0103 \u0219i S\u0103rule\u0219ti apa este furnizat\u0103 de ast\u0103zi, de la ora 08.00, p\u00e2n\u0103 miercuri, la ora 20.00, iar \u00een Beceni, programul de furnizare a apei este de vineri, de la ora 08.00, p\u00e2n\u0103 duminic\u0103, la ora 20.00.<\/p>\n<p>Programul de furnizare a fost instituit pe fondul temperaturilor ridicate, dar \u0219i al consumului foarte mare de ap\u0103 din aceast\u0103 perioad\u0103.<\/p>\n<p>Compania de Ap\u0103 Buz\u0103u face apel la to\u021bi utilizatorii din localit\u0103\u021bile incluse \u00een programul de furnizare s\u0103 respecte \u00eentocmai recomand\u0103rile pentru a evita risipa apei.<\/p>\n<p>\u2022 S\u0103 evite utilizarea apei pentru udarea gr\u0103dinilor, peluzelor \u0219i spa\u021biilor verzi<br \/>\n\u2022 S\u0103 nu foloseasc\u0103 apa pentru umplerea piscinelor \u0219i a bazinelor<br \/>\n\u2022 S\u0103 evite sp\u0103larea autovehiculelor, cur\u021bilor \u0219i aleilor cu ap\u0103 din re\u021beaua public\u0103<br \/>\n\u2022 S\u0103 verifice instala\u021biile interioare pentru a identifica rapid pierderile \u0219i pentru a le remedia<br \/>\n\u2022 Sa utilizeze apa cu modera\u021bie \u0219i s\u0103 evite risipa<\/p>\n<p>Efectele unui consum responsabil se v\u0103d imediat \u00een disponibilul de ap\u0103 din rezervoare \u0219i, implicit, la robinetul din fiecare gospod\u0103rie.<\/p>\n<p>Compania de Ap\u0103 anun\u021b\u0103 c\u0103, \u00een situa\u021bia \u00een care apa din rezervoare se va men\u021bine la un nivel optim (consecin\u021b\u0103 a respect\u0103rii regulilor pentru evitarea risipei de c\u0103tre to\u021bi utilizatorii), va extinde intervalul de furnizare a apei.<\/p>\n<p>Compania de Ap\u0103 Buz\u0103u<\/p>\n<\/div>\n<p>[analyse_source url=&#8221;https:\/\/buzaumedia.ro\/stiri-buzau\/compania-de-apa-buzau-%f0%9d%90%80%f0%9d%90%a9%f0%9d%90%9a-%f0%9d%90%a7%f0%9d%90%ae-%f0%9d%90%9e%f0%9d%90%ac%f0%9d%90%ad%f0%9d%90%9e-%f0%9d%90%a8-%f0%9d%90%ab%f0%9d%90%9e%f0%9d%90%ac%f0%9d%90%ae\/&#8221;]<\/p>\n","protected":false},"excerpt":{"rendered":"<p>[analyse_image type=&#8221;featured&#8221; src=&#8221;https:\/\/buzaumedia.ro\/wp-content\/uploads\/2026\/08\/1786967874_Compania-de-Apa-Buzau-INFORMARE.jpghttps:\/\/buzaumedia.ro\/wp-content\/uploads\/2026\/08\/1786967874_Compania-de-Apa-Buzau-INFORMARE.jpg&#8221;] \u00a0 De ast\u0103zi a fost instituit program de furnizare a apei \u00een localit\u0103\u021bi de pe Valea Sl\u0103nicului. Astfel, \u00een Vintil\u0103 Vod\u0103 \u0219i S\u0103rule\u0219ti apa este furnizat\u0103 de ast\u0103zi, de la ora 08.00, p\u00e2n\u0103 miercuri, la ora 20.00, iar \u00een Beceni, programul de furnizare a apei este de vineri, de la ora 08.00, [&hellip;]<\/p>\n","protected":false},"author":1,"featured_media":0,"comment_status":"open","ping_status":"","sticky":false,"template":"","format":"standard","meta":{"footnotes":""},"categories":[2],"tags":[66,226],"class_list":["post-2097904","post","type-post","status-publish","format-standard","hentry","category-politics","tag-buzaumedia-ro","tag-crawlmanager"],"_links":{"self":[{"href":"https:\/\/analyse.optim.biz\/index.php?rest_route=\/wp\/v2\/posts\/2097904","targetHints":{"allow":["GET"]}}],"collection":[{"href":"https:\/\/analyse.optim.biz\/index.php?rest_route=\/wp\/v2\/posts"}],"about":[{"href":"https:\/\/analyse.optim.biz\/index.php?rest_route=\/wp\/v2\/types\/post"}],"author":[{"embeddable":true,"href":"https:\/\/analyse.optim.biz\/index.php?rest_route=\/wp\/v2\/users\/1"}],"replies":[{"embeddable":true,"href":"https:\/\/analyse.optim.biz\/index.php?rest_route=%2Fwp%2Fv2%2Fcomments&post=2097904"}],"version-history":[{"count":0,"href":"https:\/\/analyse.optim.biz\/index.php?rest_route=\/wp\/v2\/posts\/2097904\/revisions"}],"wp:attachment":[{"href":"https:\/\/analyse.optim.biz\/index.php?rest_route=%2Fwp%2Fv2%2Fmedia&parent=2097904"}],"wp:term":[{"taxonomy":"category","embeddable":true,"href":"https:\/\/analyse.optim.biz\/index.php?rest_route=%2Fwp%2Fv2%2Fcategories&post=2097904"},{"taxonomy":"post_tag","embeddable":true,"href":"https:\/\/analyse.optim.biz\/index.php?rest_route=%2Fwp%2Fv2%2Ftags&post=2097904"}],"curies":[{"name":"wp","href":"https:\/\/api.w.org\/{rel}","templated":true}]}}