{"id":2097707,"date":"2026-08-17T15:40:10","date_gmt":"2026-08-17T12:40:10","guid":{"rendered":"https:\/\/analyse.optim.biz\/?p=2097707"},"modified":"2026-08-17T15:40:10","modified_gmt":"2026-08-17T12:40:10","slug":"tragedie-pe-litoral-doi-frati-din-dodesti-au-murit-inecati-in-zona-olimp","status":"publish","type":"post","link":"https:\/\/analyse.optim.biz\/?p=2097707","title":{"rendered":"Tragedie pe litoral: doi fra\u021bi din Dode\u0219ti au murit \u00eeneca\u021bi \u00een zona Olimp"},"content":{"rendered":"<p>[analyse_image type=&#8221;featured&#8221; src=&#8221;https:\/\/news-vaslui.ro\/wp-content\/uploads\/2026\/08\/featured-image-1786981203048.jpg&#8221;]<\/p>\n<div class=\"tdb-block-inner td-fix-index\"><a class=\"tdb-logo-a\" href=\"https:\/\/news-vaslui.ro\/\" title=\"logo\"><span class=\"tdb-logo-img-wrap\"><img decoding=\"async\" class=\"tdb-logo-img td-retina-data\" data-retina=\"https:\/\/news-vaslui.ro\/wp-content\/uploads\/2025\/12\/FACT-CHECKED-NEWS-VASLUI-2-300x85.png\" src=\"https:\/\/news-vaslui.ro\/wp-content\/uploads\/2025\/12\/FACT-CHECKED-NEWS-VASLUI-2-300x85.png\" alt=\"logo\" title=\"logo\"><\/span><\/a><\/div>\n<div class=\"tdb-block-inner td-fix-index\"><a class=\"tdb-logo-a\" href=\"https:\/\/news-vaslui.ro\/\" title=\"logo\"><span class=\"tdb-logo-img-wrap\"><img decoding=\"async\" class=\"tdb-logo-img td-retina-data\" data-retina=\"https:\/\/news-vaslui.ro\/wp-content\/uploads\/2025\/12\/FACT-CHECKED-NEWS-VASLUI-2-300x85.png\" src=\"https:\/\/news-vaslui.ro\/wp-content\/uploads\/2025\/12\/FACT-CHECKED-NEWS-VASLUI-2-300x85.png\" alt=\"logo\" title=\"logo\"><\/span><\/a><\/div>\n<div class=\"tdb-block-inner td-fix-index\"><a class=\"tdb-logo-a\" href=\"https:\/\/news-vaslui.ro\/\" title=\"logo\"><span class=\"tdb-logo-img-wrap\"><img decoding=\"async\" class=\"tdb-logo-img td-retina-data\" data-retina=\"https:\/\/news-vaslui.ro\/wp-content\/uploads\/2025\/12\/FACT-CHECKED-NEWS-VASLUI-2-300x85.png\" src=\"https:\/\/news-vaslui.ro\/wp-content\/uploads\/2025\/12\/FACT-CHECKED-NEWS-VASLUI-2-300x85.png\" alt=\"logo\" title=\"logo\"><\/span><\/a><\/div>\n<div class=\"tdb-block-inner td-fix-index\">\n<div class=\"tdb-head-date-txt\">luni, august 17, 2026<\/div>\n<\/div>\n<div class=\"tdb-block-inner td-fix-index\">\n<div class=\"tdb-weather-deg-wrap\" data-block-uid=\"tdb_header_weather_uid\"><span class=\"tdb-weather-deg\">33.2<\/span><span class=\"tdb-weather-unit\">C<\/span><\/div>\n<div class=\"tdb-weather-city\">Vaslui<\/div>\n<\/div>\n<div class=\"tdb-block-inner td-fix-index\">\n<div class=\"tdb-drop-down-search\" aria-labelledby=\"td-header-search-button\">\n<div class=\"tdb-drop-down-search-inner\">\n<div class=\"tdb-search-form-inner\">\n<div class=\"tdb-head-search-placeholder\">type here&#8230;<\/div>\n<\/div>\n<\/div>\n<\/div>\n<\/div>\n<div class=\"tdb-block-inner td-fix-index\"><a class=\"tdb-logo-a\" href=\"https:\/\/news-vaslui.ro\/\" title=\"logo\"><span class=\"tdb-logo-img-wrap\"><img decoding=\"async\" class=\"tdb-logo-img td-retina-data\" data-retina=\"https:\/\/news-vaslui.ro\/wp-content\/uploads\/2025\/12\/FACT-CHECKED-NEWS-VASLUI-2-300x85.png\" src=\"https:\/\/news-vaslui.ro\/wp-content\/uploads\/2025\/12\/FACT-CHECKED-NEWS-VASLUI-2-300x85.png\" alt=\"Vaslui News\" title=\"logo\"><\/span><\/a><\/div>\n<div class=\"tdb-block-inner td-fix-index\"><img loading=\"lazy\" decoding=\"async\" width=\"1068\" height=\"712\" class=\"entry-thumb\" src=\"https:\/\/news-vaslui.ro\/wp-content\/uploads\/2026\/08\/featured-image-1786981203048-1068x712.jpg\" alt title=\"Featured Image\"><\/div>\n<div class=\"tdb-block-inner td-fix-index\"><span class=\"reading-time-number\">1<\/span><span class=\"tdb-minute-text\"> min.<\/span><span class=\"tdb-add-text\">Read<\/span><\/div>\n<div class=\"tdb-block-inner td-fix-index\">\n<h1 class=\"tdb-title-text\">Tragedie pe litoral: doi fra\u021bi din Dode\u0219ti au murit \u00eeneca\u021bi \u00een zona Olimp<\/h1>\n<\/div>\n<div class=\"tdb-block-inner td-fix-index\"><a class=\"tdb-author-photo\" href=\"https:\/\/news-vaslui.ro\/author\/vasluidev\/\" title=\"News Vaslui\"><img decoding=\"async\" alt=\"News Vaslui\" src=\"https:\/\/secure.gravatar.com\/avatar\/7cd75f71af07ac3deeb6cda7fa3e40e8f10cbbf011f111ff652b3ec2cc663f22?s=96&amp;d=mm&amp;r=g\" class=\"avatar avatar-96 photo\" height=\"96\" width=\"96\" loading=\"lazy\"><\/a><\/p>\n<div class=\"tdb-author-name-wrap\"><span class=\"tdb-author-by\">By<\/span><a class=\"tdb-author-name\" href=\"https:\/\/news-vaslui.ro\/author\/vasluidev\/\">News Vaslui<\/a><\/div>\n<\/div>\n<div class=\"tdb-block-inner td-fix-index\"><time class=\"entry-date updated td-module-date\" datetime=\"2026-08-17T15:40:10+00:00\">17 august 2026<\/time><\/div>\n<div class=\"td_block_wrap tdb_single_content tdi_103 td-pb-border-top td_block_template_1 td-post-content tagdiv-type\" data-td-block-uid=\"tdi_103\">\n<div class=\"tdb-block-inner td-fix-index\">\n<div class=\"post-sources-section\">\n<h3>Surse<\/h3>\n<div class=\"sources-list\"><a href=\"https:\/\/vremeanoua.ro\/video-doi-frati-din-dodesti-de-17-si-19-ani-au-pierit-in-apele-involburate-ale-marii-lucrau-ca-sezonieri-la-hotelul-steaua-de-mare\" target=\"_blank\" rel=\"noopener\" class=\"source-item\"><\/p>\n<div class=\"source-thumb\"><img decoding=\"async\" src=\"https:\/\/news-vaslui.ro\/wp-content\/uploads\/2025\/12\/vremeanoua.png\" alt=\"VIDEO | Doi fra\u021bi din Dode\u0219ti, de 17 \u0219i 19 ani, au...\" class=\"td-animation-stack-type0-2\"><\/div>\n<div class=\"source-info\"><span class=\"source-publication\">Vremea Noua<\/span><span class=\"source-title\">VIDEO | Doi fra\u021bi din Dode\u0219ti, de 17 \u0219i 19 ani, au&#8230;<\/span><\/p>\n<p class=\"source-date\">17\/08\/2026<\/p>\n<\/div>\n<p><\/a><a href=\"https:\/\/bzv.ro\/tragedie-pe-litoral-doi-frati-din-dodesti-judetul-vaslui-au-murit-inecati-la-olimp-sora-lor-a-privit-neputincioasa-de-pe-mal\" target=\"_blank\" rel=\"noopener\" class=\"source-item\"><\/p>\n<div class=\"source-thumb\"><img decoding=\"async\" src=\"https:\/\/news-vaslui.ro\/wp-content\/uploads\/2025\/12\/bzv.png\" alt=\"Tragedie pe litoral: doi fra\u021bi din Dode\u0219ti, jude\u021bul Vaslui, au murit \u00eeneca\u021bi...\" class=\"td-animation-stack-type0-2\"><\/div>\n<div class=\"source-info\"><span class=\"source-publication\">bzv.ro<\/span><span class=\"source-title\">Tragedie pe litoral: doi fra\u021bi din Dode\u0219ti, jude\u021bul Vaslui, au murit \u00eeneca\u021bi&#8230;<\/span><\/p>\n<p class=\"source-date\">17\/08\/2026<\/p>\n<\/div>\n<p><\/a><a href=\"https:\/\/www.monitoruldevaslui.ro\/2026\/08\/doi-frati-plecati-din-dodesti-sa-munceasca-pe-litoral-au-murit-inecati-in-zona-olimp\" target=\"_blank\" rel=\"noopener\" class=\"source-item\"><\/p>\n<div class=\"source-thumb\"><img decoding=\"async\" src=\"https:\/\/news-vaslui.ro\/wp-content\/uploads\/2025\/12\/monitoruldevaslui.png\" alt=\"Doi fra\u021bi pleca\u021bi din Dode\u0219ti s\u0103 munceasc\u0103 pe litoral au murit \u00eeneca\u021bi...\" class=\"td-animation-stack-type0-2\"><\/div>\n<div class=\"source-info\"><span class=\"source-publication\">Monitorul de Vaslui<\/span><span class=\"source-title\">Doi fra\u021bi pleca\u021bi din Dode\u0219ti s\u0103 munceasc\u0103 pe litoral au murit \u00eeneca\u021bi&#8230;<\/span><\/p>\n<p class=\"source-date\">17\/08\/2026<\/p>\n<\/div>\n<p><\/a><a href=\"https:\/\/vasluianul.ro\/doi-frati-vaslui-inecati-olimp\" target=\"_blank\" rel=\"noopener\" class=\"source-item\"><\/p>\n<div class=\"source-info\"><span class=\"source-publication\">Vasluianul<\/span><span class=\"source-title\">VIDEO Doi fra\u021bi din Dode\u0219ti, de 17 \u0219i 19 ani, au murit&#8230;<\/span><\/p>\n<p class=\"source-date\">17\/08\/2026<\/p>\n<\/div>\n<p><\/a><a href=\"https:\/\/stiriest.ro\/2026\/08\/16\/tragedie-cumplita-pe-litoral-doi-frati-din-vaslui-de-17-si-19-ani-au-murit-inecati-la-olimp\" target=\"_blank\" rel=\"noopener\" class=\"source-item\"><\/p>\n<div class=\"source-thumb\"><img decoding=\"async\" src=\"https:\/\/news-vaslui.ro\/wp-content\/uploads\/2025\/12\/stiriest.png\" alt=\"Tragedie cumplit\u0103 pe litoral. Doi fra\u021bi din Vaslui, de 17 \u0219i 19...\" class=\"td-animation-stack-type0-2\"><\/div>\n<div class=\"source-info\"><span class=\"source-publication\">Stiri Est<\/span><span class=\"source-title\">Tragedie cumplit\u0103 pe litoral. Doi fra\u021bi din Vaslui, de 17 \u0219i 19&#8230;<\/span><\/p>\n<p class=\"source-date\">17\/08\/2026<\/p>\n<\/div>\n<p><\/a><\/div>\n<\/div>\n<p>O tragedie cutremur\u0103toare a afectat comuna Dode\u0219ti din Vaslui, dup\u0103 ce doi fra\u021bi, \u00een v\u00e2rst\u0103 de 17, respectiv 19 ani, au murit \u00eeneca\u021bi \u00een zona Faleza Olimp \u2013 Steaua de Mare, pe litoralul rom\u00e2nesc. Cei doi, care lucrau ca sezonieri la complexul Steaua de Mare, se aflau probabil \u00een zi liber\u0103 \u0219i au intrat \u00een ap\u0103 \u00een condi\u021bii apropiate de steagul ro\u0219u, semn c\u0103 valurile erau \u00eenvolburate \u0219i curen\u021bii periculo\u0219i.<\/p>\n<p>Potrivit informa\u021biilor furnizate de autorit\u0103\u021bi, alarmele au fost trase prin 112, iar echipele de salvare au intervenit c\u00e2t mai repede posibil. Primul scos din ap\u0103 a fost t\u00e2n\u0103rul de 17 ani, Ionu\u021b Valentin Sava, c\u0103ruia i s-au efectuat manevre de resuscitare, dar care nu a r\u0103spuns \u0219i a fost declarat decedat.<\/p>\n<p>C\u00e2teva zeci de minute mai t\u00e2rziu, a fost g\u0103sit fratele s\u0103u, Vlad Sava (19 ani), care a fost scos din ap\u0103 \u00een stop cardiorespirator, iar eforturile echipajelor nu au mai avut rezultat. \u00cen timpul interven\u021biei, sora celor doi a asistat neputincioas\u0103 de pe mal, \u00eentr-un moment de \u0219oc profund.<\/p>\n<p>For\u021bele de interven\u021bie au fost extinse \u00een larg: Ambarca\u021biunea Mangalia, o autospecial\u0103 de stingere \u0219i zece scafandri au fost mobiliza\u021bi cu trei autospeciale suplimentare, potrivit ISU Constan\u021ba. Se pare c\u0103 tinerii voiau s\u0103 r\u0103m\u00e2n\u0103 \u00een zona litoralului p\u00e2n\u0103 la finalul sezonului, \u00eens\u0103 lucrurile au luat o \u00eentors\u0103tur\u0103 tragic\u0103.<\/p>\n<p>Autorit\u0103\u021bile continu\u0103 verific\u0103rile pentru a stabili circumstan\u021bele tragediei, inclusiv dac\u0103 vremea \u0219i curen\u021bii au avut rolul de factor declan\u0219ator. Comunit\u0103\u021bile din Vaslui \u0219i din Dobrogea au reac\u021bionat cu durere, iar \u00eendemnurile la pruden\u021b\u0103 \u00een fa\u021ba semnalelor de avertizare ro\u0219ie r\u0103m\u00e2n \u00een centrul discu\u021biilor.<\/p>\n<\/div>\n<\/div>\n<div class=\"tdb-block-inner td-fix-index\">\n<div class=\"post-sources-section\">\n<h3>Surse<\/h3>\n<div class=\"sources-list\"><a href=\"https:\/\/vremeanoua.ro\/video-doi-frati-din-dodesti-de-17-si-19-ani-au-pierit-in-apele-involburate-ale-marii-lucrau-ca-sezonieri-la-hotelul-steaua-de-mare\" target=\"_blank\" rel=\"noopener\" class=\"source-item\"><\/p>\n<div class=\"source-thumb\"><img decoding=\"async\" src=\"https:\/\/news-vaslui.ro\/wp-content\/uploads\/2025\/12\/vremeanoua.png\" alt=\"VIDEO | Doi fra\u021bi din Dode\u0219ti, de 17 \u0219i 19 ani, au...\" class=\"td-animation-stack-type0-2\"><\/div>\n<div class=\"source-info\"><span class=\"source-publication\">Vremea Noua<\/span><span class=\"source-title\">VIDEO | Doi fra\u021bi din Dode\u0219ti, de 17 \u0219i 19 ani, au&#8230;<\/span><\/p>\n<p class=\"source-date\">17\/08\/2026<\/p>\n<\/div>\n<p><\/a><a href=\"https:\/\/bzv.ro\/tragedie-pe-litoral-doi-frati-din-dodesti-judetul-vaslui-au-murit-inecati-la-olimp-sora-lor-a-privit-neputincioasa-de-pe-mal\" target=\"_blank\" rel=\"noopener\" class=\"source-item\"><\/p>\n<div class=\"source-thumb\"><img decoding=\"async\" src=\"https:\/\/news-vaslui.ro\/wp-content\/uploads\/2025\/12\/bzv.png\" alt=\"Tragedie pe litoral: doi fra\u021bi din Dode\u0219ti, jude\u021bul Vaslui, au murit \u00eeneca\u021bi...\" class=\"td-animation-stack-type0-2\"><\/div>\n<div class=\"source-info\"><span class=\"source-publication\">bzv.ro<\/span><span class=\"source-title\">Tragedie pe litoral: doi fra\u021bi din Dode\u0219ti, jude\u021bul Vaslui, au murit \u00eeneca\u021bi&#8230;<\/span><\/p>\n<p class=\"source-date\">17\/08\/2026<\/p>\n<\/div>\n<p><\/a><a href=\"https:\/\/www.monitoruldevaslui.ro\/2026\/08\/doi-frati-plecati-din-dodesti-sa-munceasca-pe-litoral-au-murit-inecati-in-zona-olimp\" target=\"_blank\" rel=\"noopener\" class=\"source-item\"><\/p>\n<div class=\"source-thumb\"><img decoding=\"async\" src=\"https:\/\/news-vaslui.ro\/wp-content\/uploads\/2025\/12\/monitoruldevaslui.png\" alt=\"Doi fra\u021bi pleca\u021bi din Dode\u0219ti s\u0103 munceasc\u0103 pe litoral au murit \u00eeneca\u021bi...\" class=\"td-animation-stack-type0-2\"><\/div>\n<div class=\"source-info\"><span class=\"source-publication\">Monitorul de Vaslui<\/span><span class=\"source-title\">Doi fra\u021bi pleca\u021bi din Dode\u0219ti s\u0103 munceasc\u0103 pe litoral au murit \u00eeneca\u021bi&#8230;<\/span><\/p>\n<p class=\"source-date\">17\/08\/2026<\/p>\n<\/div>\n<p><\/a><a href=\"https:\/\/vasluianul.ro\/doi-frati-vaslui-inecati-olimp\" target=\"_blank\" rel=\"noopener\" class=\"source-item\"><\/p>\n<div class=\"source-info\"><span class=\"source-publication\">Vasluianul<\/span><span class=\"source-title\">VIDEO Doi fra\u021bi din Dode\u0219ti, de 17 \u0219i 19 ani, au murit&#8230;<\/span><\/p>\n<p class=\"source-date\">17\/08\/2026<\/p>\n<\/div>\n<p><\/a><a href=\"https:\/\/stiriest.ro\/2026\/08\/16\/tragedie-cumplita-pe-litoral-doi-frati-din-vaslui-de-17-si-19-ani-au-murit-inecati-la-olimp\" target=\"_blank\" rel=\"noopener\" class=\"source-item\"><\/p>\n<div class=\"source-thumb\"><img decoding=\"async\" src=\"https:\/\/news-vaslui.ro\/wp-content\/uploads\/2025\/12\/stiriest.png\" alt=\"Tragedie cumplit\u0103 pe litoral. Doi fra\u021bi din Vaslui, de 17 \u0219i 19...\" class=\"td-animation-stack-type0-2\"><\/div>\n<div class=\"source-info\"><span class=\"source-publication\">Stiri Est<\/span><span class=\"source-title\">Tragedie cumplit\u0103 pe litoral. Doi fra\u021bi din Vaslui, de 17 \u0219i 19&#8230;<\/span><\/p>\n<p class=\"source-date\">17\/08\/2026<\/p>\n<\/div>\n<p><\/a><\/div>\n<\/div>\n<p>O tragedie cutremur\u0103toare a afectat comuna Dode\u0219ti din Vaslui, dup\u0103 ce doi fra\u021bi, \u00een v\u00e2rst\u0103 de 17, respectiv 19 ani, au murit \u00eeneca\u021bi \u00een zona Faleza Olimp \u2013 Steaua de Mare, pe litoralul rom\u00e2nesc. Cei doi, care lucrau ca sezonieri la complexul Steaua de Mare, se aflau probabil \u00een zi liber\u0103 \u0219i au intrat \u00een ap\u0103 \u00een condi\u021bii apropiate de steagul ro\u0219u, semn c\u0103 valurile erau \u00eenvolburate \u0219i curen\u021bii periculo\u0219i.<\/p>\n<p>Potrivit informa\u021biilor furnizate de autorit\u0103\u021bi, alarmele au fost trase prin 112, iar echipele de salvare au intervenit c\u00e2t mai repede posibil. Primul scos din ap\u0103 a fost t\u00e2n\u0103rul de 17 ani, Ionu\u021b Valentin Sava, c\u0103ruia i s-au efectuat manevre de resuscitare, dar care nu a r\u0103spuns \u0219i a fost declarat decedat.<\/p>\n<p>C\u00e2teva zeci de minute mai t\u00e2rziu, a fost g\u0103sit fratele s\u0103u, Vlad Sava (19 ani), care a fost scos din ap\u0103 \u00een stop cardiorespirator, iar eforturile echipajelor nu au mai avut rezultat. \u00cen timpul interven\u021biei, sora celor doi a asistat neputincioas\u0103 de pe mal, \u00eentr-un moment de \u0219oc profund.<\/p>\n<p>For\u021bele de interven\u021bie au fost extinse \u00een larg: Ambarca\u021biunea Mangalia, o autospecial\u0103 de stingere \u0219i zece scafandri au fost mobiliza\u021bi cu trei autospeciale suplimentare, potrivit ISU Constan\u021ba. Se pare c\u0103 tinerii voiau s\u0103 r\u0103m\u00e2n\u0103 \u00een zona litoralului p\u00e2n\u0103 la finalul sezonului, \u00eens\u0103 lucrurile au luat o \u00eentors\u0103tur\u0103 tragic\u0103.<\/p>\n<p>Autorit\u0103\u021bile continu\u0103 verific\u0103rile pentru a stabili circumstan\u021bele tragediei, inclusiv dac\u0103 vremea \u0219i curen\u021bii au avut rolul de factor declan\u0219ator. Comunit\u0103\u021bile din Vaslui \u0219i din Dobrogea au reac\u021bionat cu durere, iar \u00eendemnurile la pruden\u021b\u0103 \u00een fa\u021ba semnalelor de avertizare ro\u0219ie r\u0103m\u00e2n \u00een centrul discu\u021biilor.<\/p>\n<\/div>\n<div class=\"tdb-block-inner td-fix-index\">\n<div class=\"tdb-next-post tdb-next-post-bg tdb-post-prev\"><span>Articolul precedent<\/span><\/p>\n<div class=\"td-module-container\">\n<div class=\"td-image-container\"><a class=\"td-image-wrap\" href=\"https:\/\/news-vaslui.ro\/controverse-in-copou-ce-ascunde-proiectul-de-8-apartamente-din-vaslui\/\"><img decoding=\"async\" class=\"td-next-prev-image td-fix-index\" src=\"https:\/\/news-vaslui.ro\/wp-content\/uploads\/2026\/08\/featured-image-1786894685430-1068x712.jpg\"><\/a><\/div>\n<div class=\"next-prev-title\"><a href=\"https:\/\/news-vaslui.ro\/controverse-in-copou-ce-ascunde-proiectul-de-8-apartamente-din-vaslui\/\">Controverse \u00een Copou: ce ascunde proiectul de 8 apartamente din Vaslui<\/a><\/div>\n<\/div>\n<\/div>\n<div class=\"tdb-next-post tdb-next-post-bg tdb-post-next\"><span>Articolul urm\u0103tor<\/span><\/p>\n<div class=\"td-module-container\">\n<div class=\"td-image-container\"><a class=\"td-image-wrap\" href=\"https:\/\/news-vaslui.ro\/drona-doborata-aproape-de-galati-ce-spune-nato-despre-interventia-f-18-spaniole\/\"><img decoding=\"async\" class=\"td-next-prev-image td-fix-index\" src=\"https:\/\/news-vaslui.ro\/wp-content\/uploads\/2026\/08\/featured-image-1786981215272-1068x712.jpg\"><\/a><\/div>\n<div class=\"next-prev-title\"><a href=\"https:\/\/news-vaslui.ro\/drona-doborata-aproape-de-galati-ce-spune-nato-despre-interventia-f-18-spaniole\/\">Dron\u0103 dobor\u00e2t\u0103 aproape de Gala\u021bi: ce spune NATO despre interven\u021bia F-18 spaniole<\/a><\/div>\n<\/div>\n<\/div>\n<\/div>\n<div class=\"tdb-block-inner td-fix-index\"><a class=\"tdb-logo-a\" href=\"https:\/\/news-vaslui.ro\/\" title=\"logo\"><span class=\"tdb-logo-img-wrap\"><img decoding=\"async\" class=\"tdb-logo-img td-retina-data\" data-retina=\"https:\/\/news-vaslui.ro\/wp-content\/uploads\/2025\/12\/FACT-CHECKED-NEWS-VASLUI-2-300x85.png\" src=\"https:\/\/news-vaslui.ro\/wp-content\/uploads\/2025\/12\/FACT-CHECKED-NEWS-VASLUI-2-300x85.png\" alt=\"logo\" title=\"logo\"><\/span><\/a><\/div>\n<p>[analyse_source url=&#8221;https:\/\/news-vaslui.ro\/tragedie-pe-litoral-doi-frati-din-dodesti-au-murit-inecati-in-zona-olimp\/#new_tab&#8221;]<\/p>\n","protected":false},"excerpt":{"rendered":"<p>[analyse_image type=&#8221;featured&#8221; src=&#8221;https:\/\/news-vaslui.ro\/wp-content\/uploads\/2026\/08\/featured-image-1786981203048.jpg&#8221;] luni, august 17, 2026 33.2C Vaslui type here&#8230; 1 min.Read Tragedie pe litoral: doi fra\u021bi din Dode\u0219ti au murit \u00eeneca\u021bi \u00een zona Olimp ByNews Vaslui 17 august 2026 Surse Vremea NouaVIDEO | Doi fra\u021bi din Dode\u0219ti, de 17 \u0219i 19 ani, au&#8230; 17\/08\/2026 bzv.roTragedie pe litoral: doi fra\u021bi din Dode\u0219ti, jude\u021bul Vaslui, [&hellip;]<\/p>\n","protected":false},"author":1,"featured_media":0,"comment_status":"open","ping_status":"","sticky":false,"template":"","format":"standard","meta":{"footnotes":""},"categories":[89],"tags":[226,217],"class_list":["post-2097707","post","type-post","status-publish","format-standard","hentry","category-romania","tag-crawlmanager","tag-vaslui-robo-stiri-ro"],"_links":{"self":[{"href":"https:\/\/analyse.optim.biz\/index.php?rest_route=\/wp\/v2\/posts\/2097707","targetHints":{"allow":["GET"]}}],"collection":[{"href":"https:\/\/analyse.optim.biz\/index.php?rest_route=\/wp\/v2\/posts"}],"about":[{"href":"https:\/\/analyse.optim.biz\/index.php?rest_route=\/wp\/v2\/types\/post"}],"author":[{"embeddable":true,"href":"https:\/\/analyse.optim.biz\/index.php?rest_route=\/wp\/v2\/users\/1"}],"replies":[{"embeddable":true,"href":"https:\/\/analyse.optim.biz\/index.php?rest_route=%2Fwp%2Fv2%2Fcomments&post=2097707"}],"version-history":[{"count":0,"href":"https:\/\/analyse.optim.biz\/index.php?rest_route=\/wp\/v2\/posts\/2097707\/revisions"}],"wp:attachment":[{"href":"https:\/\/analyse.optim.biz\/index.php?rest_route=%2Fwp%2Fv2%2Fmedia&parent=2097707"}],"wp:term":[{"taxonomy":"category","embeddable":true,"href":"https:\/\/analyse.optim.biz\/index.php?rest_route=%2Fwp%2Fv2%2Fcategories&post=2097707"},{"taxonomy":"post_tag","embeddable":true,"href":"https:\/\/analyse.optim.biz\/index.php?rest_route=%2Fwp%2Fv2%2Ftags&post=2097707"}],"curies":[{"name":"wp","href":"https:\/\/api.w.org\/{rel}","templated":true}]}}