{"id":2097706,"date":"2026-08-17T15:40:17","date_gmt":"2026-08-17T12:40:17","guid":{"rendered":"https:\/\/analyse.optim.biz\/?p=2097706"},"modified":"2026-08-17T15:40:17","modified_gmt":"2026-08-17T12:40:17","slug":"drona-doborata-aproape-de-galati-ce-spune-nato-despre-interventia-f-18-spaniole","status":"publish","type":"post","link":"https:\/\/analyse.optim.biz\/?p=2097706","title":{"rendered":"Dron\u0103 dobor\u00e2t\u0103 aproape de Gala\u021bi: ce spune NATO despre interven\u021bia F-18 spaniole"},"content":{"rendered":"<p>[analyse_image type=&#8221;featured&#8221; src=&#8221;https:\/\/news-vaslui.ro\/wp-content\/uploads\/2026\/08\/featured-image-1786981215272.jpg&#8221;]<\/p>\n<div class=\"tdb-block-inner td-fix-index\"><a class=\"tdb-logo-a\" href=\"https:\/\/news-vaslui.ro\/\" title=\"logo\"><span class=\"tdb-logo-img-wrap\"><img decoding=\"async\" class=\"tdb-logo-img td-retina-data\" data-retina=\"https:\/\/news-vaslui.ro\/wp-content\/uploads\/2025\/12\/FACT-CHECKED-NEWS-VASLUI-2-300x85.png\" src=\"https:\/\/news-vaslui.ro\/wp-content\/uploads\/2025\/12\/FACT-CHECKED-NEWS-VASLUI-2-300x85.png\" alt=\"logo\" title=\"logo\"><\/span><\/a><\/div>\n<div class=\"tdb-block-inner td-fix-index\"><a class=\"tdb-logo-a\" href=\"https:\/\/news-vaslui.ro\/\" title=\"logo\"><span class=\"tdb-logo-img-wrap\"><img decoding=\"async\" class=\"tdb-logo-img td-retina-data\" data-retina=\"https:\/\/news-vaslui.ro\/wp-content\/uploads\/2025\/12\/FACT-CHECKED-NEWS-VASLUI-2-300x85.png\" src=\"https:\/\/news-vaslui.ro\/wp-content\/uploads\/2025\/12\/FACT-CHECKED-NEWS-VASLUI-2-300x85.png\" alt=\"logo\" title=\"logo\"><\/span><\/a><\/div>\n<div class=\"tdb-block-inner td-fix-index\"><a class=\"tdb-logo-a\" href=\"https:\/\/news-vaslui.ro\/\" title=\"logo\"><span class=\"tdb-logo-img-wrap\"><img decoding=\"async\" class=\"tdb-logo-img td-retina-data\" data-retina=\"https:\/\/news-vaslui.ro\/wp-content\/uploads\/2025\/12\/FACT-CHECKED-NEWS-VASLUI-2-300x85.png\" src=\"https:\/\/news-vaslui.ro\/wp-content\/uploads\/2025\/12\/FACT-CHECKED-NEWS-VASLUI-2-300x85.png\" alt=\"logo\" title=\"logo\"><\/span><\/a><\/div>\n<div class=\"tdb-block-inner td-fix-index\">\n<div class=\"tdb-head-date-txt\">luni, august 17, 2026<\/div>\n<\/div>\n<div class=\"tdb-block-inner td-fix-index\">\n<div class=\"tdb-weather-deg-wrap\" data-block-uid=\"tdb_header_weather_uid\"><span class=\"tdb-weather-deg\">33.2<\/span><span class=\"tdb-weather-unit\">C<\/span><\/div>\n<div class=\"tdb-weather-city\">Vaslui<\/div>\n<\/div>\n<div class=\"tdb-block-inner td-fix-index\">\n<div class=\"tdb-drop-down-search\" aria-labelledby=\"td-header-search-button\">\n<div class=\"tdb-drop-down-search-inner\">\n<div class=\"tdb-search-form-inner\">\n<div class=\"tdb-head-search-placeholder\">type here&#8230;<\/div>\n<\/div>\n<\/div>\n<\/div>\n<\/div>\n<div class=\"tdb-block-inner td-fix-index\"><a class=\"tdb-logo-a\" href=\"https:\/\/news-vaslui.ro\/\" title=\"logo\"><span class=\"tdb-logo-img-wrap\"><img decoding=\"async\" class=\"tdb-logo-img td-retina-data\" data-retina=\"https:\/\/news-vaslui.ro\/wp-content\/uploads\/2025\/12\/FACT-CHECKED-NEWS-VASLUI-2-300x85.png\" src=\"https:\/\/news-vaslui.ro\/wp-content\/uploads\/2025\/12\/FACT-CHECKED-NEWS-VASLUI-2-300x85.png\" alt=\"Vaslui News\" title=\"logo\"><\/span><\/a><\/div>\n<div class=\"tdb-block-inner td-fix-index\"><img loading=\"lazy\" decoding=\"async\" width=\"1068\" height=\"712\" class=\"entry-thumb\" src=\"https:\/\/news-vaslui.ro\/wp-content\/uploads\/2026\/08\/featured-image-1786981215272-1068x712.jpg\" alt title=\"Featured Image\"><\/div>\n<div class=\"tdb-block-inner td-fix-index\"><span class=\"reading-time-number\">1<\/span><span class=\"tdb-minute-text\"> min.<\/span><span class=\"tdb-add-text\">Read<\/span><\/div>\n<div class=\"tdb-block-inner td-fix-index\">\n<h1 class=\"tdb-title-text\">Dron\u0103 dobor\u00e2t\u0103 aproape de Gala\u021bi: ce spune NATO despre interven\u021bia F-18 spaniole<\/h1>\n<\/div>\n<div class=\"tdb-block-inner td-fix-index\"><a class=\"tdb-author-photo\" href=\"https:\/\/news-vaslui.ro\/author\/vasluidev\/\" title=\"News Vaslui\"><img decoding=\"async\" alt=\"News Vaslui\" src=\"https:\/\/secure.gravatar.com\/avatar\/7cd75f71af07ac3deeb6cda7fa3e40e8f10cbbf011f111ff652b3ec2cc663f22?s=96&amp;d=mm&amp;r=g\" class=\"avatar avatar-96 photo\" height=\"96\" width=\"96\" loading=\"lazy\"><\/a><\/p>\n<div class=\"tdb-author-name-wrap\"><span class=\"tdb-author-by\">By<\/span><a class=\"tdb-author-name\" href=\"https:\/\/news-vaslui.ro\/author\/vasluidev\/\">News Vaslui<\/a><\/div>\n<\/div>\n<div class=\"tdb-block-inner td-fix-index\"><time class=\"entry-date updated td-module-date\" datetime=\"2026-08-17T15:40:17+00:00\">17 august 2026<\/time><\/div>\n<div class=\"td_block_wrap tdb_single_content tdi_103 td-pb-border-top td_block_template_1 td-post-content tagdiv-type\" data-td-block-uid=\"tdi_103\">\n<div class=\"tdb-block-inner td-fix-index\">\n<div class=\"post-sources-section\">\n<h3>Surse<\/h3>\n<div class=\"sources-list\"><a href=\"https:\/\/vremeanoua.ro\/alerta-aeriana-in-galati-o-drona-a-fost-doborata-de-un-f-18-spaniol-autoritatile-au-gasit-fragmente-din-drona-si-din-proiectilul-care-a-doborat-o\" target=\"_blank\" rel=\"noopener\" class=\"source-item\"><\/p>\n<div class=\"source-thumb\"><img decoding=\"async\" src=\"https:\/\/news-vaslui.ro\/wp-content\/uploads\/2025\/12\/vremeanoua.png\" alt=\"Alert\u0103 aerian\u0103 \u00een Gala\u021bi. O dron\u0103 a fost dobor\u00e2t\u0103 de un F-18...\" class=\"td-animation-stack-type0-2\"><\/div>\n<div class=\"source-info\"><span class=\"source-publication\">Vremea Noua<\/span><span class=\"source-title\">Alert\u0103 aerian\u0103 \u00een Gala\u021bi. O dron\u0103 a fost dobor\u00e2t\u0103 de un F-18&#8230;<\/span><\/p>\n<p class=\"source-date\">17\/08\/2026<\/p>\n<\/div>\n<p><\/a><a href=\"https:\/\/vremeanoua.ro\/prima-reactie-a-nato-dupa-drona-doborata-in-judetul-galati-de-avioane-f-18-spaniole\" target=\"_blank\" rel=\"noopener\" class=\"source-item\"><\/p>\n<div class=\"source-thumb\"><img decoding=\"async\" src=\"https:\/\/news-vaslui.ro\/wp-content\/uploads\/2025\/12\/vremeanoua.png\" alt=\"Prima reac\u021bie a NATO dup\u0103 drona dobor\u00e2t\u0103 \u00een jude\u021bul Gala\u021bi de avioane...\" class=\"td-animation-stack-type0-2\"><\/div>\n<div class=\"source-info\"><span class=\"source-publication\">Vremea Noua<\/span><span class=\"source-title\">Prima reac\u021bie a NATO dup\u0103 drona dobor\u00e2t\u0103 \u00een jude\u021bul Gala\u021bi de avioane&#8230;<\/span><\/p>\n<p class=\"source-date\">17\/08\/2026<\/p>\n<\/div>\n<p><\/a><a href=\"https:\/\/vasluianul.ro\/drona-doborata-romania-f18-spaniol\" target=\"_blank\" rel=\"noopener\" class=\"source-item\"><\/p>\n<div class=\"source-info\"><span class=\"source-publication\">Vasluianul<\/span><span class=\"source-title\">Dron\u0103 dobor\u00e2t\u0103 \u00een jude\u021bul vecin. Un F-18 spaniol a&#8230;<\/span><\/p>\n<p class=\"source-date\">16\/08\/2026<\/p>\n<\/div>\n<p><\/a><\/div>\n<\/div>\n<p>Noaptea de 16 august a adus un incident major \u00een spa\u021biul aerian rom\u00e2nesc, viz\u00e2nd Gala\u021bi. O dron\u0103 care p\u0103trunsese \u00een \u021bar\u0103 dinspre Republica Moldova a fost detectat\u0103 de sistemele de supraveghere la aproximativ 24 km nord de Gala\u021bi, iar aeronavele de lupt\u0103 F-18 spaniole, aflate \u00een misiune de Poli\u021bie Aerian\u0103 \u00een Rom\u00e2nia, au intervenit \u00een regim de urgen\u021b\u0103.<\/p>\n<p>Drona a fost dobor\u00e2t\u0103 \u00een apropierea localit\u0103\u021bilor B\u0103leni \u0219i Cudalbi, zona vizat\u0103 fiind transpus\u0103 \u00eentr-o opera\u021biune comun\u0103 de cercetare aerian\u0103 \u0219i terestr\u0103. Potrivit MApN, fragmente ale rachetei interceptoare \u0219i fragmente ale dronei au fost recuperate \u0219i neutralizate \u00een condi\u021bii de siguran\u021b\u0103 de echipele EOD, iar fragmentele au fost prelevate pentru investiga\u021bii criminalistice.<\/p>\n<p>\u00cen timpul opera\u021biunilor, un militar s-a sim\u021bit r\u0103u \u0219i a primit \u00eengrijiri medicale, f\u0103r\u0103 ca autorit\u0103\u021bile s\u0103 confirme eventuale consecin\u021be grave. Misiunea de cercetare, coordonat\u0103 de Ministerul Ap\u0103r\u0103rii Na\u021bionale \u0219i Ministerul Afacerilor Interne, a fost \u00eencheiat\u0103 par\u021bial \u00een diminea\u021ba zilei de 17 august, cu verific\u0103ri suplimentare despre provenien\u021ba obiectului dobor\u00e2t.<\/p>\n<p>\u00cen plan extern, NATO a comunicat prin purt\u0103torul de cuv\u00e2nt c\u0103, deocamdat\u0103, detaliile investiga\u021biei sunt \u00een curs, iar drona \u201cpare s\u0103 fie ruseasc\u0103\u201d, subliniind c\u0103 alian\u021ba este permanent \u00een alert\u0103. Imaginile publicate ulterior de Comandamentul Aerian al NATO au ar\u0103tat interven\u021bia celor dou\u0103 F-18 spaniole \u00een spa\u021biul aerian rom\u00e2nesc.<\/p>\n<p>Ancheta continu\u0103 pentru identificarea sursei \u0219i scopului dronei, precum \u0219i evaluarea posibilelor implica\u021bii \u00een securitatea regional\u0103. P\u00e2n\u0103 la rezolvarea definitiv\u0103 a cazului, autorit\u0103\u021bile rom\u00e2ne reitereaz\u0103 colaborarea \u00een cadrul activelor opera\u021bionale cu alia\u021bii \u0219i cer clarific\u0103ri suplimentare \u00een raport cu aten\u021bia publicului din Vaslui \u0219i din zona Moldovei.<\/p>\n<\/div>\n<\/div>\n<div class=\"tdb-block-inner td-fix-index\">\n<div class=\"post-sources-section\">\n<h3>Surse<\/h3>\n<div class=\"sources-list\"><a href=\"https:\/\/vremeanoua.ro\/alerta-aeriana-in-galati-o-drona-a-fost-doborata-de-un-f-18-spaniol-autoritatile-au-gasit-fragmente-din-drona-si-din-proiectilul-care-a-doborat-o\" target=\"_blank\" rel=\"noopener\" class=\"source-item\"><\/p>\n<div class=\"source-thumb\"><img decoding=\"async\" src=\"https:\/\/news-vaslui.ro\/wp-content\/uploads\/2025\/12\/vremeanoua.png\" alt=\"Alert\u0103 aerian\u0103 \u00een Gala\u021bi. O dron\u0103 a fost dobor\u00e2t\u0103 de un F-18...\" class=\"td-animation-stack-type0-2\"><\/div>\n<div class=\"source-info\"><span class=\"source-publication\">Vremea Noua<\/span><span class=\"source-title\">Alert\u0103 aerian\u0103 \u00een Gala\u021bi. O dron\u0103 a fost dobor\u00e2t\u0103 de un F-18&#8230;<\/span><\/p>\n<p class=\"source-date\">17\/08\/2026<\/p>\n<\/div>\n<p><\/a><a href=\"https:\/\/vremeanoua.ro\/prima-reactie-a-nato-dupa-drona-doborata-in-judetul-galati-de-avioane-f-18-spaniole\" target=\"_blank\" rel=\"noopener\" class=\"source-item\"><\/p>\n<div class=\"source-thumb\"><img decoding=\"async\" src=\"https:\/\/news-vaslui.ro\/wp-content\/uploads\/2025\/12\/vremeanoua.png\" alt=\"Prima reac\u021bie a NATO dup\u0103 drona dobor\u00e2t\u0103 \u00een jude\u021bul Gala\u021bi de avioane...\" class=\"td-animation-stack-type0-2\"><\/div>\n<div class=\"source-info\"><span class=\"source-publication\">Vremea Noua<\/span><span class=\"source-title\">Prima reac\u021bie a NATO dup\u0103 drona dobor\u00e2t\u0103 \u00een jude\u021bul Gala\u021bi de avioane&#8230;<\/span><\/p>\n<p class=\"source-date\">17\/08\/2026<\/p>\n<\/div>\n<p><\/a><a href=\"https:\/\/vasluianul.ro\/drona-doborata-romania-f18-spaniol\" target=\"_blank\" rel=\"noopener\" class=\"source-item\"><\/p>\n<div class=\"source-info\"><span class=\"source-publication\">Vasluianul<\/span><span class=\"source-title\">Dron\u0103 dobor\u00e2t\u0103 \u00een jude\u021bul vecin. Un F-18 spaniol a&#8230;<\/span><\/p>\n<p class=\"source-date\">16\/08\/2026<\/p>\n<\/div>\n<p><\/a><\/div>\n<\/div>\n<p>Noaptea de 16 august a adus un incident major \u00een spa\u021biul aerian rom\u00e2nesc, viz\u00e2nd Gala\u021bi. O dron\u0103 care p\u0103trunsese \u00een \u021bar\u0103 dinspre Republica Moldova a fost detectat\u0103 de sistemele de supraveghere la aproximativ 24 km nord de Gala\u021bi, iar aeronavele de lupt\u0103 F-18 spaniole, aflate \u00een misiune de Poli\u021bie Aerian\u0103 \u00een Rom\u00e2nia, au intervenit \u00een regim de urgen\u021b\u0103.<\/p>\n<p>Drona a fost dobor\u00e2t\u0103 \u00een apropierea localit\u0103\u021bilor B\u0103leni \u0219i Cudalbi, zona vizat\u0103 fiind transpus\u0103 \u00eentr-o opera\u021biune comun\u0103 de cercetare aerian\u0103 \u0219i terestr\u0103. Potrivit MApN, fragmente ale rachetei interceptoare \u0219i fragmente ale dronei au fost recuperate \u0219i neutralizate \u00een condi\u021bii de siguran\u021b\u0103 de echipele EOD, iar fragmentele au fost prelevate pentru investiga\u021bii criminalistice.<\/p>\n<p>\u00cen timpul opera\u021biunilor, un militar s-a sim\u021bit r\u0103u \u0219i a primit \u00eengrijiri medicale, f\u0103r\u0103 ca autorit\u0103\u021bile s\u0103 confirme eventuale consecin\u021be grave. Misiunea de cercetare, coordonat\u0103 de Ministerul Ap\u0103r\u0103rii Na\u021bionale \u0219i Ministerul Afacerilor Interne, a fost \u00eencheiat\u0103 par\u021bial \u00een diminea\u021ba zilei de 17 august, cu verific\u0103ri suplimentare despre provenien\u021ba obiectului dobor\u00e2t.<\/p>\n<p>\u00cen plan extern, NATO a comunicat prin purt\u0103torul de cuv\u00e2nt c\u0103, deocamdat\u0103, detaliile investiga\u021biei sunt \u00een curs, iar drona \u201cpare s\u0103 fie ruseasc\u0103\u201d, subliniind c\u0103 alian\u021ba este permanent \u00een alert\u0103. Imaginile publicate ulterior de Comandamentul Aerian al NATO au ar\u0103tat interven\u021bia celor dou\u0103 F-18 spaniole \u00een spa\u021biul aerian rom\u00e2nesc.<\/p>\n<p>Ancheta continu\u0103 pentru identificarea sursei \u0219i scopului dronei, precum \u0219i evaluarea posibilelor implica\u021bii \u00een securitatea regional\u0103. P\u00e2n\u0103 la rezolvarea definitiv\u0103 a cazului, autorit\u0103\u021bile rom\u00e2ne reitereaz\u0103 colaborarea \u00een cadrul activelor opera\u021bionale cu alia\u021bii \u0219i cer clarific\u0103ri suplimentare \u00een raport cu aten\u021bia publicului din Vaslui \u0219i din zona Moldovei.<\/p>\n<\/div>\n<div class=\"tdb-block-inner td-fix-index\">\n<div class=\"tdb-next-post tdb-next-post-bg tdb-post-prev\"><span>Articolul precedent<\/span><\/p>\n<div class=\"td-module-container\">\n<div class=\"td-image-container\"><a class=\"td-image-wrap\" href=\"https:\/\/news-vaslui.ro\/tragedie-pe-litoral-doi-frati-din-dodesti-au-murit-inecati-in-zona-olimp\/\"><img decoding=\"async\" class=\"td-next-prev-image td-fix-index\" src=\"https:\/\/news-vaslui.ro\/wp-content\/uploads\/2026\/08\/featured-image-1786981203048-1068x712.jpg\"><\/a><\/div>\n<div class=\"next-prev-title\"><a href=\"https:\/\/news-vaslui.ro\/tragedie-pe-litoral-doi-frati-din-dodesti-au-murit-inecati-in-zona-olimp\/\">Tragedie pe litoral: doi fra\u021bi din Dode\u0219ti au murit \u00eeneca\u021bi \u00een zona Olimp<\/a><\/div>\n<\/div>\n<\/div>\n<div class=\"tdb-next-post tdb-next-post-bg tdb-post-next\"><span>Articolul urm\u0103tor<\/span><\/p>\n<div class=\"td-module-container\">\n<div class=\"td-image-container\"><a class=\"td-image-wrap\" href=\"https:\/\/news-vaslui.ro\/greseli-in-aparare-arata-vulnerabilitati-inainte-de-startul-ligii-3-pentru-csm-vaslui\/\"><img decoding=\"async\" class=\"td-next-prev-image td-fix-index\" src=\"https:\/\/news-vaslui.ro\/wp-content\/uploads\/2026\/08\/featured-image-1786981220896-1068x712.jpg\"><\/a><\/div>\n<div class=\"next-prev-title\"><a href=\"https:\/\/news-vaslui.ro\/greseli-in-aparare-arata-vulnerabilitati-inainte-de-startul-ligii-3-pentru-csm-vaslui\/\">Gre\u0219eli \u00een ap\u0103rare arat\u0103 vulnerabilit\u0103\u021bi \u00eenainte de startul Ligii 3 pentru CSM Vaslui<\/a><\/div>\n<\/div>\n<\/div>\n<\/div>\n<div class=\"tdb-block-inner td-fix-index\"><a class=\"tdb-logo-a\" href=\"https:\/\/news-vaslui.ro\/\" title=\"logo\"><span class=\"tdb-logo-img-wrap\"><img decoding=\"async\" class=\"tdb-logo-img td-retina-data\" data-retina=\"https:\/\/news-vaslui.ro\/wp-content\/uploads\/2025\/12\/FACT-CHECKED-NEWS-VASLUI-2-300x85.png\" src=\"https:\/\/news-vaslui.ro\/wp-content\/uploads\/2025\/12\/FACT-CHECKED-NEWS-VASLUI-2-300x85.png\" alt=\"logo\" title=\"logo\"><\/span><\/a><\/div>\n<p>[analyse_source url=&#8221;https:\/\/news-vaslui.ro\/drona-doborata-aproape-de-galati-ce-spune-nato-despre-interventia-f-18-spaniole\/#new_tab&#8221;]<\/p>\n","protected":false},"excerpt":{"rendered":"<p>[analyse_image type=&#8221;featured&#8221; src=&#8221;https:\/\/news-vaslui.ro\/wp-content\/uploads\/2026\/08\/featured-image-1786981215272.jpg&#8221;] luni, august 17, 2026 33.2C Vaslui type here&#8230; 1 min.Read Dron\u0103 dobor\u00e2t\u0103 aproape de Gala\u021bi: ce spune NATO despre interven\u021bia F-18 spaniole ByNews Vaslui 17 august 2026 Surse Vremea NouaAlert\u0103 aerian\u0103 \u00een Gala\u021bi. O dron\u0103 a fost dobor\u00e2t\u0103 de un F-18&#8230; 17\/08\/2026 Vremea NouaPrima reac\u021bie a NATO dup\u0103 drona dobor\u00e2t\u0103 \u00een jude\u021bul [&hellip;]<\/p>\n","protected":false},"author":1,"featured_media":0,"comment_status":"open","ping_status":"","sticky":false,"template":"","format":"standard","meta":{"footnotes":""},"categories":[89],"tags":[226,217],"class_list":["post-2097706","post","type-post","status-publish","format-standard","hentry","category-romania","tag-crawlmanager","tag-vaslui-robo-stiri-ro"],"_links":{"self":[{"href":"https:\/\/analyse.optim.biz\/index.php?rest_route=\/wp\/v2\/posts\/2097706","targetHints":{"allow":["GET"]}}],"collection":[{"href":"https:\/\/analyse.optim.biz\/index.php?rest_route=\/wp\/v2\/posts"}],"about":[{"href":"https:\/\/analyse.optim.biz\/index.php?rest_route=\/wp\/v2\/types\/post"}],"author":[{"embeddable":true,"href":"https:\/\/analyse.optim.biz\/index.php?rest_route=\/wp\/v2\/users\/1"}],"replies":[{"embeddable":true,"href":"https:\/\/analyse.optim.biz\/index.php?rest_route=%2Fwp%2Fv2%2Fcomments&post=2097706"}],"version-history":[{"count":0,"href":"https:\/\/analyse.optim.biz\/index.php?rest_route=\/wp\/v2\/posts\/2097706\/revisions"}],"wp:attachment":[{"href":"https:\/\/analyse.optim.biz\/index.php?rest_route=%2Fwp%2Fv2%2Fmedia&parent=2097706"}],"wp:term":[{"taxonomy":"category","embeddable":true,"href":"https:\/\/analyse.optim.biz\/index.php?rest_route=%2Fwp%2Fv2%2Fcategories&post=2097706"},{"taxonomy":"post_tag","embeddable":true,"href":"https:\/\/analyse.optim.biz\/index.php?rest_route=%2Fwp%2Fv2%2Ftags&post=2097706"}],"curies":[{"name":"wp","href":"https:\/\/api.w.org\/{rel}","templated":true}]}}