{"id":2097693,"date":"2026-08-17T16:06:13","date_gmt":"2026-08-17T13:06:13","guid":{"rendered":"https:\/\/analyse.optim.biz\/?p=2097693"},"modified":"2026-08-17T16:06:13","modified_gmt":"2026-08-17T13:06:13","slug":"educatie-artistica-la-orice-varsta-scoala-de-arte-timisoara-anunta-specializarile-noului-an-de-studii-creative","status":"publish","type":"post","link":"https:\/\/analyse.optim.biz\/?p=2097693","title":{"rendered":"Educa\u021bie artistic\u0103 la orice v\u00e2rst\u0103. \u0218coala de Arte Timi\u0219oara anun\u021b\u0103 specializ\u0103rile noului an de studii creative"},"content":{"rendered":"<p>[analyse_image type=&#8221;featured&#8221; src=&#8221;https:\/\/www.tion.ro\/wp-content\/uploads\/2026\/08\/+otf\/1200&#215;630\/YJ6Q3qAtvzF08QiPiDqnTU5PVF9WRVJZX1NFQzCjRmbc0LmNizPnvO__1DBdR__0qL6hgVOzu2vXUeDeBIAo4Jq5l68a3Q4wUGzKlCNq4raqa2ROwkUorTKy7i0mY=\/6972031ScoaladeArte2-scaled.jpeg&#8221;]<\/p>\n<article id=\"post-2335140\" class>\n<div class=\"entry-content clearfix\">\n<div class=\"enewsArticleContent\">\n<p><span data-contrast=\"auto\">\u00censcrierile se desf\u0103\u0219oar\u0103<\/span><span data-contrast=\"auto\"> \u00een perioada\u202f 1 septembrie \u2013 27 septembrie 2026<\/span><span data-contrast=\"auto\">.<\/span><span data-contrast=\"auto\">\u202f<\/span><span data-contrast=\"auto\">S<\/span><span data-contrast=\"auto\">pecializ\u0103rile disponibile<\/span><span data-contrast=\"auto\"> \u00een noul an de studii artistice sunt:<\/span><\/p>\n<ul>\n<li><span data-contrast=\"auto\">Canto muzic\u0103 popular\u0103 : 37 locuri disponibile<\/span><\/li>\n<li><span data-contrast=\"auto\">Canto muzic\u0103 u\u0219oar\u0103 : 17 locuri\u202fdisponibile<\/span><\/li>\n<li><span data-contrast=\"auto\">Cantori biserice\u0219ti: locuri nelimitate<\/span><\/li>\n<li><span data-contrast=\"auto\">Acordeon\/ armonic\u0103 s\u00e2rbeasc\u0103: 6 locuri disponibile<\/span><\/li>\n<li><span data-contrast=\"auto\">Vioar\u0103: 4 locuri disponibile<\/span><\/li>\n<li><span data-contrast=\"auto\">Saxofon\/ Taragot\/ Clarinet:19 locuri disponibile<\/span><\/li>\n<li><span data-contrast=\"auto\">Chitar\u0103 : 8 locuri disponibile<\/span><\/li>\n<li><span data-contrast=\"auto\">Pian: 10 locuri disponibile<\/span><\/li>\n<li><span data-contrast=\"auto\">Org\u0103 electronic\u0103: 10 locuri disponibile<\/span><\/li>\n<li>Pictur\u0103\/ Grafic\u0103 pentru copii : 12 locuri disponibile<\/li>\n<li>Pictur\u0103\/ Art\u0103 decorativ\u0103\/ Iconografie pentru adul\u021bi : locuri nelimitate<\/li>\n<li>Art\u0103 decorativ\u0103 \u0219i design\/ Pictur\u0103\/ Cusut tradi\u021bional : 5 locuri disponibile<\/li>\n<li>Art\u0103 fotografic\u0103 \u0219i introducere \u00een cinematografie: locuri nelimitate<\/li>\n<li>Sculptur\u0103 \/ Me\u0219te\u0219ugari (ol\u0103rit, cioplitori \u00een lemn, piatr\u0103, ghips, art\u0103 decorativ\u0103) : locuri nelimitate<\/li>\n<li>Instructori\/ Interpre\u021bi dansuri populare : locuri nelimitate<\/li>\n<li>Balet\/ Dans pentru copii: locuri nelimitate<\/li>\n<\/ul>\n<p><span data-contrast=\"auto\">Examenele de admitere vor avea loc \u00een perioada\u202f29 \u2013 30 septembrie 2026, iar afi\u0219area rezultatelor se va face \u00een data de 2 octombrie 2026. Cursurile vor \u00eencepe din data de\u202f05 octombrie 2026.<\/span><span data-contrast=\"auto\"> Detalii \u0219i \u00eenscrieri, la sediul CECART, Timi\u0219oara, str. E. Ungureanu nr.1, tel. 0766090936, email: scoaladearte@cecart.ro.<\/span><\/p>\n<div class=\"fbShareLikeTwitterAndEmailContainer\">\n<div class=\"wrapper\">\n<div class=\"email\">\n<div id=\"mailto-pop\" class=\"pop-form pop-form-mailto\">\n<div class=\"pop-form-header\">\n<h4>Trimite articolul<\/h4>\n<p><a class=\"pop-form-close\">X<\/a><\/div>\n<\/div>\n<\/div>\n<\/div>\n<\/div>\n<div class=\"comments\">\n<div class=\"top\">\n<div class=\"commentsNumber\"><span class=\"number\">0<\/span><span class=\"text\">Comentarii<\/span><\/div>\n<\/div>\n<div class=\"center\">\n<div id=\"respond\" class=\"comment-respond\">\n<h3 id=\"reply-title\" class=\"comment-reply-title\"><small><a rel=\"nofollow\" id=\"cancel-comment-reply-link\" href=\"https:\/\/www.tion.ro\/stirile-judetului-timis\/educatie-artistica-la-orice-varsta-scoala-de-arte-timisoara-anunta-specializarile-noului-an-de-studii-creative-2335140\/#respond\">Cancel reply<\/a><\/small><\/h3>\n<p class=\"comment-notes\"><span id=\"email-notes\">Your email address will not be published.<\/span><span class=\"required-field-message\">Required fields are marked <span class=\"required\">*<\/span><\/span><\/p>\n<p class=\"commentFormComment\"><span id=\"commentFormCount\"><br \/>\n                            inca<br \/>\n                            <span id=\"countCommentText\">1000<\/span><br \/>\n                            caractere ramase<br \/>\n                        <\/span><\/p>\n<\/div>\n<\/div>\n<div class=\"bottom\">\n<p class=\"forumDisclaimerHuRo\">\n            Citi\u021bi principiile noastre de moderare <a href=\"https:\/\/www.tion.ro\/reguli-postare-comentarii\/\" target=\"_blank\">aici<\/a>!\n        <\/p>\n<\/div>\n<\/div>\n<\/div>\n<\/div>\n<\/article>\n<div class=\"entry-content clearfix\">\n<div class=\"enewsArticleContent\">\n<p><span data-contrast=\"auto\">\u00censcrierile se desf\u0103\u0219oar\u0103<\/span><span data-contrast=\"auto\"> \u00een perioada\u202f 1 septembrie \u2013 27 septembrie 2026<\/span><span data-contrast=\"auto\">.<\/span><span data-contrast=\"auto\">\u202f<\/span><span data-contrast=\"auto\">S<\/span><span data-contrast=\"auto\">pecializ\u0103rile disponibile<\/span><span data-contrast=\"auto\"> \u00een noul an de studii artistice sunt:<\/span><\/p>\n<ul>\n<li><span data-contrast=\"auto\">Canto muzic\u0103 popular\u0103 : 37 locuri disponibile<\/span><\/li>\n<li><span data-contrast=\"auto\">Canto muzic\u0103 u\u0219oar\u0103 : 17 locuri\u202fdisponibile<\/span><\/li>\n<li><span data-contrast=\"auto\">Cantori biserice\u0219ti: locuri nelimitate<\/span><\/li>\n<li><span data-contrast=\"auto\">Acordeon\/ armonic\u0103 s\u00e2rbeasc\u0103: 6 locuri disponibile<\/span><\/li>\n<li><span data-contrast=\"auto\">Vioar\u0103: 4 locuri disponibile<\/span><\/li>\n<li><span data-contrast=\"auto\">Saxofon\/ Taragot\/ Clarinet:19 locuri disponibile<\/span><\/li>\n<li><span data-contrast=\"auto\">Chitar\u0103 : 8 locuri disponibile<\/span><\/li>\n<li><span data-contrast=\"auto\">Pian: 10 locuri disponibile<\/span><\/li>\n<li><span data-contrast=\"auto\">Org\u0103 electronic\u0103: 10 locuri disponibile<\/span><\/li>\n<li>Pictur\u0103\/ Grafic\u0103 pentru copii : 12 locuri disponibile<\/li>\n<li>Pictur\u0103\/ Art\u0103 decorativ\u0103\/ Iconografie pentru adul\u021bi : locuri nelimitate<\/li>\n<li>Art\u0103 decorativ\u0103 \u0219i design\/ Pictur\u0103\/ Cusut tradi\u021bional : 5 locuri disponibile<\/li>\n<li>Art\u0103 fotografic\u0103 \u0219i introducere \u00een cinematografie: locuri nelimitate<\/li>\n<li>Sculptur\u0103 \/ Me\u0219te\u0219ugari (ol\u0103rit, cioplitori \u00een lemn, piatr\u0103, ghips, art\u0103 decorativ\u0103) : locuri nelimitate<\/li>\n<li>Instructori\/ Interpre\u021bi dansuri populare : locuri nelimitate<\/li>\n<li>Balet\/ Dans pentru copii: locuri nelimitate<\/li>\n<\/ul>\n<p><span data-contrast=\"auto\">Examenele de admitere vor avea loc \u00een perioada\u202f29 \u2013 30 septembrie 2026, iar afi\u0219area rezultatelor se va face \u00een data de 2 octombrie 2026. Cursurile vor \u00eencepe din data de\u202f05 octombrie 2026.<\/span><span data-contrast=\"auto\"> Detalii \u0219i \u00eenscrieri, la sediul CECART, Timi\u0219oara, str. E. Ungureanu nr.1, tel. 0766090936, email: scoaladearte@cecart.ro.<\/span><\/p>\n<div class=\"fbShareLikeTwitterAndEmailContainer\">\n<div class=\"wrapper\">\n<div class=\"email\">\n<div id=\"mailto-pop\" class=\"pop-form pop-form-mailto\">\n<div class=\"pop-form-header\">\n<h4>Trimite articolul<\/h4>\n<p><a class=\"pop-form-close\">X<\/a><\/div>\n<\/div>\n<\/div>\n<\/div>\n<\/div>\n<div class=\"comments\">\n<div class=\"top\">\n<div class=\"commentsNumber\"><span class=\"number\">0<\/span><span class=\"text\">Comentarii<\/span><\/div>\n<\/div>\n<div class=\"center\">\n<div id=\"respond\" class=\"comment-respond\">\n<h3 id=\"reply-title\" class=\"comment-reply-title\"><small><a rel=\"nofollow\" id=\"cancel-comment-reply-link\" href=\"https:\/\/www.tion.ro\/stirile-judetului-timis\/educatie-artistica-la-orice-varsta-scoala-de-arte-timisoara-anunta-specializarile-noului-an-de-studii-creative-2335140\/#respond\">Cancel reply<\/a><\/small><\/h3>\n<p class=\"comment-notes\"><span id=\"email-notes\">Your email address will not be published.<\/span><span class=\"required-field-message\">Required fields are marked <span class=\"required\">*<\/span><\/span><\/p>\n<p class=\"commentFormComment\"><span id=\"commentFormCount\"><br \/>\n                            inca<br \/>\n                            <span id=\"countCommentText\">1000<\/span><br \/>\n                            caractere ramase<br \/>\n                        <\/span><\/p>\n<\/div>\n<\/div>\n<div class=\"bottom\">\n<p class=\"forumDisclaimerHuRo\">\n            Citi\u021bi principiile noastre de moderare <a href=\"https:\/\/www.tion.ro\/reguli-postare-comentarii\/\" target=\"_blank\">aici<\/a>!\n        <\/p>\n<\/div>\n<\/div>\n<\/div>\n<\/div>\n<p>[analyse_source url=&#8221;https:\/\/www.tion.ro\/stirile-judetului-timis\/educatie-artistica-la-orice-varsta-scoala-de-arte-timisoara-anunta-specializarile-noului-an-de-studii-creative-2335140\/&#8221;]<\/p>\n","protected":false},"excerpt":{"rendered":"<p>[analyse_image type=&#8221;featured&#8221; src=&#8221;https:\/\/www.tion.ro\/wp-content\/uploads\/2026\/08\/+otf\/1200&#215;630\/YJ6Q3qAtvzF08QiPiDqnTU5PVF9WRVJZX1NFQzCjRmbc0LmNizPnvO__1DBdR__0qL6hgVOzu2vXUeDeBIAo4Jq5l68a3Q4wUGzKlCNq4raqa2ROwkUorTKy7i0mY=\/6972031ScoaladeArte2-scaled.jpeg&#8221;] \u00censcrierile se desf\u0103\u0219oar\u0103 \u00een perioada\u202f 1 septembrie \u2013 27 septembrie 2026.\u202fSpecializ\u0103rile disponibile \u00een noul an de studii artistice sunt: Canto muzic\u0103 popular\u0103 : 37 locuri disponibile Canto muzic\u0103 u\u0219oar\u0103 : 17 locuri\u202fdisponibile Cantori biserice\u0219ti: locuri nelimitate Acordeon\/ armonic\u0103 s\u00e2rbeasc\u0103: 6 locuri disponibile Vioar\u0103: 4 locuri disponibile Saxofon\/ Taragot\/ Clarinet:19 locuri disponibile Chitar\u0103 [&hellip;]<\/p>\n","protected":false},"author":1,"featured_media":0,"comment_status":"open","ping_status":"","sticky":false,"template":"","format":"standard","meta":{"footnotes":""},"categories":[89],"tags":[226,191],"class_list":["post-2097693","post","type-post","status-publish","format-standard","hentry","category-romania","tag-crawlmanager","tag-tion-ro"],"_links":{"self":[{"href":"https:\/\/analyse.optim.biz\/index.php?rest_route=\/wp\/v2\/posts\/2097693","targetHints":{"allow":["GET"]}}],"collection":[{"href":"https:\/\/analyse.optim.biz\/index.php?rest_route=\/wp\/v2\/posts"}],"about":[{"href":"https:\/\/analyse.optim.biz\/index.php?rest_route=\/wp\/v2\/types\/post"}],"author":[{"embeddable":true,"href":"https:\/\/analyse.optim.biz\/index.php?rest_route=\/wp\/v2\/users\/1"}],"replies":[{"embeddable":true,"href":"https:\/\/analyse.optim.biz\/index.php?rest_route=%2Fwp%2Fv2%2Fcomments&post=2097693"}],"version-history":[{"count":0,"href":"https:\/\/analyse.optim.biz\/index.php?rest_route=\/wp\/v2\/posts\/2097693\/revisions"}],"wp:attachment":[{"href":"https:\/\/analyse.optim.biz\/index.php?rest_route=%2Fwp%2Fv2%2Fmedia&parent=2097693"}],"wp:term":[{"taxonomy":"category","embeddable":true,"href":"https:\/\/analyse.optim.biz\/index.php?rest_route=%2Fwp%2Fv2%2Fcategories&post=2097693"},{"taxonomy":"post_tag","embeddable":true,"href":"https:\/\/analyse.optim.biz\/index.php?rest_route=%2Fwp%2Fv2%2Ftags&post=2097693"}],"curies":[{"name":"wp","href":"https:\/\/api.w.org\/{rel}","templated":true}]}}