{"id":2097691,"date":"2026-08-15T13:12:29","date_gmt":"2026-08-15T10:12:29","guid":{"rendered":"https:\/\/analyse.optim.biz\/?p=2097691"},"modified":"2026-08-15T13:12:29","modified_gmt":"2026-08-15T10:12:29","slug":"weekendul-de-sfanta-maria-in-siguranta","status":"publish","type":"post","link":"https:\/\/analyse.optim.biz\/?p=2097691","title":{"rendered":"WEEKENDUL DE SF\u00c2NTA MARIA, \u00ceN SIGURAN\u021a\u0102"},"content":{"rendered":"<p>[analyse_image type=&#8221;featured&#8221; src=&#8221;https:\/\/infotulcea.ro\/wp-content\/uploads\/2023\/10\/ipj-tulcea.jpghttps:\/\/infotulcea.ro\/wp-content\/uploads\/2023\/10\/ipj-tulcea.jpg&#8221;]<\/p>\n<div id=\"content\" class=\"site-content container\">\n<div id=\"main-content-row\" class=\"tie-row main-content-row\">\n<div class=\"main-content tie-col-md-8 tie-col-xs-12\" role=\"main\">\n<article id=\"the-post\" class=\"container-wrapper post-content tie-standard\">\n<header class=\"entry-header-outer\">\n<nav id=\"breadcrumb\"><a href=\"https:\/\/infotulcea.ro\/\"> Home<\/a><em class=\"delimiter\">\/<\/em><a href=\"https:\/\/infotulcea.ro\/categorie\/comunicate\/\">Comunicate<\/a><em class=\"delimiter\">\/<\/em><span class=\"current\">WEEKENDUL DE SF\u00c2NTA MARIA, \u00ceN SIGURAN\u021a\u0102<\/span><\/nav>\n<div class=\"entry-header\"><span class=\"post-cat-wrap\"><a class=\"post-cat tie-cat-35\" href=\"https:\/\/infotulcea.ro\/categorie\/comunicate\/\">Comunicate<\/a><\/span><\/p>\n<h1 class=\"post-title entry-title\">\n\t\t\tWEEKENDUL DE SF\u00c2NTA MARIA, \u00ceN SIGURAN\u021a\u0102\t\t<\/h1>\n<div class=\"single-post-meta post-meta clearfix\"><span class=\"author-meta single-author no-avatars\"><span class=\"meta-item meta-author-wrapper meta-author-9\"><span class=\"meta-author\"><a href=\"https:\/\/infotulcea.ro\/author\/redactia-2\/\" class=\"author-name tie-icon\" title=\"Redactia\">Redactia<\/a><\/span><\/span><\/span><span class=\"date meta-item tie-icon\">15 august 2026<\/span><\/p>\n<div class=\"tie-alignright\"><span class=\"meta-comment tie-icon meta-item fa-before\">0<\/span><span class=\"meta-views meta-item \"> 304 <\/span><span class=\"meta-reading-time meta-item\"> 1 minute read<\/span><\/div>\n<\/div>\n<\/div>\n<\/header>\n<div class=\"entry-content entry clearfix\">\n<p><strong>\u00cen perioada 14\u201316 august 2026, poli\u021bi\u0219tii din cadrul Inspectoratului de Poli\u021bie Jude\u021bean Tulcea vor fi la datorie pentru men\u021binerea ordinii \u0219i siguran\u021bei publice \u0219i prevenirea evenimentelor nedorite, astfel \u00eenc\u00e2t cet\u0103\u021benii s\u0103 se bucure \u00een siguran\u021b\u0103 de S\u0103rb\u0103toarea Adormirii Maicii Domnului.<\/strong><\/p>\n<p>\u00cen medie, peste 200 de poli\u021bi\u0219ti vor ac\u021biona zilnic \u00een jude\u021bul Tulcea, at\u00e2t pentru prevenirea \u0219i combaterea faptelor antisociale, c\u00e2t \u0219i pentru siguran\u021ba participan\u021bilor la trafic.<source sizes=\"(max-width: 393px) 100vw, 393px\" type=\"image\/webp\" data-srcset=\"https:\/\/infotulcea.ro\/wp-content\/uploads\/2023\/10\/ipj-tulcea-300x167.jpg.webp 300w, https:\/\/infotulcea.ro\/wp-content\/uploads\/2023\/10\/ipj-tulcea-768x427.jpg.webp 768w, https:\/\/infotulcea.ro\/wp-content\/uploads\/2023\/10\/ipj-tulcea.jpg.webp 1024w\" \/><\/p>\n<p><img loading=\"lazy\" decoding=\"async\" class=\" wp-image-27372 alignright\" src=\"https:\/\/infotulcea.ro\/wp-content\/uploads\/2023\/10\/ipj-tulcea-300x167.jpg\" alt width=\"393\" height=\"219\"><\/p>\n<p>Patrulele de ordine public\u0103 vor fi prezente cu prec\u0103dere \u00een zonele aglomerate \u0219i \u00een locurile \u00een care sunt organizate manifest\u0103ri, pentru prevenirea incidentelor \u0219i interven\u021bia prompt\u0103 la solicit\u0103rile cet\u0103\u021benilor.<\/p>\n<p>\u00cen contextul S\u0103rb\u0103torii Adormirii Maicii Domnului, o aten\u021bie deosebit\u0103 va fi acordat\u0103 zonelor l\u0103ca\u0219urilor de cult, unde este a\u0219teptat\u0103 participarea unui num\u0103r mare de credincio\u0219i.<\/p>\n<p>Poli\u021bi\u0219tii vor ac\u021biona pentru men\u021binerea ordinii publice \u0219i desf\u0103\u0219urarea \u00een condi\u021bii de siguran\u021b\u0103 a manifest\u0103rilor religioase.<\/p>\n<p>Totodat\u0103, poli\u021bi\u0219tii rutieri vor fi prezen\u021bi pe principalele artere din jude\u021b, pentru fluidizarea traficului \u0219i prevenirea accidentelor. Vor fi desf\u0103\u0219urate activit\u0103\u021bi pentru depistarea conduc\u0103torilor auto care nu respect\u0103 regimul legal de vitez\u0103 sau care conduc sub influen\u021ba alcoolului ori a substan\u021belor psihoactive.<\/p>\n<p>Pentru un weekend \u00een siguran\u021b\u0103, poli\u021bi\u0219tii v\u0103 recomand\u0103:<br \/>\n\u2013 s\u0103 ave\u021bi grij\u0103 de bunurile personale, mai ales \u00een zonele aglomerate;<br \/>\n\u2013 s\u0103 supraveghea\u021bi permanent copiii;<br \/>\n\u2013 s\u0103 v\u0103 asigura\u021bi locuin\u021ba atunci c\u00e2nd pleca\u021bi de acas\u0103 \u0219i s\u0103 evita\u021bi publicarea pe re\u021belele de socializare a informa\u021biilor privind absen\u021ba de la domiciliu;<br \/>\n\u2013 s\u0103 respecta\u021bi indica\u021biile poli\u021bi\u0219tilor \u00een zonele aglomerate \u0219i la manifest\u0103rile publice sau religioase;<br \/>\n\u2013 la volan, s\u0103 respecta\u021bi limitele legale de vitez\u0103, s\u0103 adapta\u021bi viteza la condi\u021biile de drum \u0219i trafic \u0219i s\u0103 evita\u021bi orice manevr\u0103 riscant\u0103. Nu conduce\u021bi dac\u0103 a\u021bi consumat alcool sau substan\u021be psihoactive!<\/p>\n<p>\u00cen situa\u021bii de urgen\u021b\u0103 sau dac\u0103 sunte\u021bi martorii s\u0103v\u00e2r\u0219irii unor fapte antisociale, apela\u021bi num\u0103rul unic 112!<\/p>\n<p>Poli\u021bi\u0219tii din Tulcea v\u0103 doresc un sf\u00e2r\u0219it de s\u0103pt\u0103m\u00e2n\u0103 lini\u0219tit \u0219i \u00een siguran\u021b\u0103!<\/p>\n<\/div>\n<div id=\"post-extra-info\">\n<div class=\"theiaStickySidebar\">\n<div class=\"single-post-meta post-meta clearfix\"><span class=\"author-meta single-author no-avatars\"><span class=\"meta-item meta-author-wrapper meta-author-9\"><span class=\"meta-author\"><a href=\"https:\/\/infotulcea.ro\/author\/redactia-2\/\" class=\"author-name tie-icon\" title=\"Redactia\">Redactia<\/a><\/span><\/span><\/span><span class=\"date meta-item tie-icon\">15 august 2026<\/span><\/p>\n<div class=\"tie-alignright\"><span class=\"meta-comment tie-icon meta-item fa-before\">0<\/span><span class=\"meta-views meta-item \"> 304 <\/span><span class=\"meta-reading-time meta-item\"> 1 minute read<\/span><\/div>\n<\/div>\n<\/div>\n<\/div>\n<div id=\"share-buttons-bottom\" class=\"share-buttons share-buttons-bottom\">\n<div class=\"share-links  icons-only\">\n<div class=\"share-title\"><span> Share<\/span><\/div>\n<p><a href=\"https:\/\/www.facebook.com\/sharer.php?u=https:\/\/infotulcea.ro\/weekendul-de-sfanta-maria-in-siguranta\/\" rel=\"external noopener nofollow\" title=\"Facebook\" target=\"_blank\" class=\"facebook-share-btn \" data-raw=\"https:\/\/www.facebook.com\/sharer.php?u={post_link}\"><span class=\"screen-reader-text\">Facebook<\/span><\/a><a href=\"https:\/\/twitter.com\/intent\/tweet?text=WEEKENDUL%20DE%20SF%C3%82NTA%20MARIA%2C%20%C3%8EN%20SIGURAN%C8%9A%C4%82&amp;url=https:\/\/infotulcea.ro\/weekendul-de-sfanta-maria-in-siguranta\/\" rel=\"external noopener nofollow\" title=\"X\" target=\"_blank\" class=\"twitter-share-btn \" data-raw=\"https:\/\/twitter.com\/intent\/tweet?text={post_title}&amp;url={post_link}\"><span class=\"screen-reader-text\">X<\/span><\/a><a href=\"https:\/\/api.whatsapp.com\/send?text=WEEKENDUL%20DE%20SF%C3%82NTA%20MARIA%2C%20%C3%8EN%20SIGURAN%C8%9A%C4%82%20https:\/\/infotulcea.ro\/weekendul-de-sfanta-maria-in-siguranta\/\" rel=\"external noopener nofollow\" title=\"WhatsApp\" target=\"_blank\" class=\"whatsapp-share-btn \" data-raw=\"https:\/\/api.whatsapp.com\/send?text={post_title}%20{post_link}\"><span class=\"screen-reader-text\">WhatsApp<\/span><\/a><a href=\"https:\/\/telegram.me\/share\/url?url=https:\/\/infotulcea.ro\/weekendul-de-sfanta-maria-in-siguranta\/&amp;text=WEEKENDUL%20DE%20SF%C3%82NTA%20MARIA%2C%20%C3%8EN%20SIGURAN%C8%9A%C4%82\" rel=\"external noopener nofollow\" title=\"Telegram\" target=\"_blank\" class=\"telegram-share-btn \" data-raw=\"https:\/\/telegram.me\/share\/url?url={post_link}&amp;text={post_title}\"><span class=\"screen-reader-text\">Telegram<\/span><\/a><a href=\"mailto:?subject=WEEKENDUL%20DE%20SF%C3%82NTA%20MARIA%2C%20%C3%8EN%20SIGURAN%C8%9A%C4%82&amp;body=https:\/\/infotulcea.ro\/weekendul-de-sfanta-maria-in-siguranta\/\" rel=\"external noopener nofollow\" title=\"Share via Email\" target=\"_blank\" class=\"email-share-btn \" data-raw=\"mailto:?subject={post_title}&amp;body={post_link}\"><span class=\"screen-reader-text\">Share via Email<\/span><\/a><a href=\"https:\/\/infotulcea.ro\/weekendul-de-sfanta-maria-in-siguranta\/\" rel=\"external noopener nofollow\" title=\"Print\" target=\"_blank\" class=\"print-share-btn \" data-raw=\"#\"><span class=\"screen-reader-text\">Print<\/span><\/a><\/div>\n<\/div>\n<\/article>\n<div class=\"post-components\">\n<div id=\"related-posts\" class=\"container-wrapper has-extra-post\">\n<div class=\"mag-box-title the-global-title\">\n<h3>Related Articles<\/h3>\n<\/div>\n<div class=\"related-posts-list\">\n<div class=\"related-item tie-standard\"><a aria-label=\"Poli\u021bia \u0219i Jandarmeria au dat sanc\u021biuni sute e mii de lei la Tulcea!\" href=\"https:\/\/infotulcea.ro\/politia-si-jandarmeria-au-dat-sanctiuni-sute-e-mii-de-lei-la-tulcea\/\" class=\"post-thumb\"><source type=\"image\/webp\" data-srcset=\"https:\/\/infotulcea.ro\/wp-content\/uploads\/2023\/07\/pol-si-jand-390x220.jpg.webp\" \/><img loading=\"lazy\" decoding=\"async\" width=\"390\" height=\"220\" src=\"https:\/\/infotulcea.ro\/wp-content\/uploads\/2023\/07\/pol-si-jand-390x220.jpg\" class=\"attachment-jannah-image-large size-jannah-image-large wp-post-image\" alt><\/a><\/p>\n<h3 class=\"post-title\"><a href=\"https:\/\/infotulcea.ro\/politia-si-jandarmeria-au-dat-sanctiuni-sute-e-mii-de-lei-la-tulcea\/\">Poli\u021bia \u0219i Jandarmeria au dat sanc\u021biuni sute e mii de lei la Tulcea!<\/a><\/h3>\n<div class=\"post-meta clearfix\"><span class=\"date meta-item tie-icon\">3 iulie 2023<\/span><\/div>\n<\/div>\n<div class=\"related-item tie-standard\">\n<h3 class=\"post-title\"><a href=\"https:\/\/infotulcea.ro\/precizari-privind-securitatea-cibernetica-a-sistemului-financiar-si-rolul-numerarului\/\">Preciz\u0103ri privind securitatea cibernetic\u0103 a sistemului financiar \u0219i rolul numerarului<\/a><\/h3>\n<div class=\"post-meta clearfix\"><span class=\"date meta-item tie-icon\">24 iulie 2026<\/span><\/div>\n<\/div>\n<div class=\"related-item tie-standard\"><a aria-label=\"Comandant de nav\u0103 urm\u0103rit general, depistat de poli\u021bi\u0219tii de frontier\u0103\" href=\"https:\/\/infotulcea.ro\/comandant-de-nava-urmarit-general-depistat-de-politistii-de-frontiera\/\" class=\"post-thumb\"><source sizes=\"(max-width: 380px) 100vw, 380px\" type=\"image\/webp\" data-srcset=\"https:\/\/infotulcea.ro\/wp-content\/uploads\/2020\/08\/politiadefrontieralaoravita-1571306133.jpg.webp 380w, https:\/\/infotulcea.ro\/wp-content\/uploads\/2020\/08\/politiadefrontieralaoravita-1571306133-300x158.jpg.webp 300w\" \/><img loading=\"lazy\" decoding=\"async\" width=\"380\" height=\"200\" src=\"https:\/\/infotulcea.ro\/wp-content\/uploads\/2020\/08\/politiadefrontieralaoravita-1571306133.jpg\" class=\"attachment-jannah-image-large size-jannah-image-large wp-post-image\" alt><\/a><\/p>\n<h3 class=\"post-title\"><a href=\"https:\/\/infotulcea.ro\/comandant-de-nava-urmarit-general-depistat-de-politistii-de-frontiera\/\">Comandant de nav\u0103 urm\u0103rit general, depistat de poli\u021bi\u0219tii de frontier\u0103<\/a><\/h3>\n<div class=\"post-meta clearfix\"><span class=\"date meta-item tie-icon\">7 august 2023<\/span><\/div>\n<\/div>\n<div class=\"related-item tie-standard\"><a aria-label=\"ANAF NU TREBUIE DESFIIN\u021aAT\u0102 \u2013 Vasile Marica, pre\u0219edinte FNSF!\" href=\"https:\/\/infotulcea.ro\/anaf-nu-trebuie-desfiintata-vasile-marica-presedinte-fnsf\/\" class=\"post-thumb\"><source type=\"image\/webp\" data-srcset=\"https:\/\/infotulcea.ro\/wp-content\/uploads\/2025\/09\/803a7b6d-f56f-44b0-91c2-99c747f10f30-390x220.jpeg.webp\" \/><img loading=\"lazy\" decoding=\"async\" width=\"390\" height=\"220\" src=\"https:\/\/infotulcea.ro\/wp-content\/uploads\/2025\/09\/803a7b6d-f56f-44b0-91c2-99c747f10f30-390x220.jpeg\" class=\"attachment-jannah-image-large size-jannah-image-large wp-post-image\" alt><\/a><\/p>\n<h3 class=\"post-title\"><a href=\"https:\/\/infotulcea.ro\/anaf-nu-trebuie-desfiintata-vasile-marica-presedinte-fnsf\/\">ANAF NU TREBUIE DESFIIN\u021aAT\u0102 \u2013 Vasile Marica, pre\u0219edinte FNSF!<\/a><\/h3>\n<div class=\"post-meta clearfix\"><span class=\"date meta-item tie-icon\">22 septembrie 2025<\/span><\/div>\n<\/div>\n<\/div>\n<\/div>\n<div id=\"comments\" class=\"comments-area\">\n<div id=\"add-comment-block\" class=\"container-wrapper\">\n<div id=\"respond\" class=\"comment-respond\">\n<h3 id=\"reply-title\" class=\"comment-reply-title the-global-title\">Las\u0103 un r\u0103spuns <small><a rel=\"nofollow\" id=\"cancel-comment-reply-link\" href=\"https:\/\/infotulcea.ro\/weekendul-de-sfanta-maria-in-siguranta\/#respond\">Anuleaz\u0103 r\u0103spunsul<\/a><\/small><\/h3>\n<p class=\"comment-notes\"><span id=\"email-notes\">Adresa ta de email nu va fi publicat\u0103.<\/span><span class=\"required-field-message\">C\u00e2mpurile obligatorii sunt marcate cu <span class=\"required\">*<\/span><\/span><\/p>\n<\/div>\n<\/div>\n<\/div>\n<\/div>\n<\/div>\n<div id=\"check-also-box\" class=\"container-wrapper check-also-right\">\n<div class=\"widget-title the-global-title\">\n<div class=\"the-subtitle\">Check Also<\/div>\n<p><a href=\"https:\/\/infotulcea.ro\/weekendul-de-sfanta-maria-in-siguranta\/\" id=\"check-also-close\" class=\"remove\"><span class=\"screen-reader-text\">Close<\/span><\/a><\/div>\n<div class=\"widget posts-list-big-first has-first-big-post\">\n<ul class=\"posts-list-items\">\n<li class=\"widget-single-post-item widget-post-list tie-standard\">\n<div class=\"post-widget-thumbnail\"><a aria-label=\"CONSILIUL CONCUREN\u021aEI MONITORIZEAZ\u0102 EVOLU\u021aIA PRE\u021aURILOR\u00a0 LA CARBURAN\u021aI\u00a0\u00a0\" href=\"https:\/\/infotulcea.ro\/consiliul-concurentei-monitorizeaza-evolutia-preturilor-la-carburanti\/\" class=\"post-thumb\"><span class=\"post-cat-wrap\"><span class=\"post-cat tie-cat-35\">Comunicate<\/span><\/span><source type=\"image\/webp\" data-srcset=\"https:\/\/infotulcea.ro\/wp-content\/uploads\/2026\/07\/Motorina-390x220.jpg.webp\" \/><img loading=\"lazy\" decoding=\"async\" width=\"390\" height=\"220\" src=\"https:\/\/infotulcea.ro\/wp-content\/uploads\/2026\/07\/Motorina-390x220.jpg\" class=\"attachment-jannah-image-large size-jannah-image-large wp-post-image\" alt><\/a><\/div>\n<div class=\"post-widget-body \"><a class=\"post-title the-subtitle\" href=\"https:\/\/infotulcea.ro\/consiliul-concurentei-monitorizeaza-evolutia-preturilor-la-carburanti\/\">CONSILIUL CONCUREN\u021aEI MONITORIZEAZ\u0102 EVOLU\u021aIA PRE\u021aURILOR\u00a0 LA CARBURAN\u021aI\u00a0\u00a0<\/a><\/p>\n<div class=\"post-meta\"><span class=\"date meta-item tie-icon\">3 iulie 2026<\/span><\/div>\n<\/div>\n<\/li>\n<\/ul>\n<\/div>\n<\/div>\n<aside class=\"sidebar tie-col-md-4 tie-col-xs-12 normal-side is-sticky\" aria-label=\"Primary Sidebar\">\n<div class=\"theiaStickySidebar\">\n<div id=\"media_image-19\" class=\"container-wrapper widget widget_media_image\"><a href=\"https:\/\/infotulcea.ro\/delta-dunarii-mai-accesibila-navrom-delta-creste-numarul-curselor-regulate-de-la-1-mai-2025\/\"><source sizes=\"(max-width: 500px) 100vw, 500px\" type=\"image\/webp\" data-srcset=\"https:\/\/infotulcea.ro\/wp-content\/uploads\/2025\/04\/navrom-delta-500x271.jpg.webp 500w, https:\/\/infotulcea.ro\/wp-content\/uploads\/2025\/04\/navrom-delta-1024x555.jpg.webp 1024w, https:\/\/infotulcea.ro\/wp-content\/uploads\/2025\/04\/navrom-delta-768x416.jpg.webp 768w, https:\/\/infotulcea.ro\/wp-content\/uploads\/2025\/04\/navrom-delta.jpg.webp 1080w\" \/><img loading=\"lazy\" decoding=\"async\" width=\"500\" height=\"271\" src=\"https:\/\/infotulcea.ro\/wp-content\/uploads\/2025\/04\/navrom-delta-500x271.jpg\" class=\"image wp-image-34487  attachment-medium size-medium\" alt><\/a><\/div>\n<div id=\"media_image-17\" class=\"container-wrapper widget widget_media_image\"><a href=\"https:\/\/www.facebook.com\/share\/p\/1DGAD1tLWN\/?mibextid=wwXIfr\" target=\"_blank\"><source sizes=\"(max-width: 500px) 100vw, 500px\" type=\"image\/webp\" data-srcset=\"https:\/\/infotulcea.ro\/wp-content\/uploads\/2026\/01\/IMG_1563-500x500.jpeg.webp 500w, https:\/\/infotulcea.ro\/wp-content\/uploads\/2026\/01\/IMG_1563-1024x1024.jpeg.webp 1024w, https:\/\/infotulcea.ro\/wp-content\/uploads\/2026\/01\/IMG_1563-250x250.jpeg.webp 250w, https:\/\/infotulcea.ro\/wp-content\/uploads\/2026\/01\/IMG_1563-768x768.jpeg.webp 768w, https:\/\/infotulcea.ro\/wp-content\/uploads\/2026\/01\/IMG_1563.jpeg.webp 1080w\" \/><img loading=\"lazy\" decoding=\"async\" width=\"500\" height=\"500\" src=\"https:\/\/infotulcea.ro\/wp-content\/uploads\/2026\/01\/IMG_1563-500x500.jpeg\" class=\"image wp-image-37932  attachment-medium size-medium\" alt title=\"Centrale pe lemne\"><\/a><\/div>\n<div id=\"media_image-18\" class=\"container-wrapper widget widget_media_image\"><a href=\"https:\/\/www.licitatia.ro\/site\/index-guest\"><img loading=\"lazy\" decoding=\"async\" width=\"500\" height=\"262\" src=\"https:\/\/infotulcea.ro\/wp-content\/uploads\/2025\/09\/licitatia-500x262.png\" class=\"image wp-image-36670  attachment-medium size-medium lazyload\" alt><img loading=\"lazy\" decoding=\"async\" width=\"500\" height=\"262\" src=\"https:\/\/infotulcea.ro\/wp-content\/uploads\/2025\/09\/licitatia-500x262.png\" class=\"image wp-image-36670  attachment-medium size-medium\" alt><\/a><\/div>\n<div id=\"media_image-27\" class=\"container-wrapper widget widget_media_image\"><a href=\"https:\/\/www.centrale-lemne-liepsnele.ro\/\"><img loading=\"lazy\" decoding=\"async\" width=\"500\" height=\"500\" src=\"https:\/\/infotulcea.ro\/wp-content\/uploads\/2025\/09\/Centrale-pe-Lemne-Liepsnele-500x500.png\" class=\"image wp-image-36541  attachment-medium size-medium lazyload\" alt=\"Centrala pe lemne\"><img loading=\"lazy\" decoding=\"async\" width=\"500\" height=\"500\" src=\"https:\/\/infotulcea.ro\/wp-content\/uploads\/2025\/09\/Centrale-pe-Lemne-Liepsnele-500x500.png\" class=\"image wp-image-36541  attachment-medium size-medium\" alt=\"Centrala pe lemne\"><\/a><\/div>\n<div id=\"media_image-28\" class=\"container-wrapper widget widget_media_image\"><a href=\"https:\/\/infotulcea.ro\/angajeaza-te-ro-platforma-ta-online-de-angajari-si-forta-de-munca\/\"><source sizes=\"(max-width: 500px) 100vw, 500px\" type=\"image\/webp\" data-srcset=\"https:\/\/infotulcea.ro\/wp-content\/uploads\/2025\/04\/banner-angajazate-1-500x305.jpg.webp 500w, https:\/\/infotulcea.ro\/wp-content\/uploads\/2025\/04\/banner-angajazate-1-1024x625.jpg.webp 1024w, https:\/\/infotulcea.ro\/wp-content\/uploads\/2025\/04\/banner-angajazate-1-768x469.jpg.webp 768w, https:\/\/infotulcea.ro\/wp-content\/uploads\/2025\/04\/banner-angajazate-1.jpg.webp 1080w\" \/><img loading=\"lazy\" decoding=\"async\" width=\"500\" height=\"305\" src=\"https:\/\/infotulcea.ro\/wp-content\/uploads\/2025\/04\/banner-angajazate-1-500x305.jpg\" class=\"image wp-image-34317  attachment-medium size-medium\" alt><\/a><\/div>\n<\/div>\n<\/aside>\n<\/div>\n<\/div>\n<div class=\"entry-content entry clearfix\">\n<p><strong>\u00cen perioada 14\u201316 august 2026, poli\u021bi\u0219tii din cadrul Inspectoratului de Poli\u021bie Jude\u021bean Tulcea vor fi la datorie pentru men\u021binerea ordinii \u0219i siguran\u021bei publice \u0219i prevenirea evenimentelor nedorite, astfel \u00eenc\u00e2t cet\u0103\u021benii s\u0103 se bucure \u00een siguran\u021b\u0103 de S\u0103rb\u0103toarea Adormirii Maicii Domnului.<\/strong><\/p>\n<p>\u00cen medie, peste 200 de poli\u021bi\u0219ti vor ac\u021biona zilnic \u00een jude\u021bul Tulcea, at\u00e2t pentru prevenirea \u0219i combaterea faptelor antisociale, c\u00e2t \u0219i pentru siguran\u021ba participan\u021bilor la trafic.<source sizes=\"(max-width: 393px) 100vw, 393px\" type=\"image\/webp\" data-srcset=\"https:\/\/infotulcea.ro\/wp-content\/uploads\/2023\/10\/ipj-tulcea-300x167.jpg.webp 300w, https:\/\/infotulcea.ro\/wp-content\/uploads\/2023\/10\/ipj-tulcea-768x427.jpg.webp 768w, https:\/\/infotulcea.ro\/wp-content\/uploads\/2023\/10\/ipj-tulcea.jpg.webp 1024w\" \/><\/p>\n<p><img loading=\"lazy\" decoding=\"async\" class=\" wp-image-27372 alignright\" src=\"https:\/\/infotulcea.ro\/wp-content\/uploads\/2023\/10\/ipj-tulcea-300x167.jpg\" alt width=\"393\" height=\"219\"><\/p>\n<p>Patrulele de ordine public\u0103 vor fi prezente cu prec\u0103dere \u00een zonele aglomerate \u0219i \u00een locurile \u00een care sunt organizate manifest\u0103ri, pentru prevenirea incidentelor \u0219i interven\u021bia prompt\u0103 la solicit\u0103rile cet\u0103\u021benilor.<\/p>\n<p>\u00cen contextul S\u0103rb\u0103torii Adormirii Maicii Domnului, o aten\u021bie deosebit\u0103 va fi acordat\u0103 zonelor l\u0103ca\u0219urilor de cult, unde este a\u0219teptat\u0103 participarea unui num\u0103r mare de credincio\u0219i.<\/p>\n<p>Poli\u021bi\u0219tii vor ac\u021biona pentru men\u021binerea ordinii publice \u0219i desf\u0103\u0219urarea \u00een condi\u021bii de siguran\u021b\u0103 a manifest\u0103rilor religioase.<\/p>\n<p>Totodat\u0103, poli\u021bi\u0219tii rutieri vor fi prezen\u021bi pe principalele artere din jude\u021b, pentru fluidizarea traficului \u0219i prevenirea accidentelor. Vor fi desf\u0103\u0219urate activit\u0103\u021bi pentru depistarea conduc\u0103torilor auto care nu respect\u0103 regimul legal de vitez\u0103 sau care conduc sub influen\u021ba alcoolului ori a substan\u021belor psihoactive.<\/p>\n<p>Pentru un weekend \u00een siguran\u021b\u0103, poli\u021bi\u0219tii v\u0103 recomand\u0103:<br \/>\n\u2013 s\u0103 ave\u021bi grij\u0103 de bunurile personale, mai ales \u00een zonele aglomerate;<br \/>\n\u2013 s\u0103 supraveghea\u021bi permanent copiii;<br \/>\n\u2013 s\u0103 v\u0103 asigura\u021bi locuin\u021ba atunci c\u00e2nd pleca\u021bi de acas\u0103 \u0219i s\u0103 evita\u021bi publicarea pe re\u021belele de socializare a informa\u021biilor privind absen\u021ba de la domiciliu;<br \/>\n\u2013 s\u0103 respecta\u021bi indica\u021biile poli\u021bi\u0219tilor \u00een zonele aglomerate \u0219i la manifest\u0103rile publice sau religioase;<br \/>\n\u2013 la volan, s\u0103 respecta\u021bi limitele legale de vitez\u0103, s\u0103 adapta\u021bi viteza la condi\u021biile de drum \u0219i trafic \u0219i s\u0103 evita\u021bi orice manevr\u0103 riscant\u0103. Nu conduce\u021bi dac\u0103 a\u021bi consumat alcool sau substan\u021be psihoactive!<\/p>\n<p>\u00cen situa\u021bii de urgen\u021b\u0103 sau dac\u0103 sunte\u021bi martorii s\u0103v\u00e2r\u0219irii unor fapte antisociale, apela\u021bi num\u0103rul unic 112!<\/p>\n<p>Poli\u021bi\u0219tii din Tulcea v\u0103 doresc un sf\u00e2r\u0219it de s\u0103pt\u0103m\u00e2n\u0103 lini\u0219tit \u0219i \u00een siguran\u021b\u0103!<\/p>\n<\/div>\n<div class=\"articleBody\" data-key=\"articleBody\">\u00cen perioada 14\u201316 august 2026, poli\u021bi\u0219tii din cadrul Inspectoratului de Poli\u021bie Jude\u021bean Tulcea vor fi la datorie pentru men\u021binerea ordinii \u0219i siguran\u021bei publice \u0219i prevenirea evenimentelor nedorite, astfel \u00eenc\u00e2t cet\u0103\u021benii s\u0103 se bucure \u00een siguran\u021b\u0103 de S\u0103rb\u0103toarea Adormirii Maicii Domnului.<\/p>\n<p>\u00cen medie, peste 200 de poli\u021bi\u0219ti vor ac\u021biona zilnic \u00een jude\u021bul Tulcea, at\u00e2t pentru prevenirea \u0219i combaterea faptelor antisociale, c\u00e2t \u0219i pentru siguran\u021ba participan\u021bilor la trafic.<\/p>\n<p>Patrulele de ordine public\u0103 vor fi prezente cu prec\u0103dere \u00een zonele aglomerate \u0219i \u00een locurile \u00een care sunt organizate manifest\u0103ri, pentru prevenirea incidentelor \u0219i interven\u021bia prompt\u0103 la solicit\u0103rile cet\u0103\u021benilor.<\/p>\n<p>\u00cen contextul S\u0103rb\u0103torii Adormirii Maicii Domnului, o aten\u021bie deosebit\u0103 va fi acordat\u0103 zonelor l\u0103ca\u0219urilor de cult, unde este a\u0219teptat\u0103 participarea unui num\u0103r mare de credincio\u0219i.<\/p>\n<p>Poli\u021bi\u0219tii vor ac\u021biona pentru men\u021binerea ordinii publice \u0219i desf\u0103\u0219urarea \u00een condi\u021bii de siguran\u021b\u0103 a manifest\u0103rilor religioase.<\/p>\n<p>Totodat\u0103, poli\u021bi\u0219tii rutieri vor fi prezen\u021bi pe principalele artere din jude\u021b, pentru fluidizarea traficului \u0219i prevenirea accidentelor. Vor fi desf\u0103\u0219urate activit\u0103\u021bi pentru depistarea conduc\u0103torilor auto care nu respect\u0103 regimul legal de vitez\u0103 sau care conduc sub influen\u021ba alcoolului ori a substan\u021belor psihoactive.<\/p>\n<p>Pentru un weekend \u00een siguran\u021b\u0103, poli\u021bi\u0219tii v\u0103 recomand\u0103:<br \/>\n&#8211; s\u0103 ave\u021bi grij\u0103 de bunurile personale, mai ales \u00een zonele aglomerate;<br \/>\n&#8211; s\u0103 supraveghea\u021bi permanent copiii;<br \/>\n&#8211; s\u0103 v\u0103 asigura\u021bi locuin\u021ba atunci c\u00e2nd pleca\u021bi de acas\u0103 \u0219i s\u0103 evita\u021bi publicarea pe re\u021belele de socializare a informa\u021biilor privind absen\u021ba de la domiciliu;<br \/>\n&#8211; s\u0103 respecta\u021bi indica\u021biile poli\u021bi\u0219tilor \u00een zonele aglomerate \u0219i la manifest\u0103rile publice sau religioase;<br \/>\n&#8211; la volan, s\u0103 respecta\u021bi limitele legale de vitez\u0103, s\u0103 adapta\u021bi viteza la condi\u021biile de drum \u0219i trafic \u0219i s\u0103 evita\u021bi orice manevr\u0103 riscant\u0103. Nu conduce\u021bi dac\u0103 a\u021bi consumat alcool sau substan\u021be psihoactive!<\/p>\n<p>\u00cen situa\u021bii de urgen\u021b\u0103 sau dac\u0103 sunte\u021bi martorii s\u0103v\u00e2r\u0219irii unor fapte antisociale, apela\u021bi num\u0103rul unic 112!<\/p>\n<p>Poli\u021bi\u0219tii din Tulcea v\u0103 doresc un sf\u00e2r\u0219it de s\u0103pt\u0103m\u00e2n\u0103 lini\u0219tit \u0219i \u00een siguran\u021b\u0103!<\/p><\/div>\n<p>[analyse_source url=&#8221;https:\/\/infotulcea.ro\/weekendul-de-sfanta-maria-in-siguranta\/&#8221;]<\/p>\n","protected":false},"excerpt":{"rendered":"<p>[analyse_image type=&#8221;featured&#8221; src=&#8221;https:\/\/infotulcea.ro\/wp-content\/uploads\/2023\/10\/ipj-tulcea.jpghttps:\/\/infotulcea.ro\/wp-content\/uploads\/2023\/10\/ipj-tulcea.jpg&#8221;] Home\/Comunicate\/WEEKENDUL DE SF\u00c2NTA MARIA, \u00ceN SIGURAN\u021a\u0102 Comunicate WEEKENDUL DE SF\u00c2NTA MARIA, \u00ceN SIGURAN\u021a\u0102 Redactia15 august 2026 0 304 1 minute read \u00cen perioada 14\u201316 august 2026, poli\u021bi\u0219tii din cadrul Inspectoratului de Poli\u021bie Jude\u021bean Tulcea vor fi la datorie pentru men\u021binerea ordinii \u0219i siguran\u021bei publice \u0219i prevenirea evenimentelor nedorite, astfel \u00eenc\u00e2t cet\u0103\u021benii s\u0103 [&hellip;]<\/p>\n","protected":false},"author":1,"featured_media":0,"comment_status":"open","ping_status":"","sticky":false,"template":"","format":"standard","meta":{"footnotes":""},"categories":[89],"tags":[226,221],"class_list":["post-2097691","post","type-post","status-publish","format-standard","hentry","category-romania","tag-crawlmanager","tag-infotulcea-ro"],"_links":{"self":[{"href":"https:\/\/analyse.optim.biz\/index.php?rest_route=\/wp\/v2\/posts\/2097691","targetHints":{"allow":["GET"]}}],"collection":[{"href":"https:\/\/analyse.optim.biz\/index.php?rest_route=\/wp\/v2\/posts"}],"about":[{"href":"https:\/\/analyse.optim.biz\/index.php?rest_route=\/wp\/v2\/types\/post"}],"author":[{"embeddable":true,"href":"https:\/\/analyse.optim.biz\/index.php?rest_route=\/wp\/v2\/users\/1"}],"replies":[{"embeddable":true,"href":"https:\/\/analyse.optim.biz\/index.php?rest_route=%2Fwp%2Fv2%2Fcomments&post=2097691"}],"version-history":[{"count":0,"href":"https:\/\/analyse.optim.biz\/index.php?rest_route=\/wp\/v2\/posts\/2097691\/revisions"}],"wp:attachment":[{"href":"https:\/\/analyse.optim.biz\/index.php?rest_route=%2Fwp%2Fv2%2Fmedia&parent=2097691"}],"wp:term":[{"taxonomy":"category","embeddable":true,"href":"https:\/\/analyse.optim.biz\/index.php?rest_route=%2Fwp%2Fv2%2Fcategories&post=2097691"},{"taxonomy":"post_tag","embeddable":true,"href":"https:\/\/analyse.optim.biz\/index.php?rest_route=%2Fwp%2Fv2%2Ftags&post=2097691"}],"curies":[{"name":"wp","href":"https:\/\/api.w.org\/{rel}","templated":true}]}}