{"id":2097687,"date":"2026-08-14T10:49:46","date_gmt":"2026-08-14T07:49:46","guid":{"rendered":"https:\/\/analyse.optim.biz\/?p=2097687"},"modified":"2026-08-14T10:49:46","modified_gmt":"2026-08-14T07:49:46","slug":"rezultatele-actiunilor-de-control-in-luna-iulie-2026","status":"publish","type":"post","link":"https:\/\/analyse.optim.biz\/?p=2097687","title":{"rendered":"Rezultatele ac\u0163iunilor de control \u00een luna iulie 2026"},"content":{"rendered":"<p>[analyse_image type=&#8221;featured&#8221; src=&#8221;https:\/\/infotulcea.ro\/wp-content\/uploads\/2026\/08\/itm.pnghttps:\/\/infotulcea.ro\/wp-content\/uploads\/2026\/08\/itm.png&#8221;]<\/p>\n<div id=\"content\" class=\"site-content container\">\n<div id=\"main-content-row\" class=\"tie-row main-content-row\">\n<div class=\"main-content tie-col-md-8 tie-col-xs-12\" role=\"main\">\n<article id=\"the-post\" class=\"container-wrapper post-content tie-standard\">\n<header class=\"entry-header-outer\">\n<nav id=\"breadcrumb\"><a href=\"https:\/\/infotulcea.ro\/\"> Home<\/a><em class=\"delimiter\">\/<\/em><a href=\"https:\/\/infotulcea.ro\/categorie\/comunicate\/\">Comunicate<\/a><em class=\"delimiter\">\/<\/em><span class=\"current\">Rezultatele ac\u0163iunilor de control \u00een luna iulie 2026<\/span><\/nav>\n<div class=\"entry-header\"><span class=\"post-cat-wrap\"><a class=\"post-cat tie-cat-35\" href=\"https:\/\/infotulcea.ro\/categorie\/comunicate\/\">Comunicate<\/a><\/span><\/p>\n<h1 class=\"post-title entry-title\">\n\t\t\tRezultatele ac\u0163iunilor de control \u00een luna iulie 2026\t\t<\/h1>\n<div class=\"single-post-meta post-meta clearfix\"><span class=\"author-meta single-author no-avatars\"><span class=\"meta-item meta-author-wrapper meta-author-9\"><span class=\"meta-author\"><a href=\"https:\/\/infotulcea.ro\/author\/redactia-2\/\" class=\"author-name tie-icon\" title=\"Redactia\">Redactia<\/a><\/span><\/span><\/span><span class=\"date meta-item tie-icon\">14 august 2026<\/span><\/p>\n<div class=\"tie-alignright\"><span class=\"meta-comment tie-icon meta-item fa-before\">0<\/span><span class=\"meta-views meta-item \"> 410 <\/span><span class=\"meta-reading-time meta-item\"> 1 minute read<\/span><\/div>\n<\/div>\n<\/div>\n<\/header>\n<div class=\"entry-content entry clearfix\">\n<p><strong>Inspectoratul Teritorial de Munc\u0103 Tulcea a desf\u0103\u015furat \u00een luna iulie 2026,<\/strong><br \/><strong>130 ac\u0163iuni de control \u00een urma c\u0103rora s-au aplicat 54 amenzi \u00een valoare de 592.000 lei<\/strong><br \/><strong>pentru nerespectarea prevederilor legale \u00een domeniul rela\u021biilor de munc\u0103 \u0219i al<\/strong><br \/><strong>securit\u0103\u021bii \u0219i s\u0103n\u0103t\u0103\u021bii \u00een munc\u0103. Au fost aplicate 92 avertismente \u0219i au fost dispuse<img loading=\"lazy\" decoding=\"async\" class=\"wp-image-40399 alignright lazyload\" src=\"https:\/\/infotulcea.ro\/wp-content\/uploads\/2026\/08\/itm-500x333.png\" alt width=\"468\" height=\"312\"><\/strong><\/p>\n<p><img loading=\"lazy\" decoding=\"async\" class=\" wp-image-40399 alignright\" src=\"https:\/\/infotulcea.ro\/wp-content\/uploads\/2026\/08\/itm-500x333.png\" alt width=\"468\" height=\"312\"><br \/><strong>193 m\u0103suri de remediere a neconformit\u0103\u021bilor constatate.<\/strong><br \/>\n\u00cen domeniul rela\u0163iilor de munc\u0103, s-au efectuat 84 controale, \u00een urma c\u0103rora s-au<br \/>\naplicat 41 avertismente \u015fi 40 amenzi \u00een cuantum de 515.000 lei, din care 340.000 lei<br \/>\nreprezint\u0103 valoarea amenzilor aplicate la 5 angajatori care \u00ee\u015fi desf\u0103\u015foar\u0103 activitatea \u00een<br \/>\ndomeniile construc\u0163ii, restaurante, fabricarea produselor de patiserie, unde au fost<br \/>\ndepistate 8 persoane f\u0103r\u0103 a avea \u00eencheiate contracte individuale de munc\u0103 conform<br \/>\nart.260 alin.1 lit. e din Codul Muncii \u015fi o persoan\u0103 al c\u0103rei contract individual de<br \/>\nmunc\u0103 nu a fost transmis \u00een registrul general de eviden\u0163\u0103 a salaria\u0163ilor cel t\u00eerziu \u00een<br \/>\nziua anterioar\u0103 \u00eenceperii activit\u0103\u0163ii conform art.260 alin.1 lit. e^1 din Codul Muncii.<br \/>\nPersoanele fizice depistate desf\u0103\u015fur\u00e2nd activitate f\u0103r\u0103 contracte individuale de munc\u0103<br \/>\nau fost sanc\u0163ionate cu avertismente \u0219i amenzi \u00een cuantum de 3.000 lei. Au fost<br \/>\ndispuse 136 m\u0103suri pentru remedierea deficien\u0163elor constatate.<br \/>\n\u00cen aceea\u015fi perioad\u0103, \u00een domeniul securit\u0103\u0163ii \u015fi s\u0103n\u0103t\u0103\u0163ii \u00een munc\u0103 au fost efectuate 46<br \/>\ncontroale, aplic\u00e2ndu-se 51 avertismente \u015fi 14 amenzi \u00een cuantum de 77.000 lei. Au<br \/>\nfost dispuse 57 m\u0103suri pentru remedierea deficien\u0163elor constatate.\n<\/div>\n<div id=\"post-extra-info\">\n<div class=\"theiaStickySidebar\">\n<div class=\"single-post-meta post-meta clearfix\"><span class=\"author-meta single-author no-avatars\"><span class=\"meta-item meta-author-wrapper meta-author-9\"><span class=\"meta-author\"><a href=\"https:\/\/infotulcea.ro\/author\/redactia-2\/\" class=\"author-name tie-icon\" title=\"Redactia\">Redactia<\/a><\/span><\/span><\/span><span class=\"date meta-item tie-icon\">14 august 2026<\/span><\/p>\n<div class=\"tie-alignright\"><span class=\"meta-comment tie-icon meta-item fa-before\">0<\/span><span class=\"meta-views meta-item \"> 410 <\/span><span class=\"meta-reading-time meta-item\"> 1 minute read<\/span><\/div>\n<\/div>\n<\/div>\n<\/div>\n<div id=\"share-buttons-bottom\" class=\"share-buttons share-buttons-bottom\">\n<div class=\"share-links  icons-only\">\n<div class=\"share-title\"><span> Share<\/span><\/div>\n<p><a href=\"https:\/\/www.facebook.com\/sharer.php?u=https:\/\/infotulcea.ro\/rezultatele-actiunilor-de-control-in-luna-iulie-2026\/\" rel=\"external noopener nofollow\" title=\"Facebook\" target=\"_blank\" class=\"facebook-share-btn \" data-raw=\"https:\/\/www.facebook.com\/sharer.php?u={post_link}\"><span class=\"screen-reader-text\">Facebook<\/span><\/a><a href=\"https:\/\/twitter.com\/intent\/tweet?text=Rezultatele%20ac%C5%A3iunilor%20de%20control%20%C3%AEn%20luna%20iulie%202026&amp;url=https:\/\/infotulcea.ro\/rezultatele-actiunilor-de-control-in-luna-iulie-2026\/\" rel=\"external noopener nofollow\" title=\"X\" target=\"_blank\" class=\"twitter-share-btn \" data-raw=\"https:\/\/twitter.com\/intent\/tweet?text={post_title}&amp;url={post_link}\"><span class=\"screen-reader-text\">X<\/span><\/a><a href=\"https:\/\/api.whatsapp.com\/send?text=Rezultatele%20ac%C5%A3iunilor%20de%20control%20%C3%AEn%20luna%20iulie%202026%20https:\/\/infotulcea.ro\/rezultatele-actiunilor-de-control-in-luna-iulie-2026\/\" rel=\"external noopener nofollow\" title=\"WhatsApp\" target=\"_blank\" class=\"whatsapp-share-btn \" data-raw=\"https:\/\/api.whatsapp.com\/send?text={post_title}%20{post_link}\"><span class=\"screen-reader-text\">WhatsApp<\/span><\/a><a href=\"https:\/\/telegram.me\/share\/url?url=https:\/\/infotulcea.ro\/rezultatele-actiunilor-de-control-in-luna-iulie-2026\/&amp;text=Rezultatele%20ac%C5%A3iunilor%20de%20control%20%C3%AEn%20luna%20iulie%202026\" rel=\"external noopener nofollow\" title=\"Telegram\" target=\"_blank\" class=\"telegram-share-btn \" data-raw=\"https:\/\/telegram.me\/share\/url?url={post_link}&amp;text={post_title}\"><span class=\"screen-reader-text\">Telegram<\/span><\/a><a href=\"mailto:?subject=Rezultatele%20ac%C5%A3iunilor%20de%20control%20%C3%AEn%20luna%20iulie%202026&amp;body=https:\/\/infotulcea.ro\/rezultatele-actiunilor-de-control-in-luna-iulie-2026\/\" rel=\"external noopener nofollow\" title=\"Share via Email\" target=\"_blank\" class=\"email-share-btn \" data-raw=\"mailto:?subject={post_title}&amp;body={post_link}\"><span class=\"screen-reader-text\">Share via Email<\/span><\/a><a href=\"https:\/\/infotulcea.ro\/rezultatele-actiunilor-de-control-in-luna-iulie-2026\/\" rel=\"external noopener nofollow\" title=\"Print\" target=\"_blank\" class=\"print-share-btn \" data-raw=\"#\"><span class=\"screen-reader-text\">Print<\/span><\/a><\/div>\n<\/div>\n<\/article>\n<div class=\"post-components\">\n<div id=\"related-posts\" class=\"container-wrapper has-extra-post\">\n<div class=\"mag-box-title the-global-title\">\n<h3>Related Articles<\/h3>\n<\/div>\n<div class=\"related-posts-list\">\n<div class=\"related-item tie-standard\"><a aria-label=\"Ho\u021bi de mici! Dou\u0103 fete \u0219i un b\u0103ie\u021bel prin\u0219i la furat dintr-un magazin de haine!\" href=\"https:\/\/infotulcea.ro\/hoti-de-mici-doua-fete-si-un-baietel-prinsi-la-furat-dintr-un-magazin-de-haine\/\" class=\"post-thumb\"><source type=\"image\/webp\" data-srcset=\"https:\/\/infotulcea.ro\/wp-content\/uploads\/2025\/11\/politie-hoti-390x220.jpg.webp\" \/><img loading=\"lazy\" decoding=\"async\" width=\"390\" height=\"220\" src=\"https:\/\/infotulcea.ro\/wp-content\/uploads\/2025\/11\/politie-hoti-390x220.jpg\" class=\"attachment-jannah-image-large size-jannah-image-large wp-post-image\" alt><\/a><\/p>\n<h3 class=\"post-title\"><a href=\"https:\/\/infotulcea.ro\/hoti-de-mici-doua-fete-si-un-baietel-prinsi-la-furat-dintr-un-magazin-de-haine\/\">Ho\u021bi de mici! Dou\u0103 fete \u0219i un b\u0103ie\u021bel prin\u0219i la furat dintr-un magazin de haine!<\/a><\/h3>\n<div class=\"post-meta clearfix\"><span class=\"date meta-item tie-icon\">3 noiembrie 2025<\/span><\/div>\n<\/div>\n<div class=\"related-item tie-standard\"><a aria-label=\"Sterilizare gratuit\u0103 pentru c\u00e2ini \u0219i pisici la Topolog \u0219i Greci!\" href=\"https:\/\/infotulcea.ro\/sterilizare-gratuita-pentru-caini-si-pisici-la-topolog-si-greci\/\" class=\"post-thumb\"><source type=\"image\/webp\" data-srcset=\"https:\/\/infotulcea.ro\/wp-content\/uploads\/2023\/02\/IMG_20230227_084420-390x220.jpg.webp\" \/><img loading=\"lazy\" decoding=\"async\" width=\"390\" height=\"220\" src=\"https:\/\/infotulcea.ro\/wp-content\/uploads\/2023\/02\/IMG_20230227_084420-390x220.jpg\" class=\"attachment-jannah-image-large size-jannah-image-large wp-post-image\" alt><\/a><\/p>\n<h3 class=\"post-title\"><a href=\"https:\/\/infotulcea.ro\/sterilizare-gratuita-pentru-caini-si-pisici-la-topolog-si-greci\/\">Sterilizare gratuit\u0103 pentru c\u00e2ini \u0219i pisici la Topolog \u0219i Greci!<\/a><\/h3>\n<div class=\"post-meta clearfix\"><span class=\"date meta-item tie-icon\">27 februarie 2023<\/span><\/div>\n<\/div>\n<div class=\"related-item tie-standard\"><a aria-label=\"Noaptea Muzeelor 2023 la Muzeul de Art\u0103 \u0219i Casa Avramide din Tulcea\" href=\"https:\/\/infotulcea.ro\/noaptea-muzeelor-2023-la-muzeul-de-arta-si-casa-avramide-din-tulcea\/\" class=\"post-thumb\"><source type=\"image\/webp\" data-srcset=\"https:\/\/infotulcea.ro\/wp-content\/uploads\/2023\/05\/Facebook-NM-23-390x220.jpg.webp\" \/><img loading=\"lazy\" decoding=\"async\" width=\"390\" height=\"220\" src=\"https:\/\/infotulcea.ro\/wp-content\/uploads\/2023\/05\/Facebook-NM-23-390x220.jpg\" class=\"attachment-jannah-image-large size-jannah-image-large wp-post-image\" alt><\/a><\/p>\n<h3 class=\"post-title\"><a href=\"https:\/\/infotulcea.ro\/noaptea-muzeelor-2023-la-muzeul-de-arta-si-casa-avramide-din-tulcea\/\">Noaptea Muzeelor 2023 la Muzeul de Art\u0103 \u0219i Casa Avramide din Tulcea<\/a><\/h3>\n<div class=\"post-meta clearfix\"><span class=\"date meta-item tie-icon\">8 mai 2023<\/span><\/div>\n<\/div>\n<div class=\"related-item tie-standard\"><a aria-label=\"Din 7 august 2023, deschiderea expozi\u021biei \u201eJandarmeria Rom\u00e2n\u0103 1850 \u2013 2020\u201d\u00a0\u00a0la Muzeul de Istorie \u0219i Arheologie din Tulcea\" href=\"https:\/\/infotulcea.ro\/din-7-august-2023-deschiderea-expozitiei-jandarmeria-romana-1850-2020-la-muzeul-de-istorie-si-arheologie-din-tulcea\/\" class=\"post-thumb\"><source type=\"image\/webp\" data-srcset=\"https:\/\/infotulcea.ro\/wp-content\/uploads\/2023\/07\/jandarmeria-390x220.jpg.webp\" \/><img loading=\"lazy\" decoding=\"async\" width=\"390\" height=\"220\" src=\"https:\/\/infotulcea.ro\/wp-content\/uploads\/2023\/07\/jandarmeria-390x220.jpg\" class=\"attachment-jannah-image-large size-jannah-image-large wp-post-image\" alt><\/a><\/p>\n<h3 class=\"post-title\"><a href=\"https:\/\/infotulcea.ro\/din-7-august-2023-deschiderea-expozitiei-jandarmeria-romana-1850-2020-la-muzeul-de-istorie-si-arheologie-din-tulcea\/\">Din 7 august 2023, deschiderea expozi\u021biei \u201eJandarmeria Rom\u00e2n\u0103 1850 \u2013 2020\u201d\u00a0\u00a0la Muzeul de Istorie \u0219i Arheologie din Tulcea<\/a><\/h3>\n<div class=\"post-meta clearfix\"><span class=\"date meta-item tie-icon\">31 iulie 2023<\/span><\/div>\n<\/div>\n<\/div>\n<\/div>\n<div id=\"comments\" class=\"comments-area\">\n<div id=\"add-comment-block\" class=\"container-wrapper\">\n<div id=\"respond\" class=\"comment-respond\">\n<h3 id=\"reply-title\" class=\"comment-reply-title the-global-title\">Las\u0103 un r\u0103spuns <small><a rel=\"nofollow\" id=\"cancel-comment-reply-link\" href=\"https:\/\/infotulcea.ro\/rezultatele-actiunilor-de-control-in-luna-iulie-2026\/#respond\">Anuleaz\u0103 r\u0103spunsul<\/a><\/small><\/h3>\n<p class=\"comment-notes\"><span id=\"email-notes\">Adresa ta de email nu va fi publicat\u0103.<\/span><span class=\"required-field-message\">C\u00e2mpurile obligatorii sunt marcate cu <span class=\"required\">*<\/span><\/span><\/p>\n<\/div>\n<\/div>\n<\/div>\n<\/div>\n<\/div>\n<div id=\"check-also-box\" class=\"container-wrapper check-also-right\">\n<div class=\"widget-title the-global-title\">\n<div class=\"the-subtitle\">Check Also<\/div>\n<p><a href=\"https:\/\/infotulcea.ro\/rezultatele-actiunilor-de-control-in-luna-iulie-2026\/\" id=\"check-also-close\" class=\"remove\"><span class=\"screen-reader-text\">Close<\/span><\/a><\/div>\n<div class=\"widget posts-list-big-first has-first-big-post\">\n<ul class=\"posts-list-items\">\n<li class=\"widget-single-post-item widget-post-list tie-standard\">\n<div class=\"post-widget-thumbnail\"><a aria-label=\"Sf\u00e2ntu Gheorghe: Sturioni vii prin\u0219i \u00een plasele unui braconier reda\u021bi mediului natural\" href=\"https:\/\/infotulcea.ro\/sfantu-gheorghe-sturioni-vii-prinsi-in-plasele-unui-braconier-redati-mediului-natural\/\" class=\"post-thumb\"><span class=\"post-cat-wrap\"><span class=\"post-cat tie-cat-35\">Comunicate<\/span><\/span><source type=\"image\/webp\" data-srcset=\"https:\/\/infotulcea.ro\/wp-content\/uploads\/2023\/05\/sturion-pf-390x220.jpg.webp\" \/><img loading=\"lazy\" decoding=\"async\" width=\"390\" height=\"220\" src=\"https:\/\/infotulcea.ro\/wp-content\/uploads\/2023\/05\/sturion-pf-390x220.jpg\" class=\"attachment-jannah-image-large size-jannah-image-large wp-post-image\" alt><\/a><\/div>\n<div class=\"post-widget-body \"><a class=\"post-title the-subtitle\" href=\"https:\/\/infotulcea.ro\/sfantu-gheorghe-sturioni-vii-prinsi-in-plasele-unui-braconier-redati-mediului-natural\/\">Sf\u00e2ntu Gheorghe: Sturioni vii prin\u0219i \u00een plasele unui braconier reda\u021bi mediului natural<\/a><\/p>\n<div class=\"post-meta\"><span class=\"date meta-item tie-icon\">3 mai 2023<\/span><\/div>\n<\/div>\n<\/li>\n<\/ul>\n<\/div>\n<\/div>\n<aside class=\"sidebar tie-col-md-4 tie-col-xs-12 normal-side is-sticky\" aria-label=\"Primary Sidebar\">\n<div class=\"theiaStickySidebar\">\n<div id=\"media_image-19\" class=\"container-wrapper widget widget_media_image\"><a href=\"https:\/\/infotulcea.ro\/delta-dunarii-mai-accesibila-navrom-delta-creste-numarul-curselor-regulate-de-la-1-mai-2025\/\"><source sizes=\"(max-width: 500px) 100vw, 500px\" type=\"image\/webp\" data-srcset=\"https:\/\/infotulcea.ro\/wp-content\/uploads\/2025\/04\/navrom-delta-500x271.jpg.webp 500w, https:\/\/infotulcea.ro\/wp-content\/uploads\/2025\/04\/navrom-delta-1024x555.jpg.webp 1024w, https:\/\/infotulcea.ro\/wp-content\/uploads\/2025\/04\/navrom-delta-768x416.jpg.webp 768w, https:\/\/infotulcea.ro\/wp-content\/uploads\/2025\/04\/navrom-delta.jpg.webp 1080w\" \/><img loading=\"lazy\" decoding=\"async\" width=\"500\" height=\"271\" src=\"https:\/\/infotulcea.ro\/wp-content\/uploads\/2025\/04\/navrom-delta-500x271.jpg\" class=\"image wp-image-34487  attachment-medium size-medium\" alt><\/a><\/div>\n<div id=\"media_image-17\" class=\"container-wrapper widget widget_media_image\"><a href=\"https:\/\/www.facebook.com\/share\/p\/1DGAD1tLWN\/?mibextid=wwXIfr\" target=\"_blank\"><source sizes=\"(max-width: 500px) 100vw, 500px\" type=\"image\/webp\" data-srcset=\"https:\/\/infotulcea.ro\/wp-content\/uploads\/2026\/01\/IMG_1563-500x500.jpeg.webp 500w, https:\/\/infotulcea.ro\/wp-content\/uploads\/2026\/01\/IMG_1563-1024x1024.jpeg.webp 1024w, https:\/\/infotulcea.ro\/wp-content\/uploads\/2026\/01\/IMG_1563-250x250.jpeg.webp 250w, https:\/\/infotulcea.ro\/wp-content\/uploads\/2026\/01\/IMG_1563-768x768.jpeg.webp 768w, https:\/\/infotulcea.ro\/wp-content\/uploads\/2026\/01\/IMG_1563.jpeg.webp 1080w\" \/><img loading=\"lazy\" decoding=\"async\" width=\"500\" height=\"500\" src=\"https:\/\/infotulcea.ro\/wp-content\/uploads\/2026\/01\/IMG_1563-500x500.jpeg\" class=\"image wp-image-37932  attachment-medium size-medium\" alt title=\"Centrale pe lemne\"><\/a><\/div>\n<div id=\"media_image-18\" class=\"container-wrapper widget widget_media_image\"><a href=\"https:\/\/www.licitatia.ro\/site\/index-guest\"><img loading=\"lazy\" decoding=\"async\" width=\"500\" height=\"262\" src=\"https:\/\/infotulcea.ro\/wp-content\/uploads\/2025\/09\/licitatia-500x262.png\" class=\"image wp-image-36670  attachment-medium size-medium lazyload\" alt><img loading=\"lazy\" decoding=\"async\" width=\"500\" height=\"262\" src=\"https:\/\/infotulcea.ro\/wp-content\/uploads\/2025\/09\/licitatia-500x262.png\" class=\"image wp-image-36670  attachment-medium size-medium\" alt><\/a><\/div>\n<div id=\"media_image-27\" class=\"container-wrapper widget widget_media_image\"><a href=\"https:\/\/www.centrale-lemne-liepsnele.ro\/\"><img loading=\"lazy\" decoding=\"async\" width=\"500\" height=\"500\" src=\"https:\/\/infotulcea.ro\/wp-content\/uploads\/2025\/09\/Centrale-pe-Lemne-Liepsnele-500x500.png\" class=\"image wp-image-36541  attachment-medium size-medium lazyload\" alt=\"Centrala pe lemne\"><img loading=\"lazy\" decoding=\"async\" width=\"500\" height=\"500\" src=\"https:\/\/infotulcea.ro\/wp-content\/uploads\/2025\/09\/Centrale-pe-Lemne-Liepsnele-500x500.png\" class=\"image wp-image-36541  attachment-medium size-medium\" alt=\"Centrala pe lemne\"><\/a><\/div>\n<div id=\"media_image-28\" class=\"container-wrapper widget widget_media_image\"><a href=\"https:\/\/infotulcea.ro\/angajeaza-te-ro-platforma-ta-online-de-angajari-si-forta-de-munca\/\"><source sizes=\"(max-width: 500px) 100vw, 500px\" type=\"image\/webp\" data-srcset=\"https:\/\/infotulcea.ro\/wp-content\/uploads\/2025\/04\/banner-angajazate-1-500x305.jpg.webp 500w, https:\/\/infotulcea.ro\/wp-content\/uploads\/2025\/04\/banner-angajazate-1-1024x625.jpg.webp 1024w, https:\/\/infotulcea.ro\/wp-content\/uploads\/2025\/04\/banner-angajazate-1-768x469.jpg.webp 768w, https:\/\/infotulcea.ro\/wp-content\/uploads\/2025\/04\/banner-angajazate-1.jpg.webp 1080w\" \/><img loading=\"lazy\" decoding=\"async\" width=\"500\" height=\"305\" src=\"https:\/\/infotulcea.ro\/wp-content\/uploads\/2025\/04\/banner-angajazate-1-500x305.jpg\" class=\"image wp-image-34317  attachment-medium size-medium\" alt><\/a><\/div>\n<\/div>\n<\/aside>\n<\/div>\n<\/div>\n<div class=\"entry-content entry clearfix\">\n<p><strong>Inspectoratul Teritorial de Munc\u0103 Tulcea a desf\u0103\u015furat \u00een luna iulie 2026,<\/strong><br \/><strong>130 ac\u0163iuni de control \u00een urma c\u0103rora s-au aplicat 54 amenzi \u00een valoare de 592.000 lei<\/strong><br \/><strong>pentru nerespectarea prevederilor legale \u00een domeniul rela\u021biilor de munc\u0103 \u0219i al<\/strong><br \/><strong>securit\u0103\u021bii \u0219i s\u0103n\u0103t\u0103\u021bii \u00een munc\u0103. Au fost aplicate 92 avertismente \u0219i au fost dispuse<img loading=\"lazy\" decoding=\"async\" class=\"wp-image-40399 alignright lazyload\" src=\"https:\/\/infotulcea.ro\/wp-content\/uploads\/2026\/08\/itm-500x333.png\" alt width=\"468\" height=\"312\"><\/strong><\/p>\n<p><img loading=\"lazy\" decoding=\"async\" class=\" wp-image-40399 alignright\" src=\"https:\/\/infotulcea.ro\/wp-content\/uploads\/2026\/08\/itm-500x333.png\" alt width=\"468\" height=\"312\"><br \/><strong>193 m\u0103suri de remediere a neconformit\u0103\u021bilor constatate.<\/strong><br \/>\n\u00cen domeniul rela\u0163iilor de munc\u0103, s-au efectuat 84 controale, \u00een urma c\u0103rora s-au<br \/>\naplicat 41 avertismente \u015fi 40 amenzi \u00een cuantum de 515.000 lei, din care 340.000 lei<br \/>\nreprezint\u0103 valoarea amenzilor aplicate la 5 angajatori care \u00ee\u015fi desf\u0103\u015foar\u0103 activitatea \u00een<br \/>\ndomeniile construc\u0163ii, restaurante, fabricarea produselor de patiserie, unde au fost<br \/>\ndepistate 8 persoane f\u0103r\u0103 a avea \u00eencheiate contracte individuale de munc\u0103 conform<br \/>\nart.260 alin.1 lit. e din Codul Muncii \u015fi o persoan\u0103 al c\u0103rei contract individual de<br \/>\nmunc\u0103 nu a fost transmis \u00een registrul general de eviden\u0163\u0103 a salaria\u0163ilor cel t\u00eerziu \u00een<br \/>\nziua anterioar\u0103 \u00eenceperii activit\u0103\u0163ii conform art.260 alin.1 lit. e^1 din Codul Muncii.<br \/>\nPersoanele fizice depistate desf\u0103\u015fur\u00e2nd activitate f\u0103r\u0103 contracte individuale de munc\u0103<br \/>\nau fost sanc\u0163ionate cu avertismente \u0219i amenzi \u00een cuantum de 3.000 lei. Au fost<br \/>\ndispuse 136 m\u0103suri pentru remedierea deficien\u0163elor constatate.<br \/>\n\u00cen aceea\u015fi perioad\u0103, \u00een domeniul securit\u0103\u0163ii \u015fi s\u0103n\u0103t\u0103\u0163ii \u00een munc\u0103 au fost efectuate 46<br \/>\ncontroale, aplic\u00e2ndu-se 51 avertismente \u015fi 14 amenzi \u00een cuantum de 77.000 lei. Au<br \/>\nfost dispuse 57 m\u0103suri pentru remedierea deficien\u0163elor constatate.\n<\/div>\n<div class=\"articleBody\" data-key=\"articleBody\">Inspectoratul Teritorial de Munc\u0103 Tulcea a desf\u0103\u015furat \u00een luna iulie 2026,<br \/>\n130 ac\u0163iuni de control \u00een urma c\u0103rora s-au aplicat 54 amenzi \u00een valoare de 592.000 lei<br \/>\npentru nerespectarea prevederilor legale \u00een domeniul rela\u021biilor de munc\u0103 \u0219i al<br \/>\nsecurit\u0103\u021bii \u0219i s\u0103n\u0103t\u0103\u021bii \u00een munc\u0103. Au fost aplicate 92 avertismente \u0219i au fost dispuse<br \/>\n193 m\u0103suri de remediere a neconformit\u0103\u021bilor constatate.<br \/>\n\u00cen domeniul rela\u0163iilor de munc\u0103, s-au efectuat 84 controale, \u00een urma c\u0103rora s-au<br \/>\naplicat 41 avertismente \u015fi 40 amenzi \u00een cuantum de 515.000 lei, din care 340.000 lei<br \/>\nreprezint\u0103 valoarea amenzilor aplicate la 5 angajatori care \u00ee\u015fi desf\u0103\u015foar\u0103 activitatea \u00een<br \/>\ndomeniile construc\u0163ii, restaurante, fabricarea produselor de patiserie, unde au fost<br \/>\ndepistate 8 persoane f\u0103r\u0103 a avea \u00eencheiate contracte individuale de munc\u0103 conform<br \/>\nart.260 alin.1 lit. e din Codul Muncii \u015fi o persoan\u0103 al c\u0103rei contract individual de<br \/>\nmunc\u0103 nu a fost transmis \u00een registrul general de eviden\u0163\u0103 a salaria\u0163ilor cel t\u00eerziu \u00een<br \/>\nziua anterioar\u0103 \u00eenceperii activit\u0103\u0163ii conform art.260 alin.1 lit. e^1 din Codul Muncii.<br \/>\nPersoanele fizice depistate desf\u0103\u015fur\u00e2nd activitate f\u0103r\u0103 contracte individuale de munc\u0103<br \/>\nau fost sanc\u0163ionate cu avertismente \u0219i amenzi \u00een cuantum de 3.000 lei. Au fost<br \/>\ndispuse 136 m\u0103suri pentru remedierea deficien\u0163elor constatate.<br \/>\n\u00cen aceea\u015fi perioad\u0103, \u00een domeniul securit\u0103\u0163ii \u015fi s\u0103n\u0103t\u0103\u0163ii \u00een munc\u0103 au fost efectuate 46<br \/>\ncontroale, aplic\u00e2ndu-se 51 avertismente \u015fi 14 amenzi \u00een cuantum de 77.000 lei. Au<br \/>\nfost dispuse 57 m\u0103suri pentru remedierea deficien\u0163elor constatate.<\/div>\n<p>[analyse_source url=&#8221;https:\/\/infotulcea.ro\/rezultatele-actiunilor-de-control-in-luna-iulie-2026\/&#8221;]<\/p>\n","protected":false},"excerpt":{"rendered":"<p>[analyse_image type=&#8221;featured&#8221; src=&#8221;https:\/\/infotulcea.ro\/wp-content\/uploads\/2026\/08\/itm.pnghttps:\/\/infotulcea.ro\/wp-content\/uploads\/2026\/08\/itm.png&#8221;] Home\/Comunicate\/Rezultatele ac\u0163iunilor de control \u00een luna iulie 2026 Comunicate Rezultatele ac\u0163iunilor de control \u00een luna iulie 2026 Redactia14 august 2026 0 410 1 minute read Inspectoratul Teritorial de Munc\u0103 Tulcea a desf\u0103\u015furat \u00een luna iulie 2026,130 ac\u0163iuni de control \u00een urma c\u0103rora s-au aplicat 54 amenzi \u00een valoare de 592.000 leipentru nerespectarea [&hellip;]<\/p>\n","protected":false},"author":1,"featured_media":0,"comment_status":"open","ping_status":"","sticky":false,"template":"","format":"standard","meta":{"footnotes":""},"categories":[89],"tags":[226,221],"class_list":["post-2097687","post","type-post","status-publish","format-standard","hentry","category-romania","tag-crawlmanager","tag-infotulcea-ro"],"_links":{"self":[{"href":"https:\/\/analyse.optim.biz\/index.php?rest_route=\/wp\/v2\/posts\/2097687","targetHints":{"allow":["GET"]}}],"collection":[{"href":"https:\/\/analyse.optim.biz\/index.php?rest_route=\/wp\/v2\/posts"}],"about":[{"href":"https:\/\/analyse.optim.biz\/index.php?rest_route=\/wp\/v2\/types\/post"}],"author":[{"embeddable":true,"href":"https:\/\/analyse.optim.biz\/index.php?rest_route=\/wp\/v2\/users\/1"}],"replies":[{"embeddable":true,"href":"https:\/\/analyse.optim.biz\/index.php?rest_route=%2Fwp%2Fv2%2Fcomments&post=2097687"}],"version-history":[{"count":0,"href":"https:\/\/analyse.optim.biz\/index.php?rest_route=\/wp\/v2\/posts\/2097687\/revisions"}],"wp:attachment":[{"href":"https:\/\/analyse.optim.biz\/index.php?rest_route=%2Fwp%2Fv2%2Fmedia&parent=2097687"}],"wp:term":[{"taxonomy":"category","embeddable":true,"href":"https:\/\/analyse.optim.biz\/index.php?rest_route=%2Fwp%2Fv2%2Fcategories&post=2097687"},{"taxonomy":"post_tag","embeddable":true,"href":"https:\/\/analyse.optim.biz\/index.php?rest_route=%2Fwp%2Fv2%2Ftags&post=2097687"}],"curies":[{"name":"wp","href":"https:\/\/api.w.org\/{rel}","templated":true}]}}