{"id":2097682,"date":"2026-08-14T10:11:16","date_gmt":"2026-08-14T07:11:16","guid":{"rendered":"https:\/\/analyse.optim.biz\/?p=2097682"},"modified":"2026-08-14T10:11:16","modified_gmt":"2026-08-14T07:11:16","slug":"selfie-ul-pe-tren-nu-ia-like-uri-ia-vieti-politistii-deruleaza-actiuni-de-prevenire-a-accidentelor-prin-electrocutare","status":"publish","type":"post","link":"https:\/\/analyse.optim.biz\/?p=2097682","title":{"rendered":"\u201eSelfie-ul pe tren nu ia like-uri, ia vie\u021bi!\u201d \u2013 poli\u021bi\u0219tii deruleaz\u0103 ac\u021biuni de prevenire a accidentelor prin electrocutare"},"content":{"rendered":"<p>[analyse_image type=&#8221;featured&#8221; src=&#8221;https:\/\/infotulcea.ro\/wp-content\/uploads\/2026\/08\/ipj-1.jpeghttps:\/\/infotulcea.ro\/wp-content\/uploads\/2026\/08\/ipj-1.jpeg&#8221;]<\/p>\n<div id=\"content\" class=\"site-content container\">\n<div id=\"main-content-row\" class=\"tie-row main-content-row\">\n<div class=\"main-content tie-col-md-8 tie-col-xs-12\" role=\"main\">\n<article id=\"the-post\" class=\"container-wrapper post-content tie-standard\">\n<header class=\"entry-header-outer\">\n<nav id=\"breadcrumb\"><a href=\"https:\/\/infotulcea.ro\/\"> Home<\/a><em class=\"delimiter\">\/<\/em><a href=\"https:\/\/infotulcea.ro\/categorie\/comunicate\/\">Comunicate<\/a><em class=\"delimiter\">\/<\/em><span class=\"current\">\u201eSelfie-ul pe tren nu ia like-uri, ia vie\u021bi!\u201d \u2013 poli\u021bi\u0219tii deruleaz\u0103 ac\u021biuni de prevenire a accidentelor prin electrocutare<\/span><\/nav>\n<div class=\"entry-header\"><span class=\"post-cat-wrap\"><a class=\"post-cat tie-cat-35\" href=\"https:\/\/infotulcea.ro\/categorie\/comunicate\/\">Comunicate<\/a><\/span><\/p>\n<h1 class=\"post-title entry-title\">\n\t\t\t\u201eSelfie-ul pe tren nu ia like-uri, ia vie\u021bi!\u201d \u2013 poli\u021bi\u0219tii deruleaz\u0103 ac\u021biuni de prevenire a accidentelor prin electrocutare\t\t<\/h1>\n<div class=\"single-post-meta post-meta clearfix\"><span class=\"author-meta single-author no-avatars\"><span class=\"meta-item meta-author-wrapper meta-author-9\"><span class=\"meta-author\"><a href=\"https:\/\/infotulcea.ro\/author\/redactia-2\/\" class=\"author-name tie-icon\" title=\"Redactia\">Redactia<\/a><\/span><\/span><\/span><span class=\"date meta-item tie-icon\">14 august 2026<\/span><\/p>\n<div class=\"tie-alignright\"><span class=\"meta-comment tie-icon meta-item fa-before\">0<\/span><span class=\"meta-views meta-item \"> 275 <\/span><span class=\"meta-reading-time meta-item\"> 1 minute read<\/span><\/div>\n<\/div>\n<\/div>\n<\/header>\n<div class=\"entry-content entry clearfix\">\n<p><strong>Poli\u021bi\u0219tii din cadrul Biroului Siguran\u021b\u0103 \u0218colar\u0103 \u0219i cei ai Compartimentului de Analiz\u0103 \u0219i Prevenire a Criminalit\u0103\u021bii desf\u0103\u0219oar\u0103, \u00een aceast\u0103 perioad\u0103, activit\u0103\u021bi de informare \u0219i prevenire \u00een cadrul campaniei na\u021bionale \u201eSelfie-ul pe tren nu ia like-uri, ia vie\u021bi!\u201d, destinat\u0103 prevenirii accidentelor produse prin electrocutare \u00een domeniul transporturilor feroviare.<\/strong><\/p>\n<p>Ieri, 13 august 2026, \u00eencep\u00e2nd cu ora 15:30, poli\u021bi\u0219tii au desf\u0103\u0219urat o activitate de informare \u00een zona g\u0103rii, unde au discutat cu c\u0103l\u0103torii \u0219i le-au transmis recomand\u0103ri privind riscurile la care se expun persoanele care urc\u0103 pe<source sizes=\"(max-width: 197px) 100vw, 197px\" type=\"image\/webp\" data-srcset=\"https:\/\/infotulcea.ro\/wp-content\/uploads\/2026\/08\/ipj-1-231x500.jpeg.webp 231w, https:\/\/infotulcea.ro\/wp-content\/uploads\/2026\/08\/ipj-1-473x1024.jpeg.webp 473w, https:\/\/infotulcea.ro\/wp-content\/uploads\/2026\/08\/ipj-1-768x1663.jpeg.webp 768w, https:\/\/infotulcea.ro\/wp-content\/uploads\/2026\/08\/ipj-1-709x1536.jpeg.webp 709w, https:\/\/infotulcea.ro\/wp-content\/uploads\/2026\/08\/ipj-1.jpeg.webp 942w\" \/><\/p>\n<p><img loading=\"lazy\" decoding=\"async\" class=\" wp-image-40386 alignright\" src=\"https:\/\/infotulcea.ro\/wp-content\/uploads\/2026\/08\/ipj-1-231x500.jpeg\" alt width=\"197\" height=\"426\"> vagoanele trenurilor pentru realizarea de fotografii sau film\u0103ri.<\/p>\n<p>\u00cen cadrul activit\u0103\u021bii, au fost distribuite pliante cu mesaje preventive \u0219i informa\u021bii despre pericolele electrocut\u0103rii \u00een apropierea liniilor de cale ferat\u0103.<\/p>\n<p>Poli\u021bi\u0219tii atrag aten\u021bia c\u0103 o fotografie nu merit\u0103 s\u0103 \u00ee\u021bi pui via\u021ba \u00een pericol.<\/p>\n<p>Recomand\u0103ri pentru siguran\u021b\u0103:<\/p>\n<p>* Nu urca\u021bi pe vagoanele trenurilor, indiferent dac\u0103 acestea sunt sta\u021bionate sau \u00een mi\u0219care;<br \/>\n* Nu v\u0103 apropia\u021bi de instala\u021biile electrice feroviare \u0219i nu \u00eencerca\u021bi s\u0103 atinge\u021bi firele sau componentele acestora;<br \/>\n* Nu realiza\u021bi fotografii sau film\u0103ri pe acoperi\u0219ul trenurilor sau \u00een apropierea re\u021belelor de \u00eenalt\u0103 tensiune;<br \/>\n* Explica\u021bi copiilor \u0219i adolescen\u021bilor despre pericolele la care se expun \u00een astfel de situa\u021bii;<br \/>\n* Respecta\u021bi indicatoarele \u0219i semnalele de avertizare amplasate \u00een zona infrastructurii feroviare.<\/p>\n<p>Un selfie poate str\u00e2nge like-uri, dar o clip\u0103 de neaten\u021bie poate schimba o via\u021b\u0103 pentru totdeauna.<\/p>\n<p>Selfie-ul pe tren nu ia like-uri, ia vie\u021bi!<\/p>\n<\/div>\n<div id=\"post-extra-info\">\n<div class=\"theiaStickySidebar\">\n<div class=\"single-post-meta post-meta clearfix\"><span class=\"author-meta single-author no-avatars\"><span class=\"meta-item meta-author-wrapper meta-author-9\"><span class=\"meta-author\"><a href=\"https:\/\/infotulcea.ro\/author\/redactia-2\/\" class=\"author-name tie-icon\" title=\"Redactia\">Redactia<\/a><\/span><\/span><\/span><span class=\"date meta-item tie-icon\">14 august 2026<\/span><\/p>\n<div class=\"tie-alignright\"><span class=\"meta-comment tie-icon meta-item fa-before\">0<\/span><span class=\"meta-views meta-item \"> 275 <\/span><span class=\"meta-reading-time meta-item\"> 1 minute read<\/span><\/div>\n<\/div>\n<\/div>\n<\/div>\n<div id=\"share-buttons-bottom\" class=\"share-buttons share-buttons-bottom\">\n<div class=\"share-links  icons-only\">\n<div class=\"share-title\"><span> Share<\/span><\/div>\n<p><a href=\"https:\/\/www.facebook.com\/sharer.php?u=https:\/\/infotulcea.ro\/selfie-ul-pe-tren-nu-ia-like-uri-ia-vieti-politistii-deruleaza-actiuni-de-prevenire-a-accidentelor-prin-electrocutare\/\" rel=\"external noopener nofollow\" title=\"Facebook\" target=\"_blank\" class=\"facebook-share-btn \" data-raw=\"https:\/\/www.facebook.com\/sharer.php?u={post_link}\"><span class=\"screen-reader-text\">Facebook<\/span><\/a><a href=\"https:\/\/twitter.com\/intent\/tweet?text=%E2%80%9ESelfie-ul%20pe%20tren%20nu%20ia%20like-uri%2C%20ia%20vie%C8%9Bi%21%E2%80%9D%20%E2%80%93%20poli%C8%9Bi%C8%99tii%20deruleaz%C4%83%20ac%C8%9Biuni%20de%20prevenire%20a%20accidentelor%20prin%20electrocutare&amp;url=https:\/\/infotulcea.ro\/selfie-ul-pe-tren-nu-ia-like-uri-ia-vieti-politistii-deruleaza-actiuni-de-prevenire-a-accidentelor-prin-electrocutare\/\" rel=\"external noopener nofollow\" title=\"X\" target=\"_blank\" class=\"twitter-share-btn \" data-raw=\"https:\/\/twitter.com\/intent\/tweet?text={post_title}&amp;url={post_link}\"><span class=\"screen-reader-text\">X<\/span><\/a><a href=\"https:\/\/api.whatsapp.com\/send?text=%E2%80%9ESelfie-ul%20pe%20tren%20nu%20ia%20like-uri%2C%20ia%20vie%C8%9Bi%21%E2%80%9D%20%E2%80%93%20poli%C8%9Bi%C8%99tii%20deruleaz%C4%83%20ac%C8%9Biuni%20de%20prevenire%20a%20accidentelor%20prin%20electrocutare%20https:\/\/infotulcea.ro\/selfie-ul-pe-tren-nu-ia-like-uri-ia-vieti-politistii-deruleaza-actiuni-de-prevenire-a-accidentelor-prin-electrocutare\/\" rel=\"external noopener nofollow\" title=\"WhatsApp\" target=\"_blank\" class=\"whatsapp-share-btn \" data-raw=\"https:\/\/api.whatsapp.com\/send?text={post_title}%20{post_link}\"><span class=\"screen-reader-text\">WhatsApp<\/span><\/a><a href=\"https:\/\/telegram.me\/share\/url?url=https:\/\/infotulcea.ro\/selfie-ul-pe-tren-nu-ia-like-uri-ia-vieti-politistii-deruleaza-actiuni-de-prevenire-a-accidentelor-prin-electrocutare\/&amp;text=%E2%80%9ESelfie-ul%20pe%20tren%20nu%20ia%20like-uri%2C%20ia%20vie%C8%9Bi%21%E2%80%9D%20%E2%80%93%20poli%C8%9Bi%C8%99tii%20deruleaz%C4%83%20ac%C8%9Biuni%20de%20prevenire%20a%20accidentelor%20prin%20electrocutare\" rel=\"external noopener nofollow\" title=\"Telegram\" target=\"_blank\" class=\"telegram-share-btn \" data-raw=\"https:\/\/telegram.me\/share\/url?url={post_link}&amp;text={post_title}\"><span class=\"screen-reader-text\">Telegram<\/span><\/a><a href=\"mailto:?subject=%E2%80%9ESelfie-ul%20pe%20tren%20nu%20ia%20like-uri%2C%20ia%20vie%C8%9Bi%21%E2%80%9D%20%E2%80%93%20poli%C8%9Bi%C8%99tii%20deruleaz%C4%83%20ac%C8%9Biuni%20de%20prevenire%20a%20accidentelor%20prin%20electrocutare&amp;body=https:\/\/infotulcea.ro\/selfie-ul-pe-tren-nu-ia-like-uri-ia-vieti-politistii-deruleaza-actiuni-de-prevenire-a-accidentelor-prin-electrocutare\/\" rel=\"external noopener nofollow\" title=\"Share via Email\" target=\"_blank\" class=\"email-share-btn \" data-raw=\"mailto:?subject={post_title}&amp;body={post_link}\"><span class=\"screen-reader-text\">Share via Email<\/span><\/a><a href=\"https:\/\/infotulcea.ro\/selfie-ul-pe-tren-nu-ia-like-uri-ia-vieti-politistii-deruleaza-actiuni-de-prevenire-a-accidentelor-prin-electrocutare\/\" rel=\"external noopener nofollow\" title=\"Print\" target=\"_blank\" class=\"print-share-btn \" data-raw=\"#\"><span class=\"screen-reader-text\">Print<\/span><\/a><\/div>\n<\/div>\n<\/article>\n<div class=\"post-components\">\n<div id=\"related-posts\" class=\"container-wrapper has-extra-post\">\n<div class=\"mag-box-title the-global-title\">\n<h3>Related Articles<\/h3>\n<\/div>\n<div class=\"related-posts-list\">\n<div class=\"related-item tie-standard\"><a aria-label=\"Exemplare de sturion congelat \u00een barca unor braconieri, la Sf\u00e2ntu Gheorghe!\" href=\"https:\/\/infotulcea.ro\/exemplare-de-sturion-congelat-in-barca-unor-braconieri-la-sfantu-gheorghe\/\" class=\"post-thumb\"><source type=\"image\/webp\" data-srcset=\"https:\/\/infotulcea.ro\/wp-content\/uploads\/2023\/10\/sturion-congelat-390x220.jpg.webp\" \/><img loading=\"lazy\" decoding=\"async\" width=\"390\" height=\"220\" src=\"https:\/\/infotulcea.ro\/wp-content\/uploads\/2023\/10\/sturion-congelat-390x220.jpg\" class=\"attachment-jannah-image-large size-jannah-image-large wp-post-image\" alt><\/a><\/p>\n<h3 class=\"post-title\"><a href=\"https:\/\/infotulcea.ro\/exemplare-de-sturion-congelat-in-barca-unor-braconieri-la-sfantu-gheorghe\/\">Exemplare de sturion congelat \u00een barca unor braconieri, la Sf\u00e2ntu Gheorghe!<\/a><\/h3>\n<div class=\"post-meta clearfix\"><span class=\"date meta-item tie-icon\">13 octombrie 2023<\/span><\/div>\n<\/div>\n<div class=\"related-item tie-standard\"><a aria-label=\"Ziua Drapelului Na\u021bional, s\u0103rb\u0103torit\u0103 de marinarii militari\" href=\"https:\/\/infotulcea.ro\/ziua-drapelului-national-sarbatorita-de-marinarii-militari\/\" class=\"post-thumb\"><source type=\"image\/webp\" data-srcset=\"https:\/\/infotulcea.ro\/wp-content\/uploads\/2026\/06\/ziua-drapelului-390x220.jpg.webp\" \/><img loading=\"lazy\" decoding=\"async\" width=\"390\" height=\"220\" src=\"https:\/\/infotulcea.ro\/wp-content\/uploads\/2026\/06\/ziua-drapelului-390x220.jpg\" class=\"attachment-jannah-image-large size-jannah-image-large wp-post-image\" alt><\/a><\/p>\n<h3 class=\"post-title\"><a href=\"https:\/\/infotulcea.ro\/ziua-drapelului-national-sarbatorita-de-marinarii-militari\/\">Ziua Drapelului Na\u021bional, s\u0103rb\u0103torit\u0103 de marinarii militari<\/a><\/h3>\n<div class=\"post-meta clearfix\"><span class=\"date meta-item tie-icon\">25 iunie 2026<\/span><\/div>\n<\/div>\n<div class=\"related-item tie-standard\"><a aria-label=\"Preciz\u0103ri ANAF: Impozitul pe profit, neschimbat fa\u021b\u0103 de anul trecut!\" href=\"https:\/\/infotulcea.ro\/precizari-anaf-impozitul-pe-profit-neschimbat-fata-de-anul-trecut\/\" class=\"post-thumb\"><img loading=\"lazy\" decoding=\"async\" width=\"390\" height=\"220\" src=\"https:\/\/infotulcea.ro\/wp-content\/uploads\/2022\/05\/anaf-1-800x451-1-390x220.webp\" class=\"attachment-jannah-image-large size-jannah-image-large wp-post-image lazyload\" alt><img loading=\"lazy\" decoding=\"async\" width=\"390\" height=\"220\" src=\"https:\/\/infotulcea.ro\/wp-content\/uploads\/2022\/05\/anaf-1-800x451-1-390x220.webp\" class=\"attachment-jannah-image-large size-jannah-image-large wp-post-image\" alt><\/a><\/p>\n<h3 class=\"post-title\"><a href=\"https:\/\/infotulcea.ro\/precizari-anaf-impozitul-pe-profit-neschimbat-fata-de-anul-trecut\/\">Preciz\u0103ri ANAF: Impozitul pe profit, neschimbat fa\u021b\u0103 de anul trecut!<\/a><\/h3>\n<div class=\"post-meta clearfix\"><span class=\"date meta-item tie-icon\">5 martie 2024<\/span><\/div>\n<\/div>\n<div class=\"related-item tie-standard\">\n<h3 class=\"post-title\"><a href=\"https:\/\/infotulcea.ro\/dosar-penal-intocmit-pentru-conducerea-unui-autovehicul-avand-exercitarea-dreptului-de-a-conduce-suspendata\/\">Dosar penal \u00eentocmit pentru conducerea unui autovehicul av\u00e2nd exercitarea dreptului de a conduce suspendat\u0103<\/a><\/h3>\n<div class=\"post-meta clearfix\"><span class=\"date meta-item tie-icon\">15 iulie 2026<\/span><\/div>\n<\/div>\n<\/div>\n<\/div>\n<div id=\"comments\" class=\"comments-area\">\n<div id=\"add-comment-block\" class=\"container-wrapper\">\n<div id=\"respond\" class=\"comment-respond\">\n<h3 id=\"reply-title\" class=\"comment-reply-title the-global-title\">Las\u0103 un r\u0103spuns <small><a rel=\"nofollow\" id=\"cancel-comment-reply-link\" href=\"https:\/\/infotulcea.ro\/selfie-ul-pe-tren-nu-ia-like-uri-ia-vieti-politistii-deruleaza-actiuni-de-prevenire-a-accidentelor-prin-electrocutare\/#respond\">Anuleaz\u0103 r\u0103spunsul<\/a><\/small><\/h3>\n<p class=\"comment-notes\"><span id=\"email-notes\">Adresa ta de email nu va fi publicat\u0103.<\/span><span class=\"required-field-message\">C\u00e2mpurile obligatorii sunt marcate cu <span class=\"required\">*<\/span><\/span><\/p>\n<\/div>\n<\/div>\n<\/div>\n<\/div>\n<\/div>\n<div id=\"check-also-box\" class=\"container-wrapper check-also-right\">\n<div class=\"widget-title the-global-title\">\n<div class=\"the-subtitle\">Check Also<\/div>\n<p><a href=\"https:\/\/infotulcea.ro\/selfie-ul-pe-tren-nu-ia-like-uri-ia-vieti-politistii-deruleaza-actiuni-de-prevenire-a-accidentelor-prin-electrocutare\/\" id=\"check-also-close\" class=\"remove\"><span class=\"screen-reader-text\">Close<\/span><\/a><\/div>\n<div class=\"widget posts-list-big-first has-first-big-post\">\n<ul class=\"posts-list-items\">\n<li class=\"widget-single-post-item widget-post-list tie-standard\">\n<div class=\"post-widget-thumbnail\"><a aria-label=\"#EURES: 240 de locuri de munc\u0103 vacante \u00een Spa\u0163iul Economic European\" href=\"https:\/\/infotulcea.ro\/eures-240-de-locuri-de-munca-vacante-in-spatiul-economic-european\/\" class=\"post-thumb\"><span class=\"post-cat-wrap\"><span class=\"post-cat tie-cat-35\">Comunicate<\/span><\/span><source type=\"image\/webp\" data-srcset=\"https:\/\/infotulcea.ro\/wp-content\/uploads\/2024\/04\/eures-390x220.jpg.webp\" \/><img loading=\"lazy\" decoding=\"async\" width=\"390\" height=\"220\" src=\"https:\/\/infotulcea.ro\/wp-content\/uploads\/2024\/04\/eures-390x220.jpg\" class=\"attachment-jannah-image-large size-jannah-image-large wp-post-image\" alt><\/a><\/div>\n<div class=\"post-widget-body \"><a class=\"post-title the-subtitle\" href=\"https:\/\/infotulcea.ro\/eures-240-de-locuri-de-munca-vacante-in-spatiul-economic-european\/\">#EURES: 240 de locuri de munc\u0103 vacante \u00een Spa\u0163iul Economic European<\/a><\/p>\n<div class=\"post-meta\"><span class=\"date meta-item tie-icon\">25 aprilie 2024<\/span><\/div>\n<\/div>\n<\/li>\n<\/ul>\n<\/div>\n<\/div>\n<aside class=\"sidebar tie-col-md-4 tie-col-xs-12 normal-side is-sticky\" aria-label=\"Primary Sidebar\">\n<div class=\"theiaStickySidebar\">\n<div id=\"media_image-19\" class=\"container-wrapper widget widget_media_image\"><a href=\"https:\/\/infotulcea.ro\/delta-dunarii-mai-accesibila-navrom-delta-creste-numarul-curselor-regulate-de-la-1-mai-2025\/\"><source sizes=\"(max-width: 500px) 100vw, 500px\" type=\"image\/webp\" data-srcset=\"https:\/\/infotulcea.ro\/wp-content\/uploads\/2025\/04\/navrom-delta-500x271.jpg.webp 500w, https:\/\/infotulcea.ro\/wp-content\/uploads\/2025\/04\/navrom-delta-1024x555.jpg.webp 1024w, https:\/\/infotulcea.ro\/wp-content\/uploads\/2025\/04\/navrom-delta-768x416.jpg.webp 768w, https:\/\/infotulcea.ro\/wp-content\/uploads\/2025\/04\/navrom-delta.jpg.webp 1080w\" \/><img loading=\"lazy\" decoding=\"async\" width=\"500\" height=\"271\" src=\"https:\/\/infotulcea.ro\/wp-content\/uploads\/2025\/04\/navrom-delta-500x271.jpg\" class=\"image wp-image-34487  attachment-medium size-medium\" alt><\/a><\/div>\n<div id=\"media_image-17\" class=\"container-wrapper widget widget_media_image\"><a href=\"https:\/\/www.facebook.com\/share\/p\/1DGAD1tLWN\/?mibextid=wwXIfr\" target=\"_blank\"><source sizes=\"(max-width: 500px) 100vw, 500px\" type=\"image\/webp\" data-srcset=\"https:\/\/infotulcea.ro\/wp-content\/uploads\/2026\/01\/IMG_1563-500x500.jpeg.webp 500w, https:\/\/infotulcea.ro\/wp-content\/uploads\/2026\/01\/IMG_1563-1024x1024.jpeg.webp 1024w, https:\/\/infotulcea.ro\/wp-content\/uploads\/2026\/01\/IMG_1563-250x250.jpeg.webp 250w, https:\/\/infotulcea.ro\/wp-content\/uploads\/2026\/01\/IMG_1563-768x768.jpeg.webp 768w, https:\/\/infotulcea.ro\/wp-content\/uploads\/2026\/01\/IMG_1563.jpeg.webp 1080w\" \/><img loading=\"lazy\" decoding=\"async\" width=\"500\" height=\"500\" src=\"https:\/\/infotulcea.ro\/wp-content\/uploads\/2026\/01\/IMG_1563-500x500.jpeg\" class=\"image wp-image-37932  attachment-medium size-medium\" alt title=\"Centrale pe lemne\"><\/a><\/div>\n<div id=\"media_image-18\" class=\"container-wrapper widget widget_media_image\"><a href=\"https:\/\/www.licitatia.ro\/site\/index-guest\"><img loading=\"lazy\" decoding=\"async\" width=\"500\" height=\"262\" src=\"https:\/\/infotulcea.ro\/wp-content\/uploads\/2025\/09\/licitatia-500x262.png\" class=\"image wp-image-36670  attachment-medium size-medium lazyload\" alt><img loading=\"lazy\" decoding=\"async\" width=\"500\" height=\"262\" src=\"https:\/\/infotulcea.ro\/wp-content\/uploads\/2025\/09\/licitatia-500x262.png\" class=\"image wp-image-36670  attachment-medium size-medium\" alt><\/a><\/div>\n<div id=\"media_image-27\" class=\"container-wrapper widget widget_media_image\"><a href=\"https:\/\/www.centrale-lemne-liepsnele.ro\/\"><img loading=\"lazy\" decoding=\"async\" width=\"500\" height=\"500\" src=\"https:\/\/infotulcea.ro\/wp-content\/uploads\/2025\/09\/Centrale-pe-Lemne-Liepsnele-500x500.png\" class=\"image wp-image-36541  attachment-medium size-medium lazyload\" alt=\"Centrala pe lemne\"><img loading=\"lazy\" decoding=\"async\" width=\"500\" height=\"500\" src=\"https:\/\/infotulcea.ro\/wp-content\/uploads\/2025\/09\/Centrale-pe-Lemne-Liepsnele-500x500.png\" class=\"image wp-image-36541  attachment-medium size-medium\" alt=\"Centrala pe lemne\"><\/a><\/div>\n<div id=\"media_image-28\" class=\"container-wrapper widget widget_media_image\"><a href=\"https:\/\/infotulcea.ro\/angajeaza-te-ro-platforma-ta-online-de-angajari-si-forta-de-munca\/\"><source sizes=\"(max-width: 500px) 100vw, 500px\" type=\"image\/webp\" data-srcset=\"https:\/\/infotulcea.ro\/wp-content\/uploads\/2025\/04\/banner-angajazate-1-500x305.jpg.webp 500w, https:\/\/infotulcea.ro\/wp-content\/uploads\/2025\/04\/banner-angajazate-1-1024x625.jpg.webp 1024w, https:\/\/infotulcea.ro\/wp-content\/uploads\/2025\/04\/banner-angajazate-1-768x469.jpg.webp 768w, https:\/\/infotulcea.ro\/wp-content\/uploads\/2025\/04\/banner-angajazate-1.jpg.webp 1080w\" \/><img loading=\"lazy\" decoding=\"async\" width=\"500\" height=\"305\" src=\"https:\/\/infotulcea.ro\/wp-content\/uploads\/2025\/04\/banner-angajazate-1-500x305.jpg\" class=\"image wp-image-34317  attachment-medium size-medium\" alt><\/a><\/div>\n<\/div>\n<\/aside>\n<\/div>\n<\/div>\n<div class=\"entry-content entry clearfix\">\n<p><strong>Poli\u021bi\u0219tii din cadrul Biroului Siguran\u021b\u0103 \u0218colar\u0103 \u0219i cei ai Compartimentului de Analiz\u0103 \u0219i Prevenire a Criminalit\u0103\u021bii desf\u0103\u0219oar\u0103, \u00een aceast\u0103 perioad\u0103, activit\u0103\u021bi de informare \u0219i prevenire \u00een cadrul campaniei na\u021bionale \u201eSelfie-ul pe tren nu ia like-uri, ia vie\u021bi!\u201d, destinat\u0103 prevenirii accidentelor produse prin electrocutare \u00een domeniul transporturilor feroviare.<\/strong><\/p>\n<p>Ieri, 13 august 2026, \u00eencep\u00e2nd cu ora 15:30, poli\u021bi\u0219tii au desf\u0103\u0219urat o activitate de informare \u00een zona g\u0103rii, unde au discutat cu c\u0103l\u0103torii \u0219i le-au transmis recomand\u0103ri privind riscurile la care se expun persoanele care urc\u0103 pe<source sizes=\"(max-width: 197px) 100vw, 197px\" type=\"image\/webp\" data-srcset=\"https:\/\/infotulcea.ro\/wp-content\/uploads\/2026\/08\/ipj-1-231x500.jpeg.webp 231w, https:\/\/infotulcea.ro\/wp-content\/uploads\/2026\/08\/ipj-1-473x1024.jpeg.webp 473w, https:\/\/infotulcea.ro\/wp-content\/uploads\/2026\/08\/ipj-1-768x1663.jpeg.webp 768w, https:\/\/infotulcea.ro\/wp-content\/uploads\/2026\/08\/ipj-1-709x1536.jpeg.webp 709w, https:\/\/infotulcea.ro\/wp-content\/uploads\/2026\/08\/ipj-1.jpeg.webp 942w\" \/><\/p>\n<p><img loading=\"lazy\" decoding=\"async\" class=\" wp-image-40386 alignright\" src=\"https:\/\/infotulcea.ro\/wp-content\/uploads\/2026\/08\/ipj-1-231x500.jpeg\" alt width=\"197\" height=\"426\"> vagoanele trenurilor pentru realizarea de fotografii sau film\u0103ri.<\/p>\n<p>\u00cen cadrul activit\u0103\u021bii, au fost distribuite pliante cu mesaje preventive \u0219i informa\u021bii despre pericolele electrocut\u0103rii \u00een apropierea liniilor de cale ferat\u0103.<\/p>\n<p>Poli\u021bi\u0219tii atrag aten\u021bia c\u0103 o fotografie nu merit\u0103 s\u0103 \u00ee\u021bi pui via\u021ba \u00een pericol.<\/p>\n<p>Recomand\u0103ri pentru siguran\u021b\u0103:<\/p>\n<p>* Nu urca\u021bi pe vagoanele trenurilor, indiferent dac\u0103 acestea sunt sta\u021bionate sau \u00een mi\u0219care;<br \/>\n* Nu v\u0103 apropia\u021bi de instala\u021biile electrice feroviare \u0219i nu \u00eencerca\u021bi s\u0103 atinge\u021bi firele sau componentele acestora;<br \/>\n* Nu realiza\u021bi fotografii sau film\u0103ri pe acoperi\u0219ul trenurilor sau \u00een apropierea re\u021belelor de \u00eenalt\u0103 tensiune;<br \/>\n* Explica\u021bi copiilor \u0219i adolescen\u021bilor despre pericolele la care se expun \u00een astfel de situa\u021bii;<br \/>\n* Respecta\u021bi indicatoarele \u0219i semnalele de avertizare amplasate \u00een zona infrastructurii feroviare.<\/p>\n<p>Un selfie poate str\u00e2nge like-uri, dar o clip\u0103 de neaten\u021bie poate schimba o via\u021b\u0103 pentru totdeauna.<\/p>\n<p>Selfie-ul pe tren nu ia like-uri, ia vie\u021bi!<\/p>\n<\/div>\n<div class=\"articleBody\" data-key=\"articleBody\">Poli\u021bi\u0219tii din cadrul Biroului Siguran\u021b\u0103 \u0218colar\u0103 \u0219i cei ai Compartimentului de Analiz\u0103 \u0219i Prevenire a Criminalit\u0103\u021bii desf\u0103\u0219oar\u0103, \u00een aceast\u0103 perioad\u0103, activit\u0103\u021bi de informare \u0219i prevenire \u00een cadrul campaniei na\u021bionale \u201eSelfie-ul pe tren nu ia like-uri, ia vie\u021bi!\u201d, destinat\u0103 prevenirii accidentelor produse prin electrocutare \u00een domeniul transporturilor feroviare.<\/p>\n<p>Ieri, 13 august 2026, \u00eencep\u00e2nd cu ora 15:30, poli\u021bi\u0219tii au desf\u0103\u0219urat o activitate de informare \u00een zona g\u0103rii, unde au discutat cu c\u0103l\u0103torii \u0219i le-au transmis recomand\u0103ri privind riscurile la care se expun persoanele care urc\u0103 pe vagoanele trenurilor pentru realizarea de fotografii sau film\u0103ri.<\/p>\n<p>\u00cen cadrul activit\u0103\u021bii, au fost distribuite pliante cu mesaje preventive \u0219i informa\u021bii despre pericolele electrocut\u0103rii \u00een apropierea liniilor de cale ferat\u0103.<\/p>\n<p>Poli\u021bi\u0219tii atrag aten\u021bia c\u0103 o fotografie nu merit\u0103 s\u0103 \u00ee\u021bi pui via\u021ba \u00een pericol.<\/p>\n<p>Recomand\u0103ri pentru siguran\u021b\u0103:<\/p>\n<p>* Nu urca\u021bi pe vagoanele trenurilor, indiferent dac\u0103 acestea sunt sta\u021bionate sau \u00een mi\u0219care;<br \/>\n* Nu v\u0103 apropia\u021bi de instala\u021biile electrice feroviare \u0219i nu \u00eencerca\u021bi s\u0103 atinge\u021bi firele sau componentele acestora;<br \/>\n* Nu realiza\u021bi fotografii sau film\u0103ri pe acoperi\u0219ul trenurilor sau \u00een apropierea re\u021belelor de \u00eenalt\u0103 tensiune;<br \/>\n* Explica\u021bi copiilor \u0219i adolescen\u021bilor despre pericolele la care se expun \u00een astfel de situa\u021bii;<br \/>\n* Respecta\u021bi indicatoarele \u0219i semnalele de avertizare amplasate \u00een zona infrastructurii feroviare.<\/p>\n<p>Un selfie poate str\u00e2nge like-uri, dar o clip\u0103 de neaten\u021bie poate schimba o via\u021b\u0103 pentru totdeauna.<\/p>\n<p>Selfie-ul pe tren nu ia like-uri, ia vie\u021bi!<\/p><\/div>\n<p>[analyse_source url=&#8221;https:\/\/infotulcea.ro\/selfie-ul-pe-tren-nu-ia-like-uri-ia-vieti-politistii-deruleaza-actiuni-de-prevenire-a-accidentelor-prin-electrocutare\/&#8221;]<\/p>\n","protected":false},"excerpt":{"rendered":"<p>[analyse_image type=&#8221;featured&#8221; src=&#8221;https:\/\/infotulcea.ro\/wp-content\/uploads\/2026\/08\/ipj-1.jpeghttps:\/\/infotulcea.ro\/wp-content\/uploads\/2026\/08\/ipj-1.jpeg&#8221;] Home\/Comunicate\/\u201eSelfie-ul pe tren nu ia like-uri, ia vie\u021bi!\u201d \u2013 poli\u021bi\u0219tii deruleaz\u0103 ac\u021biuni de prevenire a accidentelor prin electrocutare Comunicate \u201eSelfie-ul pe tren nu ia like-uri, ia vie\u021bi!\u201d \u2013 poli\u021bi\u0219tii deruleaz\u0103 ac\u021biuni de prevenire a accidentelor prin electrocutare Redactia14 august 2026 0 275 1 minute read Poli\u021bi\u0219tii din cadrul Biroului Siguran\u021b\u0103 \u0218colar\u0103 \u0219i [&hellip;]<\/p>\n","protected":false},"author":1,"featured_media":0,"comment_status":"open","ping_status":"","sticky":false,"template":"","format":"standard","meta":{"footnotes":""},"categories":[89],"tags":[226,221],"class_list":["post-2097682","post","type-post","status-publish","format-standard","hentry","category-romania","tag-crawlmanager","tag-infotulcea-ro"],"_links":{"self":[{"href":"https:\/\/analyse.optim.biz\/index.php?rest_route=\/wp\/v2\/posts\/2097682","targetHints":{"allow":["GET"]}}],"collection":[{"href":"https:\/\/analyse.optim.biz\/index.php?rest_route=\/wp\/v2\/posts"}],"about":[{"href":"https:\/\/analyse.optim.biz\/index.php?rest_route=\/wp\/v2\/types\/post"}],"author":[{"embeddable":true,"href":"https:\/\/analyse.optim.biz\/index.php?rest_route=\/wp\/v2\/users\/1"}],"replies":[{"embeddable":true,"href":"https:\/\/analyse.optim.biz\/index.php?rest_route=%2Fwp%2Fv2%2Fcomments&post=2097682"}],"version-history":[{"count":0,"href":"https:\/\/analyse.optim.biz\/index.php?rest_route=\/wp\/v2\/posts\/2097682\/revisions"}],"wp:attachment":[{"href":"https:\/\/analyse.optim.biz\/index.php?rest_route=%2Fwp%2Fv2%2Fmedia&parent=2097682"}],"wp:term":[{"taxonomy":"category","embeddable":true,"href":"https:\/\/analyse.optim.biz\/index.php?rest_route=%2Fwp%2Fv2%2Fcategories&post=2097682"},{"taxonomy":"post_tag","embeddable":true,"href":"https:\/\/analyse.optim.biz\/index.php?rest_route=%2Fwp%2Fv2%2Ftags&post=2097682"}],"curies":[{"name":"wp","href":"https:\/\/api.w.org\/{rel}","templated":true}]}}