{"id":2097681,"date":"2026-08-17T14:50:57","date_gmt":"2026-08-17T11:50:57","guid":{"rendered":"https:\/\/analyse.optim.biz\/?p=2097681"},"modified":"2026-08-17T14:50:57","modified_gmt":"2026-08-17T11:50:57","slug":"grindeanu-despre-legea-ani-si-cazul-fritz-aproape-50-de-persoane-sunt-in-aceeasi-situatie","status":"publish","type":"post","link":"https:\/\/analyse.optim.biz\/?p=2097681","title":{"rendered":"Grindeanu, despre legea ANI \u0219i cazul Fritz: \u201eAproape 50 de persoane sunt \u00een aceea\u0219i situa\u021bie\u201d"},"content":{"rendered":"<p>[analyse_image type=&#8221;featured&#8221; src=&#8221;https:\/\/www.tion.ro\/wp-content\/uploads\/2026\/08\/+otf\/1200&#215;630\/6978093fritzgrindeanunicusordan.jpg&#8221;]<\/p>\n<article id=\"post-2335272\" class>\n<div class=\"entry-content clearfix\">\n<div class=\"enewsArticleContent\">\n<p>Curtea Constitu\u021bional\u0103 a decis luni c\u0103 o parte dintre prevederile Legii Integrit\u0103\u021bii sunt neconstitu\u021bionale, astfel c\u0103 actul normativ urmeaz\u0103 s\u0103 se \u00eentoarc\u0103 \u00een Parlament pentru a fi pus \u00een acord cu decizia CCR. \u00cen schimb, amendamentul referitor la \u00eencetarea mandatului \u00een cazul anumitor incompatibilit\u0103\u021bi a fost men\u021binut ca fiind constitu\u021bional.<\/p>\n<p>Sorin Grindeanu spune c\u0103 a\u0219teapt\u0103 revenirea legii \u00een Parlament \u0219i respinge ideea c\u0103 modificarea legislativ\u0103 ar fi fost conceput\u0103 special pentru primarul Timi\u0219oarei.<\/p>\n<blockquote>\n<p>\u201eAm v\u0103zut un comunicat al Agen\u021biei Na\u021bionale de Integritate, care spune c\u0103 sunt, cred c\u0103, aproape 50 de persoane aflate \u00een aceea\u0219i situa\u021bie. Deci chestiunea cu amendamentul Fritz sau Nefritz nu e corect\u0103 \u0219i asta o spune oficial Agen\u021bia Na\u021bional\u0103 de Integritate, nu PSD\u201d, a declarat liderul social-democrat conform Mediafax.<\/p>\n<\/blockquote>\n<p>\u00centrebat despre reac\u021bia lui Dominic Fritz, care a criticat dur PSD dup\u0103 decizia CCR, Grindeanu a evitat s\u0103 intre \u00eentr-un schimb de replici cu primarul Timi\u0219oarei.<\/p>\n<blockquote>\n<p>\u201eDespre domnul Fritz, numai de bine. \u00cen acest caz, cel de ast\u0103zi, este o problem\u0103 \u00eentre d\u00e2nsul \u0219i justi\u021bie \u0219i n-am de g\u00e2nd s\u0103-i r\u0103spund deloc. Spun doar at\u00e2t: f\u0103r\u0103 condamna\u021bi \u00een func\u021bii publice. At\u00e2t\u201d, a declarat Sorin Grindeanu.<\/p>\n<\/blockquote>\n<p>Declara\u021biile vin dup\u0103 ce Dominic Fritz a acuzat PSD c\u0103 folose\u0219te modificarea legisla\u021biei drept o arm\u0103 politic\u0103 \u00eempotriva sa \u0219i a sus\u021binut c\u0103 decizia CCR creeaz\u0103 un precedent periculos.<\/p>\n<p>Primarul Timi\u0219oarei a afirmat c\u0103, \u00een cazul promulg\u0103rii legii \u00een forma actual\u0103, mandatul s\u0103u ar urma s\u0103 \u00eenceteze \u00een termen de 30 de zile. Fritz a anun\u021bat, totodat\u0103, c\u0103 \u00ee\u0219i va continua demersurile juridice la Curtea European\u0103 a Drepturilor Omului.<\/p>\n<p>\u00cen centrul disputei se afl\u0103 un caz de conflict de interese constatat \u00een cazul lui Dominic Fritz, legat de semnarea, \u00een 2020, a unui document referitor la un PUZ. Edilul sus\u021bine c\u0103 documentul fusese deja semnat de fostul primar \u0219i c\u0103 PUZ-ul fusese elaborat \u00eenainte de preluarea mandatului s\u0103u.<\/p>\n<p>Miza modific\u0103rii legisla\u021biei este \u00eens\u0103 mai larg\u0103. Reforma ANI reprezint\u0103 un jalon asociat unor fonduri europene \u00een valoare de aproximativ 770 de milioane de euro, iar Rom\u00e2nia trebuie s\u0103 finalizeze demersurile legislative p\u00e2n\u0103 la sf\u00e2r\u0219itul lunii august pentru a evita riscul pierderii banilor.<\/p>\n<p>Dup\u0103 decizia CCR, Legea Integrit\u0103\u021bii revine \u00een Parlament, unde legislativul trebuie s\u0103 modifice prevederile declarate neconstitu\u021bionale \u0219i s\u0103 adopte forma final\u0103 a actului normativ.<\/p>\n<p>Pe aceea\u0219i tem\u0103:<\/p>\n<p><a href=\"https:\/\/www.tion.ro\/stirile-judetului-timis\/ccr-a-declarat-constitutional-amendamentul-fritz-din-legea-integritatii-reactia-primarului-drumul-meu-continua-la-cedo-2335137\/\">CCR a declarat constitu\u021bional amendamentul Fritz din legea integrit\u0103\u021bii. Reac\u021bia primarului: \u201eDrumul meu continu\u0103 la CEDO\u201d \u2013 Tion<\/a><\/p>\n<div class=\"fbShareLikeTwitterAndEmailContainer\">\n<div class=\"wrapper\">\n<div class=\"email\">\n<div id=\"mailto-pop\" class=\"pop-form pop-form-mailto\">\n<div class=\"pop-form-header\">\n<h4>Trimite articolul<\/h4>\n<p><a class=\"pop-form-close\">X<\/a><\/div>\n<\/div>\n<\/div>\n<\/div>\n<\/div>\n<div class=\"tagsContainer\">\n<div class=\"tagsLabel\">Taguri:<\/div>\n<div class=\"tags\">\n<div class=\"tag\"><a href=\"https:\/\/www.tion.ro\/cimke\/dominic-fritz\" rel=\"tag\"><span class=\"link\">dominic fritz<\/span><span class=\"separator\">,<\/span><\/a><\/div>\n<div class=\"tag\"><a href=\"https:\/\/www.tion.ro\/cimke\/legea-ani\" rel=\"tag\"><span class=\"link\">legea ani<\/span><span class=\"separator\">,<\/span><\/a><\/div>\n<div class=\"tag\"><a href=\"https:\/\/www.tion.ro\/cimke\/sorin-grindeanu\" rel=\"tag\"><span class=\"link\">Sorin Grindeanu<\/span><\/a><\/div>\n<\/div>\n<\/div>\n<div class=\"comments\">\n<div class=\"top\">\n<div class=\"commentsNumber\"><span class=\"number\">0<\/span><span class=\"text\">Comentarii<\/span><\/div>\n<\/div>\n<div class=\"center\">\n<div id=\"respond\" class=\"comment-respond\">\n<h3 id=\"reply-title\" class=\"comment-reply-title\"><small><a rel=\"nofollow\" id=\"cancel-comment-reply-link\" href=\"https:\/\/www.tion.ro\/romania\/grindeanu-despre-legea-ani-si-cazul-fritz-aproape-50-de-persoane-sunt-in-aceeasi-situatie-2335272\/#respond\">Cancel reply<\/a><\/small><\/h3>\n<p class=\"comment-notes\"><span id=\"email-notes\">Your email address will not be published.<\/span><span class=\"required-field-message\">Required fields are marked <span class=\"required\">*<\/span><\/span><\/p>\n<p class=\"commentFormComment\"><span id=\"commentFormCount\"><br \/>\n                            inca<br \/>\n                            <span id=\"countCommentText\">1000<\/span><br \/>\n                            caractere ramase<br \/>\n                        <\/span><\/p>\n<\/div>\n<\/div>\n<div class=\"bottom\">\n<p class=\"forumDisclaimerHuRo\">\n            Citi\u021bi principiile noastre de moderare <a href=\"https:\/\/www.tion.ro\/reguli-postare-comentarii\/\" target=\"_blank\">aici<\/a>!\n        <\/p>\n<\/div>\n<\/div>\n<\/div>\n<\/div>\n<\/article>\n<div class=\"entry-content clearfix\">\n<div class=\"enewsArticleContent\">\n<p>Curtea Constitu\u021bional\u0103 a decis luni c\u0103 o parte dintre prevederile Legii Integrit\u0103\u021bii sunt neconstitu\u021bionale, astfel c\u0103 actul normativ urmeaz\u0103 s\u0103 se \u00eentoarc\u0103 \u00een Parlament pentru a fi pus \u00een acord cu decizia CCR. \u00cen schimb, amendamentul referitor la \u00eencetarea mandatului \u00een cazul anumitor incompatibilit\u0103\u021bi a fost men\u021binut ca fiind constitu\u021bional.<\/p>\n<p>Sorin Grindeanu spune c\u0103 a\u0219teapt\u0103 revenirea legii \u00een Parlament \u0219i respinge ideea c\u0103 modificarea legislativ\u0103 ar fi fost conceput\u0103 special pentru primarul Timi\u0219oarei.<\/p>\n<blockquote>\n<p>\u201eAm v\u0103zut un comunicat al Agen\u021biei Na\u021bionale de Integritate, care spune c\u0103 sunt, cred c\u0103, aproape 50 de persoane aflate \u00een aceea\u0219i situa\u021bie. Deci chestiunea cu amendamentul Fritz sau Nefritz nu e corect\u0103 \u0219i asta o spune oficial Agen\u021bia Na\u021bional\u0103 de Integritate, nu PSD\u201d, a declarat liderul social-democrat conform Mediafax.<\/p>\n<\/blockquote>\n<p>\u00centrebat despre reac\u021bia lui Dominic Fritz, care a criticat dur PSD dup\u0103 decizia CCR, Grindeanu a evitat s\u0103 intre \u00eentr-un schimb de replici cu primarul Timi\u0219oarei.<\/p>\n<blockquote>\n<p>\u201eDespre domnul Fritz, numai de bine. \u00cen acest caz, cel de ast\u0103zi, este o problem\u0103 \u00eentre d\u00e2nsul \u0219i justi\u021bie \u0219i n-am de g\u00e2nd s\u0103-i r\u0103spund deloc. Spun doar at\u00e2t: f\u0103r\u0103 condamna\u021bi \u00een func\u021bii publice. At\u00e2t\u201d, a declarat Sorin Grindeanu.<\/p>\n<\/blockquote>\n<p>Declara\u021biile vin dup\u0103 ce Dominic Fritz a acuzat PSD c\u0103 folose\u0219te modificarea legisla\u021biei drept o arm\u0103 politic\u0103 \u00eempotriva sa \u0219i a sus\u021binut c\u0103 decizia CCR creeaz\u0103 un precedent periculos.<\/p>\n<p>Primarul Timi\u0219oarei a afirmat c\u0103, \u00een cazul promulg\u0103rii legii \u00een forma actual\u0103, mandatul s\u0103u ar urma s\u0103 \u00eenceteze \u00een termen de 30 de zile. Fritz a anun\u021bat, totodat\u0103, c\u0103 \u00ee\u0219i va continua demersurile juridice la Curtea European\u0103 a Drepturilor Omului.<\/p>\n<p>\u00cen centrul disputei se afl\u0103 un caz de conflict de interese constatat \u00een cazul lui Dominic Fritz, legat de semnarea, \u00een 2020, a unui document referitor la un PUZ. Edilul sus\u021bine c\u0103 documentul fusese deja semnat de fostul primar \u0219i c\u0103 PUZ-ul fusese elaborat \u00eenainte de preluarea mandatului s\u0103u.<\/p>\n<p>Miza modific\u0103rii legisla\u021biei este \u00eens\u0103 mai larg\u0103. Reforma ANI reprezint\u0103 un jalon asociat unor fonduri europene \u00een valoare de aproximativ 770 de milioane de euro, iar Rom\u00e2nia trebuie s\u0103 finalizeze demersurile legislative p\u00e2n\u0103 la sf\u00e2r\u0219itul lunii august pentru a evita riscul pierderii banilor.<\/p>\n<p>Dup\u0103 decizia CCR, Legea Integrit\u0103\u021bii revine \u00een Parlament, unde legislativul trebuie s\u0103 modifice prevederile declarate neconstitu\u021bionale \u0219i s\u0103 adopte forma final\u0103 a actului normativ.<\/p>\n<p>Pe aceea\u0219i tem\u0103:<\/p>\n<p><a href=\"https:\/\/www.tion.ro\/stirile-judetului-timis\/ccr-a-declarat-constitutional-amendamentul-fritz-din-legea-integritatii-reactia-primarului-drumul-meu-continua-la-cedo-2335137\/\">CCR a declarat constitu\u021bional amendamentul Fritz din legea integrit\u0103\u021bii. Reac\u021bia primarului: \u201eDrumul meu continu\u0103 la CEDO\u201d \u2013 Tion<\/a><\/p>\n<div class=\"fbShareLikeTwitterAndEmailContainer\">\n<div class=\"wrapper\">\n<div class=\"email\">\n<div id=\"mailto-pop\" class=\"pop-form pop-form-mailto\">\n<div class=\"pop-form-header\">\n<h4>Trimite articolul<\/h4>\n<p><a class=\"pop-form-close\">X<\/a><\/div>\n<\/div>\n<\/div>\n<\/div>\n<\/div>\n<div class=\"tagsContainer\">\n<div class=\"tagsLabel\">Taguri:<\/div>\n<div class=\"tags\">\n<div class=\"tag\"><a href=\"https:\/\/www.tion.ro\/cimke\/dominic-fritz\" rel=\"tag\"><span class=\"link\">dominic fritz<\/span><span class=\"separator\">,<\/span><\/a><\/div>\n<div class=\"tag\"><a href=\"https:\/\/www.tion.ro\/cimke\/legea-ani\" rel=\"tag\"><span class=\"link\">legea ani<\/span><span class=\"separator\">,<\/span><\/a><\/div>\n<div class=\"tag\"><a href=\"https:\/\/www.tion.ro\/cimke\/sorin-grindeanu\" rel=\"tag\"><span class=\"link\">Sorin Grindeanu<\/span><\/a><\/div>\n<\/div>\n<\/div>\n<div class=\"comments\">\n<div class=\"top\">\n<div class=\"commentsNumber\"><span class=\"number\">0<\/span><span class=\"text\">Comentarii<\/span><\/div>\n<\/div>\n<div class=\"center\">\n<div id=\"respond\" class=\"comment-respond\">\n<h3 id=\"reply-title\" class=\"comment-reply-title\"><small><a rel=\"nofollow\" id=\"cancel-comment-reply-link\" href=\"https:\/\/www.tion.ro\/romania\/grindeanu-despre-legea-ani-si-cazul-fritz-aproape-50-de-persoane-sunt-in-aceeasi-situatie-2335272\/#respond\">Cancel reply<\/a><\/small><\/h3>\n<p class=\"comment-notes\"><span id=\"email-notes\">Your email address will not be published.<\/span><span class=\"required-field-message\">Required fields are marked <span class=\"required\">*<\/span><\/span><\/p>\n<p class=\"commentFormComment\"><span id=\"commentFormCount\"><br \/>\n                            inca<br \/>\n                            <span id=\"countCommentText\">1000<\/span><br \/>\n                            caractere ramase<br \/>\n                        <\/span><\/p>\n<\/div>\n<\/div>\n<div class=\"bottom\">\n<p class=\"forumDisclaimerHuRo\">\n            Citi\u021bi principiile noastre de moderare <a href=\"https:\/\/www.tion.ro\/reguli-postare-comentarii\/\" target=\"_blank\">aici<\/a>!\n        <\/p>\n<\/div>\n<\/div>\n<\/div>\n<\/div>\n<p>[analyse_source url=&#8221;https:\/\/www.tion.ro\/romania\/grindeanu-despre-legea-ani-si-cazul-fritz-aproape-50-de-persoane-sunt-in-aceeasi-situatie-2335272\/&#8221;]<\/p>\n","protected":false},"excerpt":{"rendered":"<p>[analyse_image type=&#8221;featured&#8221; src=&#8221;https:\/\/www.tion.ro\/wp-content\/uploads\/2026\/08\/+otf\/1200&#215;630\/6978093fritzgrindeanunicusordan.jpg&#8221;] Curtea Constitu\u021bional\u0103 a decis luni c\u0103 o parte dintre prevederile Legii Integrit\u0103\u021bii sunt neconstitu\u021bionale, astfel c\u0103 actul normativ urmeaz\u0103 s\u0103 se \u00eentoarc\u0103 \u00een Parlament pentru a fi pus \u00een acord cu decizia CCR. \u00cen schimb, amendamentul referitor la \u00eencetarea mandatului \u00een cazul anumitor incompatibilit\u0103\u021bi a fost men\u021binut ca fiind constitu\u021bional. Sorin Grindeanu [&hellip;]<\/p>\n","protected":false},"author":1,"featured_media":0,"comment_status":"open","ping_status":"","sticky":false,"template":"","format":"standard","meta":{"footnotes":""},"categories":[89],"tags":[226,191],"class_list":["post-2097681","post","type-post","status-publish","format-standard","hentry","category-romania","tag-crawlmanager","tag-tion-ro"],"_links":{"self":[{"href":"https:\/\/analyse.optim.biz\/index.php?rest_route=\/wp\/v2\/posts\/2097681","targetHints":{"allow":["GET"]}}],"collection":[{"href":"https:\/\/analyse.optim.biz\/index.php?rest_route=\/wp\/v2\/posts"}],"about":[{"href":"https:\/\/analyse.optim.biz\/index.php?rest_route=\/wp\/v2\/types\/post"}],"author":[{"embeddable":true,"href":"https:\/\/analyse.optim.biz\/index.php?rest_route=\/wp\/v2\/users\/1"}],"replies":[{"embeddable":true,"href":"https:\/\/analyse.optim.biz\/index.php?rest_route=%2Fwp%2Fv2%2Fcomments&post=2097681"}],"version-history":[{"count":0,"href":"https:\/\/analyse.optim.biz\/index.php?rest_route=\/wp\/v2\/posts\/2097681\/revisions"}],"wp:attachment":[{"href":"https:\/\/analyse.optim.biz\/index.php?rest_route=%2Fwp%2Fv2%2Fmedia&parent=2097681"}],"wp:term":[{"taxonomy":"category","embeddable":true,"href":"https:\/\/analyse.optim.biz\/index.php?rest_route=%2Fwp%2Fv2%2Fcategories&post=2097681"},{"taxonomy":"post_tag","embeddable":true,"href":"https:\/\/analyse.optim.biz\/index.php?rest_route=%2Fwp%2Fv2%2Ftags&post=2097681"}],"curies":[{"name":"wp","href":"https:\/\/api.w.org\/{rel}","templated":true}]}}