{"id":2097679,"date":"2026-08-14T10:08:11","date_gmt":"2026-08-14T07:08:11","guid":{"rendered":"https:\/\/analyse.optim.biz\/?p=2097679"},"modified":"2026-08-14T10:08:11","modified_gmt":"2026-08-14T07:08:11","slug":"jandarmii-tulceni-alaturi-de-participanti-la-manifestarile-publice-din-perioada-14-16-august","status":"publish","type":"post","link":"https:\/\/analyse.optim.biz\/?p=2097679","title":{"rendered":"Jandarmii tulceni, al\u0103turi de participan\u021bi la manifest\u0103rile publice din perioada 14\u201316 august"},"content":{"rendered":"<p>[analyse_image type=&#8221;featured&#8221; src=&#8221;https:\/\/infotulcea.ro\/wp-content\/uploads\/2026\/08\/jandarmii.pnghttps:\/\/infotulcea.ro\/wp-content\/uploads\/2026\/08\/jandarmii.png&#8221;]<\/p>\n<div id=\"content\" class=\"site-content container\">\n<div id=\"main-content-row\" class=\"tie-row main-content-row\">\n<div class=\"main-content tie-col-md-8 tie-col-xs-12\" role=\"main\">\n<article id=\"the-post\" class=\"container-wrapper post-content tie-standard\">\n<header class=\"entry-header-outer\">\n<nav id=\"breadcrumb\"><a href=\"https:\/\/infotulcea.ro\/\"> Home<\/a><em class=\"delimiter\">\/<\/em><a href=\"https:\/\/infotulcea.ro\/categorie\/comunicate\/\">Comunicate<\/a><em class=\"delimiter\">\/<\/em><span class=\"current\">Jandarmii tulceni, al\u0103turi de participan\u021bi la manifest\u0103rile publice din perioada 14\u201316 august<\/span><\/nav>\n<div class=\"entry-header\"><span class=\"post-cat-wrap\"><a class=\"post-cat tie-cat-35\" href=\"https:\/\/infotulcea.ro\/categorie\/comunicate\/\">Comunicate<\/a><\/span><\/p>\n<h1 class=\"post-title entry-title\">\n\t\t\tJandarmii tulceni, al\u0103turi de participan\u021bi la manifest\u0103rile publice din perioada 14\u201316 august\t\t<\/h1>\n<div class=\"single-post-meta post-meta clearfix\"><span class=\"author-meta single-author no-avatars\"><span class=\"meta-item meta-author-wrapper meta-author-9\"><span class=\"meta-author\"><a href=\"https:\/\/infotulcea.ro\/author\/redactia-2\/\" class=\"author-name tie-icon\" title=\"Redactia\">Redactia<\/a><\/span><\/span><\/span><span class=\"date meta-item tie-icon\">14 august 2026<\/span><\/p>\n<div class=\"tie-alignright\"><span class=\"meta-comment tie-icon meta-item fa-before\">0<\/span><span class=\"meta-views meta-item \"> 283 <\/span><span class=\"meta-reading-time meta-item\"> 2 minutes read<\/span><\/div>\n<\/div>\n<\/div>\n<\/header>\n<div class=\"entry-content entry clearfix\">\n<p><strong>\u00cen perioada 14\u201316 august, pe raza jude\u021bului Tulcea, sunt programate mai multe manifest\u0103ri cultural-artistice \u0219i evenimente publice, care vor reuni un num\u0103r important de participan\u021bi.<\/strong><\/p>\n<p>Jandarmii din cadrul Inspectoratului de Jandarmi Jude\u021bean Tulcea, \u00eempreun\u0103 cu celelalte structuri cu atribu\u021bii \u00een domeniul ordinii \u0219i siguran\u021bei publice, vor fi prezen\u021bi \u00een zonele de desf\u0103\u0219urare a evenimentelor pentru prevenirea \u0219i descurajarea faptelor antisociale, men\u021binerea unui climat de ordine \u0219i siguran\u021b\u0103 \u0219i protejarea participan\u021bilor.<img loading=\"lazy\" decoding=\"async\" class=\"wp-image-40383 alignright lazyload\" src=\"https:\/\/infotulcea.ro\/wp-content\/uploads\/2026\/08\/jandarmii-500x333.png\" alt width=\"482\" height=\"321\"><\/p>\n<p><img loading=\"lazy\" decoding=\"async\" class=\" wp-image-40383 alignright\" src=\"https:\/\/infotulcea.ro\/wp-content\/uploads\/2026\/08\/jandarmii-500x333.png\" alt width=\"482\" height=\"321\"><\/p>\n<p>\u00cen acest weekend vor fi organizate urm\u0103toarele evenimente:<\/p>\n<p>* 14\u201316 august \u2013 Zilele Ora\u0219ului Sulina<br \/>\n* 14\u201316 august \u2013 Zilele Municipiului Tulcea \u2013 Tulcea Fest, eveniment desf\u0103\u0219urat pe Faleza \u201eIvan Patzaichin\u201d;<br \/>\n* 14 august \u2013 Tulcea \u00een zi de s\u0103rb\u0103toare, manifestare cultural-artistic\u0103 desf\u0103\u0219urat\u0103 \u00een Pia\u021ba Civic\u0103 din municipiul Tulcea;<br \/>\n* 15 august \u2013 White Forest Party, \u00een localitatea I.C. Br\u0103tianu;<br \/>\n* 15 august \u2013 Ziua Marinei Rom\u00e2ne, eveniment s\u0103rb\u0103torit pe Faleza \u201eIvan Patzaichin\u201d din municipiul Tulcea.<\/p>\n<p>Prezen\u021ba jandarmilor la aceste evenimente are, \u00een primul r\u00e2nd, un rol preventiv. Ace\u0219tia vor ac\u021biona pentru prevenirea situa\u021biilor care pot afecta desf\u0103\u0219urarea \u00een condi\u021bii normale a manifest\u0103rilor \u0219i vor interveni atunci c\u00e2nd este necesar pentru asigurarea ordinii publice.<\/p>\n<p>Jandarmii vor acorda aten\u021bie zonelor aglomerate, vor sprijini participan\u021bii care solicit\u0103 ajutor \u0219i vor ac\u021biona pentru prevenirea unor fapte precum conflictele, tulburarea ordinii publice, comportamentele agresive sau alte \u00eenc\u0103lc\u0103ri ale normelor legale.<\/p>\n<p>Siguran\u021ba unui eveniment este responsabilitatea tuturor, iar respectarea regulilor \u0219i colaborarea cu for\u021bele de ordine contribuie direct la buna desf\u0103\u0219urare a manifest\u0103rilor.<\/p>\n<p>Pentru a v\u0103 bucura \u00een siguran\u021b\u0103 de evenimentele din acest weekend, jandarmii v\u0103 recomand\u0103:<\/p>\n<p>* s\u0103 respecta\u021bi indica\u021biile for\u021belor de ordine \u0219i ale organizatorilor;<br \/>\n* s\u0103 evita\u021bi conflictele \u0219i s\u0103 nu r\u0103spunde\u021bi provoc\u0103rilor;<br \/>\n* s\u0103 acorda\u021bi o aten\u021bie sporit\u0103 copiilor, \u00een special \u00een zonele aglomerate;<br \/>\n* s\u0103 ave\u021bi grij\u0103 de bunurile personale \u0219i s\u0103 evita\u021bi p\u0103strarea obiectelor de valoare \u00een buzunare sau bagaje u\u0219or accesibile;<br \/>\n* s\u0103 respecta\u021bi zonele delimitate \u0219i regulile stabilite de organizatori;<br \/>\n* s\u0103 nu p\u0103trunde\u021bi \u00een spa\u021bii \u00eenchise sau restric\u021bionate publicului;<br \/>\n* s\u0103 evita\u021bi consumul excesiv de alcool \u0219i comportamentele care pot pune \u00een pericol siguran\u021ba dumneavoastr\u0103 sau a celor din jur;<br \/>\n* \u00een cazul \u00een care observa\u021bi o situa\u021bie care poate afecta siguran\u021ba participan\u021bilor, s\u0103 solicita\u021bi sprijinul celui mai apropiat jandarm.<\/p>\n<p>De asemenea, p\u0103rin\u021bii sunt sf\u0103tui\u021bi s\u0103 stabileasc\u0103 \u00eempreun\u0103 cu cei mici un punct de \u00eent\u00e2lnire, \u00een cazul \u00een care ace\u0219tia se r\u0103t\u0103cesc \u00een mul\u021bime.<\/p>\n<p>\u00cen situa\u021bii de urgen\u021b\u0103, apela\u021bi num\u0103rul 112.<\/p>\n<p>Jandarmii tulceni vor fi prezen\u021bi \u00een mijlocul comunit\u0103\u021bii pe durata manifest\u0103rilor, pentru ca fiecare participant s\u0103 se poat\u0103 bucura de evenimente \u00eentr-un climat de ordine, siguran\u021b\u0103 \u0219i respect reciproc.<\/p>\n<p>Respect\u0103m regulile, ne bucur\u0103m de evenimente \u0219i avem grij\u0103 unii de ceilal\u021bi!<\/p>\n<\/div>\n<div id=\"post-extra-info\">\n<div class=\"theiaStickySidebar\">\n<div class=\"single-post-meta post-meta clearfix\"><span class=\"author-meta single-author no-avatars\"><span class=\"meta-item meta-author-wrapper meta-author-9\"><span class=\"meta-author\"><a href=\"https:\/\/infotulcea.ro\/author\/redactia-2\/\" class=\"author-name tie-icon\" title=\"Redactia\">Redactia<\/a><\/span><\/span><\/span><span class=\"date meta-item tie-icon\">14 august 2026<\/span><\/p>\n<div class=\"tie-alignright\"><span class=\"meta-comment tie-icon meta-item fa-before\">0<\/span><span class=\"meta-views meta-item \"> 283 <\/span><span class=\"meta-reading-time meta-item\"> 2 minutes read<\/span><\/div>\n<\/div>\n<\/div>\n<\/div>\n<div id=\"share-buttons-bottom\" class=\"share-buttons share-buttons-bottom\">\n<div class=\"share-links  icons-only\">\n<div class=\"share-title\"><span> Share<\/span><\/div>\n<p><a href=\"https:\/\/www.facebook.com\/sharer.php?u=https:\/\/infotulcea.ro\/jandarmii-tulceni-alaturi-de-participanti-la-manifestarile-publice-din-perioada-14-16-august\/\" rel=\"external noopener nofollow\" title=\"Facebook\" target=\"_blank\" class=\"facebook-share-btn \" data-raw=\"https:\/\/www.facebook.com\/sharer.php?u={post_link}\"><span class=\"screen-reader-text\">Facebook<\/span><\/a><a href=\"https:\/\/twitter.com\/intent\/tweet?text=Jandarmii%20tulceni%2C%20al%C4%83turi%20de%20participan%C8%9Bi%20la%20manifest%C4%83rile%20publice%20din%20perioada%2014%E2%80%9316%20august&amp;url=https:\/\/infotulcea.ro\/jandarmii-tulceni-alaturi-de-participanti-la-manifestarile-publice-din-perioada-14-16-august\/\" rel=\"external noopener nofollow\" title=\"X\" target=\"_blank\" class=\"twitter-share-btn \" data-raw=\"https:\/\/twitter.com\/intent\/tweet?text={post_title}&amp;url={post_link}\"><span class=\"screen-reader-text\">X<\/span><\/a><a href=\"https:\/\/api.whatsapp.com\/send?text=Jandarmii%20tulceni%2C%20al%C4%83turi%20de%20participan%C8%9Bi%20la%20manifest%C4%83rile%20publice%20din%20perioada%2014%E2%80%9316%20august%20https:\/\/infotulcea.ro\/jandarmii-tulceni-alaturi-de-participanti-la-manifestarile-publice-din-perioada-14-16-august\/\" rel=\"external noopener nofollow\" title=\"WhatsApp\" target=\"_blank\" class=\"whatsapp-share-btn \" data-raw=\"https:\/\/api.whatsapp.com\/send?text={post_title}%20{post_link}\"><span class=\"screen-reader-text\">WhatsApp<\/span><\/a><a href=\"https:\/\/telegram.me\/share\/url?url=https:\/\/infotulcea.ro\/jandarmii-tulceni-alaturi-de-participanti-la-manifestarile-publice-din-perioada-14-16-august\/&amp;text=Jandarmii%20tulceni%2C%20al%C4%83turi%20de%20participan%C8%9Bi%20la%20manifest%C4%83rile%20publice%20din%20perioada%2014%E2%80%9316%20august\" rel=\"external noopener nofollow\" title=\"Telegram\" target=\"_blank\" class=\"telegram-share-btn \" data-raw=\"https:\/\/telegram.me\/share\/url?url={post_link}&amp;text={post_title}\"><span class=\"screen-reader-text\">Telegram<\/span><\/a><a href=\"mailto:?subject=Jandarmii%20tulceni%2C%20al%C4%83turi%20de%20participan%C8%9Bi%20la%20manifest%C4%83rile%20publice%20din%20perioada%2014%E2%80%9316%20august&amp;body=https:\/\/infotulcea.ro\/jandarmii-tulceni-alaturi-de-participanti-la-manifestarile-publice-din-perioada-14-16-august\/\" rel=\"external noopener nofollow\" title=\"Share via Email\" target=\"_blank\" class=\"email-share-btn \" data-raw=\"mailto:?subject={post_title}&amp;body={post_link}\"><span class=\"screen-reader-text\">Share via Email<\/span><\/a><a href=\"https:\/\/infotulcea.ro\/jandarmii-tulceni-alaturi-de-participanti-la-manifestarile-publice-din-perioada-14-16-august\/\" rel=\"external noopener nofollow\" title=\"Print\" target=\"_blank\" class=\"print-share-btn \" data-raw=\"#\"><span class=\"screen-reader-text\">Print<\/span><\/a><\/div>\n<\/div>\n<\/article>\n<div class=\"post-components\">\n<div id=\"related-posts\" class=\"container-wrapper has-extra-post\">\n<div class=\"mag-box-title the-global-title\">\n<h3>Related Articles<\/h3>\n<\/div>\n<div class=\"related-posts-list\">\n<div class=\"related-item tie-standard\"><a aria-label=\"PROIECTUL RIZE: Solidaritate \u00een Tulcea pentru refugia\u021bii ucraineni!\" href=\"https:\/\/infotulcea.ro\/proiectul-rize-solidaritate-in-tulcea-pentru-refugiatii-ucraineni\/\" class=\"post-thumb\"><source type=\"image\/webp\" data-srcset=\"https:\/\/infotulcea.ro\/wp-content\/uploads\/2025\/08\/roua-390x220.jpg.webp\" \/><img loading=\"lazy\" decoding=\"async\" width=\"390\" height=\"220\" src=\"https:\/\/infotulcea.ro\/wp-content\/uploads\/2025\/08\/roua-390x220.jpg\" class=\"attachment-jannah-image-large size-jannah-image-large wp-post-image\" alt><\/a><\/p>\n<h3 class=\"post-title\"><a href=\"https:\/\/infotulcea.ro\/proiectul-rize-solidaritate-in-tulcea-pentru-refugiatii-ucraineni\/\">PROIECTUL RIZE: Solidaritate \u00een Tulcea pentru refugia\u021bii ucraineni!<\/a><\/h3>\n<div class=\"post-meta clearfix\"><span class=\"date meta-item tie-icon\">20 august 2025<\/span><\/div>\n<\/div>\n<div class=\"related-item tie-standard\"><a aria-label=\",,M\u0103r\u021bi\u0219or\u201d pentru alcool: a r\u0103mas f\u0103r\u0103 permis \u0219i cu dosar penal!\" href=\"https:\/\/infotulcea.ro\/martisor-pentru-alcool-a-ramas-fara-permis-si-cu-dosar-penal\/\" class=\"post-thumb\"><source type=\"image\/webp\" data-srcset=\"https:\/\/infotulcea.ro\/wp-content\/uploads\/2023\/03\/alcooltest-390x220.jpg.webp\" \/><img loading=\"lazy\" decoding=\"async\" width=\"390\" height=\"220\" src=\"https:\/\/infotulcea.ro\/wp-content\/uploads\/2023\/03\/alcooltest-390x220.jpg\" class=\"attachment-jannah-image-large size-jannah-image-large wp-post-image\" alt><\/a><\/p>\n<h3 class=\"post-title\"><a href=\"https:\/\/infotulcea.ro\/martisor-pentru-alcool-a-ramas-fara-permis-si-cu-dosar-penal\/\">,,M\u0103r\u021bi\u0219or\u201d pentru alcool: a r\u0103mas f\u0103r\u0103 permis \u0219i cu dosar penal!<\/a><\/h3>\n<div class=\"post-meta clearfix\"><span class=\"date meta-item tie-icon\">2 martie 2023<\/span><\/div>\n<\/div>\n<div class=\"related-item tie-standard\"><a aria-label=\"Patru motoare de barc\u0103 furate din Fran\u021ba g\u0103site la Cri\u0219an!\" href=\"https:\/\/infotulcea.ro\/patru-motoare-de-barca-furate-din-franta-gasite-la-crisan\/\" class=\"post-thumb\"><source type=\"image\/webp\" data-srcset=\"https:\/\/infotulcea.ro\/wp-content\/uploads\/2022\/09\/barca-390x220.jpeg.webp\" \/><img loading=\"lazy\" decoding=\"async\" width=\"390\" height=\"220\" src=\"https:\/\/infotulcea.ro\/wp-content\/uploads\/2022\/09\/barca-390x220.jpeg\" class=\"attachment-jannah-image-large size-jannah-image-large wp-post-image\" alt><\/a><\/p>\n<h3 class=\"post-title\"><a href=\"https:\/\/infotulcea.ro\/patru-motoare-de-barca-furate-din-franta-gasite-la-crisan\/\">Patru motoare de barc\u0103 furate din Fran\u021ba g\u0103site la Cri\u0219an!<\/a><\/h3>\n<div class=\"post-meta clearfix\"><span class=\"date meta-item tie-icon\">29 septembrie 2022<\/span><\/div>\n<\/div>\n<div class=\"related-item tie-standard\"><a aria-label=\"Jandarmii tulceni \u00a0vor alerga \u00a0la \u0218tafeta Veteranilor Invictus, edi\u021bia a IX-a\" href=\"https:\/\/infotulcea.ro\/jandarmii-tulceni-vor-alerga-la-stafeta-veteranilor-invictus-editia-a-ix-a\/\" class=\"post-thumb\"><source type=\"image\/webp\" data-srcset=\"https:\/\/infotulcea.ro\/wp-content\/uploads\/2022\/10\/Invictus-390x220.jpg.webp\" \/><img loading=\"lazy\" decoding=\"async\" width=\"390\" height=\"220\" src=\"https:\/\/infotulcea.ro\/wp-content\/uploads\/2022\/10\/Invictus-390x220.jpg\" class=\"attachment-jannah-image-large size-jannah-image-large wp-post-image\" alt><\/a><\/p>\n<h3 class=\"post-title\"><a href=\"https:\/\/infotulcea.ro\/jandarmii-tulceni-vor-alerga-la-stafeta-veteranilor-invictus-editia-a-ix-a\/\">Jandarmii tulceni \u00a0vor alerga \u00a0la \u0218tafeta Veteranilor Invictus, edi\u021bia a IX-a<\/a><\/h3>\n<div class=\"post-meta clearfix\"><span class=\"date meta-item tie-icon\">7 octombrie 2022<\/span><\/div>\n<\/div>\n<\/div>\n<\/div>\n<div id=\"comments\" class=\"comments-area\">\n<div id=\"add-comment-block\" class=\"container-wrapper\">\n<div id=\"respond\" class=\"comment-respond\">\n<h3 id=\"reply-title\" class=\"comment-reply-title the-global-title\">Las\u0103 un r\u0103spuns <small><a rel=\"nofollow\" id=\"cancel-comment-reply-link\" href=\"https:\/\/infotulcea.ro\/jandarmii-tulceni-alaturi-de-participanti-la-manifestarile-publice-din-perioada-14-16-august\/#respond\">Anuleaz\u0103 r\u0103spunsul<\/a><\/small><\/h3>\n<p class=\"comment-notes\"><span id=\"email-notes\">Adresa ta de email nu va fi publicat\u0103.<\/span><span class=\"required-field-message\">C\u00e2mpurile obligatorii sunt marcate cu <span class=\"required\">*<\/span><\/span><\/p>\n<\/div>\n<\/div>\n<\/div>\n<\/div>\n<\/div>\n<div id=\"check-also-box\" class=\"container-wrapper check-also-right\">\n<div class=\"widget-title the-global-title\">\n<div class=\"the-subtitle\">Check Also<\/div>\n<p><a href=\"https:\/\/infotulcea.ro\/jandarmii-tulceni-alaturi-de-participanti-la-manifestarile-publice-din-perioada-14-16-august\/\" id=\"check-also-close\" class=\"remove\"><span class=\"screen-reader-text\">Close<\/span><\/a><\/div>\n<div class=\"widget posts-list-big-first has-first-big-post\">\n<ul class=\"posts-list-items\">\n<li class=\"widget-single-post-item widget-post-list tie-standard\">\n<div class=\"post-widget-thumbnail\"><a aria-label=\"Re\u021bele Electrice Rom\u00e2nia accelereaz\u0103 digitalizarea \u00een jude\u021bul Tulcea: circa 62% dintre clien\u021bi vor avea instalate contoare inteligente p\u00e2n\u0103 la finele anului 2025\" href=\"https:\/\/infotulcea.ro\/retele-electrice-romania-accelereaza-digitalizarea-in-judetul-tulcea-circa-62-dintre-clienti-vor-avea-instalate-contoare-inteligente-pana-la-finele-anului-2025\/\" class=\"post-thumb\"><span class=\"post-cat-wrap\"><span class=\"post-cat tie-cat-35\">Comunicate<\/span><\/span><source type=\"image\/webp\" data-srcset=\"https:\/\/infotulcea.ro\/wp-content\/uploads\/2025\/11\/RETELE_ELECTRICE-390x220.jpg.webp\" \/><img loading=\"lazy\" decoding=\"async\" width=\"390\" height=\"220\" src=\"https:\/\/infotulcea.ro\/wp-content\/uploads\/2025\/11\/RETELE_ELECTRICE-390x220.jpg\" class=\"attachment-jannah-image-large size-jannah-image-large wp-post-image\" alt><\/a><\/div>\n<div class=\"post-widget-body \"><a class=\"post-title the-subtitle\" href=\"https:\/\/infotulcea.ro\/retele-electrice-romania-accelereaza-digitalizarea-in-judetul-tulcea-circa-62-dintre-clienti-vor-avea-instalate-contoare-inteligente-pana-la-finele-anului-2025\/\">Re\u021bele Electrice Rom\u00e2nia accelereaz\u0103 digitalizarea \u00een jude\u021bul Tulcea: circa 62% dintre clien\u021bi vor avea instalate contoare inteligente p\u00e2n\u0103 la finele anului 2025<\/a><\/p>\n<div class=\"post-meta\"><span class=\"date meta-item tie-icon\">6 noiembrie 2025<\/span><\/div>\n<\/div>\n<\/li>\n<\/ul>\n<\/div>\n<\/div>\n<aside class=\"sidebar tie-col-md-4 tie-col-xs-12 normal-side is-sticky\" aria-label=\"Primary Sidebar\">\n<div class=\"theiaStickySidebar\">\n<div id=\"media_image-19\" class=\"container-wrapper widget widget_media_image\"><a href=\"https:\/\/infotulcea.ro\/delta-dunarii-mai-accesibila-navrom-delta-creste-numarul-curselor-regulate-de-la-1-mai-2025\/\"><source sizes=\"(max-width: 500px) 100vw, 500px\" type=\"image\/webp\" data-srcset=\"https:\/\/infotulcea.ro\/wp-content\/uploads\/2025\/04\/navrom-delta-500x271.jpg.webp 500w, https:\/\/infotulcea.ro\/wp-content\/uploads\/2025\/04\/navrom-delta-1024x555.jpg.webp 1024w, https:\/\/infotulcea.ro\/wp-content\/uploads\/2025\/04\/navrom-delta-768x416.jpg.webp 768w, https:\/\/infotulcea.ro\/wp-content\/uploads\/2025\/04\/navrom-delta.jpg.webp 1080w\" \/><img loading=\"lazy\" decoding=\"async\" width=\"500\" height=\"271\" src=\"https:\/\/infotulcea.ro\/wp-content\/uploads\/2025\/04\/navrom-delta-500x271.jpg\" class=\"image wp-image-34487  attachment-medium size-medium\" alt><\/a><\/div>\n<div id=\"media_image-17\" class=\"container-wrapper widget widget_media_image\"><a href=\"https:\/\/www.facebook.com\/share\/p\/1DGAD1tLWN\/?mibextid=wwXIfr\" target=\"_blank\"><source sizes=\"(max-width: 500px) 100vw, 500px\" type=\"image\/webp\" data-srcset=\"https:\/\/infotulcea.ro\/wp-content\/uploads\/2026\/01\/IMG_1563-500x500.jpeg.webp 500w, https:\/\/infotulcea.ro\/wp-content\/uploads\/2026\/01\/IMG_1563-1024x1024.jpeg.webp 1024w, https:\/\/infotulcea.ro\/wp-content\/uploads\/2026\/01\/IMG_1563-250x250.jpeg.webp 250w, https:\/\/infotulcea.ro\/wp-content\/uploads\/2026\/01\/IMG_1563-768x768.jpeg.webp 768w, https:\/\/infotulcea.ro\/wp-content\/uploads\/2026\/01\/IMG_1563.jpeg.webp 1080w\" \/><img loading=\"lazy\" decoding=\"async\" width=\"500\" height=\"500\" src=\"https:\/\/infotulcea.ro\/wp-content\/uploads\/2026\/01\/IMG_1563-500x500.jpeg\" class=\"image wp-image-37932  attachment-medium size-medium\" alt title=\"Centrale pe lemne\"><\/a><\/div>\n<div id=\"media_image-18\" class=\"container-wrapper widget widget_media_image\"><a href=\"https:\/\/www.licitatia.ro\/site\/index-guest\"><img loading=\"lazy\" decoding=\"async\" width=\"500\" height=\"262\" src=\"https:\/\/infotulcea.ro\/wp-content\/uploads\/2025\/09\/licitatia-500x262.png\" class=\"image wp-image-36670  attachment-medium size-medium lazyload\" alt><img loading=\"lazy\" decoding=\"async\" width=\"500\" height=\"262\" src=\"https:\/\/infotulcea.ro\/wp-content\/uploads\/2025\/09\/licitatia-500x262.png\" class=\"image wp-image-36670  attachment-medium size-medium\" alt><\/a><\/div>\n<div id=\"media_image-27\" class=\"container-wrapper widget widget_media_image\"><a href=\"https:\/\/www.centrale-lemne-liepsnele.ro\/\"><img loading=\"lazy\" decoding=\"async\" width=\"500\" height=\"500\" src=\"https:\/\/infotulcea.ro\/wp-content\/uploads\/2025\/09\/Centrale-pe-Lemne-Liepsnele-500x500.png\" class=\"image wp-image-36541  attachment-medium size-medium lazyload\" alt=\"Centrala pe lemne\"><img loading=\"lazy\" decoding=\"async\" width=\"500\" height=\"500\" src=\"https:\/\/infotulcea.ro\/wp-content\/uploads\/2025\/09\/Centrale-pe-Lemne-Liepsnele-500x500.png\" class=\"image wp-image-36541  attachment-medium size-medium\" alt=\"Centrala pe lemne\"><\/a><\/div>\n<div id=\"media_image-28\" class=\"container-wrapper widget widget_media_image\"><a href=\"https:\/\/infotulcea.ro\/angajeaza-te-ro-platforma-ta-online-de-angajari-si-forta-de-munca\/\"><source sizes=\"(max-width: 500px) 100vw, 500px\" type=\"image\/webp\" data-srcset=\"https:\/\/infotulcea.ro\/wp-content\/uploads\/2025\/04\/banner-angajazate-1-500x305.jpg.webp 500w, https:\/\/infotulcea.ro\/wp-content\/uploads\/2025\/04\/banner-angajazate-1-1024x625.jpg.webp 1024w, https:\/\/infotulcea.ro\/wp-content\/uploads\/2025\/04\/banner-angajazate-1-768x469.jpg.webp 768w, https:\/\/infotulcea.ro\/wp-content\/uploads\/2025\/04\/banner-angajazate-1.jpg.webp 1080w\" \/><img loading=\"lazy\" decoding=\"async\" width=\"500\" height=\"305\" src=\"https:\/\/infotulcea.ro\/wp-content\/uploads\/2025\/04\/banner-angajazate-1-500x305.jpg\" class=\"image wp-image-34317  attachment-medium size-medium\" alt><\/a><\/div>\n<\/div>\n<\/aside>\n<\/div>\n<\/div>\n<div class=\"entry-content entry clearfix\">\n<p><strong>\u00cen perioada 14\u201316 august, pe raza jude\u021bului Tulcea, sunt programate mai multe manifest\u0103ri cultural-artistice \u0219i evenimente publice, care vor reuni un num\u0103r important de participan\u021bi.<\/strong><\/p>\n<p>Jandarmii din cadrul Inspectoratului de Jandarmi Jude\u021bean Tulcea, \u00eempreun\u0103 cu celelalte structuri cu atribu\u021bii \u00een domeniul ordinii \u0219i siguran\u021bei publice, vor fi prezen\u021bi \u00een zonele de desf\u0103\u0219urare a evenimentelor pentru prevenirea \u0219i descurajarea faptelor antisociale, men\u021binerea unui climat de ordine \u0219i siguran\u021b\u0103 \u0219i protejarea participan\u021bilor.<img loading=\"lazy\" decoding=\"async\" class=\"wp-image-40383 alignright lazyload\" src=\"https:\/\/infotulcea.ro\/wp-content\/uploads\/2026\/08\/jandarmii-500x333.png\" alt width=\"482\" height=\"321\"><\/p>\n<p><img loading=\"lazy\" decoding=\"async\" class=\" wp-image-40383 alignright\" src=\"https:\/\/infotulcea.ro\/wp-content\/uploads\/2026\/08\/jandarmii-500x333.png\" alt width=\"482\" height=\"321\"><\/p>\n<p>\u00cen acest weekend vor fi organizate urm\u0103toarele evenimente:<\/p>\n<p>* 14\u201316 august \u2013 Zilele Ora\u0219ului Sulina<br \/>\n* 14\u201316 august \u2013 Zilele Municipiului Tulcea \u2013 Tulcea Fest, eveniment desf\u0103\u0219urat pe Faleza \u201eIvan Patzaichin\u201d;<br \/>\n* 14 august \u2013 Tulcea \u00een zi de s\u0103rb\u0103toare, manifestare cultural-artistic\u0103 desf\u0103\u0219urat\u0103 \u00een Pia\u021ba Civic\u0103 din municipiul Tulcea;<br \/>\n* 15 august \u2013 White Forest Party, \u00een localitatea I.C. Br\u0103tianu;<br \/>\n* 15 august \u2013 Ziua Marinei Rom\u00e2ne, eveniment s\u0103rb\u0103torit pe Faleza \u201eIvan Patzaichin\u201d din municipiul Tulcea.<\/p>\n<p>Prezen\u021ba jandarmilor la aceste evenimente are, \u00een primul r\u00e2nd, un rol preventiv. Ace\u0219tia vor ac\u021biona pentru prevenirea situa\u021biilor care pot afecta desf\u0103\u0219urarea \u00een condi\u021bii normale a manifest\u0103rilor \u0219i vor interveni atunci c\u00e2nd este necesar pentru asigurarea ordinii publice.<\/p>\n<p>Jandarmii vor acorda aten\u021bie zonelor aglomerate, vor sprijini participan\u021bii care solicit\u0103 ajutor \u0219i vor ac\u021biona pentru prevenirea unor fapte precum conflictele, tulburarea ordinii publice, comportamentele agresive sau alte \u00eenc\u0103lc\u0103ri ale normelor legale.<\/p>\n<p>Siguran\u021ba unui eveniment este responsabilitatea tuturor, iar respectarea regulilor \u0219i colaborarea cu for\u021bele de ordine contribuie direct la buna desf\u0103\u0219urare a manifest\u0103rilor.<\/p>\n<p>Pentru a v\u0103 bucura \u00een siguran\u021b\u0103 de evenimentele din acest weekend, jandarmii v\u0103 recomand\u0103:<\/p>\n<p>* s\u0103 respecta\u021bi indica\u021biile for\u021belor de ordine \u0219i ale organizatorilor;<br \/>\n* s\u0103 evita\u021bi conflictele \u0219i s\u0103 nu r\u0103spunde\u021bi provoc\u0103rilor;<br \/>\n* s\u0103 acorda\u021bi o aten\u021bie sporit\u0103 copiilor, \u00een special \u00een zonele aglomerate;<br \/>\n* s\u0103 ave\u021bi grij\u0103 de bunurile personale \u0219i s\u0103 evita\u021bi p\u0103strarea obiectelor de valoare \u00een buzunare sau bagaje u\u0219or accesibile;<br \/>\n* s\u0103 respecta\u021bi zonele delimitate \u0219i regulile stabilite de organizatori;<br \/>\n* s\u0103 nu p\u0103trunde\u021bi \u00een spa\u021bii \u00eenchise sau restric\u021bionate publicului;<br \/>\n* s\u0103 evita\u021bi consumul excesiv de alcool \u0219i comportamentele care pot pune \u00een pericol siguran\u021ba dumneavoastr\u0103 sau a celor din jur;<br \/>\n* \u00een cazul \u00een care observa\u021bi o situa\u021bie care poate afecta siguran\u021ba participan\u021bilor, s\u0103 solicita\u021bi sprijinul celui mai apropiat jandarm.<\/p>\n<p>De asemenea, p\u0103rin\u021bii sunt sf\u0103tui\u021bi s\u0103 stabileasc\u0103 \u00eempreun\u0103 cu cei mici un punct de \u00eent\u00e2lnire, \u00een cazul \u00een care ace\u0219tia se r\u0103t\u0103cesc \u00een mul\u021bime.<\/p>\n<p>\u00cen situa\u021bii de urgen\u021b\u0103, apela\u021bi num\u0103rul 112.<\/p>\n<p>Jandarmii tulceni vor fi prezen\u021bi \u00een mijlocul comunit\u0103\u021bii pe durata manifest\u0103rilor, pentru ca fiecare participant s\u0103 se poat\u0103 bucura de evenimente \u00eentr-un climat de ordine, siguran\u021b\u0103 \u0219i respect reciproc.<\/p>\n<p>Respect\u0103m regulile, ne bucur\u0103m de evenimente \u0219i avem grij\u0103 unii de ceilal\u021bi!<\/p>\n<\/div>\n<div class=\"articleBody\" data-key=\"articleBody\">\u00cen perioada 14\u201316 august, pe raza jude\u021bului Tulcea, sunt programate mai multe manifest\u0103ri cultural-artistice \u0219i evenimente publice, care vor reuni un num\u0103r important de participan\u021bi.<\/p>\n<p>Jandarmii din cadrul Inspectoratului de Jandarmi Jude\u021bean Tulcea, \u00eempreun\u0103 cu celelalte structuri cu atribu\u021bii \u00een domeniul ordinii \u0219i siguran\u021bei publice, vor fi prezen\u021bi \u00een zonele de desf\u0103\u0219urare a evenimentelor pentru prevenirea \u0219i descurajarea faptelor antisociale, men\u021binerea unui climat de ordine \u0219i siguran\u021b\u0103 \u0219i protejarea participan\u021bilor.<\/p>\n<p>\u00cen acest weekend vor fi organizate urm\u0103toarele evenimente:<\/p>\n<p>* 14\u201316 august \u2013 Zilele Ora\u0219ului Sulina<br \/>\n* 14\u201316 august \u2013 Zilele Municipiului Tulcea \u2013 Tulcea Fest, eveniment desf\u0103\u0219urat pe Faleza \u201eIvan Patzaichin\u201d;<br \/>\n* 14 august \u2013 Tulcea \u00een zi de s\u0103rb\u0103toare, manifestare cultural-artistic\u0103 desf\u0103\u0219urat\u0103 \u00een Pia\u021ba Civic\u0103 din municipiul Tulcea;<br \/>\n* 15 august \u2013 White Forest Party, \u00een localitatea I.C. Br\u0103tianu;<br \/>\n* 15 august \u2013 Ziua Marinei Rom\u00e2ne, eveniment s\u0103rb\u0103torit pe Faleza \u201eIvan Patzaichin\u201d din municipiul Tulcea.<\/p>\n<p>Prezen\u021ba jandarmilor la aceste evenimente are, \u00een primul r\u00e2nd, un rol preventiv. Ace\u0219tia vor ac\u021biona pentru prevenirea situa\u021biilor care pot afecta desf\u0103\u0219urarea \u00een condi\u021bii normale a manifest\u0103rilor \u0219i vor interveni atunci c\u00e2nd este necesar pentru asigurarea ordinii publice.<\/p>\n<p>Jandarmii vor acorda aten\u021bie zonelor aglomerate, vor sprijini participan\u021bii care solicit\u0103 ajutor \u0219i vor ac\u021biona pentru prevenirea unor fapte precum conflictele, tulburarea ordinii publice, comportamentele agresive sau alte \u00eenc\u0103lc\u0103ri ale normelor legale.<\/p>\n<p>Siguran\u021ba unui eveniment este responsabilitatea tuturor, iar respectarea regulilor \u0219i colaborarea cu for\u021bele de ordine contribuie direct la buna desf\u0103\u0219urare a manifest\u0103rilor.<\/p>\n<p>Pentru a v\u0103 bucura \u00een siguran\u021b\u0103 de evenimentele din acest weekend, jandarmii v\u0103 recomand\u0103:<\/p>\n<p>* s\u0103 respecta\u021bi indica\u021biile for\u021belor de ordine \u0219i ale organizatorilor;<br \/>\n* s\u0103 evita\u021bi conflictele \u0219i s\u0103 nu r\u0103spunde\u021bi provoc\u0103rilor;<br \/>\n* s\u0103 acorda\u021bi o aten\u021bie sporit\u0103 copiilor, \u00een special \u00een zonele aglomerate;<br \/>\n* s\u0103 ave\u021bi grij\u0103 de bunurile personale \u0219i s\u0103 evita\u021bi p\u0103strarea obiectelor de valoare \u00een buzunare sau bagaje u\u0219or accesibile;<br \/>\n* s\u0103 respecta\u021bi zonele delimitate \u0219i regulile stabilite de organizatori;<br \/>\n* s\u0103 nu p\u0103trunde\u021bi \u00een spa\u021bii \u00eenchise sau restric\u021bionate publicului;<br \/>\n* s\u0103 evita\u021bi consumul excesiv de alcool \u0219i comportamentele care pot pune \u00een pericol siguran\u021ba dumneavoastr\u0103 sau a celor din jur;<br \/>\n* \u00een cazul \u00een care observa\u021bi o situa\u021bie care poate afecta siguran\u021ba participan\u021bilor, s\u0103 solicita\u021bi sprijinul celui mai apropiat jandarm.<\/p>\n<p>De asemenea, p\u0103rin\u021bii sunt sf\u0103tui\u021bi s\u0103 stabileasc\u0103 \u00eempreun\u0103 cu cei mici un punct de \u00eent\u00e2lnire, \u00een cazul \u00een care ace\u0219tia se r\u0103t\u0103cesc \u00een mul\u021bime.<\/p>\n<p>\u00cen situa\u021bii de urgen\u021b\u0103, apela\u021bi num\u0103rul 112.<\/p>\n<p>Jandarmii tulceni vor fi prezen\u021bi \u00een mijlocul comunit\u0103\u021bii pe durata manifest\u0103rilor, pentru ca fiecare participant s\u0103 se poat\u0103 bucura de evenimente \u00eentr-un climat de ordine, siguran\u021b\u0103 \u0219i respect reciproc.<\/p>\n<p>Respect\u0103m regulile, ne bucur\u0103m de evenimente \u0219i avem grij\u0103 unii de ceilal\u021bi!<\/p><\/div>\n<p>[analyse_source url=&#8221;https:\/\/infotulcea.ro\/jandarmii-tulceni-alaturi-de-participanti-la-manifestarile-publice-din-perioada-14-16-august\/&#8221;]<\/p>\n","protected":false},"excerpt":{"rendered":"<p>[analyse_image type=&#8221;featured&#8221; src=&#8221;https:\/\/infotulcea.ro\/wp-content\/uploads\/2026\/08\/jandarmii.pnghttps:\/\/infotulcea.ro\/wp-content\/uploads\/2026\/08\/jandarmii.png&#8221;] Home\/Comunicate\/Jandarmii tulceni, al\u0103turi de participan\u021bi la manifest\u0103rile publice din perioada 14\u201316 august Comunicate Jandarmii tulceni, al\u0103turi de participan\u021bi la manifest\u0103rile publice din perioada 14\u201316 august Redactia14 august 2026 0 283 2 minutes read \u00cen perioada 14\u201316 august, pe raza jude\u021bului Tulcea, sunt programate mai multe manifest\u0103ri cultural-artistice \u0219i evenimente publice, care vor [&hellip;]<\/p>\n","protected":false},"author":1,"featured_media":0,"comment_status":"open","ping_status":"","sticky":false,"template":"","format":"standard","meta":{"footnotes":""},"categories":[89],"tags":[226,221],"class_list":["post-2097679","post","type-post","status-publish","format-standard","hentry","category-romania","tag-crawlmanager","tag-infotulcea-ro"],"_links":{"self":[{"href":"https:\/\/analyse.optim.biz\/index.php?rest_route=\/wp\/v2\/posts\/2097679","targetHints":{"allow":["GET"]}}],"collection":[{"href":"https:\/\/analyse.optim.biz\/index.php?rest_route=\/wp\/v2\/posts"}],"about":[{"href":"https:\/\/analyse.optim.biz\/index.php?rest_route=\/wp\/v2\/types\/post"}],"author":[{"embeddable":true,"href":"https:\/\/analyse.optim.biz\/index.php?rest_route=\/wp\/v2\/users\/1"}],"replies":[{"embeddable":true,"href":"https:\/\/analyse.optim.biz\/index.php?rest_route=%2Fwp%2Fv2%2Fcomments&post=2097679"}],"version-history":[{"count":0,"href":"https:\/\/analyse.optim.biz\/index.php?rest_route=\/wp\/v2\/posts\/2097679\/revisions"}],"wp:attachment":[{"href":"https:\/\/analyse.optim.biz\/index.php?rest_route=%2Fwp%2Fv2%2Fmedia&parent=2097679"}],"wp:term":[{"taxonomy":"category","embeddable":true,"href":"https:\/\/analyse.optim.biz\/index.php?rest_route=%2Fwp%2Fv2%2Fcategories&post=2097679"},{"taxonomy":"post_tag","embeddable":true,"href":"https:\/\/analyse.optim.biz\/index.php?rest_route=%2Fwp%2Fv2%2Ftags&post=2097679"}],"curies":[{"name":"wp","href":"https:\/\/api.w.org\/{rel}","templated":true}]}}