{"id":2097676,"date":"2026-08-12T14:53:19","date_gmt":"2026-08-12T11:53:19","guid":{"rendered":"https:\/\/analyse.optim.biz\/?p=2097676"},"modified":"2026-08-12T14:53:19","modified_gmt":"2026-08-12T11:53:19","slug":"ziua-marinei-romane-sarbatorita-la-constanta-printr-un-amplu-exercitiu-naval","status":"publish","type":"post","link":"https:\/\/analyse.optim.biz\/?p=2097676","title":{"rendered":"Ziua Marinei Rom\u00e2ne, s\u0103rb\u0103torit\u0103 la Constan\u021ba printr-un amplu exerci\u021biu naval"},"content":{"rendered":"<p>[analyse_image type=&#8221;featured&#8221; src=&#8221;https:\/\/infotulcea.ro\/wp-content\/uploads\/2026\/08\/ziua-marinei.pnghttps:\/\/infotulcea.ro\/wp-content\/uploads\/2026\/08\/ziua-marinei.png&#8221;]<\/p>\n<div id=\"content\" class=\"site-content container\">\n<div id=\"main-content-row\" class=\"tie-row main-content-row\">\n<div class=\"main-content tie-col-md-8 tie-col-xs-12\" role=\"main\">\n<article id=\"the-post\" class=\"container-wrapper post-content tie-standard\">\n<header class=\"entry-header-outer\">\n<nav id=\"breadcrumb\"><a href=\"https:\/\/infotulcea.ro\/\"> Home<\/a><em class=\"delimiter\">\/<\/em><a href=\"https:\/\/infotulcea.ro\/categorie\/comunicate\/\">Comunicate<\/a><em class=\"delimiter\">\/<\/em><span class=\"current\">Ziua Marinei Rom\u00e2ne, s\u0103rb\u0103torit\u0103 la Constan\u021ba printr-un amplu exerci\u021biu naval<\/span><\/nav>\n<div class=\"entry-header\"><span class=\"post-cat-wrap\"><a class=\"post-cat tie-cat-35\" href=\"https:\/\/infotulcea.ro\/categorie\/comunicate\/\">Comunicate<\/a><\/span><\/p>\n<h1 class=\"post-title entry-title\">\n\t\t\tZiua Marinei Rom\u00e2ne, s\u0103rb\u0103torit\u0103 la Constan\u021ba printr-un amplu exerci\u021biu naval\t\t<\/h1>\n<div class=\"single-post-meta post-meta clearfix\"><span class=\"author-meta single-author no-avatars\"><span class=\"meta-item meta-author-wrapper meta-author-9\"><span class=\"meta-author\"><a href=\"https:\/\/infotulcea.ro\/author\/redactia-2\/\" class=\"author-name tie-icon\" title=\"Redactia\">Redactia<\/a><\/span><\/span><\/span><span class=\"date meta-item tie-icon\">12 august 2026<\/span><\/p>\n<div class=\"tie-alignright\"><span class=\"meta-comment tie-icon meta-item fa-before\">0<\/span><span class=\"meta-views meta-item \"> 432 <\/span><span class=\"meta-reading-time meta-item\"> 2 minutes read<\/span><\/div>\n<\/div>\n<\/div>\n<\/header>\n<div class=\"entry-content entry clearfix\">\n<p><strong>For\u021bele Navale Rom\u00e2ne vor s\u0103rb\u0103tori s\u00e2mb\u0103t\u0103, 15 august, Ziua Marinei Rom\u00e2ne, \u00een \u0219ase ora\u0219e din \u021bar\u0103, la Constan\u021ba, Mangalia, Br\u0103ila, Tulcea, Gala\u021bi \u0219i Bucure\u0219ti.<\/strong><\/p>\n<p>Centrul de greutate al activit\u0103\u021bilor va fi la Constan\u021ba, pe falez\u0103 \u0219i \u00een raionul maritim din fa\u021ba cl\u0103dirii Comandamentului Flotei, unde, \u00eencep\u00e2nd cu ora 10.00, peste 3.500 de militari rom\u00e2ni \u0219i str\u0103ini vor lua parte la ceremonia militar\u0103 \u0219i la Exerci\u021biul naval \u00eentrunit \u0219i interinstitu\u021bional FNR 26.10.<\/p>\n<p>La secven\u021bele de instruire de pe mare \u0219i din zona costier\u0103, vor participa, \u00een total, peste 50 de nave \u0219i ambarca\u021biuni, 15 aeronave militare \u0219i civile, dou\u0103 transportoare amfibii blindate \u0219i cinci piese de artilerie.<\/p>\n<p>For\u021bele Navale Rom\u00e2ne vor conduce exerci\u021biul dedicat Zilei Marinei Rom\u00e2ne \u0219i vor lua parte la acesta cu 42 de nave<img loading=\"lazy\" decoding=\"async\" class=\"wp-image-40375 alignright lazyload\" src=\"https:\/\/infotulcea.ro\/wp-content\/uploads\/2026\/08\/ziua-marinei-500x333.png\" alt width=\"541\" height=\"360\"><\/p>\n<p><img loading=\"lazy\" decoding=\"async\" class=\" wp-image-40375 alignright\" src=\"https:\/\/infotulcea.ro\/wp-content\/uploads\/2026\/08\/ziua-marinei-500x333.png\" alt width=\"541\" height=\"360\"> \u0219i ambarca\u021biuni, un elicopter IAR 330 Puma Naval \u0219i dou\u0103 transportoare amfibii blindate. La edi\u021bia din acest an, vor participa, \u00een premier\u0103, corveta \u201eContraamiral August Roman\u201d \u2013 261 \u0219i v\u00e2n\u0103torul de mine M 271 \u201eC\u0103pitan Constantin Dumitrescu\u201d, recent intrate \u00een serviciul For\u021belor Navale Rom\u00e2ne. Printre navele care se vor afla \u00een dispozitivul de pe mare, se num\u0103r\u0103 fregata \u201eM\u0103r\u0103\u0219e\u0219ti\u201d \u2013 111, fregata \u201eRegele Ferdinand\u201d \u2013 221, fregata \u201eRegina Maria\u201d \u2013 222, corveta 265 \u201eContraamiral Horia Macellariu\u201d, nava purt\u0103toare de rachete 190 \u201eL\u0103stunul\u201d, nava maritim\u0103 pentru scafandri \u201eGrigore Antipa\u201d, v\u00e2n\u0103torul de mine M 270 \u201eSublocotenent Ion Ghiculescu\u201d \u0219i dragorul maritim 30 \u201eSublocotenent Alexandru Axente\u201d.<\/p>\n<p>La exerci\u021biul FNR 26.10 vor participa \u0219i patru nave ale G\u0103rzii de Coast\u0103, dou\u0103 nave ale Agen\u021biei Rom\u00e2ne de Salvare a Vie\u021bii Omene\u0219ti pe Mare \u0219i o nav\u0103 a Inspectoratului General pentru Situa\u021bii de Urgen\u021b\u0103. Componenta aerian\u0103 na\u021bional\u0103 a exerci\u021biului va fi completat\u0103 cu trei elicoptere IAR 330 Puma, dou\u0103 aeronave F-16 Fighting Falcon \u0219i o aeronav\u0103 C 27-J Spartan ale For\u021belor Aeriene Rom\u00e2ne, un elicopter UH-60 Black Hawk al Inspectoratului General pentru Situa\u021bii de Urgen\u021b\u0103 \u0219i cinci avioane ale Aeroclubului Rom\u00e2niei.<\/p>\n<p>Participarea for\u021belor armate str\u0103ine va fi reprezentat\u0103 de dou\u0103 nave ale For\u021belor Navale ale Turciei, o fregat\u0103 \u0219i o corvet\u0103, o nav\u0103 a G\u0103rzii de Coast\u0103 a Turciei, o nav\u0103 a G\u0103rzii de Coast\u0103 a Bulgariei, dou\u0103 avioane F-18 Hornet ale For\u021belor Aeriene Spaniole din Poli\u021bia Aerian\u0103 \u00cent\u0103rit\u0103 a NATO \u0219i avionul de patrulare maritim\u0103 Atlantique 2 al Marinei Militare Franceze.<\/p>\n<p>Exerci\u021biul naval \u00eentrunit \u0219i interinstitu\u021bional \u201eFor\u021bele Navale Rom\u00e2ne 26.10\u201d va reflecta nivelul ridicat de interoperabilitate dintre structurile participante \u0219i va sublinia importan\u021ba cooper\u0103rii de la nivelul sistemului de ap\u0103rare, ordine public\u0103 \u0219i securitate na\u021bional\u0103 \u0219i cu partenerii interna\u021bionali.<\/p>\n<p>Activit\u0103\u021bile pe mare vor debuta cu tradi\u021bionala sosire a Zeului Neptun, care va trece printr-o \u201epoart\u0103 de ap\u0103\u201d realizat\u0103 de dou\u0103 remorchere maritime, timp \u00een care pe falez\u0103 vor fi desf\u0103\u0219urate jocuri marin\u0103re\u0219ti, iar, ulterior, corveta \u201eContraamiral August Roman\u201d \u2013 261 va executa salutul de deschidere a exerci\u021biului.<\/p>\n<p>FNR 26.10 va cuprinde secven\u021be de lupt\u0103 antimin\u0103, respingere a atacului avia\u021biei inamice, c\u0103utare \u0219i atac asupra submarinului inmic, respingere a unui desant maritim, combatere a migra\u021biei ilegale \u0219i c\u0103utare \u0219i salvare pe mare.<\/p>\n<p>Manifest\u0103rile dedicate Zilei Marinei Rom\u00e2ne se vor \u00eencheia, \u00een cursul serii \u00eencep\u00e2nd cu ora 20.00, cu un concert sus\u021binut de Muzica Militar\u0103 a For\u021belor Navale \u0219i retragerea cu tor\u021be a marinarilor militari, pe traseul Cazino \u2013 Pia\u021ba Ovidiu \u2013 faleza din fa\u021ba cl\u0103dirii Comandamentului Flotei. \u00cen intervalul orar 21.30-22.00, de pe digul de nord al digului Tomis, va fi sus\u021binut un spectacol de lasere \u0219i lumini, asigurat de Prim\u0103ria Municipiului Constan\u021ba.<\/p>\n<\/div>\n<div id=\"post-extra-info\">\n<div class=\"theiaStickySidebar\">\n<div class=\"single-post-meta post-meta clearfix\"><span class=\"author-meta single-author no-avatars\"><span class=\"meta-item meta-author-wrapper meta-author-9\"><span class=\"meta-author\"><a href=\"https:\/\/infotulcea.ro\/author\/redactia-2\/\" class=\"author-name tie-icon\" title=\"Redactia\">Redactia<\/a><\/span><\/span><\/span><span class=\"date meta-item tie-icon\">12 august 2026<\/span><\/p>\n<div class=\"tie-alignright\"><span class=\"meta-comment tie-icon meta-item fa-before\">0<\/span><span class=\"meta-views meta-item \"> 432 <\/span><span class=\"meta-reading-time meta-item\"> 2 minutes read<\/span><\/div>\n<\/div>\n<\/div>\n<\/div>\n<div id=\"share-buttons-bottom\" class=\"share-buttons share-buttons-bottom\">\n<div class=\"share-links  icons-only\">\n<div class=\"share-title\"><span> Share<\/span><\/div>\n<p><a href=\"https:\/\/www.facebook.com\/sharer.php?u=https:\/\/infotulcea.ro\/ziua-marinei-romane-sarbatorita-la-constanta-printr-un-amplu-exercitiu-naval\/\" rel=\"external noopener nofollow\" title=\"Facebook\" target=\"_blank\" class=\"facebook-share-btn \" data-raw=\"https:\/\/www.facebook.com\/sharer.php?u={post_link}\"><span class=\"screen-reader-text\">Facebook<\/span><\/a><a href=\"https:\/\/twitter.com\/intent\/tweet?text=Ziua%20Marinei%20Rom%C3%A2ne%2C%20s%C4%83rb%C4%83torit%C4%83%20la%20Constan%C8%9Ba%20printr-un%20amplu%20exerci%C8%9Biu%20naval&amp;url=https:\/\/infotulcea.ro\/ziua-marinei-romane-sarbatorita-la-constanta-printr-un-amplu-exercitiu-naval\/\" rel=\"external noopener nofollow\" title=\"X\" target=\"_blank\" class=\"twitter-share-btn \" data-raw=\"https:\/\/twitter.com\/intent\/tweet?text={post_title}&amp;url={post_link}\"><span class=\"screen-reader-text\">X<\/span><\/a><a href=\"https:\/\/api.whatsapp.com\/send?text=Ziua%20Marinei%20Rom%C3%A2ne%2C%20s%C4%83rb%C4%83torit%C4%83%20la%20Constan%C8%9Ba%20printr-un%20amplu%20exerci%C8%9Biu%20naval%20https:\/\/infotulcea.ro\/ziua-marinei-romane-sarbatorita-la-constanta-printr-un-amplu-exercitiu-naval\/\" rel=\"external noopener nofollow\" title=\"WhatsApp\" target=\"_blank\" class=\"whatsapp-share-btn \" data-raw=\"https:\/\/api.whatsapp.com\/send?text={post_title}%20{post_link}\"><span class=\"screen-reader-text\">WhatsApp<\/span><\/a><a href=\"https:\/\/telegram.me\/share\/url?url=https:\/\/infotulcea.ro\/ziua-marinei-romane-sarbatorita-la-constanta-printr-un-amplu-exercitiu-naval\/&amp;text=Ziua%20Marinei%20Rom%C3%A2ne%2C%20s%C4%83rb%C4%83torit%C4%83%20la%20Constan%C8%9Ba%20printr-un%20amplu%20exerci%C8%9Biu%20naval\" rel=\"external noopener nofollow\" title=\"Telegram\" target=\"_blank\" class=\"telegram-share-btn \" data-raw=\"https:\/\/telegram.me\/share\/url?url={post_link}&amp;text={post_title}\"><span class=\"screen-reader-text\">Telegram<\/span><\/a><a href=\"mailto:?subject=Ziua%20Marinei%20Rom%C3%A2ne%2C%20s%C4%83rb%C4%83torit%C4%83%20la%20Constan%C8%9Ba%20printr-un%20amplu%20exerci%C8%9Biu%20naval&amp;body=https:\/\/infotulcea.ro\/ziua-marinei-romane-sarbatorita-la-constanta-printr-un-amplu-exercitiu-naval\/\" rel=\"external noopener nofollow\" title=\"Share via Email\" target=\"_blank\" class=\"email-share-btn \" data-raw=\"mailto:?subject={post_title}&amp;body={post_link}\"><span class=\"screen-reader-text\">Share via Email<\/span><\/a><a href=\"https:\/\/infotulcea.ro\/ziua-marinei-romane-sarbatorita-la-constanta-printr-un-amplu-exercitiu-naval\/\" rel=\"external noopener nofollow\" title=\"Print\" target=\"_blank\" class=\"print-share-btn \" data-raw=\"#\"><span class=\"screen-reader-text\">Print<\/span><\/a><\/div>\n<\/div>\n<\/article>\n<div class=\"post-components\">\n<div id=\"related-posts\" class=\"container-wrapper has-extra-post\">\n<div class=\"mag-box-title the-global-title\">\n<h3>Related Articles<\/h3>\n<\/div>\n<div class=\"related-posts-list\">\n<div class=\"related-item tie-standard\"><a aria-label=\"Consiliul Jude\u021bean al Elevilor la primul parteneriat cu o firm\u0103 privat\u0103!\" href=\"https:\/\/infotulcea.ro\/consiliul-judetean-al-elevilor-la-primul-parteneriat-cu-o-firma-privata\/\" class=\"post-thumb\"><source type=\"image\/webp\" data-srcset=\"https:\/\/infotulcea.ro\/wp-content\/uploads\/2026\/03\/19cf199f-56cd-4096-8e02-e96fccf7f6d7-390x220.jpeg.webp\" \/><img loading=\"lazy\" decoding=\"async\" width=\"390\" height=\"220\" src=\"https:\/\/infotulcea.ro\/wp-content\/uploads\/2026\/03\/19cf199f-56cd-4096-8e02-e96fccf7f6d7-390x220.jpeg\" class=\"attachment-jannah-image-large size-jannah-image-large wp-post-image\" alt><\/a><\/p>\n<h3 class=\"post-title\"><a href=\"https:\/\/infotulcea.ro\/consiliul-judetean-al-elevilor-la-primul-parteneriat-cu-o-firma-privata\/\">Consiliul Jude\u021bean al Elevilor la primul parteneriat cu o firm\u0103 privat\u0103!<\/a><\/h3>\n<div class=\"post-meta clearfix\"><span class=\"date meta-item tie-icon\">19 martie 2026<\/span><\/div>\n<\/div>\n<div class=\"related-item tie-standard\"><a aria-label=\"Poli\u021bi\u0219tii de frontier\u0103 din Tulcea au g\u0103sit un motor c\u0103utat de Suedi\" href=\"https:\/\/infotulcea.ro\/politistii-de-frontiera-din-tulcea-au-gasit-un-motor-cautat-de-suedi\/\" class=\"post-thumb\"><source type=\"image\/webp\" data-srcset=\"https:\/\/infotulcea.ro\/wp-content\/uploads\/2026\/07\/frontiera-2-390x220.jpeg.webp\" \/><img loading=\"lazy\" decoding=\"async\" width=\"390\" height=\"220\" src=\"https:\/\/infotulcea.ro\/wp-content\/uploads\/2026\/07\/frontiera-2-390x220.jpeg\" class=\"attachment-jannah-image-large size-jannah-image-large wp-post-image\" alt><\/a><\/p>\n<h3 class=\"post-title\"><a href=\"https:\/\/infotulcea.ro\/politistii-de-frontiera-din-tulcea-au-gasit-un-motor-cautat-de-suedi\/\">Poli\u021bi\u0219tii de frontier\u0103 din Tulcea au g\u0103sit un motor c\u0103utat de Suedi<\/a><\/h3>\n<div class=\"post-meta clearfix\"><span class=\"date meta-item tie-icon\">11 iulie 2026<\/span><\/div>\n<\/div>\n<div class=\"related-item tie-standard\"><a aria-label=\"Perchezi\u021bii \u00eentr-un dosar de \u00een\u0219el\u0103ciune\u2026cu gr\u00e2u!\" href=\"https:\/\/infotulcea.ro\/perchezitii-intr-un-dosar-de-inselaciune-cu-grau\/\" class=\"post-thumb\"><source type=\"image\/webp\" data-srcset=\"https:\/\/infotulcea.ro\/wp-content\/uploads\/2024\/05\/IMG-20240517-WA0046-390x220.jpg.webp\" \/><img loading=\"lazy\" decoding=\"async\" width=\"390\" height=\"220\" src=\"https:\/\/infotulcea.ro\/wp-content\/uploads\/2024\/05\/IMG-20240517-WA0046-390x220.jpg\" class=\"attachment-jannah-image-large size-jannah-image-large wp-post-image\" alt><\/a><\/p>\n<h3 class=\"post-title\"><a href=\"https:\/\/infotulcea.ro\/perchezitii-intr-un-dosar-de-inselaciune-cu-grau\/\">Perchezi\u021bii \u00eentr-un dosar de \u00een\u0219el\u0103ciune\u2026cu gr\u00e2u!<\/a><\/h3>\n<div class=\"post-meta clearfix\"><span class=\"date meta-item tie-icon\">17 mai 2024<\/span><\/div>\n<\/div>\n<div class=\"related-item tie-standard\"><a aria-label=\"Penitenciarul Tulcea-O comunitate dedicat\u0103 schimb\u0103rii \u0219i siguran\u021bei sociale\" href=\"https:\/\/infotulcea.ro\/penitenciarul-tulcea-o-comunitate-dedicata-schimbarii-si-sigurantei-sociale\/\" class=\"post-thumb\"><source sizes=\"(max-width: 390px) 100vw, 390px\" type=\"image\/webp\" data-srcset=\"https:\/\/infotulcea.ro\/wp-content\/uploads\/2022\/09\/penitenciar-390x220.jpeg.webp 390w, https:\/\/infotulcea.ro\/wp-content\/uploads\/2022\/09\/penitenciar-300x169.jpeg.webp 300w, https:\/\/infotulcea.ro\/wp-content\/uploads\/2022\/09\/penitenciar-1024x576.jpeg.webp 1024w, https:\/\/infotulcea.ro\/wp-content\/uploads\/2022\/09\/penitenciar-768x432.jpeg.webp 768w, https:\/\/infotulcea.ro\/wp-content\/uploads\/2022\/09\/penitenciar-1536x864.jpeg.webp 1536w, https:\/\/infotulcea.ro\/wp-content\/uploads\/2022\/09\/penitenciar.jpeg.webp 1080w\" \/><img loading=\"lazy\" decoding=\"async\" width=\"390\" height=\"220\" src=\"https:\/\/infotulcea.ro\/wp-content\/uploads\/2022\/09\/penitenciar-390x220.jpeg\" class=\"attachment-jannah-image-large size-jannah-image-large wp-post-image\" alt><\/a><\/p>\n<h3 class=\"post-title\"><a href=\"https:\/\/infotulcea.ro\/penitenciarul-tulcea-o-comunitate-dedicata-schimbarii-si-sigurantei-sociale\/\">Penitenciarul Tulcea-O comunitate dedicat\u0103 schimb\u0103rii \u0219i siguran\u021bei sociale<\/a><\/h3>\n<div class=\"post-meta clearfix\"><span class=\"date meta-item tie-icon\">27 iunie 2025<\/span><\/div>\n<\/div>\n<\/div>\n<\/div>\n<div id=\"comments\" class=\"comments-area\">\n<div id=\"add-comment-block\" class=\"container-wrapper\">\n<div id=\"respond\" class=\"comment-respond\">\n<h3 id=\"reply-title\" class=\"comment-reply-title the-global-title\">Las\u0103 un r\u0103spuns <small><a rel=\"nofollow\" id=\"cancel-comment-reply-link\" href=\"https:\/\/infotulcea.ro\/ziua-marinei-romane-sarbatorita-la-constanta-printr-un-amplu-exercitiu-naval\/#respond\">Anuleaz\u0103 r\u0103spunsul<\/a><\/small><\/h3>\n<p class=\"comment-notes\"><span id=\"email-notes\">Adresa ta de email nu va fi publicat\u0103.<\/span><span class=\"required-field-message\">C\u00e2mpurile obligatorii sunt marcate cu <span class=\"required\">*<\/span><\/span><\/p>\n<\/div>\n<\/div>\n<\/div>\n<\/div>\n<\/div>\n<div id=\"check-also-box\" class=\"container-wrapper check-also-right\">\n<div class=\"widget-title the-global-title\">\n<div class=\"the-subtitle\">Check Also<\/div>\n<p><a href=\"https:\/\/infotulcea.ro\/ziua-marinei-romane-sarbatorita-la-constanta-printr-un-amplu-exercitiu-naval\/\" id=\"check-also-close\" class=\"remove\"><span class=\"screen-reader-text\">Close<\/span><\/a><\/div>\n<div class=\"widget posts-list-big-first has-first-big-post\">\n<ul class=\"posts-list-items\">\n<li class=\"widget-single-post-item widget-post-list tie-standard\">\n<div class=\"post-widget-thumbnail\"><a aria-label=\"Criteriile pentru declararea inactivit\u0103\u021bii fiscale au r\u0103mas neschimbate \u00een privin\u021ba mandatului administratorilor\" href=\"https:\/\/infotulcea.ro\/criteriile-pentru-declararea-inactivitatii-fiscale-au-ramas-neschimbate-in-privinta-mandatului-administratorilor\/\" class=\"post-thumb\"><span class=\"post-cat-wrap\"><span class=\"post-cat tie-cat-35\">Comunicate<\/span><\/span><source type=\"image\/webp\" data-srcset=\"https:\/\/infotulcea.ro\/wp-content\/uploads\/2023\/03\/anafu-390x220.jpg.webp\" \/><img loading=\"lazy\" decoding=\"async\" width=\"390\" height=\"220\" src=\"https:\/\/infotulcea.ro\/wp-content\/uploads\/2023\/03\/anafu-390x220.jpg\" class=\"attachment-jannah-image-large size-jannah-image-large wp-post-image\" alt><\/a><\/div>\n<div class=\"post-widget-body \"><a class=\"post-title the-subtitle\" href=\"https:\/\/infotulcea.ro\/criteriile-pentru-declararea-inactivitatii-fiscale-au-ramas-neschimbate-in-privinta-mandatului-administratorilor\/\">Criteriile pentru declararea inactivit\u0103\u021bii fiscale au r\u0103mas neschimbate \u00een privin\u021ba mandatului administratorilor<\/a><\/p>\n<div class=\"post-meta\"><span class=\"date meta-item tie-icon\">12 februarie 2026<\/span><\/div>\n<\/div>\n<\/li>\n<\/ul>\n<\/div>\n<\/div>\n<aside class=\"sidebar tie-col-md-4 tie-col-xs-12 normal-side is-sticky\" aria-label=\"Primary Sidebar\">\n<div class=\"theiaStickySidebar\">\n<div id=\"media_image-19\" class=\"container-wrapper widget widget_media_image\"><a href=\"https:\/\/infotulcea.ro\/delta-dunarii-mai-accesibila-navrom-delta-creste-numarul-curselor-regulate-de-la-1-mai-2025\/\"><source sizes=\"(max-width: 500px) 100vw, 500px\" type=\"image\/webp\" data-srcset=\"https:\/\/infotulcea.ro\/wp-content\/uploads\/2025\/04\/navrom-delta-500x271.jpg.webp 500w, https:\/\/infotulcea.ro\/wp-content\/uploads\/2025\/04\/navrom-delta-1024x555.jpg.webp 1024w, https:\/\/infotulcea.ro\/wp-content\/uploads\/2025\/04\/navrom-delta-768x416.jpg.webp 768w, https:\/\/infotulcea.ro\/wp-content\/uploads\/2025\/04\/navrom-delta.jpg.webp 1080w\" \/><img loading=\"lazy\" decoding=\"async\" width=\"500\" height=\"271\" src=\"https:\/\/infotulcea.ro\/wp-content\/uploads\/2025\/04\/navrom-delta-500x271.jpg\" class=\"image wp-image-34487  attachment-medium size-medium\" alt><\/a><\/div>\n<div id=\"media_image-17\" class=\"container-wrapper widget widget_media_image\"><a href=\"https:\/\/www.facebook.com\/share\/p\/1DGAD1tLWN\/?mibextid=wwXIfr\" target=\"_blank\"><source sizes=\"(max-width: 500px) 100vw, 500px\" type=\"image\/webp\" data-srcset=\"https:\/\/infotulcea.ro\/wp-content\/uploads\/2026\/01\/IMG_1563-500x500.jpeg.webp 500w, https:\/\/infotulcea.ro\/wp-content\/uploads\/2026\/01\/IMG_1563-1024x1024.jpeg.webp 1024w, https:\/\/infotulcea.ro\/wp-content\/uploads\/2026\/01\/IMG_1563-250x250.jpeg.webp 250w, https:\/\/infotulcea.ro\/wp-content\/uploads\/2026\/01\/IMG_1563-768x768.jpeg.webp 768w, https:\/\/infotulcea.ro\/wp-content\/uploads\/2026\/01\/IMG_1563.jpeg.webp 1080w\" \/><img loading=\"lazy\" decoding=\"async\" width=\"500\" height=\"500\" src=\"https:\/\/infotulcea.ro\/wp-content\/uploads\/2026\/01\/IMG_1563-500x500.jpeg\" class=\"image wp-image-37932  attachment-medium size-medium\" alt title=\"Centrale pe lemne\"><\/a><\/div>\n<div id=\"media_image-18\" class=\"container-wrapper widget widget_media_image\"><a href=\"https:\/\/www.licitatia.ro\/site\/index-guest\"><img loading=\"lazy\" decoding=\"async\" width=\"500\" height=\"262\" src=\"https:\/\/infotulcea.ro\/wp-content\/uploads\/2025\/09\/licitatia-500x262.png\" class=\"image wp-image-36670  attachment-medium size-medium lazyload\" alt><img loading=\"lazy\" decoding=\"async\" width=\"500\" height=\"262\" src=\"https:\/\/infotulcea.ro\/wp-content\/uploads\/2025\/09\/licitatia-500x262.png\" class=\"image wp-image-36670  attachment-medium size-medium\" alt><\/a><\/div>\n<div id=\"media_image-27\" class=\"container-wrapper widget widget_media_image\"><a href=\"https:\/\/www.centrale-lemne-liepsnele.ro\/\"><img loading=\"lazy\" decoding=\"async\" width=\"500\" height=\"500\" src=\"https:\/\/infotulcea.ro\/wp-content\/uploads\/2025\/09\/Centrale-pe-Lemne-Liepsnele-500x500.png\" class=\"image wp-image-36541  attachment-medium size-medium lazyload\" alt=\"Centrala pe lemne\"><img loading=\"lazy\" decoding=\"async\" width=\"500\" height=\"500\" src=\"https:\/\/infotulcea.ro\/wp-content\/uploads\/2025\/09\/Centrale-pe-Lemne-Liepsnele-500x500.png\" class=\"image wp-image-36541  attachment-medium size-medium\" alt=\"Centrala pe lemne\"><\/a><\/div>\n<div id=\"media_image-28\" class=\"container-wrapper widget widget_media_image\"><a href=\"https:\/\/infotulcea.ro\/angajeaza-te-ro-platforma-ta-online-de-angajari-si-forta-de-munca\/\"><source sizes=\"(max-width: 500px) 100vw, 500px\" type=\"image\/webp\" data-srcset=\"https:\/\/infotulcea.ro\/wp-content\/uploads\/2025\/04\/banner-angajazate-1-500x305.jpg.webp 500w, https:\/\/infotulcea.ro\/wp-content\/uploads\/2025\/04\/banner-angajazate-1-1024x625.jpg.webp 1024w, https:\/\/infotulcea.ro\/wp-content\/uploads\/2025\/04\/banner-angajazate-1-768x469.jpg.webp 768w, https:\/\/infotulcea.ro\/wp-content\/uploads\/2025\/04\/banner-angajazate-1.jpg.webp 1080w\" \/><img loading=\"lazy\" decoding=\"async\" width=\"500\" height=\"305\" src=\"https:\/\/infotulcea.ro\/wp-content\/uploads\/2025\/04\/banner-angajazate-1-500x305.jpg\" class=\"image wp-image-34317  attachment-medium size-medium\" alt><\/a><\/div>\n<\/div>\n<\/aside>\n<\/div>\n<\/div>\n<div class=\"entry-content entry clearfix\">\n<p><strong>For\u021bele Navale Rom\u00e2ne vor s\u0103rb\u0103tori s\u00e2mb\u0103t\u0103, 15 august, Ziua Marinei Rom\u00e2ne, \u00een \u0219ase ora\u0219e din \u021bar\u0103, la Constan\u021ba, Mangalia, Br\u0103ila, Tulcea, Gala\u021bi \u0219i Bucure\u0219ti.<\/strong><\/p>\n<p>Centrul de greutate al activit\u0103\u021bilor va fi la Constan\u021ba, pe falez\u0103 \u0219i \u00een raionul maritim din fa\u021ba cl\u0103dirii Comandamentului Flotei, unde, \u00eencep\u00e2nd cu ora 10.00, peste 3.500 de militari rom\u00e2ni \u0219i str\u0103ini vor lua parte la ceremonia militar\u0103 \u0219i la Exerci\u021biul naval \u00eentrunit \u0219i interinstitu\u021bional FNR 26.10.<\/p>\n<p>La secven\u021bele de instruire de pe mare \u0219i din zona costier\u0103, vor participa, \u00een total, peste 50 de nave \u0219i ambarca\u021biuni, 15 aeronave militare \u0219i civile, dou\u0103 transportoare amfibii blindate \u0219i cinci piese de artilerie.<\/p>\n<p>For\u021bele Navale Rom\u00e2ne vor conduce exerci\u021biul dedicat Zilei Marinei Rom\u00e2ne \u0219i vor lua parte la acesta cu 42 de nave<img loading=\"lazy\" decoding=\"async\" class=\"wp-image-40375 alignright lazyload\" src=\"https:\/\/infotulcea.ro\/wp-content\/uploads\/2026\/08\/ziua-marinei-500x333.png\" alt width=\"541\" height=\"360\"><\/p>\n<p><img loading=\"lazy\" decoding=\"async\" class=\" wp-image-40375 alignright\" src=\"https:\/\/infotulcea.ro\/wp-content\/uploads\/2026\/08\/ziua-marinei-500x333.png\" alt width=\"541\" height=\"360\"> \u0219i ambarca\u021biuni, un elicopter IAR 330 Puma Naval \u0219i dou\u0103 transportoare amfibii blindate. La edi\u021bia din acest an, vor participa, \u00een premier\u0103, corveta \u201eContraamiral August Roman\u201d \u2013 261 \u0219i v\u00e2n\u0103torul de mine M 271 \u201eC\u0103pitan Constantin Dumitrescu\u201d, recent intrate \u00een serviciul For\u021belor Navale Rom\u00e2ne. Printre navele care se vor afla \u00een dispozitivul de pe mare, se num\u0103r\u0103 fregata \u201eM\u0103r\u0103\u0219e\u0219ti\u201d \u2013 111, fregata \u201eRegele Ferdinand\u201d \u2013 221, fregata \u201eRegina Maria\u201d \u2013 222, corveta 265 \u201eContraamiral Horia Macellariu\u201d, nava purt\u0103toare de rachete 190 \u201eL\u0103stunul\u201d, nava maritim\u0103 pentru scafandri \u201eGrigore Antipa\u201d, v\u00e2n\u0103torul de mine M 270 \u201eSublocotenent Ion Ghiculescu\u201d \u0219i dragorul maritim 30 \u201eSublocotenent Alexandru Axente\u201d.<\/p>\n<p>La exerci\u021biul FNR 26.10 vor participa \u0219i patru nave ale G\u0103rzii de Coast\u0103, dou\u0103 nave ale Agen\u021biei Rom\u00e2ne de Salvare a Vie\u021bii Omene\u0219ti pe Mare \u0219i o nav\u0103 a Inspectoratului General pentru Situa\u021bii de Urgen\u021b\u0103. Componenta aerian\u0103 na\u021bional\u0103 a exerci\u021biului va fi completat\u0103 cu trei elicoptere IAR 330 Puma, dou\u0103 aeronave F-16 Fighting Falcon \u0219i o aeronav\u0103 C 27-J Spartan ale For\u021belor Aeriene Rom\u00e2ne, un elicopter UH-60 Black Hawk al Inspectoratului General pentru Situa\u021bii de Urgen\u021b\u0103 \u0219i cinci avioane ale Aeroclubului Rom\u00e2niei.<\/p>\n<p>Participarea for\u021belor armate str\u0103ine va fi reprezentat\u0103 de dou\u0103 nave ale For\u021belor Navale ale Turciei, o fregat\u0103 \u0219i o corvet\u0103, o nav\u0103 a G\u0103rzii de Coast\u0103 a Turciei, o nav\u0103 a G\u0103rzii de Coast\u0103 a Bulgariei, dou\u0103 avioane F-18 Hornet ale For\u021belor Aeriene Spaniole din Poli\u021bia Aerian\u0103 \u00cent\u0103rit\u0103 a NATO \u0219i avionul de patrulare maritim\u0103 Atlantique 2 al Marinei Militare Franceze.<\/p>\n<p>Exerci\u021biul naval \u00eentrunit \u0219i interinstitu\u021bional \u201eFor\u021bele Navale Rom\u00e2ne 26.10\u201d va reflecta nivelul ridicat de interoperabilitate dintre structurile participante \u0219i va sublinia importan\u021ba cooper\u0103rii de la nivelul sistemului de ap\u0103rare, ordine public\u0103 \u0219i securitate na\u021bional\u0103 \u0219i cu partenerii interna\u021bionali.<\/p>\n<p>Activit\u0103\u021bile pe mare vor debuta cu tradi\u021bionala sosire a Zeului Neptun, care va trece printr-o \u201epoart\u0103 de ap\u0103\u201d realizat\u0103 de dou\u0103 remorchere maritime, timp \u00een care pe falez\u0103 vor fi desf\u0103\u0219urate jocuri marin\u0103re\u0219ti, iar, ulterior, corveta \u201eContraamiral August Roman\u201d \u2013 261 va executa salutul de deschidere a exerci\u021biului.<\/p>\n<p>FNR 26.10 va cuprinde secven\u021be de lupt\u0103 antimin\u0103, respingere a atacului avia\u021biei inamice, c\u0103utare \u0219i atac asupra submarinului inmic, respingere a unui desant maritim, combatere a migra\u021biei ilegale \u0219i c\u0103utare \u0219i salvare pe mare.<\/p>\n<p>Manifest\u0103rile dedicate Zilei Marinei Rom\u00e2ne se vor \u00eencheia, \u00een cursul serii \u00eencep\u00e2nd cu ora 20.00, cu un concert sus\u021binut de Muzica Militar\u0103 a For\u021belor Navale \u0219i retragerea cu tor\u021be a marinarilor militari, pe traseul Cazino \u2013 Pia\u021ba Ovidiu \u2013 faleza din fa\u021ba cl\u0103dirii Comandamentului Flotei. \u00cen intervalul orar 21.30-22.00, de pe digul de nord al digului Tomis, va fi sus\u021binut un spectacol de lasere \u0219i lumini, asigurat de Prim\u0103ria Municipiului Constan\u021ba.<\/p>\n<\/div>\n<div class=\"articleBody\" data-key=\"articleBody\">For\u021bele Navale Rom\u00e2ne vor s\u0103rb\u0103tori s\u00e2mb\u0103t\u0103, 15 august, Ziua Marinei Rom\u00e2ne, \u00een \u0219ase ora\u0219e din \u021bar\u0103, la Constan\u021ba, Mangalia, Br\u0103ila, Tulcea, Gala\u021bi \u0219i Bucure\u0219ti.<\/p>\n<p>Centrul de greutate al activit\u0103\u021bilor va fi la Constan\u021ba, pe falez\u0103 \u0219i \u00een raionul maritim din fa\u021ba cl\u0103dirii Comandamentului Flotei, unde, \u00eencep\u00e2nd cu ora 10.00, peste 3.500 de militari rom\u00e2ni \u0219i str\u0103ini vor lua parte la ceremonia militar\u0103 \u0219i la Exerci\u021biul naval \u00eentrunit \u0219i interinstitu\u021bional FNR 26.10.<\/p>\n<p>La secven\u021bele de instruire de pe mare \u0219i din zona costier\u0103, vor participa, \u00een total, peste 50 de nave \u0219i ambarca\u021biuni, 15 aeronave militare \u0219i civile, dou\u0103 transportoare amfibii blindate \u0219i cinci piese de artilerie.<\/p>\n<p>For\u021bele Navale Rom\u00e2ne vor conduce exerci\u021biul dedicat Zilei Marinei Rom\u00e2ne \u0219i vor lua parte la acesta cu 42 de nave \u0219i ambarca\u021biuni, un elicopter IAR 330 Puma Naval \u0219i dou\u0103 transportoare amfibii blindate. La edi\u021bia din acest an, vor participa, \u00een premier\u0103, corveta \u201eContraamiral August Roman\u201d \u2013 261 \u0219i v\u00e2n\u0103torul de mine M 271 \u201eC\u0103pitan Constantin Dumitrescu\u201d, recent intrate \u00een serviciul For\u021belor Navale Rom\u00e2ne. Printre navele care se vor afla \u00een dispozitivul de pe mare, se num\u0103r\u0103 fregata \u201eM\u0103r\u0103\u0219e\u0219ti\u201d \u2013 111, fregata \u201eRegele Ferdinand\u201d \u2013 221, fregata \u201eRegina Maria\u201d \u2013 222, corveta 265 \u201eContraamiral Horia Macellariu\u201d, nava purt\u0103toare de rachete 190 \u201eL\u0103stunul\u201d, nava maritim\u0103 pentru scafandri \u201eGrigore Antipa\u201d, v\u00e2n\u0103torul de mine M 270 \u201eSublocotenent Ion Ghiculescu\u201d \u0219i dragorul maritim 30 \u201eSublocotenent Alexandru Axente\u201d.<\/p>\n<p>La exerci\u021biul FNR 26.10 vor participa \u0219i patru nave ale G\u0103rzii de Coast\u0103, dou\u0103 nave ale Agen\u021biei Rom\u00e2ne de Salvare a Vie\u021bii Omene\u0219ti pe Mare \u0219i o nav\u0103 a Inspectoratului General pentru Situa\u021bii de Urgen\u021b\u0103. Componenta aerian\u0103 na\u021bional\u0103 a exerci\u021biului va fi completat\u0103 cu trei elicoptere IAR 330 Puma, dou\u0103 aeronave F-16 Fighting Falcon \u0219i o aeronav\u0103 C 27-J Spartan ale For\u021belor Aeriene Rom\u00e2ne, un elicopter UH-60 Black Hawk al Inspectoratului General pentru Situa\u021bii de Urgen\u021b\u0103 \u0219i cinci avioane ale Aeroclubului Rom\u00e2niei.<\/p>\n<p>Participarea for\u021belor armate str\u0103ine va fi reprezentat\u0103 de dou\u0103 nave ale For\u021belor Navale ale Turciei, o fregat\u0103 \u0219i o corvet\u0103, o nav\u0103 a G\u0103rzii de Coast\u0103 a Turciei, o nav\u0103 a G\u0103rzii de Coast\u0103 a Bulgariei, dou\u0103 avioane F-18 Hornet ale For\u021belor Aeriene Spaniole din Poli\u021bia Aerian\u0103 \u00cent\u0103rit\u0103 a NATO \u0219i avionul de patrulare maritim\u0103 Atlantique 2 al Marinei Militare Franceze.<\/p>\n<p>Exerci\u021biul naval \u00eentrunit \u0219i interinstitu\u021bional \u201eFor\u021bele Navale Rom\u00e2ne 26.10\u201d va reflecta nivelul ridicat de interoperabilitate dintre structurile participante \u0219i va sublinia importan\u021ba cooper\u0103rii de la nivelul sistemului de ap\u0103rare, ordine public\u0103 \u0219i securitate na\u021bional\u0103 \u0219i cu partenerii interna\u021bionali.<\/p>\n<p>Activit\u0103\u021bile pe mare vor debuta cu tradi\u021bionala sosire a Zeului Neptun, care va trece printr-o \u201epoart\u0103 de ap\u0103\u201d realizat\u0103 de dou\u0103 remorchere maritime, timp \u00een care pe falez\u0103 vor fi desf\u0103\u0219urate jocuri marin\u0103re\u0219ti, iar, ulterior, corveta \u201eContraamiral August Roman\u201d \u2013 261 va executa salutul de deschidere a exerci\u021biului.<\/p>\n<p>FNR 26.10 va cuprinde secven\u021be de lupt\u0103 antimin\u0103, respingere a atacului avia\u021biei inamice, c\u0103utare \u0219i atac asupra submarinului inmic, respingere a unui desant maritim, combatere a migra\u021biei ilegale \u0219i c\u0103utare \u0219i salvare pe mare.<\/p>\n<p>Manifest\u0103rile dedicate Zilei Marinei Rom\u00e2ne se vor \u00eencheia, \u00een cursul serii \u00eencep\u00e2nd cu ora 20.00, cu un concert sus\u021binut de Muzica Militar\u0103 a For\u021belor Navale \u0219i retragerea cu tor\u021be a marinarilor militari, pe traseul Cazino \u2013 Pia\u021ba Ovidiu \u2013 faleza din fa\u021ba cl\u0103dirii Comandamentului Flotei. \u00cen intervalul orar 21.30-22.00, de pe digul de nord al digului Tomis, va fi sus\u021binut un spectacol de lasere \u0219i lumini, asigurat de Prim\u0103ria Municipiului Constan\u021ba.<\/p><\/div>\n<p>[analyse_source url=&#8221;https:\/\/infotulcea.ro\/ziua-marinei-romane-sarbatorita-la-constanta-printr-un-amplu-exercitiu-naval\/&#8221;]<\/p>\n","protected":false},"excerpt":{"rendered":"<p>[analyse_image type=&#8221;featured&#8221; src=&#8221;https:\/\/infotulcea.ro\/wp-content\/uploads\/2026\/08\/ziua-marinei.pnghttps:\/\/infotulcea.ro\/wp-content\/uploads\/2026\/08\/ziua-marinei.png&#8221;] Home\/Comunicate\/Ziua Marinei Rom\u00e2ne, s\u0103rb\u0103torit\u0103 la Constan\u021ba printr-un amplu exerci\u021biu naval Comunicate Ziua Marinei Rom\u00e2ne, s\u0103rb\u0103torit\u0103 la Constan\u021ba printr-un amplu exerci\u021biu naval Redactia12 august 2026 0 432 2 minutes read For\u021bele Navale Rom\u00e2ne vor s\u0103rb\u0103tori s\u00e2mb\u0103t\u0103, 15 august, Ziua Marinei Rom\u00e2ne, \u00een \u0219ase ora\u0219e din \u021bar\u0103, la Constan\u021ba, Mangalia, Br\u0103ila, Tulcea, Gala\u021bi \u0219i [&hellip;]<\/p>\n","protected":false},"author":1,"featured_media":0,"comment_status":"open","ping_status":"","sticky":false,"template":"","format":"standard","meta":{"footnotes":""},"categories":[89],"tags":[226,221],"class_list":["post-2097676","post","type-post","status-publish","format-standard","hentry","category-romania","tag-crawlmanager","tag-infotulcea-ro"],"_links":{"self":[{"href":"https:\/\/analyse.optim.biz\/index.php?rest_route=\/wp\/v2\/posts\/2097676","targetHints":{"allow":["GET"]}}],"collection":[{"href":"https:\/\/analyse.optim.biz\/index.php?rest_route=\/wp\/v2\/posts"}],"about":[{"href":"https:\/\/analyse.optim.biz\/index.php?rest_route=\/wp\/v2\/types\/post"}],"author":[{"embeddable":true,"href":"https:\/\/analyse.optim.biz\/index.php?rest_route=\/wp\/v2\/users\/1"}],"replies":[{"embeddable":true,"href":"https:\/\/analyse.optim.biz\/index.php?rest_route=%2Fwp%2Fv2%2Fcomments&post=2097676"}],"version-history":[{"count":0,"href":"https:\/\/analyse.optim.biz\/index.php?rest_route=\/wp\/v2\/posts\/2097676\/revisions"}],"wp:attachment":[{"href":"https:\/\/analyse.optim.biz\/index.php?rest_route=%2Fwp%2Fv2%2Fmedia&parent=2097676"}],"wp:term":[{"taxonomy":"category","embeddable":true,"href":"https:\/\/analyse.optim.biz\/index.php?rest_route=%2Fwp%2Fv2%2Fcategories&post=2097676"},{"taxonomy":"post_tag","embeddable":true,"href":"https:\/\/analyse.optim.biz\/index.php?rest_route=%2Fwp%2Fv2%2Ftags&post=2097676"}],"curies":[{"name":"wp","href":"https:\/\/api.w.org\/{rel}","templated":true}]}}