{"id":2097675,"date":"2026-08-17T14:04:53","date_gmt":"2026-08-17T11:04:53","guid":{"rendered":"https:\/\/analyse.optim.biz\/?p=2097675"},"modified":"2026-08-17T14:04:53","modified_gmt":"2026-08-17T11:04:53","slug":"zilele-culturii-maghiare-revin-la-timisoara-halasz-judit-invitata-de-onoare","status":"publish","type":"post","link":"https:\/\/analyse.optim.biz\/?p=2097675","title":{"rendered":"Zilele Culturii Maghiare revin la Timi\u0219oara. Hal\u00e1sz Judit, invitat\u0103 de onoare"},"content":{"rendered":"<p>[analyse_image type=&#8221;featured&#8221; src=&#8221;https:\/\/www.tion.ro\/wp-content\/uploads\/2026\/08\/+otf\/1200&#215;630\/6959883zileleculturiimaghiare1.jpg&#8221;]<\/p>\n<article id=\"post-2334723\" class>\n<div class=\"entry-content clearfix\">\n<div class=\"enewsArticleContent\">\n<p>Centrul Timi\u0219oarei va deveni, timp de patru zile, locul de \u00eent\u00e2lnire al culturii maghiare cu publicul timi\u0219orean \u0219i cu turi\u0219tii. Organizatorii au preg\u0103tit concerte, spectacole, dansuri populare, expozi\u021bii, programe pentru copii \u0219i tineri, gastronomie \u0219i un t\u00e2rg me\u0219te\u0219ug\u0103resc.<\/p>\n<p>Festivalul debuteaz\u0103 joi, 24 septembrie, de la ora 18.00, \u00een sala mare a Teatrului Na\u021bional Timi\u0219oara, cu un spectacol de gal\u0103 al c\u0103rui invitat special este Hal\u00e1sz Judit, una dintre cele mai iubite actri\u021be \u0219i c\u00e2nt\u0103re\u021be din Ungaria. \u00cen v\u00e2rst\u0103 de 83 de ani, artista are o carier\u0103 impresionant\u0103, cu peste 60 de filme \u0219i numeroase roluri \u00een teatru \u0219i televiziune. Pentru publicul maghiar este \u00eens\u0103 cunoscut\u0103 \u00een special pentru c\u00e2ntecele \u0219i poeziile dedicate copiilor. Albumele sale pentru cei mici s-au v\u00e2ndut \u00een peste 1,5 milioane de exemplare.<\/p>\n<p>Muzica va ocupa un loc important \u00een programul edi\u021biei din acest an. S\u00e2mb\u0103t\u0103, de la ora 20.00, pe scena din Pia\u021ba Victoriei va urca Bagossy Brothers Company, una dintre forma\u021biile cunoscute ale scenei muzicale maghiare contemporane. Duminic\u0103, tot de la ora 20.00, publicul este invitat la concertul sus\u021binut de Neoton Fam\u00edlia, una dintre trupele emblematice ale muzicii pop maghiare.<\/p>\n<p>Ziua de vineri va fi dedicat\u0103 tradi\u021biilor, muzicii \u0219i dansurilor populare. Pe scena din Pia\u021ba Victoriei va c\u00e2nta Bekecs Zenekar, forma\u021bie de muzic\u0103 tradi\u021bional\u0103 maghiar\u0103 din Transilvania, cunoscut\u0103 at\u00e2t pentru concertele de folclor, c\u00e2t \u0219i pentru acompaniamentul spectacolelor de dans popular.<\/p>\n<h3><strong>Casa Maghiar\u0103, pentru prima dat\u0103 \u00een program<\/strong><\/h3>\n<p>Una dintre principalele nout\u0103\u021bi ale edi\u021biei a XI-a este includerea Casei Maghiare \u00een circuitul festivalului. Cl\u0103direa, recent renovat\u0103, va g\u0103zdui pentru prima dat\u0103 evenimente din cadrul Zilelor Culturii Maghiare. Potrivit organizatorilor, partea nou\u0103 a imobilului, construit\u0103 \u00een anii \u201960, a fost aproape complet re\u00eennoit\u0103. Noua sal\u0103 mare are o capacitate de aproximativ 150 de spectatori, iar alte trei s\u0103li mai mici vor permite organizarea unor evenimente diverse.<\/p>\n<blockquote>\n<p>\u201eAnul acesta, pentru prima dat\u0103 vom include \u0219i Casa Maghiar\u0103 \u00een Zilele Maghiare. P\u00e2n\u0103 acum nu s-a reu\u0219it, pentru c\u0103 era \u0219antier \u0219i lucr\u0103rile erau \u00een toi\u201d, a declarat K\u00e1sa Zsolt, directorul executiv al Asocia\u021biei Bastion \u2013 Varbastya.<\/p>\n<\/blockquote>\n<p>\u00cen noul spa\u021biu sunt programate degust\u0103ri de vinuri, evenimente pentru tineri, expozi\u021bii, concerte de dimensiuni mai mici \u0219i zile \u00een care timi\u0219orenii vor putea vizita cl\u0103direa.<\/p>\n<p>Evenimentele se vor desf\u0103\u0219ura \u00een mai multe zone din centrul ora\u0219ului. Scena principal\u0103 va fi amplasat\u0103 \u00een Pia\u021ba Victoriei, \u00een timp ce zona gastronomic\u0103 va fi amenajat\u0103 \u00een parcarea Modex \u0219i \u00een Pia\u021ba Libert\u0103\u021bii.<\/p>\n<p>Tot \u00een Pia\u021ba Libert\u0103\u021bii va avea loc t\u00e2rgul me\u0219te\u0219ug\u0103resc, la care sunt a\u0219tepta\u021bi aproximativ 70 de comercian\u021bi, care \u00ee\u0219i vor prezenta produsele. \u00cen acest an, festivalul ajunge \u0219i \u00een Pia\u021ba Sf\u00e2ntul Gheorghe, unde sunt preg\u0103tite mai multe evenimente.<\/p>\n<p>Sportul nu lipse\u0219te nici el din program. Organizatorii preg\u0103tesc o \u00eent\u00e2lnire cu publicul dedicat\u0103 fo\u0219tilor juc\u0103tori maghiari ai legendarei echipe de fotbal Poli Timi\u0219oara.<\/p>\n<p>Printre invita\u021bi se va num\u0103ra \u0219i Emerich Dembroschi, unul dintre numele importante din istoria fotbalului timi\u0219orean.<\/p>\n<p>Zilele Culturii Maghiare din Timi\u0219oara au ajuns la cea de-a XI-a edi\u021bie dup\u0103 un proiect care \u0219i-a propus s\u0103 scoat\u0103 cultura maghiar\u0103 din spa\u021biile conven\u021bionale \u0219i s\u0103 o aduc\u0103 \u00een mijlocul ora\u0219ului.<\/p>\n<blockquote>\n<p>\u201eNoi nu aveam un festival care s\u0103 ias\u0103 \u00een strad\u0103. Aveam evenimente cu programe \u00een sal\u0103 \u0219i, \u00een special, pentru maghiari. Minoritatea maghiar\u0103 nu s-a prezentat \u00een centrul ora\u0219ului \u0219i \u00een fa\u021ba celorlal\u021bi locuitori sau a turi\u0219tilor. Atunci ne-am pus problema c\u0103 ar trebui s\u0103 organiz\u0103m ceva cu care s\u0103 ne prezent\u0103m \u00eentregii comunit\u0103\u021bi. A\u0219a a venit ideea\u201d, a explicat K\u00e1sa Zsolt.<\/p>\n<\/blockquote>\n<p>Potrivit acestuia, festivalul a crescut de la an la an, iar includerea unor noi spa\u021bii \u0219i extinderea programului sunt parte din evolu\u021bia evenimentului.<\/p>\n<p>Edi\u021bia din 2026 este cea de-a treia organizat\u0103 \u00een cadrul proiectului \u201eEdi\u021bie f\u0103r\u0103 frontier\u0103\u201d, finan\u021bat prin programul \u201eRepere \u00een cultur\u0103\u201d al Centrului de Proiecte al Municipiului Timi\u0219oara.<\/p>\n<p>Proiectul este finan\u021bat de Municipiul Timi\u0219oara, prin Centrul de Proiecte Timi\u0219oara, \u00een cadrul programului \u201eRepere \u00een cultur\u0103 pentru perioada 2014\u20132027\u201d. Evenimentul beneficiaz\u0103, de asemenea, de sprijin financiar din partea statului maghiar, prin Funda\u021bia Bethlen G\u00e1bor \u0219i Funda\u021bia Mol.<\/p>\n<p>\u00centre 24 \u0219i 27 septembrie, Timi\u0219oara este, astfel, invitat\u0103 la o nou\u0103 \u00eent\u00e2lnire cu muzica, tradi\u021biile, gastronomia \u0219i cultura maghiar\u0103, \u00eentr-un festival care \u00ee\u0219i propune s\u0103 aduc\u0103 \u00eempreun\u0103 comunit\u0103\u021bi \u0219i genera\u021bii diferite.<\/p>\n<div class=\"fbShareLikeTwitterAndEmailContainer\">\n<div class=\"wrapper\">\n<div class=\"email\">\n<div id=\"mailto-pop\" class=\"pop-form pop-form-mailto\">\n<div class=\"pop-form-header\">\n<h4>Trimite articolul<\/h4>\n<p><a class=\"pop-form-close\">X<\/a><\/div>\n<\/div>\n<\/div>\n<\/div>\n<\/div>\n<div class=\"tagsContainer\">\n<div class=\"tagsLabel\">Taguri:<\/div>\n<div class=\"tags\">\n<div class=\"tag\"><a href=\"https:\/\/www.tion.ro\/cimke\/casa-maghiara\" rel=\"tag\"><span class=\"link\">casa maghiara<\/span><span class=\"separator\">,<\/span><\/a><\/div>\n<div class=\"tag\"><a href=\"https:\/\/www.tion.ro\/cimke\/timisoara\" rel=\"tag\"><span class=\"link\">timisoara<\/span><span class=\"separator\">,<\/span><\/a><\/div>\n<div class=\"tag\"><a href=\"https:\/\/www.tion.ro\/cimke\/zilele-culturii-maghiare\" rel=\"tag\"><span class=\"link\">zilele culturii maghiare<\/span><\/a><\/div>\n<\/div>\n<\/div>\n<div class=\"comments\">\n<div class=\"top\">\n<div class=\"commentsNumber\"><span class=\"number\">0<\/span><span class=\"text\">Comentarii<\/span><\/div>\n<\/div>\n<div class=\"center\">\n<div id=\"respond\" class=\"comment-respond\">\n<h3 id=\"reply-title\" class=\"comment-reply-title\"><small><a rel=\"nofollow\" id=\"cancel-comment-reply-link\" href=\"https:\/\/www.tion.ro\/capitala-culturala\/zilele-culturii-maghiare-revin-la-timisoara-halasz-judit-invitata-de-onoare-2334723\/#respond\">Cancel reply<\/a><\/small><\/h3>\n<p class=\"comment-notes\"><span id=\"email-notes\">Your email address will not be published.<\/span><span class=\"required-field-message\">Required fields are marked <span class=\"required\">*<\/span><\/span><\/p>\n<p class=\"commentFormComment\"><span id=\"commentFormCount\"><br \/>\n                            inca<br \/>\n                            <span id=\"countCommentText\">1000<\/span><br \/>\n                            caractere ramase<br \/>\n                        <\/span><\/p>\n<\/div>\n<\/div>\n<div class=\"bottom\">\n<p class=\"forumDisclaimerHuRo\">\n            Citi\u021bi principiile noastre de moderare <a href=\"https:\/\/www.tion.ro\/reguli-postare-comentarii\/\" target=\"_blank\">aici<\/a>!\n        <\/p>\n<\/div>\n<\/div>\n<\/div>\n<\/div>\n<\/article>\n<div class=\"entry-content clearfix\">\n<div class=\"enewsArticleContent\">\n<p>Centrul Timi\u0219oarei va deveni, timp de patru zile, locul de \u00eent\u00e2lnire al culturii maghiare cu publicul timi\u0219orean \u0219i cu turi\u0219tii. Organizatorii au preg\u0103tit concerte, spectacole, dansuri populare, expozi\u021bii, programe pentru copii \u0219i tineri, gastronomie \u0219i un t\u00e2rg me\u0219te\u0219ug\u0103resc.<\/p>\n<p>Festivalul debuteaz\u0103 joi, 24 septembrie, de la ora 18.00, \u00een sala mare a Teatrului Na\u021bional Timi\u0219oara, cu un spectacol de gal\u0103 al c\u0103rui invitat special este Hal\u00e1sz Judit, una dintre cele mai iubite actri\u021be \u0219i c\u00e2nt\u0103re\u021be din Ungaria. \u00cen v\u00e2rst\u0103 de 83 de ani, artista are o carier\u0103 impresionant\u0103, cu peste 60 de filme \u0219i numeroase roluri \u00een teatru \u0219i televiziune. Pentru publicul maghiar este \u00eens\u0103 cunoscut\u0103 \u00een special pentru c\u00e2ntecele \u0219i poeziile dedicate copiilor. Albumele sale pentru cei mici s-au v\u00e2ndut \u00een peste 1,5 milioane de exemplare.<\/p>\n<p>Muzica va ocupa un loc important \u00een programul edi\u021biei din acest an. S\u00e2mb\u0103t\u0103, de la ora 20.00, pe scena din Pia\u021ba Victoriei va urca Bagossy Brothers Company, una dintre forma\u021biile cunoscute ale scenei muzicale maghiare contemporane. Duminic\u0103, tot de la ora 20.00, publicul este invitat la concertul sus\u021binut de Neoton Fam\u00edlia, una dintre trupele emblematice ale muzicii pop maghiare.<\/p>\n<p>Ziua de vineri va fi dedicat\u0103 tradi\u021biilor, muzicii \u0219i dansurilor populare. Pe scena din Pia\u021ba Victoriei va c\u00e2nta Bekecs Zenekar, forma\u021bie de muzic\u0103 tradi\u021bional\u0103 maghiar\u0103 din Transilvania, cunoscut\u0103 at\u00e2t pentru concertele de folclor, c\u00e2t \u0219i pentru acompaniamentul spectacolelor de dans popular.<\/p>\n<h3><strong>Casa Maghiar\u0103, pentru prima dat\u0103 \u00een program<\/strong><\/h3>\n<p>Una dintre principalele nout\u0103\u021bi ale edi\u021biei a XI-a este includerea Casei Maghiare \u00een circuitul festivalului. Cl\u0103direa, recent renovat\u0103, va g\u0103zdui pentru prima dat\u0103 evenimente din cadrul Zilelor Culturii Maghiare. Potrivit organizatorilor, partea nou\u0103 a imobilului, construit\u0103 \u00een anii \u201960, a fost aproape complet re\u00eennoit\u0103. Noua sal\u0103 mare are o capacitate de aproximativ 150 de spectatori, iar alte trei s\u0103li mai mici vor permite organizarea unor evenimente diverse.<\/p>\n<blockquote>\n<p>\u201eAnul acesta, pentru prima dat\u0103 vom include \u0219i Casa Maghiar\u0103 \u00een Zilele Maghiare. P\u00e2n\u0103 acum nu s-a reu\u0219it, pentru c\u0103 era \u0219antier \u0219i lucr\u0103rile erau \u00een toi\u201d, a declarat K\u00e1sa Zsolt, directorul executiv al Asocia\u021biei Bastion \u2013 Varbastya.<\/p>\n<\/blockquote>\n<p>\u00cen noul spa\u021biu sunt programate degust\u0103ri de vinuri, evenimente pentru tineri, expozi\u021bii, concerte de dimensiuni mai mici \u0219i zile \u00een care timi\u0219orenii vor putea vizita cl\u0103direa.<\/p>\n<p>Evenimentele se vor desf\u0103\u0219ura \u00een mai multe zone din centrul ora\u0219ului. Scena principal\u0103 va fi amplasat\u0103 \u00een Pia\u021ba Victoriei, \u00een timp ce zona gastronomic\u0103 va fi amenajat\u0103 \u00een parcarea Modex \u0219i \u00een Pia\u021ba Libert\u0103\u021bii.<\/p>\n<p>Tot \u00een Pia\u021ba Libert\u0103\u021bii va avea loc t\u00e2rgul me\u0219te\u0219ug\u0103resc, la care sunt a\u0219tepta\u021bi aproximativ 70 de comercian\u021bi, care \u00ee\u0219i vor prezenta produsele. \u00cen acest an, festivalul ajunge \u0219i \u00een Pia\u021ba Sf\u00e2ntul Gheorghe, unde sunt preg\u0103tite mai multe evenimente.<\/p>\n<p>Sportul nu lipse\u0219te nici el din program. Organizatorii preg\u0103tesc o \u00eent\u00e2lnire cu publicul dedicat\u0103 fo\u0219tilor juc\u0103tori maghiari ai legendarei echipe de fotbal Poli Timi\u0219oara.<\/p>\n<p>Printre invita\u021bi se va num\u0103ra \u0219i Emerich Dembroschi, unul dintre numele importante din istoria fotbalului timi\u0219orean.<\/p>\n<p>Zilele Culturii Maghiare din Timi\u0219oara au ajuns la cea de-a XI-a edi\u021bie dup\u0103 un proiect care \u0219i-a propus s\u0103 scoat\u0103 cultura maghiar\u0103 din spa\u021biile conven\u021bionale \u0219i s\u0103 o aduc\u0103 \u00een mijlocul ora\u0219ului.<\/p>\n<blockquote>\n<p>\u201eNoi nu aveam un festival care s\u0103 ias\u0103 \u00een strad\u0103. Aveam evenimente cu programe \u00een sal\u0103 \u0219i, \u00een special, pentru maghiari. Minoritatea maghiar\u0103 nu s-a prezentat \u00een centrul ora\u0219ului \u0219i \u00een fa\u021ba celorlal\u021bi locuitori sau a turi\u0219tilor. Atunci ne-am pus problema c\u0103 ar trebui s\u0103 organiz\u0103m ceva cu care s\u0103 ne prezent\u0103m \u00eentregii comunit\u0103\u021bi. A\u0219a a venit ideea\u201d, a explicat K\u00e1sa Zsolt.<\/p>\n<\/blockquote>\n<p>Potrivit acestuia, festivalul a crescut de la an la an, iar includerea unor noi spa\u021bii \u0219i extinderea programului sunt parte din evolu\u021bia evenimentului.<\/p>\n<p>Edi\u021bia din 2026 este cea de-a treia organizat\u0103 \u00een cadrul proiectului \u201eEdi\u021bie f\u0103r\u0103 frontier\u0103\u201d, finan\u021bat prin programul \u201eRepere \u00een cultur\u0103\u201d al Centrului de Proiecte al Municipiului Timi\u0219oara.<\/p>\n<p>Proiectul este finan\u021bat de Municipiul Timi\u0219oara, prin Centrul de Proiecte Timi\u0219oara, \u00een cadrul programului \u201eRepere \u00een cultur\u0103 pentru perioada 2014\u20132027\u201d. Evenimentul beneficiaz\u0103, de asemenea, de sprijin financiar din partea statului maghiar, prin Funda\u021bia Bethlen G\u00e1bor \u0219i Funda\u021bia Mol.<\/p>\n<p>\u00centre 24 \u0219i 27 septembrie, Timi\u0219oara este, astfel, invitat\u0103 la o nou\u0103 \u00eent\u00e2lnire cu muzica, tradi\u021biile, gastronomia \u0219i cultura maghiar\u0103, \u00eentr-un festival care \u00ee\u0219i propune s\u0103 aduc\u0103 \u00eempreun\u0103 comunit\u0103\u021bi \u0219i genera\u021bii diferite.<\/p>\n<div class=\"fbShareLikeTwitterAndEmailContainer\">\n<div class=\"wrapper\">\n<div class=\"email\">\n<div id=\"mailto-pop\" class=\"pop-form pop-form-mailto\">\n<div class=\"pop-form-header\">\n<h4>Trimite articolul<\/h4>\n<p><a class=\"pop-form-close\">X<\/a><\/div>\n<\/div>\n<\/div>\n<\/div>\n<\/div>\n<div class=\"tagsContainer\">\n<div class=\"tagsLabel\">Taguri:<\/div>\n<div class=\"tags\">\n<div class=\"tag\"><a href=\"https:\/\/www.tion.ro\/cimke\/casa-maghiara\" rel=\"tag\"><span class=\"link\">casa maghiara<\/span><span class=\"separator\">,<\/span><\/a><\/div>\n<div class=\"tag\"><a href=\"https:\/\/www.tion.ro\/cimke\/timisoara\" rel=\"tag\"><span class=\"link\">timisoara<\/span><span class=\"separator\">,<\/span><\/a><\/div>\n<div class=\"tag\"><a href=\"https:\/\/www.tion.ro\/cimke\/zilele-culturii-maghiare\" rel=\"tag\"><span class=\"link\">zilele culturii maghiare<\/span><\/a><\/div>\n<\/div>\n<\/div>\n<div class=\"comments\">\n<div class=\"top\">\n<div class=\"commentsNumber\"><span class=\"number\">0<\/span><span class=\"text\">Comentarii<\/span><\/div>\n<\/div>\n<div class=\"center\">\n<div id=\"respond\" class=\"comment-respond\">\n<h3 id=\"reply-title\" class=\"comment-reply-title\"><small><a rel=\"nofollow\" id=\"cancel-comment-reply-link\" href=\"https:\/\/www.tion.ro\/capitala-culturala\/zilele-culturii-maghiare-revin-la-timisoara-halasz-judit-invitata-de-onoare-2334723\/#respond\">Cancel reply<\/a><\/small><\/h3>\n<p class=\"comment-notes\"><span id=\"email-notes\">Your email address will not be published.<\/span><span class=\"required-field-message\">Required fields are marked <span class=\"required\">*<\/span><\/span><\/p>\n<p class=\"commentFormComment\"><span id=\"commentFormCount\"><br \/>\n                            inca<br \/>\n                            <span id=\"countCommentText\">1000<\/span><br \/>\n                            caractere ramase<br \/>\n                        <\/span><\/p>\n<\/div>\n<\/div>\n<div class=\"bottom\">\n<p class=\"forumDisclaimerHuRo\">\n            Citi\u021bi principiile noastre de moderare <a href=\"https:\/\/www.tion.ro\/reguli-postare-comentarii\/\" target=\"_blank\">aici<\/a>!\n        <\/p>\n<\/div>\n<\/div>\n<\/div>\n<\/div>\n<p>[analyse_source url=&#8221;https:\/\/www.tion.ro\/capitala-culturala\/zilele-culturii-maghiare-revin-la-timisoara-halasz-judit-invitata-de-onoare-2334723\/&#8221;]<\/p>\n","protected":false},"excerpt":{"rendered":"<p>[analyse_image type=&#8221;featured&#8221; src=&#8221;https:\/\/www.tion.ro\/wp-content\/uploads\/2026\/08\/+otf\/1200&#215;630\/6959883zileleculturiimaghiare1.jpg&#8221;] Centrul Timi\u0219oarei va deveni, timp de patru zile, locul de \u00eent\u00e2lnire al culturii maghiare cu publicul timi\u0219orean \u0219i cu turi\u0219tii. Organizatorii au preg\u0103tit concerte, spectacole, dansuri populare, expozi\u021bii, programe pentru copii \u0219i tineri, gastronomie \u0219i un t\u00e2rg me\u0219te\u0219ug\u0103resc. Festivalul debuteaz\u0103 joi, 24 septembrie, de la ora 18.00, \u00een sala mare a Teatrului [&hellip;]<\/p>\n","protected":false},"author":1,"featured_media":0,"comment_status":"open","ping_status":"","sticky":false,"template":"","format":"standard","meta":{"footnotes":""},"categories":[89],"tags":[226,191],"class_list":["post-2097675","post","type-post","status-publish","format-standard","hentry","category-romania","tag-crawlmanager","tag-tion-ro"],"_links":{"self":[{"href":"https:\/\/analyse.optim.biz\/index.php?rest_route=\/wp\/v2\/posts\/2097675","targetHints":{"allow":["GET"]}}],"collection":[{"href":"https:\/\/analyse.optim.biz\/index.php?rest_route=\/wp\/v2\/posts"}],"about":[{"href":"https:\/\/analyse.optim.biz\/index.php?rest_route=\/wp\/v2\/types\/post"}],"author":[{"embeddable":true,"href":"https:\/\/analyse.optim.biz\/index.php?rest_route=\/wp\/v2\/users\/1"}],"replies":[{"embeddable":true,"href":"https:\/\/analyse.optim.biz\/index.php?rest_route=%2Fwp%2Fv2%2Fcomments&post=2097675"}],"version-history":[{"count":0,"href":"https:\/\/analyse.optim.biz\/index.php?rest_route=\/wp\/v2\/posts\/2097675\/revisions"}],"wp:attachment":[{"href":"https:\/\/analyse.optim.biz\/index.php?rest_route=%2Fwp%2Fv2%2Fmedia&parent=2097675"}],"wp:term":[{"taxonomy":"category","embeddable":true,"href":"https:\/\/analyse.optim.biz\/index.php?rest_route=%2Fwp%2Fv2%2Fcategories&post=2097675"},{"taxonomy":"post_tag","embeddable":true,"href":"https:\/\/analyse.optim.biz\/index.php?rest_route=%2Fwp%2Fv2%2Ftags&post=2097675"}],"curies":[{"name":"wp","href":"https:\/\/api.w.org\/{rel}","templated":true}]}}