{"id":2097673,"date":"2026-08-12T09:37:11","date_gmt":"2026-08-12T06:37:11","guid":{"rendered":"https:\/\/analyse.optim.biz\/?p=2097673"},"modified":"2026-08-12T09:37:11","modified_gmt":"2026-08-12T06:37:11","slug":"pescuit-prin-metode-ilegale-depistat-de-politistii-de-frontiera-ai-garzii-de-coasta","status":"publish","type":"post","link":"https:\/\/analyse.optim.biz\/?p=2097673","title":{"rendered":"Pescuit prin metode ilegale, depistat de poli\u021bi\u0219tii de frontier\u0103 ai G\u0103rzii de Coast\u0103"},"content":{"rendered":"<p>[analyse_image type=&#8221;featured&#8221; src=&#8221;https:\/\/infotulcea.ro\/wp-content\/uploads\/2026\/08\/garda-de-coasta-1.jpeghttps:\/\/infotulcea.ro\/wp-content\/uploads\/2026\/08\/garda-de-coasta-1.jpeg&#8221;]<\/p>\n<div id=\"content\" class=\"site-content container\">\n<div id=\"main-content-row\" class=\"tie-row main-content-row\">\n<div class=\"main-content tie-col-md-8 tie-col-xs-12\" role=\"main\">\n<article id=\"the-post\" class=\"container-wrapper post-content tie-standard\">\n<header class=\"entry-header-outer\">\n<nav id=\"breadcrumb\"><a href=\"https:\/\/infotulcea.ro\/\"> Home<\/a><em class=\"delimiter\">\/<\/em><a href=\"https:\/\/infotulcea.ro\/categorie\/comunicate\/\">Comunicate<\/a><em class=\"delimiter\">\/<\/em><span class=\"current\">Pescuit prin metode ilegale, depistat de poli\u021bi\u0219tii de frontier\u0103 ai G\u0103rzii de Coast\u0103<\/span><\/nav>\n<div class=\"entry-header\"><span class=\"post-cat-wrap\"><a class=\"post-cat tie-cat-35\" href=\"https:\/\/infotulcea.ro\/categorie\/comunicate\/\">Comunicate<\/a><\/span><\/p>\n<h1 class=\"post-title entry-title\">\n\t\t\tPescuit prin metode ilegale, depistat de poli\u021bi\u0219tii de frontier\u0103 ai G\u0103rzii de Coast\u0103\t\t<\/h1>\n<div class=\"single-post-meta post-meta clearfix\"><span class=\"author-meta single-author no-avatars\"><span class=\"meta-item meta-author-wrapper meta-author-9\"><span class=\"meta-author\"><a href=\"https:\/\/infotulcea.ro\/author\/redactia-2\/\" class=\"author-name tie-icon\" title=\"Redactia\">Redactia<\/a><\/span><\/span><\/span><span class=\"date meta-item tie-icon\">12 august 2026<\/span><\/p>\n<div class=\"tie-alignright\"><span class=\"meta-comment tie-icon meta-item fa-before\">0<\/span><span class=\"meta-views meta-item \"> 465 <\/span><span class=\"meta-reading-time meta-item\"> 1 minute read<\/span><\/div>\n<\/div>\n<\/div>\n<\/header>\n<div class=\"entry-content entry clearfix\">\n<p><strong>Poli\u021bi\u0219tii de frontier\u0103 din cadrul G\u0103rzii de Coast\u0103 au depistat, \u00een urma unei ac\u021biuni desf\u0103\u0219urate \u00een zona de competen\u021b\u0103, un pescador sub pavilion rom\u00e2nesc care pescuia cu o metod\u0103 interzis\u0103 \u00een apropierea \u021b\u0103rmului.<\/strong><\/p>\n<p>\u00cen data de 12.08.2026, poli\u021bi\u0219tii de frontier\u0103 din cadrul Grupului de Nave Sulina au interceptat un pescador sub<source sizes=\"(max-width: 486px) 100vw, 486px\" type=\"image\/webp\" data-srcset=\"https:\/\/infotulcea.ro\/wp-content\/uploads\/2026\/08\/garda-de-coasta-1-500x313.jpeg.webp 500w, https:\/\/infotulcea.ro\/wp-content\/uploads\/2026\/08\/garda-de-coasta-1-1024x640.jpeg.webp 1024w, https:\/\/infotulcea.ro\/wp-content\/uploads\/2026\/08\/garda-de-coasta-1-768x480.jpeg.webp 768w, https:\/\/infotulcea.ro\/wp-content\/uploads\/2026\/08\/garda-de-coasta-1.jpeg.webp 1080w\" \/><\/p>\n<p><img loading=\"lazy\" decoding=\"async\" class=\" wp-image-40368 alignright\" src=\"https:\/\/infotulcea.ro\/wp-content\/uploads\/2026\/08\/garda-de-coasta-1-500x313.jpeg\" alt width=\"486\" height=\"304\"> pavilion rom\u00e2nesc care desf\u0103\u0219ura activit\u0103\u021bi de pescuit la aproximativ 8 metri ad\u00e2ncime, \u00een zona maritim\u0103 de coast\u0103, folosind metoda traul\u0103rii.<br \/>\nTraularea este o metod\u0103 de pescuit industrial prin care o nav\u0103 tracteaz\u0103 o plas\u0103 de mari dimensiuni prin ap\u0103 sau pe fundul m\u0103rii. Deoarece aceast\u0103 tehnic\u0103 poate afecta ecosistemul marin \u0219i resursele piscicole, legea interzice utilizarea ei \u00een apropierea \u021b\u0103rmului, \u00een zone cu ad\u00e2ncimi mai mici de 20 de metri.<br \/>\nLa bordul navei se afla o cantitate declarat\u0103 de aproximativ dou\u0103 tone de rapan\u0103.<br \/>\n\u00centruc\u00e2t existau suspiciuni privind \u00eenc\u0103lcarea legisla\u021biei \u00een domeniul pescuitului, pescadorul a fost condus \u00een Portul Constan\u021ba pentru verific\u0103ri.<br \/>\n\u00cen urma cercet\u0103rilor, poli\u021bi\u0219tii de frontier\u0103 au constatat \u00eenc\u0103lcarea prevederilor art. 12 alin. (23) din Legea nr. 82\/1993 privind constituirea Rezerva\u021biei Biosferei \u201eDelta Dun\u0103rii\u201d, care interzic pescuitul comercial cu traulere \u00een zona maritim\u0103 de coast\u0103.<br \/>\nPersoana juridic\u0103 care de\u021bine pescadorul a fost sanc\u021bionat\u0103 contraven\u021bional cu amend\u0103 \u00een valoare de 4.000 de lei. Totodat\u0103, uneltele de pescuit \u0219i celelalte bunuri folosite la desf\u0103\u0219urarea activit\u0103\u021bii au fost ridicate \u00een vederea confisc\u0103rii, conform prevederilor legale\n<\/div>\n<div id=\"post-extra-info\">\n<div class=\"theiaStickySidebar\">\n<div class=\"single-post-meta post-meta clearfix\"><span class=\"author-meta single-author no-avatars\"><span class=\"meta-item meta-author-wrapper meta-author-9\"><span class=\"meta-author\"><a href=\"https:\/\/infotulcea.ro\/author\/redactia-2\/\" class=\"author-name tie-icon\" title=\"Redactia\">Redactia<\/a><\/span><\/span><\/span><span class=\"date meta-item tie-icon\">12 august 2026<\/span><\/p>\n<div class=\"tie-alignright\"><span class=\"meta-comment tie-icon meta-item fa-before\">0<\/span><span class=\"meta-views meta-item \"> 465 <\/span><span class=\"meta-reading-time meta-item\"> 1 minute read<\/span><\/div>\n<\/div>\n<\/div>\n<\/div>\n<div id=\"share-buttons-bottom\" class=\"share-buttons share-buttons-bottom\">\n<div class=\"share-links  icons-only\">\n<div class=\"share-title\"><span> Share<\/span><\/div>\n<p><a href=\"https:\/\/www.facebook.com\/sharer.php?u=https:\/\/infotulcea.ro\/pescuit-prin-metode-ilegale-depistat-de-politistii-de-frontiera-ai-garzii-de-coasta\/\" rel=\"external noopener nofollow\" title=\"Facebook\" target=\"_blank\" class=\"facebook-share-btn \" data-raw=\"https:\/\/www.facebook.com\/sharer.php?u={post_link}\"><span class=\"screen-reader-text\">Facebook<\/span><\/a><a href=\"https:\/\/twitter.com\/intent\/tweet?text=Pescuit%20prin%20metode%20ilegale%2C%20depistat%20de%20poli%C8%9Bi%C8%99tii%20de%20frontier%C4%83%20ai%20G%C4%83rzii%20de%20Coast%C4%83&amp;url=https:\/\/infotulcea.ro\/pescuit-prin-metode-ilegale-depistat-de-politistii-de-frontiera-ai-garzii-de-coasta\/\" rel=\"external noopener nofollow\" title=\"X\" target=\"_blank\" class=\"twitter-share-btn \" data-raw=\"https:\/\/twitter.com\/intent\/tweet?text={post_title}&amp;url={post_link}\"><span class=\"screen-reader-text\">X<\/span><\/a><a href=\"https:\/\/api.whatsapp.com\/send?text=Pescuit%20prin%20metode%20ilegale%2C%20depistat%20de%20poli%C8%9Bi%C8%99tii%20de%20frontier%C4%83%20ai%20G%C4%83rzii%20de%20Coast%C4%83%20https:\/\/infotulcea.ro\/pescuit-prin-metode-ilegale-depistat-de-politistii-de-frontiera-ai-garzii-de-coasta\/\" rel=\"external noopener nofollow\" title=\"WhatsApp\" target=\"_blank\" class=\"whatsapp-share-btn \" data-raw=\"https:\/\/api.whatsapp.com\/send?text={post_title}%20{post_link}\"><span class=\"screen-reader-text\">WhatsApp<\/span><\/a><a href=\"https:\/\/telegram.me\/share\/url?url=https:\/\/infotulcea.ro\/pescuit-prin-metode-ilegale-depistat-de-politistii-de-frontiera-ai-garzii-de-coasta\/&amp;text=Pescuit%20prin%20metode%20ilegale%2C%20depistat%20de%20poli%C8%9Bi%C8%99tii%20de%20frontier%C4%83%20ai%20G%C4%83rzii%20de%20Coast%C4%83\" rel=\"external noopener nofollow\" title=\"Telegram\" target=\"_blank\" class=\"telegram-share-btn \" data-raw=\"https:\/\/telegram.me\/share\/url?url={post_link}&amp;text={post_title}\"><span class=\"screen-reader-text\">Telegram<\/span><\/a><a href=\"mailto:?subject=Pescuit%20prin%20metode%20ilegale%2C%20depistat%20de%20poli%C8%9Bi%C8%99tii%20de%20frontier%C4%83%20ai%20G%C4%83rzii%20de%20Coast%C4%83&amp;body=https:\/\/infotulcea.ro\/pescuit-prin-metode-ilegale-depistat-de-politistii-de-frontiera-ai-garzii-de-coasta\/\" rel=\"external noopener nofollow\" title=\"Share via Email\" target=\"_blank\" class=\"email-share-btn \" data-raw=\"mailto:?subject={post_title}&amp;body={post_link}\"><span class=\"screen-reader-text\">Share via Email<\/span><\/a><a href=\"https:\/\/infotulcea.ro\/pescuit-prin-metode-ilegale-depistat-de-politistii-de-frontiera-ai-garzii-de-coasta\/\" rel=\"external noopener nofollow\" title=\"Print\" target=\"_blank\" class=\"print-share-btn \" data-raw=\"#\"><span class=\"screen-reader-text\">Print<\/span><\/a><\/div>\n<\/div>\n<\/article>\n<div class=\"post-components\">\n<div id=\"related-posts\" class=\"container-wrapper has-extra-post\">\n<div class=\"mag-box-title the-global-title\">\n<h3>Related Articles<\/h3>\n<\/div>\n<div class=\"related-posts-list\">\n<div class=\"related-item tie-standard\"><a aria-label=\"Un fel de \u201dPor\u021bi deschise\u201d: Vizit\u0103 \u00een penitenciar pentru liceenii din Isaccea!\" href=\"https:\/\/infotulcea.ro\/un-fel-de-porti-deschise-vizita-in-penitenciar-pentru-liceenii-din-isaccea\/\" class=\"post-thumb\"><source sizes=\"(max-width: 390px) 100vw, 390px\" type=\"image\/webp\" data-srcset=\"https:\/\/infotulcea.ro\/wp-content\/uploads\/2022\/09\/penitenciar-390x220.jpeg.webp 390w, https:\/\/infotulcea.ro\/wp-content\/uploads\/2022\/09\/penitenciar-300x169.jpeg.webp 300w, https:\/\/infotulcea.ro\/wp-content\/uploads\/2022\/09\/penitenciar-1024x576.jpeg.webp 1024w, https:\/\/infotulcea.ro\/wp-content\/uploads\/2022\/09\/penitenciar-768x432.jpeg.webp 768w, https:\/\/infotulcea.ro\/wp-content\/uploads\/2022\/09\/penitenciar-1536x864.jpeg.webp 1536w, https:\/\/infotulcea.ro\/wp-content\/uploads\/2022\/09\/penitenciar.jpeg.webp 1080w\" \/><img loading=\"lazy\" decoding=\"async\" width=\"390\" height=\"220\" src=\"https:\/\/infotulcea.ro\/wp-content\/uploads\/2022\/09\/penitenciar-390x220.jpeg\" class=\"attachment-jannah-image-large size-jannah-image-large wp-post-image\" alt><\/a><\/p>\n<h3 class=\"post-title\"><a href=\"https:\/\/infotulcea.ro\/un-fel-de-porti-deschise-vizita-in-penitenciar-pentru-liceenii-din-isaccea\/\">Un fel de \u201dPor\u021bi deschise\u201d: Vizit\u0103 \u00een penitenciar pentru liceenii din Isaccea!<\/a><\/h3>\n<div class=\"post-meta clearfix\"><span class=\"date meta-item tie-icon\">15 aprilie 2024<\/span><\/div>\n<\/div>\n<div class=\"related-item tie-standard\"><a aria-label=\"S-au decontat concediile medicale p\u00e2n\u0103 la 28 ianuarie 2025!\" href=\"https:\/\/infotulcea.ro\/s-au-decontat-concediile-medicale-pana-la-28-ianuarie-2025\/\" class=\"post-thumb\"><source type=\"image\/webp\" data-srcset=\"https:\/\/infotulcea.ro\/wp-content\/uploads\/2025\/10\/decont-concedii-medicale-390x220.jpg.webp\" \/><img loading=\"lazy\" decoding=\"async\" width=\"390\" height=\"220\" src=\"https:\/\/infotulcea.ro\/wp-content\/uploads\/2025\/10\/decont-concedii-medicale-390x220.jpg\" class=\"attachment-jannah-image-large size-jannah-image-large wp-post-image\" alt><\/a><\/p>\n<h3 class=\"post-title\"><a href=\"https:\/\/infotulcea.ro\/s-au-decontat-concediile-medicale-pana-la-28-ianuarie-2025\/\">S-au decontat concediile medicale p\u00e2n\u0103 la 28 ianuarie 2025!<\/a><\/h3>\n<div class=\"post-meta clearfix\"><span class=\"date meta-item tie-icon\">31 octombrie 2025<\/span><\/div>\n<\/div>\n<div class=\"related-item tie-standard\"><a aria-label=\"Apel c\u0103tre fermierii tulceni: PROTEST \u00ceN VAMA ISACCEA \u2013 vineri, 7 aprilie 2023, ora 12!\" href=\"https:\/\/infotulcea.ro\/apel-catre-fermierii-tulceni-protest-in-vama-isaccea-vineri-7-aprilie-2023-ora-12\/\" class=\"post-thumb\"><source sizes=\"(max-width: 390px) 100vw, 390px\" type=\"image\/webp\" data-srcset=\"https:\/\/infotulcea.ro\/wp-content\/uploads\/2023\/04\/tractoare-390x220.jpeg.webp 390w, https:\/\/infotulcea.ro\/wp-content\/uploads\/2023\/04\/tractoare-300x169.jpeg.webp 300w, https:\/\/infotulcea.ro\/wp-content\/uploads\/2023\/04\/tractoare.jpeg.webp 637w\" \/><img loading=\"lazy\" decoding=\"async\" width=\"390\" height=\"220\" src=\"https:\/\/infotulcea.ro\/wp-content\/uploads\/2023\/04\/tractoare-390x220.jpeg\" class=\"attachment-jannah-image-large size-jannah-image-large wp-post-image\" alt><\/a><\/p>\n<h3 class=\"post-title\"><a href=\"https:\/\/infotulcea.ro\/apel-catre-fermierii-tulceni-protest-in-vama-isaccea-vineri-7-aprilie-2023-ora-12\/\">Apel c\u0103tre fermierii tulceni: PROTEST \u00ceN VAMA ISACCEA \u2013 vineri, 7 aprilie 2023, ora 12!<\/a><\/h3>\n<div class=\"post-meta clearfix\"><span class=\"date meta-item tie-icon\">5 aprilie 2023<\/span><\/div>\n<\/div>\n<div class=\"related-item tie-standard\"><a aria-label=\"Femeie din Baia \u00eenarmat\u0103 c\u0103utat\u0103 \u00een p\u0103durea de la Slava Cerchez\u0103!\" href=\"https:\/\/infotulcea.ro\/femeie-din-baia-inarmata-cautata-in-padurea-de-la-slava-cercheza\/\" class=\"post-thumb\"><source type=\"image\/webp\" data-srcset=\"https:\/\/infotulcea.ro\/wp-content\/uploads\/2024\/03\/femeia-390x220.jpg.webp\" \/><img loading=\"lazy\" decoding=\"async\" width=\"390\" height=\"220\" src=\"https:\/\/infotulcea.ro\/wp-content\/uploads\/2024\/03\/femeia-390x220.jpg\" class=\"attachment-jannah-image-large size-jannah-image-large wp-post-image\" alt><\/a><\/p>\n<h3 class=\"post-title\"><a href=\"https:\/\/infotulcea.ro\/femeie-din-baia-inarmata-cautata-in-padurea-de-la-slava-cercheza\/\">Femeie din Baia \u00eenarmat\u0103 c\u0103utat\u0103 \u00een p\u0103durea de la Slava Cerchez\u0103!<\/a><\/h3>\n<div class=\"post-meta clearfix\"><span class=\"date meta-item tie-icon\">29 martie 2024<\/span><\/div>\n<\/div>\n<\/div>\n<\/div>\n<div id=\"comments\" class=\"comments-area\">\n<div id=\"add-comment-block\" class=\"container-wrapper\">\n<div id=\"respond\" class=\"comment-respond\">\n<h3 id=\"reply-title\" class=\"comment-reply-title the-global-title\">Las\u0103 un r\u0103spuns <small><a rel=\"nofollow\" id=\"cancel-comment-reply-link\" href=\"https:\/\/infotulcea.ro\/pescuit-prin-metode-ilegale-depistat-de-politistii-de-frontiera-ai-garzii-de-coasta\/#respond\">Anuleaz\u0103 r\u0103spunsul<\/a><\/small><\/h3>\n<p class=\"comment-notes\"><span id=\"email-notes\">Adresa ta de email nu va fi publicat\u0103.<\/span><span class=\"required-field-message\">C\u00e2mpurile obligatorii sunt marcate cu <span class=\"required\">*<\/span><\/span><\/p>\n<\/div>\n<\/div>\n<\/div>\n<\/div>\n<\/div>\n<div id=\"check-also-box\" class=\"container-wrapper check-also-right\">\n<div class=\"widget-title the-global-title\">\n<div class=\"the-subtitle\">Check Also<\/div>\n<p><a href=\"https:\/\/infotulcea.ro\/pescuit-prin-metode-ilegale-depistat-de-politistii-de-frontiera-ai-garzii-de-coasta\/\" id=\"check-also-close\" class=\"remove\"><span class=\"screen-reader-text\">Close<\/span><\/a><\/div>\n<div class=\"widget posts-list-big-first has-first-big-post\">\n<ul class=\"posts-list-items\">\n<li class=\"widget-single-post-item widget-post-list tie-standard\">\n<div class=\"post-widget-thumbnail\"><a aria-label=\"Poli\u021bia Transporturi a ac\u021bionat \u00een trenuri \u0219i a re\u021binut \u2026permise auto!\" href=\"https:\/\/infotulcea.ro\/politia-transporturi-a-actionat-in-trenuri-si-a-retinut-permise-auto\/\" class=\"post-thumb\"><span class=\"post-cat-wrap\"><span class=\"post-cat tie-cat-35\">Comunicate<\/span><\/span><source type=\"image\/webp\" data-srcset=\"https:\/\/infotulcea.ro\/wp-content\/uploads\/2025\/10\/politie-tren-1-390x220.jpg.webp\" \/><img loading=\"lazy\" decoding=\"async\" width=\"390\" height=\"220\" src=\"https:\/\/infotulcea.ro\/wp-content\/uploads\/2025\/10\/politie-tren-1-390x220.jpg\" class=\"attachment-jannah-image-large size-jannah-image-large wp-post-image\" alt><\/a><\/div>\n<div class=\"post-widget-body \"><a class=\"post-title the-subtitle\" href=\"https:\/\/infotulcea.ro\/politia-transporturi-a-actionat-in-trenuri-si-a-retinut-permise-auto\/\">Poli\u021bia Transporturi a ac\u021bionat \u00een trenuri \u0219i a re\u021binut \u2026permise auto!<\/a><\/p>\n<div class=\"post-meta\"><span class=\"date meta-item tie-icon\">3 octombrie 2025<\/span><\/div>\n<\/div>\n<\/li>\n<\/ul>\n<\/div>\n<\/div>\n<aside class=\"sidebar tie-col-md-4 tie-col-xs-12 normal-side is-sticky\" aria-label=\"Primary Sidebar\">\n<div class=\"theiaStickySidebar\">\n<div id=\"media_image-19\" class=\"container-wrapper widget widget_media_image\"><a href=\"https:\/\/infotulcea.ro\/delta-dunarii-mai-accesibila-navrom-delta-creste-numarul-curselor-regulate-de-la-1-mai-2025\/\"><source sizes=\"(max-width: 500px) 100vw, 500px\" type=\"image\/webp\" data-srcset=\"https:\/\/infotulcea.ro\/wp-content\/uploads\/2025\/04\/navrom-delta-500x271.jpg.webp 500w, https:\/\/infotulcea.ro\/wp-content\/uploads\/2025\/04\/navrom-delta-1024x555.jpg.webp 1024w, https:\/\/infotulcea.ro\/wp-content\/uploads\/2025\/04\/navrom-delta-768x416.jpg.webp 768w, https:\/\/infotulcea.ro\/wp-content\/uploads\/2025\/04\/navrom-delta.jpg.webp 1080w\" \/><img loading=\"lazy\" decoding=\"async\" width=\"500\" height=\"271\" src=\"https:\/\/infotulcea.ro\/wp-content\/uploads\/2025\/04\/navrom-delta-500x271.jpg\" class=\"image wp-image-34487  attachment-medium size-medium\" alt><\/a><\/div>\n<div id=\"media_image-17\" class=\"container-wrapper widget widget_media_image\"><a href=\"https:\/\/www.facebook.com\/share\/p\/1DGAD1tLWN\/?mibextid=wwXIfr\" target=\"_blank\"><source sizes=\"(max-width: 500px) 100vw, 500px\" type=\"image\/webp\" data-srcset=\"https:\/\/infotulcea.ro\/wp-content\/uploads\/2026\/01\/IMG_1563-500x500.jpeg.webp 500w, https:\/\/infotulcea.ro\/wp-content\/uploads\/2026\/01\/IMG_1563-1024x1024.jpeg.webp 1024w, https:\/\/infotulcea.ro\/wp-content\/uploads\/2026\/01\/IMG_1563-250x250.jpeg.webp 250w, https:\/\/infotulcea.ro\/wp-content\/uploads\/2026\/01\/IMG_1563-768x768.jpeg.webp 768w, https:\/\/infotulcea.ro\/wp-content\/uploads\/2026\/01\/IMG_1563.jpeg.webp 1080w\" \/><img loading=\"lazy\" decoding=\"async\" width=\"500\" height=\"500\" src=\"https:\/\/infotulcea.ro\/wp-content\/uploads\/2026\/01\/IMG_1563-500x500.jpeg\" class=\"image wp-image-37932  attachment-medium size-medium\" alt title=\"Centrale pe lemne\"><\/a><\/div>\n<div id=\"media_image-18\" class=\"container-wrapper widget widget_media_image\"><a href=\"https:\/\/www.licitatia.ro\/site\/index-guest\"><img loading=\"lazy\" decoding=\"async\" width=\"500\" height=\"262\" src=\"https:\/\/infotulcea.ro\/wp-content\/uploads\/2025\/09\/licitatia-500x262.png\" class=\"image wp-image-36670  attachment-medium size-medium lazyload\" alt><img loading=\"lazy\" decoding=\"async\" width=\"500\" height=\"262\" src=\"https:\/\/infotulcea.ro\/wp-content\/uploads\/2025\/09\/licitatia-500x262.png\" class=\"image wp-image-36670  attachment-medium size-medium\" alt><\/a><\/div>\n<div id=\"media_image-27\" class=\"container-wrapper widget widget_media_image\"><a href=\"https:\/\/www.centrale-lemne-liepsnele.ro\/\"><img loading=\"lazy\" decoding=\"async\" width=\"500\" height=\"500\" src=\"https:\/\/infotulcea.ro\/wp-content\/uploads\/2025\/09\/Centrale-pe-Lemne-Liepsnele-500x500.png\" class=\"image wp-image-36541  attachment-medium size-medium lazyload\" alt=\"Centrala pe lemne\"><img loading=\"lazy\" decoding=\"async\" width=\"500\" height=\"500\" src=\"https:\/\/infotulcea.ro\/wp-content\/uploads\/2025\/09\/Centrale-pe-Lemne-Liepsnele-500x500.png\" class=\"image wp-image-36541  attachment-medium size-medium\" alt=\"Centrala pe lemne\"><\/a><\/div>\n<div id=\"media_image-28\" class=\"container-wrapper widget widget_media_image\"><a href=\"https:\/\/infotulcea.ro\/angajeaza-te-ro-platforma-ta-online-de-angajari-si-forta-de-munca\/\"><source sizes=\"(max-width: 500px) 100vw, 500px\" type=\"image\/webp\" data-srcset=\"https:\/\/infotulcea.ro\/wp-content\/uploads\/2025\/04\/banner-angajazate-1-500x305.jpg.webp 500w, https:\/\/infotulcea.ro\/wp-content\/uploads\/2025\/04\/banner-angajazate-1-1024x625.jpg.webp 1024w, https:\/\/infotulcea.ro\/wp-content\/uploads\/2025\/04\/banner-angajazate-1-768x469.jpg.webp 768w, https:\/\/infotulcea.ro\/wp-content\/uploads\/2025\/04\/banner-angajazate-1.jpg.webp 1080w\" \/><img loading=\"lazy\" decoding=\"async\" width=\"500\" height=\"305\" src=\"https:\/\/infotulcea.ro\/wp-content\/uploads\/2025\/04\/banner-angajazate-1-500x305.jpg\" class=\"image wp-image-34317  attachment-medium size-medium\" alt><\/a><\/div>\n<\/div>\n<\/aside>\n<\/div>\n<\/div>\n<div class=\"entry-content entry clearfix\">\n<p><strong>Poli\u021bi\u0219tii de frontier\u0103 din cadrul G\u0103rzii de Coast\u0103 au depistat, \u00een urma unei ac\u021biuni desf\u0103\u0219urate \u00een zona de competen\u021b\u0103, un pescador sub pavilion rom\u00e2nesc care pescuia cu o metod\u0103 interzis\u0103 \u00een apropierea \u021b\u0103rmului.<\/strong><\/p>\n<p>\u00cen data de 12.08.2026, poli\u021bi\u0219tii de frontier\u0103 din cadrul Grupului de Nave Sulina au interceptat un pescador sub<source sizes=\"(max-width: 486px) 100vw, 486px\" type=\"image\/webp\" data-srcset=\"https:\/\/infotulcea.ro\/wp-content\/uploads\/2026\/08\/garda-de-coasta-1-500x313.jpeg.webp 500w, https:\/\/infotulcea.ro\/wp-content\/uploads\/2026\/08\/garda-de-coasta-1-1024x640.jpeg.webp 1024w, https:\/\/infotulcea.ro\/wp-content\/uploads\/2026\/08\/garda-de-coasta-1-768x480.jpeg.webp 768w, https:\/\/infotulcea.ro\/wp-content\/uploads\/2026\/08\/garda-de-coasta-1.jpeg.webp 1080w\" \/><\/p>\n<p><img loading=\"lazy\" decoding=\"async\" class=\" wp-image-40368 alignright\" src=\"https:\/\/infotulcea.ro\/wp-content\/uploads\/2026\/08\/garda-de-coasta-1-500x313.jpeg\" alt width=\"486\" height=\"304\"> pavilion rom\u00e2nesc care desf\u0103\u0219ura activit\u0103\u021bi de pescuit la aproximativ 8 metri ad\u00e2ncime, \u00een zona maritim\u0103 de coast\u0103, folosind metoda traul\u0103rii.<br \/>\nTraularea este o metod\u0103 de pescuit industrial prin care o nav\u0103 tracteaz\u0103 o plas\u0103 de mari dimensiuni prin ap\u0103 sau pe fundul m\u0103rii. Deoarece aceast\u0103 tehnic\u0103 poate afecta ecosistemul marin \u0219i resursele piscicole, legea interzice utilizarea ei \u00een apropierea \u021b\u0103rmului, \u00een zone cu ad\u00e2ncimi mai mici de 20 de metri.<br \/>\nLa bordul navei se afla o cantitate declarat\u0103 de aproximativ dou\u0103 tone de rapan\u0103.<br \/>\n\u00centruc\u00e2t existau suspiciuni privind \u00eenc\u0103lcarea legisla\u021biei \u00een domeniul pescuitului, pescadorul a fost condus \u00een Portul Constan\u021ba pentru verific\u0103ri.<br \/>\n\u00cen urma cercet\u0103rilor, poli\u021bi\u0219tii de frontier\u0103 au constatat \u00eenc\u0103lcarea prevederilor art. 12 alin. (23) din Legea nr. 82\/1993 privind constituirea Rezerva\u021biei Biosferei \u201eDelta Dun\u0103rii\u201d, care interzic pescuitul comercial cu traulere \u00een zona maritim\u0103 de coast\u0103.<br \/>\nPersoana juridic\u0103 care de\u021bine pescadorul a fost sanc\u021bionat\u0103 contraven\u021bional cu amend\u0103 \u00een valoare de 4.000 de lei. Totodat\u0103, uneltele de pescuit \u0219i celelalte bunuri folosite la desf\u0103\u0219urarea activit\u0103\u021bii au fost ridicate \u00een vederea confisc\u0103rii, conform prevederilor legale\n<\/div>\n<div class=\"articleBody\" data-key=\"articleBody\">Poli\u021bi\u0219tii de frontier\u0103 din cadrul G\u0103rzii de Coast\u0103 au depistat, \u00een urma unei ac\u021biuni desf\u0103\u0219urate \u00een zona de competen\u021b\u0103, un pescador sub pavilion rom\u00e2nesc care pescuia cu o metod\u0103 interzis\u0103 \u00een apropierea \u021b\u0103rmului.<\/p>\n<p>\u00cen data de 12.08.2026, poli\u021bi\u0219tii de frontier\u0103 din cadrul Grupului de Nave Sulina au interceptat un pescador sub pavilion rom\u00e2nesc care desf\u0103\u0219ura activit\u0103\u021bi de pescuit la aproximativ 8 metri ad\u00e2ncime, \u00een zona maritim\u0103 de coast\u0103, folosind metoda traul\u0103rii.<br \/>\nTraularea este o metod\u0103 de pescuit industrial prin care o nav\u0103 tracteaz\u0103 o plas\u0103 de mari dimensiuni prin ap\u0103 sau pe fundul m\u0103rii. Deoarece aceast\u0103 tehnic\u0103 poate afecta ecosistemul marin \u0219i resursele piscicole, legea interzice utilizarea ei \u00een apropierea \u021b\u0103rmului, \u00een zone cu ad\u00e2ncimi mai mici de 20 de metri.<br \/>\nLa bordul navei se afla o cantitate declarat\u0103 de aproximativ dou\u0103 tone de rapan\u0103.<br \/>\n\u00centruc\u00e2t existau suspiciuni privind \u00eenc\u0103lcarea legisla\u021biei \u00een domeniul pescuitului, pescadorul a fost condus \u00een Portul Constan\u021ba pentru verific\u0103ri.<br \/>\n\u00cen urma cercet\u0103rilor, poli\u021bi\u0219tii de frontier\u0103 au constatat \u00eenc\u0103lcarea prevederilor art. 12 alin. (23) din Legea nr. 82\/1993 privind constituirea Rezerva\u021biei Biosferei \u201eDelta Dun\u0103rii\u201d, care interzic pescuitul comercial cu traulere \u00een zona maritim\u0103 de coast\u0103.<br \/>\nPersoana juridic\u0103 care de\u021bine pescadorul a fost sanc\u021bionat\u0103 contraven\u021bional cu amend\u0103 \u00een valoare de 4.000 de lei. Totodat\u0103, uneltele de pescuit \u0219i celelalte bunuri folosite la desf\u0103\u0219urarea activit\u0103\u021bii au fost ridicate \u00een vederea confisc\u0103rii, conform prevederilor legale<\/p><\/div>\n<p>[analyse_source url=&#8221;https:\/\/infotulcea.ro\/pescuit-prin-metode-ilegale-depistat-de-politistii-de-frontiera-ai-garzii-de-coasta\/&#8221;]<\/p>\n","protected":false},"excerpt":{"rendered":"<p>[analyse_image type=&#8221;featured&#8221; src=&#8221;https:\/\/infotulcea.ro\/wp-content\/uploads\/2026\/08\/garda-de-coasta-1.jpeghttps:\/\/infotulcea.ro\/wp-content\/uploads\/2026\/08\/garda-de-coasta-1.jpeg&#8221;] Home\/Comunicate\/Pescuit prin metode ilegale, depistat de poli\u021bi\u0219tii de frontier\u0103 ai G\u0103rzii de Coast\u0103 Comunicate Pescuit prin metode ilegale, depistat de poli\u021bi\u0219tii de frontier\u0103 ai G\u0103rzii de Coast\u0103 Redactia12 august 2026 0 465 1 minute read Poli\u021bi\u0219tii de frontier\u0103 din cadrul G\u0103rzii de Coast\u0103 au depistat, \u00een urma unei ac\u021biuni desf\u0103\u0219urate \u00een zona [&hellip;]<\/p>\n","protected":false},"author":1,"featured_media":0,"comment_status":"open","ping_status":"","sticky":false,"template":"","format":"standard","meta":{"footnotes":""},"categories":[89],"tags":[226,221],"class_list":["post-2097673","post","type-post","status-publish","format-standard","hentry","category-romania","tag-crawlmanager","tag-infotulcea-ro"],"_links":{"self":[{"href":"https:\/\/analyse.optim.biz\/index.php?rest_route=\/wp\/v2\/posts\/2097673","targetHints":{"allow":["GET"]}}],"collection":[{"href":"https:\/\/analyse.optim.biz\/index.php?rest_route=\/wp\/v2\/posts"}],"about":[{"href":"https:\/\/analyse.optim.biz\/index.php?rest_route=\/wp\/v2\/types\/post"}],"author":[{"embeddable":true,"href":"https:\/\/analyse.optim.biz\/index.php?rest_route=\/wp\/v2\/users\/1"}],"replies":[{"embeddable":true,"href":"https:\/\/analyse.optim.biz\/index.php?rest_route=%2Fwp%2Fv2%2Fcomments&post=2097673"}],"version-history":[{"count":0,"href":"https:\/\/analyse.optim.biz\/index.php?rest_route=\/wp\/v2\/posts\/2097673\/revisions"}],"wp:attachment":[{"href":"https:\/\/analyse.optim.biz\/index.php?rest_route=%2Fwp%2Fv2%2Fmedia&parent=2097673"}],"wp:term":[{"taxonomy":"category","embeddable":true,"href":"https:\/\/analyse.optim.biz\/index.php?rest_route=%2Fwp%2Fv2%2Fcategories&post=2097673"},{"taxonomy":"post_tag","embeddable":true,"href":"https:\/\/analyse.optim.biz\/index.php?rest_route=%2Fwp%2Fv2%2Ftags&post=2097673"}],"curies":[{"name":"wp","href":"https:\/\/api.w.org\/{rel}","templated":true}]}}