{"id":2097670,"date":"2026-08-12T09:06:59","date_gmt":"2026-08-12T06:06:59","guid":{"rendered":"https:\/\/analyse.optim.biz\/?p=2097670"},"modified":"2026-08-12T09:06:59","modified_gmt":"2026-08-12T06:06:59","slug":"doua-sisteme-aeriene-fara-pilot-aflate-in-deriva-in-marea-neagra-au-fost-distruse-controlat-marti-11-august-de-scafandrii-eod-ai-fortelor-navale-romane","status":"publish","type":"post","link":"https:\/\/analyse.optim.biz\/?p=2097670","title":{"rendered":"Dou\u0103 sisteme aeriene f\u0103r\u0103 pilot, aflate \u00een deriv\u0103 \u00een Marea Neagr\u0103, au fost distruse controlat, mar\u021bi, 11 august, de scafandrii EOD ai For\u021belor Navale Rom\u00e2ne."},"content":{"rendered":"<p>[analyse_image type=&#8221;featured&#8221; src=&#8221;https:\/\/infotulcea.ro\/wp-content\/uploads\/2026\/08\/Navall.pnghttps:\/\/infotulcea.ro\/wp-content\/uploads\/2026\/08\/Navall.png&#8221;]<\/p>\n<div id=\"content\" class=\"site-content container\">\n<div id=\"main-content-row\" class=\"tie-row main-content-row\">\n<div class=\"main-content tie-col-md-8 tie-col-xs-12\" role=\"main\">\n<article id=\"the-post\" class=\"container-wrapper post-content tie-standard\">\n<header class=\"entry-header-outer\">\n<nav id=\"breadcrumb\"><a href=\"https:\/\/infotulcea.ro\/\"> Home<\/a><em class=\"delimiter\">\/<\/em><a href=\"https:\/\/infotulcea.ro\/categorie\/comunicate\/\">Comunicate<\/a><em class=\"delimiter\">\/<\/em><span class=\"current\">Dou\u0103 sisteme aeriene f\u0103r\u0103 pilot, aflate \u00een deriv\u0103 \u00een Marea Neagr\u0103, au fost distruse controlat, mar\u021bi, 11 august, de scafandrii EOD ai For\u021belor Navale Rom\u00e2ne.<\/span><\/nav>\n<div class=\"entry-header\"><span class=\"post-cat-wrap\"><a class=\"post-cat tie-cat-35\" href=\"https:\/\/infotulcea.ro\/categorie\/comunicate\/\">Comunicate<\/a><\/span><\/p>\n<h1 class=\"post-title entry-title\">\n\t\t\tDou\u0103 sisteme aeriene f\u0103r\u0103 pilot, aflate \u00een deriv\u0103 \u00een Marea Neagr\u0103, au fost distruse controlat, mar\u021bi, 11 august, de scafandrii EOD ai For\u021belor Navale Rom\u00e2ne.\t\t<\/h1>\n<div class=\"single-post-meta post-meta clearfix\"><span class=\"author-meta single-author no-avatars\"><span class=\"meta-item meta-author-wrapper meta-author-9\"><span class=\"meta-author\"><a href=\"https:\/\/infotulcea.ro\/author\/redactia-2\/\" class=\"author-name tie-icon\" title=\"Redactia\">Redactia<\/a><\/span><\/span><\/span><span class=\"date meta-item tie-icon\">12 august 2026<\/span><\/p>\n<div class=\"tie-alignright\"><span class=\"meta-comment tie-icon meta-item fa-before\">0<\/span><span class=\"meta-views meta-item \"> 425 <\/span><span class=\"meta-reading-time meta-item\"> 1 minute read<\/span><\/div>\n<\/div>\n<\/div>\n<\/header>\n<div class=\"entry-content entry clearfix\">\n<div>\n<p><strong>Sistemele au fost semnalate \u00een jurul orei 08.00, \u00een zona economic\u0103 exclusiv\u0103 a Rom\u00e2niei, la aproximativ 90 de mile marine travers de Constan\u021ba, \u00een proximitatea perimetrului Neptun Deep, de personalul unei nave civile care efectua lucr\u0103ri \u00een zon\u0103.<\/strong><\/p>\n<p>O nav\u0103 a G\u0103rzii de Coast\u0103, la bordul c\u0103reia s-a aflat o echip\u0103 specializat\u0103 \u00een interven\u021bii EOD din For\u021bele Navale, s-a<img loading=\"lazy\" decoding=\"async\" class=\"wp-image-40361 alignright lazyload\" src=\"https:\/\/infotulcea.ro\/wp-content\/uploads\/2026\/08\/Navall-500x333.png\" alt width=\"471\" height=\"314\"><\/p>\n<p><img loading=\"lazy\" decoding=\"async\" class=\" wp-image-40361 alignright\" src=\"https:\/\/infotulcea.ro\/wp-content\/uploads\/2026\/08\/Navall-500x333.png\" alt width=\"471\" height=\"314\"> deplasat \u00een zona indicat\u0103.<\/p>\n<p>\u00cen cadrul misiunii au fost identificate dou\u0103 sisteme aeriene f\u0103r\u0103 pilot (UAV), model GERBERA, posibil cu \u00eenc\u0103rc\u0103tur\u0103 exploziv\u0103, precum \u0219i o arip\u0103 provenit\u0103 de la o dron\u0103. Cele dou\u0103 UAV au fost neutralizate prin detonare controlat\u0103 de scafandrii EOD, iar fragmentul de dron\u0103, care nu prezenta risc pirotehnic, a fost preluat la bord.<\/p>\n<p>Opera\u021biunea s-a desf\u0103\u0219urat \u00een condi\u021bii de siguran\u021b\u0103.<\/p>\n<p>Comandamentul Componentei Navale a luat leg\u0103tura cu partea ucrainean\u0103, care a confirmat c\u0103 aparatele nu apar\u021bin for\u021belor ucrainene.<\/p>\n<\/div>\n<\/div>\n<div id=\"post-extra-info\">\n<div class=\"theiaStickySidebar\">\n<div class=\"single-post-meta post-meta clearfix\"><span class=\"author-meta single-author no-avatars\"><span class=\"meta-item meta-author-wrapper meta-author-9\"><span class=\"meta-author\"><a href=\"https:\/\/infotulcea.ro\/author\/redactia-2\/\" class=\"author-name tie-icon\" title=\"Redactia\">Redactia<\/a><\/span><\/span><\/span><span class=\"date meta-item tie-icon\">12 august 2026<\/span><\/p>\n<div class=\"tie-alignright\"><span class=\"meta-comment tie-icon meta-item fa-before\">0<\/span><span class=\"meta-views meta-item \"> 425 <\/span><span class=\"meta-reading-time meta-item\"> 1 minute read<\/span><\/div>\n<\/div>\n<\/div>\n<\/div>\n<div id=\"share-buttons-bottom\" class=\"share-buttons share-buttons-bottom\">\n<div class=\"share-links  icons-only\">\n<div class=\"share-title\"><span> Share<\/span><\/div>\n<p><a href=\"https:\/\/www.facebook.com\/sharer.php?u=https:\/\/infotulcea.ro\/doua-sisteme-aeriene-fara-pilot-aflate-in-deriva-in-marea-neagra-au-fost-distruse-controlat-marti-11-august-de-scafandrii-eod-ai-fortelor-navale-romane\/\" rel=\"external noopener nofollow\" title=\"Facebook\" target=\"_blank\" class=\"facebook-share-btn \" data-raw=\"https:\/\/www.facebook.com\/sharer.php?u={post_link}\"><span class=\"screen-reader-text\">Facebook<\/span><\/a><a href=\"https:\/\/twitter.com\/intent\/tweet?text=Dou%C4%83%20sisteme%20aeriene%20f%C4%83r%C4%83%20pilot%2C%20aflate%20%C3%AEn%20deriv%C4%83%20%C3%AEn%20Marea%20Neagr%C4%83%2C%20au%20fost%20distruse%20controlat%2C%20mar%C8%9Bi%2C%2011%20august%2C%20de%20scafandrii%20EOD%20ai%20For%C8%9Belor%20Navale%20Rom%C3%A2ne.&amp;url=https:\/\/infotulcea.ro\/doua-sisteme-aeriene-fara-pilot-aflate-in-deriva-in-marea-neagra-au-fost-distruse-controlat-marti-11-august-de-scafandrii-eod-ai-fortelor-navale-romane\/\" rel=\"external noopener nofollow\" title=\"X\" target=\"_blank\" class=\"twitter-share-btn \" data-raw=\"https:\/\/twitter.com\/intent\/tweet?text={post_title}&amp;url={post_link}\"><span class=\"screen-reader-text\">X<\/span><\/a><a href=\"https:\/\/api.whatsapp.com\/send?text=Dou%C4%83%20sisteme%20aeriene%20f%C4%83r%C4%83%20pilot%2C%20aflate%20%C3%AEn%20deriv%C4%83%20%C3%AEn%20Marea%20Neagr%C4%83%2C%20au%20fost%20distruse%20controlat%2C%20mar%C8%9Bi%2C%2011%20august%2C%20de%20scafandrii%20EOD%20ai%20For%C8%9Belor%20Navale%20Rom%C3%A2ne.%20https:\/\/infotulcea.ro\/doua-sisteme-aeriene-fara-pilot-aflate-in-deriva-in-marea-neagra-au-fost-distruse-controlat-marti-11-august-de-scafandrii-eod-ai-fortelor-navale-romane\/\" rel=\"external noopener nofollow\" title=\"WhatsApp\" target=\"_blank\" class=\"whatsapp-share-btn \" data-raw=\"https:\/\/api.whatsapp.com\/send?text={post_title}%20{post_link}\"><span class=\"screen-reader-text\">WhatsApp<\/span><\/a><a href=\"https:\/\/telegram.me\/share\/url?url=https:\/\/infotulcea.ro\/doua-sisteme-aeriene-fara-pilot-aflate-in-deriva-in-marea-neagra-au-fost-distruse-controlat-marti-11-august-de-scafandrii-eod-ai-fortelor-navale-romane\/&amp;text=Dou%C4%83%20sisteme%20aeriene%20f%C4%83r%C4%83%20pilot%2C%20aflate%20%C3%AEn%20deriv%C4%83%20%C3%AEn%20Marea%20Neagr%C4%83%2C%20au%20fost%20distruse%20controlat%2C%20mar%C8%9Bi%2C%2011%20august%2C%20de%20scafandrii%20EOD%20ai%20For%C8%9Belor%20Navale%20Rom%C3%A2ne.\" rel=\"external noopener nofollow\" title=\"Telegram\" target=\"_blank\" class=\"telegram-share-btn \" data-raw=\"https:\/\/telegram.me\/share\/url?url={post_link}&amp;text={post_title}\"><span class=\"screen-reader-text\">Telegram<\/span><\/a><a href=\"mailto:?subject=Dou%C4%83%20sisteme%20aeriene%20f%C4%83r%C4%83%20pilot%2C%20aflate%20%C3%AEn%20deriv%C4%83%20%C3%AEn%20Marea%20Neagr%C4%83%2C%20au%20fost%20distruse%20controlat%2C%20mar%C8%9Bi%2C%2011%20august%2C%20de%20scafandrii%20EOD%20ai%20For%C8%9Belor%20Navale%20Rom%C3%A2ne.&amp;body=https:\/\/infotulcea.ro\/doua-sisteme-aeriene-fara-pilot-aflate-in-deriva-in-marea-neagra-au-fost-distruse-controlat-marti-11-august-de-scafandrii-eod-ai-fortelor-navale-romane\/\" rel=\"external noopener nofollow\" title=\"Share via Email\" target=\"_blank\" class=\"email-share-btn \" data-raw=\"mailto:?subject={post_title}&amp;body={post_link}\"><span class=\"screen-reader-text\">Share via Email<\/span><\/a><a href=\"https:\/\/infotulcea.ro\/doua-sisteme-aeriene-fara-pilot-aflate-in-deriva-in-marea-neagra-au-fost-distruse-controlat-marti-11-august-de-scafandrii-eod-ai-fortelor-navale-romane\/\" rel=\"external noopener nofollow\" title=\"Print\" target=\"_blank\" class=\"print-share-btn \" data-raw=\"#\"><span class=\"screen-reader-text\">Print<\/span><\/a><\/div>\n<\/div>\n<\/article>\n<div class=\"post-components\">\n<div id=\"related-posts\" class=\"container-wrapper has-extra-post\">\n<div class=\"mag-box-title the-global-title\">\n<h3>Related Articles<\/h3>\n<\/div>\n<div class=\"related-posts-list\">\n<div class=\"related-item tie-standard\"><a aria-label=\"Relaxeaz\u0103-te pe teras\u0103 sau balcon cu o narghilea de calitate\" href=\"https:\/\/infotulcea.ro\/relaxeaza-te-pe-terasa-sau-balcon-cu-o-narghilea-de-calitate\/\" class=\"post-thumb\"><source type=\"image\/webp\" data-srcset=\"https:\/\/infotulcea.ro\/wp-content\/uploads\/2023\/04\/IMG-20230426-WA0017-390x220.jpg.webp\" \/><img loading=\"lazy\" decoding=\"async\" width=\"390\" height=\"220\" src=\"https:\/\/infotulcea.ro\/wp-content\/uploads\/2023\/04\/IMG-20230426-WA0017-390x220.jpg\" class=\"attachment-jannah-image-large size-jannah-image-large wp-post-image\" alt><\/a><\/p>\n<h3 class=\"post-title\"><a href=\"https:\/\/infotulcea.ro\/relaxeaza-te-pe-terasa-sau-balcon-cu-o-narghilea-de-calitate\/\">Relaxeaz\u0103-te pe teras\u0103 sau balcon cu o narghilea de calitate<\/a><\/h3>\n<div class=\"post-meta clearfix\"><span class=\"date meta-item tie-icon\">26 aprilie 2023<\/span><\/div>\n<\/div>\n<div class=\"related-item tie-standard\">\n<h3 class=\"post-title\"><a href=\"https:\/\/infotulcea.ro\/pnrr-fonduri-pentru-romania-moderna-si-reformata-2\/\">\u201ePNRR: Fonduri pentru Rom\u00e2nia modern\u0103 \u0219i reformat\u0103!\u201d<\/a><\/h3>\n<div class=\"post-meta clearfix\"><span class=\"date meta-item tie-icon\">25 iunie 2026<\/span><\/div>\n<\/div>\n<div class=\"related-item tie-standard\"><a aria-label=\"Femeie din Baia \u00eenarmat\u0103 c\u0103utat\u0103 \u00een p\u0103durea de la Slava Cerchez\u0103!\" href=\"https:\/\/infotulcea.ro\/femeie-din-baia-inarmata-cautata-in-padurea-de-la-slava-cercheza\/\" class=\"post-thumb\"><source type=\"image\/webp\" data-srcset=\"https:\/\/infotulcea.ro\/wp-content\/uploads\/2024\/03\/femeia-390x220.jpg.webp\" \/><img loading=\"lazy\" decoding=\"async\" width=\"390\" height=\"220\" src=\"https:\/\/infotulcea.ro\/wp-content\/uploads\/2024\/03\/femeia-390x220.jpg\" class=\"attachment-jannah-image-large size-jannah-image-large wp-post-image\" alt><\/a><\/p>\n<h3 class=\"post-title\"><a href=\"https:\/\/infotulcea.ro\/femeie-din-baia-inarmata-cautata-in-padurea-de-la-slava-cercheza\/\">Femeie din Baia \u00eenarmat\u0103 c\u0103utat\u0103 \u00een p\u0103durea de la Slava Cerchez\u0103!<\/a><\/h3>\n<div class=\"post-meta clearfix\"><span class=\"date meta-item tie-icon\">29 martie 2024<\/span><\/div>\n<\/div>\n<div class=\"related-item tie-standard\"><a aria-label=\"Preciz\u0103rile angaja\u021bilor ANL cu privire la propunerea de desfiin\u021bare a Agen\u021biei!\" href=\"https:\/\/infotulcea.ro\/precizarile-angajatilor-anl-cu-privire-la-propunerea-de-desfiintare-a-agentiei\/\" class=\"post-thumb\"><source type=\"image\/webp\" data-srcset=\"https:\/\/infotulcea.ro\/wp-content\/uploads\/2024\/01\/anl-2-etaje-390x220.jpg.webp\" \/><img loading=\"lazy\" decoding=\"async\" width=\"390\" height=\"220\" src=\"https:\/\/infotulcea.ro\/wp-content\/uploads\/2024\/01\/anl-2-etaje-390x220.jpg\" class=\"attachment-jannah-image-large size-jannah-image-large wp-post-image\" alt><\/a><\/p>\n<h3 class=\"post-title\"><a href=\"https:\/\/infotulcea.ro\/precizarile-angajatilor-anl-cu-privire-la-propunerea-de-desfiintare-a-agentiei\/\">Preciz\u0103rile angaja\u021bilor ANL cu privire la propunerea de desfiin\u021bare a Agen\u021biei!<\/a><\/h3>\n<div class=\"post-meta clearfix\"><span class=\"date meta-item tie-icon\">9 aprilie 2025<\/span><\/div>\n<\/div>\n<\/div>\n<\/div>\n<div id=\"comments\" class=\"comments-area\">\n<div id=\"add-comment-block\" class=\"container-wrapper\">\n<div id=\"respond\" class=\"comment-respond\">\n<h3 id=\"reply-title\" class=\"comment-reply-title the-global-title\">Las\u0103 un r\u0103spuns <small><a rel=\"nofollow\" id=\"cancel-comment-reply-link\" href=\"https:\/\/infotulcea.ro\/doua-sisteme-aeriene-fara-pilot-aflate-in-deriva-in-marea-neagra-au-fost-distruse-controlat-marti-11-august-de-scafandrii-eod-ai-fortelor-navale-romane\/#respond\">Anuleaz\u0103 r\u0103spunsul<\/a><\/small><\/h3>\n<p class=\"comment-notes\"><span id=\"email-notes\">Adresa ta de email nu va fi publicat\u0103.<\/span><span class=\"required-field-message\">C\u00e2mpurile obligatorii sunt marcate cu <span class=\"required\">*<\/span><\/span><\/p>\n<\/div>\n<\/div>\n<\/div>\n<\/div>\n<\/div>\n<div id=\"check-also-box\" class=\"container-wrapper check-also-right\">\n<div class=\"widget-title the-global-title\">\n<div class=\"the-subtitle\">Check Also<\/div>\n<p><a href=\"https:\/\/infotulcea.ro\/doua-sisteme-aeriene-fara-pilot-aflate-in-deriva-in-marea-neagra-au-fost-distruse-controlat-marti-11-august-de-scafandrii-eod-ai-fortelor-navale-romane\/\" id=\"check-also-close\" class=\"remove\"><span class=\"screen-reader-text\">Close<\/span><\/a><\/div>\n<div class=\"widget posts-list-big-first has-first-big-post\">\n<ul class=\"posts-list-items\">\n<li class=\"widget-single-post-item widget-post-list tie-standard\">\n<div class=\"post-widget-thumbnail\"><a aria-label=\"Perchezi\u021bii \u00eentr-un dosar de \u00een\u0219el\u0103ciune\u2026cu gr\u00e2u!\" href=\"https:\/\/infotulcea.ro\/perchezitii-intr-un-dosar-de-inselaciune-cu-grau\/\" class=\"post-thumb\"><span class=\"post-cat-wrap\"><span class=\"post-cat tie-cat-35\">Comunicate<\/span><\/span><source type=\"image\/webp\" data-srcset=\"https:\/\/infotulcea.ro\/wp-content\/uploads\/2024\/05\/IMG-20240517-WA0046-390x220.jpg.webp\" \/><img loading=\"lazy\" decoding=\"async\" width=\"390\" height=\"220\" src=\"https:\/\/infotulcea.ro\/wp-content\/uploads\/2024\/05\/IMG-20240517-WA0046-390x220.jpg\" class=\"attachment-jannah-image-large size-jannah-image-large wp-post-image\" alt><\/a><\/div>\n<div class=\"post-widget-body \"><a class=\"post-title the-subtitle\" href=\"https:\/\/infotulcea.ro\/perchezitii-intr-un-dosar-de-inselaciune-cu-grau\/\">Perchezi\u021bii \u00eentr-un dosar de \u00een\u0219el\u0103ciune\u2026cu gr\u00e2u!<\/a><\/p>\n<div class=\"post-meta\"><span class=\"date meta-item tie-icon\">17 mai 2024<\/span><\/div>\n<\/div>\n<\/li>\n<\/ul>\n<\/div>\n<\/div>\n<aside class=\"sidebar tie-col-md-4 tie-col-xs-12 normal-side is-sticky\" aria-label=\"Primary Sidebar\">\n<div class=\"theiaStickySidebar\">\n<div id=\"media_image-19\" class=\"container-wrapper widget widget_media_image\"><a href=\"https:\/\/infotulcea.ro\/delta-dunarii-mai-accesibila-navrom-delta-creste-numarul-curselor-regulate-de-la-1-mai-2025\/\"><source sizes=\"(max-width: 500px) 100vw, 500px\" type=\"image\/webp\" data-srcset=\"https:\/\/infotulcea.ro\/wp-content\/uploads\/2025\/04\/navrom-delta-500x271.jpg.webp 500w, https:\/\/infotulcea.ro\/wp-content\/uploads\/2025\/04\/navrom-delta-1024x555.jpg.webp 1024w, https:\/\/infotulcea.ro\/wp-content\/uploads\/2025\/04\/navrom-delta-768x416.jpg.webp 768w, https:\/\/infotulcea.ro\/wp-content\/uploads\/2025\/04\/navrom-delta.jpg.webp 1080w\" \/><img loading=\"lazy\" decoding=\"async\" width=\"500\" height=\"271\" src=\"https:\/\/infotulcea.ro\/wp-content\/uploads\/2025\/04\/navrom-delta-500x271.jpg\" class=\"image wp-image-34487  attachment-medium size-medium\" alt><\/a><\/div>\n<div id=\"media_image-17\" class=\"container-wrapper widget widget_media_image\"><a href=\"https:\/\/www.facebook.com\/share\/p\/1DGAD1tLWN\/?mibextid=wwXIfr\" target=\"_blank\"><source sizes=\"(max-width: 500px) 100vw, 500px\" type=\"image\/webp\" data-srcset=\"https:\/\/infotulcea.ro\/wp-content\/uploads\/2026\/01\/IMG_1563-500x500.jpeg.webp 500w, https:\/\/infotulcea.ro\/wp-content\/uploads\/2026\/01\/IMG_1563-1024x1024.jpeg.webp 1024w, https:\/\/infotulcea.ro\/wp-content\/uploads\/2026\/01\/IMG_1563-250x250.jpeg.webp 250w, https:\/\/infotulcea.ro\/wp-content\/uploads\/2026\/01\/IMG_1563-768x768.jpeg.webp 768w, https:\/\/infotulcea.ro\/wp-content\/uploads\/2026\/01\/IMG_1563.jpeg.webp 1080w\" \/><img loading=\"lazy\" decoding=\"async\" width=\"500\" height=\"500\" src=\"https:\/\/infotulcea.ro\/wp-content\/uploads\/2026\/01\/IMG_1563-500x500.jpeg\" class=\"image wp-image-37932  attachment-medium size-medium\" alt title=\"Centrale pe lemne\"><\/a><\/div>\n<div id=\"media_image-18\" class=\"container-wrapper widget widget_media_image\"><a href=\"https:\/\/www.licitatia.ro\/site\/index-guest\"><img loading=\"lazy\" decoding=\"async\" width=\"500\" height=\"262\" src=\"https:\/\/infotulcea.ro\/wp-content\/uploads\/2025\/09\/licitatia-500x262.png\" class=\"image wp-image-36670  attachment-medium size-medium lazyload\" alt><img loading=\"lazy\" decoding=\"async\" width=\"500\" height=\"262\" src=\"https:\/\/infotulcea.ro\/wp-content\/uploads\/2025\/09\/licitatia-500x262.png\" class=\"image wp-image-36670  attachment-medium size-medium\" alt><\/a><\/div>\n<div id=\"media_image-27\" class=\"container-wrapper widget widget_media_image\"><a href=\"https:\/\/www.centrale-lemne-liepsnele.ro\/\"><img loading=\"lazy\" decoding=\"async\" width=\"500\" height=\"500\" src=\"https:\/\/infotulcea.ro\/wp-content\/uploads\/2025\/09\/Centrale-pe-Lemne-Liepsnele-500x500.png\" class=\"image wp-image-36541  attachment-medium size-medium lazyload\" alt=\"Centrala pe lemne\"><img loading=\"lazy\" decoding=\"async\" width=\"500\" height=\"500\" src=\"https:\/\/infotulcea.ro\/wp-content\/uploads\/2025\/09\/Centrale-pe-Lemne-Liepsnele-500x500.png\" class=\"image wp-image-36541  attachment-medium size-medium\" alt=\"Centrala pe lemne\"><\/a><\/div>\n<div id=\"media_image-28\" class=\"container-wrapper widget widget_media_image\"><a href=\"https:\/\/infotulcea.ro\/angajeaza-te-ro-platforma-ta-online-de-angajari-si-forta-de-munca\/\"><source sizes=\"(max-width: 500px) 100vw, 500px\" type=\"image\/webp\" data-srcset=\"https:\/\/infotulcea.ro\/wp-content\/uploads\/2025\/04\/banner-angajazate-1-500x305.jpg.webp 500w, https:\/\/infotulcea.ro\/wp-content\/uploads\/2025\/04\/banner-angajazate-1-1024x625.jpg.webp 1024w, https:\/\/infotulcea.ro\/wp-content\/uploads\/2025\/04\/banner-angajazate-1-768x469.jpg.webp 768w, https:\/\/infotulcea.ro\/wp-content\/uploads\/2025\/04\/banner-angajazate-1.jpg.webp 1080w\" \/><img loading=\"lazy\" decoding=\"async\" width=\"500\" height=\"305\" src=\"https:\/\/infotulcea.ro\/wp-content\/uploads\/2025\/04\/banner-angajazate-1-500x305.jpg\" class=\"image wp-image-34317  attachment-medium size-medium\" alt><\/a><\/div>\n<\/div>\n<\/aside>\n<\/div>\n<\/div>\n<div class=\"entry-content entry clearfix\">\n<div>\n<p><strong>Sistemele au fost semnalate \u00een jurul orei 08.00, \u00een zona economic\u0103 exclusiv\u0103 a Rom\u00e2niei, la aproximativ 90 de mile marine travers de Constan\u021ba, \u00een proximitatea perimetrului Neptun Deep, de personalul unei nave civile care efectua lucr\u0103ri \u00een zon\u0103.<\/strong><\/p>\n<p>O nav\u0103 a G\u0103rzii de Coast\u0103, la bordul c\u0103reia s-a aflat o echip\u0103 specializat\u0103 \u00een interven\u021bii EOD din For\u021bele Navale, s-a<img loading=\"lazy\" decoding=\"async\" class=\"wp-image-40361 alignright lazyload\" src=\"https:\/\/infotulcea.ro\/wp-content\/uploads\/2026\/08\/Navall-500x333.png\" alt width=\"471\" height=\"314\"><\/p>\n<p><img loading=\"lazy\" decoding=\"async\" class=\" wp-image-40361 alignright\" src=\"https:\/\/infotulcea.ro\/wp-content\/uploads\/2026\/08\/Navall-500x333.png\" alt width=\"471\" height=\"314\"> deplasat \u00een zona indicat\u0103.<\/p>\n<p>\u00cen cadrul misiunii au fost identificate dou\u0103 sisteme aeriene f\u0103r\u0103 pilot (UAV), model GERBERA, posibil cu \u00eenc\u0103rc\u0103tur\u0103 exploziv\u0103, precum \u0219i o arip\u0103 provenit\u0103 de la o dron\u0103. Cele dou\u0103 UAV au fost neutralizate prin detonare controlat\u0103 de scafandrii EOD, iar fragmentul de dron\u0103, care nu prezenta risc pirotehnic, a fost preluat la bord.<\/p>\n<p>Opera\u021biunea s-a desf\u0103\u0219urat \u00een condi\u021bii de siguran\u021b\u0103.<\/p>\n<p>Comandamentul Componentei Navale a luat leg\u0103tura cu partea ucrainean\u0103, care a confirmat c\u0103 aparatele nu apar\u021bin for\u021belor ucrainene.<\/p>\n<\/div>\n<\/div>\n<div class=\"articleBody\" data-key=\"articleBody\">\n<p>Sistemele au fost semnalate \u00een jurul orei 08.00, \u00een zona economic\u0103 exclusiv\u0103 a Rom\u00e2niei, la aproximativ 90 de mile marine travers de Constan\u021ba, \u00een proximitatea perimetrului Neptun Deep, de personalul unei nave civile care efectua lucr\u0103ri \u00een zon\u0103.<\/p>\n<p>O nav\u0103 a G\u0103rzii de Coast\u0103, la bordul c\u0103reia s-a aflat o echip\u0103 specializat\u0103 \u00een interven\u021bii EOD din For\u021bele Navale, s-a deplasat \u00een zona indicat\u0103.<\/p>\n<p>\u00cen cadrul misiunii au fost identificate dou\u0103 sisteme aeriene f\u0103r\u0103 pilot (UAV), model GERBERA, posibil cu \u00eenc\u0103rc\u0103tur\u0103 exploziv\u0103, precum \u0219i o arip\u0103 provenit\u0103 de la o dron\u0103. Cele dou\u0103 UAV au fost neutralizate prin detonare controlat\u0103 de scafandrii EOD, iar fragmentul de dron\u0103, care nu prezenta risc pirotehnic, a fost preluat la bord.<\/p>\n<p>Opera\u021biunea s-a desf\u0103\u0219urat \u00een condi\u021bii de siguran\u021b\u0103.<\/p>\n<p>Comandamentul Componentei Navale a luat leg\u0103tura cu partea ucrainean\u0103, care a confirmat c\u0103 aparatele nu apar\u021bin for\u021belor ucrainene.<\/p>\n<\/div>\n<p>[analyse_source url=&#8221;https:\/\/infotulcea.ro\/doua-sisteme-aeriene-fara-pilot-aflate-in-deriva-in-marea-neagra-au-fost-distruse-controlat-marti-11-august-de-scafandrii-eod-ai-fortelor-navale-romane\/&#8221;]<\/p>\n","protected":false},"excerpt":{"rendered":"<p>[analyse_image type=&#8221;featured&#8221; src=&#8221;https:\/\/infotulcea.ro\/wp-content\/uploads\/2026\/08\/Navall.pnghttps:\/\/infotulcea.ro\/wp-content\/uploads\/2026\/08\/Navall.png&#8221;] Home\/Comunicate\/Dou\u0103 sisteme aeriene f\u0103r\u0103 pilot, aflate \u00een deriv\u0103 \u00een Marea Neagr\u0103, au fost distruse controlat, mar\u021bi, 11 august, de scafandrii EOD ai For\u021belor Navale Rom\u00e2ne. Comunicate Dou\u0103 sisteme aeriene f\u0103r\u0103 pilot, aflate \u00een deriv\u0103 \u00een Marea Neagr\u0103, au fost distruse controlat, mar\u021bi, 11 august, de scafandrii EOD ai For\u021belor Navale Rom\u00e2ne. Redactia12 [&hellip;]<\/p>\n","protected":false},"author":1,"featured_media":0,"comment_status":"open","ping_status":"","sticky":false,"template":"","format":"standard","meta":{"footnotes":""},"categories":[89],"tags":[226,221],"class_list":["post-2097670","post","type-post","status-publish","format-standard","hentry","category-romania","tag-crawlmanager","tag-infotulcea-ro"],"_links":{"self":[{"href":"https:\/\/analyse.optim.biz\/index.php?rest_route=\/wp\/v2\/posts\/2097670","targetHints":{"allow":["GET"]}}],"collection":[{"href":"https:\/\/analyse.optim.biz\/index.php?rest_route=\/wp\/v2\/posts"}],"about":[{"href":"https:\/\/analyse.optim.biz\/index.php?rest_route=\/wp\/v2\/types\/post"}],"author":[{"embeddable":true,"href":"https:\/\/analyse.optim.biz\/index.php?rest_route=\/wp\/v2\/users\/1"}],"replies":[{"embeddable":true,"href":"https:\/\/analyse.optim.biz\/index.php?rest_route=%2Fwp%2Fv2%2Fcomments&post=2097670"}],"version-history":[{"count":0,"href":"https:\/\/analyse.optim.biz\/index.php?rest_route=\/wp\/v2\/posts\/2097670\/revisions"}],"wp:attachment":[{"href":"https:\/\/analyse.optim.biz\/index.php?rest_route=%2Fwp%2Fv2%2Fmedia&parent=2097670"}],"wp:term":[{"taxonomy":"category","embeddable":true,"href":"https:\/\/analyse.optim.biz\/index.php?rest_route=%2Fwp%2Fv2%2Fcategories&post=2097670"},{"taxonomy":"post_tag","embeddable":true,"href":"https:\/\/analyse.optim.biz\/index.php?rest_route=%2Fwp%2Fv2%2Ftags&post=2097670"}],"curies":[{"name":"wp","href":"https:\/\/api.w.org\/{rel}","templated":true}]}}