{"id":2097669,"date":"2026-08-15T17:40:35","date_gmt":"2026-08-15T14:40:35","guid":{"rendered":"https:\/\/analyse.optim.biz\/?p=2097669"},"modified":"2026-08-15T17:40:35","modified_gmt":"2026-08-15T14:40:35","slug":"accident-cu-patru-victime-la-iesirea-din-remetea-mare-spre-aeroportul-international-timisoara","status":"publish","type":"post","link":"https:\/\/analyse.optim.biz\/?p=2097669","title":{"rendered":"Accident cu patru victime la ie\u0219irea din Remetea Mare spre Aeroportul Interna\u021bional Timi\u0219oara"},"content":{"rendered":"<p>[analyse_image type=&#8221;featured&#8221; src=&#8221;https:\/\/www.tion.ro\/wp-content\/uploads\/2026\/08\/+otf\/1200&#215;630\/+LyvV9__8GYJYIWzeRR1yKE5PVF9WRVJZX1NFQz1NOsraPg0pjMiFm8OvHBaJumHvfkKMjIRuRTbTLSu43+VCmHiCZdEYb2dRgyhV5gSaumh2cizZHKgCVAgspVg=\/680994277345183130503375151646506790871816187257914n.jpg&#8221;]<\/p>\n<article id=\"post-2334378\" class>\n<div class=\"entry-content clearfix\">\n<div class=\"enewsArticleContent\">\n<p>Potrivit IPJ Timi\u0219, accidentul s-a produs dup\u0103 ce o femeie \u00een v\u00e2rst\u0103 de 34 de ani, care conducea un autoturism dinspre Remetea Mare c\u0103tre Aeroportul Interna\u021bional \u201eTraian Vuia\u201d Timi\u0219oara, a intrat \u00eentr-o ma\u0219in\u0103 condus\u0103 de un b\u0103rbat de 54 de ani, la intersec\u021bia cu DNCT, km 0.<\/p>\n<p>Cel de-al doilea autoturism ar fi circulat regulamentar dinspre aeroport c\u0103tre Mo\u0219ni\u021ba Nou\u0103.<\/p>\n<p>\u00cen urma impactului au fost r\u0103nite patru persoane: cei doi \u0219oferi auto \u0219i c\u00e2te un pasager din fiecare ma\u0219in\u0103. Pasagerii au 36, respectiv 39 de ani.<\/p>\n<p>Ambii \u0219oferi au fost testa\u021bi cu aparatul etilotest, iar rezultatele au fost negative.<\/p>\n<p>Poli\u021bi\u0219tii au deschis un dosar penal pentru v\u0103t\u0103mare corporal\u0103 din culp\u0103.<\/p>\n<div class=\"fbShareLikeTwitterAndEmailContainer\">\n<div class=\"wrapper\">\n<div class=\"email\">\n<div id=\"mailto-pop\" class=\"pop-form pop-form-mailto\">\n<div class=\"pop-form-header\">\n<h4>Trimite articolul<\/h4>\n<p><a class=\"pop-form-close\">X<\/a><\/div>\n<\/div>\n<\/div>\n<\/div>\n<\/div>\n<div class=\"tagsContainer\">\n<div class=\"tagsLabel\">Taguri:<\/div>\n<div class=\"tags\">\n<div class=\"tag\"><a href=\"https:\/\/www.tion.ro\/cimke\/accident\" rel=\"tag\"><span class=\"link\">accident<\/span><span class=\"separator\">,<\/span><\/a><\/div>\n<div class=\"tag\"><a href=\"https:\/\/www.tion.ro\/cimke\/aeroport\" rel=\"tag\"><span class=\"link\">aeroport<\/span><\/a><\/div>\n<\/div>\n<\/div>\n<div class=\"comments\">\n<div class=\"top\">\n<div class=\"commentsNumber\"><span class=\"number\">6<\/span><span class=\"text\">Comentarii<\/span><\/div>\n<\/div>\n<div class=\"center\">\n<div id=\"respond\" class=\"comment-respond\">\n<h3 id=\"reply-title\" class=\"comment-reply-title\"><small><a rel=\"nofollow\" id=\"cancel-comment-reply-link\" href=\"https:\/\/www.tion.ro\/eveniment\/accident-cu-patru-victime-la-iesirea-din-remetea-mare-spre-aeroportul-international-timisoara-2334378\/#respond\">Cancel reply<\/a><\/small><\/h3>\n<p class=\"comment-notes\"><span id=\"email-notes\">Your email address will not be published.<\/span><span class=\"required-field-message\">Required fields are marked <span class=\"required\">*<\/span><\/span><\/p>\n<p class=\"commentFormComment\"><span id=\"commentFormCount\"><br \/>\n                            inca<br \/>\n                            <span id=\"countCommentText\">1000<\/span><br \/>\n                            caractere ramase<br \/>\n                        <\/span><\/p>\n<\/div>\n<\/div>\n<div class=\"bottom\">\n<p class=\"forumDisclaimerHuRo\">\n            Citi\u021bi principiile noastre de moderare <a href=\"https:\/\/www.tion.ro\/reguli-postare-comentarii\/\" target=\"_blank\">aici<\/a>!\n        <\/p>\n<\/div>\n<\/div>\n<div id=\"forum\">\n<li class=\"comment even thread-even depth-1\" id=\"comment-1015398\">\n<div id=\"div-comment-1015398\" class=\"comment-body\">\n<div class=\"comment-author vcard\"><img decoding=\"async\" alt src=\"https:\/\/secure.gravatar.com\/avatar\/7920f9075001d8f0d790eb7e0b0f8189?s=32&amp;d=mm&amp;r=g\" class=\"avatar avatar-32 photo\" height=\"32\" width=\"32\" loading=\"lazy\"><cite class=\"fn\">Ppa<\/cite><span class=\"says\">says:<\/span><\/div>\n<div class=\"comment-meta commentmetadata\"><a href=\"https:\/\/www.tion.ro\/eveniment\/accident-cu-patru-victime-la-iesirea-din-remetea-mare-spre-aeroportul-international-timisoara-2334378\/#comment-1015398\">August 15, 2026 at 9:04 pm<\/a><\/div>\n<p>Aeroport mondial. Ha.ha.ha<\/p>\n<div class=\"reply\"><a rel=\"nofollow\" class=\"comment-reply-link\" href=\"https:\/\/www.tion.ro\/eveniment\/accident-cu-patru-victime-la-iesirea-din-remetea-mare-spre-aeroportul-international-timisoara-2334378\/#comment-1015398\" data-commentid=\"1015398\" data-postid=\"2334378\" data-belowelement=\"div-comment-1015398\" data-respondelement=\"respond\" data-replyto=\"Reply to Ppa\" aria-label=\"Reply to Ppa\">Reply<\/a><\/div>\n<\/div>\n<\/li>\n<li class=\"comment odd alt thread-odd thread-alt depth-1\" id=\"comment-1015542\">\n<div id=\"div-comment-1015542\" class=\"comment-body\">\n<div class=\"comment-author vcard\"><img decoding=\"async\" alt src=\"https:\/\/secure.gravatar.com\/avatar\/8fdd81e5e447c8c17c980db650d228d8?s=32&amp;d=mm&amp;r=g\" class=\"avatar avatar-32 photo\" height=\"32\" width=\"32\" loading=\"lazy\"><cite class=\"fn\">Mihai Groza<\/cite><span class=\"says\">says:<\/span><\/div>\n<div class=\"comment-meta commentmetadata\"><a href=\"https:\/\/www.tion.ro\/eveniment\/accident-cu-patru-victime-la-iesirea-din-remetea-mare-spre-aeroportul-international-timisoara-2334378\/#comment-1015542\">August 16, 2026 at 8:41 am<\/a><\/div>\n<p>Pute\u021bi scrie modelul de alcooltest care arat\u0103 valori negative \u00een urma test\u0103rii?<\/p>\n<div class=\"reply\"><a rel=\"nofollow\" class=\"comment-reply-link\" href=\"https:\/\/www.tion.ro\/eveniment\/accident-cu-patru-victime-la-iesirea-din-remetea-mare-spre-aeroportul-international-timisoara-2334378\/#comment-1015542\" data-commentid=\"1015542\" data-postid=\"2334378\" data-belowelement=\"div-comment-1015542\" data-respondelement=\"respond\" data-replyto=\"Reply to Mihai Groza\" aria-label=\"Reply to Mihai Groza\">Reply<\/a><\/div>\n<\/div>\n<\/li>\n<li class=\"comment even thread-even depth-1 parent\" id=\"comment-1015545\">\n<div id=\"div-comment-1015545\" class=\"comment-body\">\n<div class=\"comment-author vcard\"><img decoding=\"async\" alt src=\"https:\/\/secure.gravatar.com\/avatar\/8fdd81e5e447c8c17c980db650d228d8?s=32&amp;d=mm&amp;r=g\" class=\"avatar avatar-32 photo\" height=\"32\" width=\"32\" loading=\"lazy\"><cite class=\"fn\">Mihai<\/cite><span class=\"says\">says:<\/span><\/div>\n<div class=\"comment-meta commentmetadata\"><a href=\"https:\/\/www.tion.ro\/eveniment\/accident-cu-patru-victime-la-iesirea-din-remetea-mare-spre-aeroportul-international-timisoara-2334378\/#comment-1015545\">August 16, 2026 at 8:42 am<\/a><\/div>\n<p>Pute\u021bi scrie modelul de alcooltest care arat\u0103 valori negative \u00een urma test\u0103rii?<\/p>\n<div class=\"reply\"><a rel=\"nofollow\" class=\"comment-reply-link\" href=\"https:\/\/www.tion.ro\/eveniment\/accident-cu-patru-victime-la-iesirea-din-remetea-mare-spre-aeroportul-international-timisoara-2334378\/#comment-1015545\" data-commentid=\"1015545\" data-postid=\"2334378\" data-belowelement=\"div-comment-1015545\" data-respondelement=\"respond\" data-replyto=\"Reply to Mihai\" aria-label=\"Reply to Mihai\">Reply<\/a><\/div>\n<\/div>\n<ul class=\"children\">\n<li class=\"comment odd alt depth-2\" id=\"comment-1015578\">\n<div id=\"div-comment-1015578\" class=\"comment-body\">\n<div class=\"comment-author vcard\"><img decoding=\"async\" alt src=\"https:\/\/secure.gravatar.com\/avatar\/536f1b18f775f970b56ed82d2788608d?s=32&amp;d=mm&amp;r=g\" class=\"avatar avatar-32 photo\" height=\"32\" width=\"32\" loading=\"lazy\"><cite class=\"fn\">profesor_Y<\/cite><span class=\"says\">says:<\/span><\/div>\n<div class=\"comment-meta commentmetadata\"><a href=\"https:\/\/www.tion.ro\/eveniment\/accident-cu-patru-victime-la-iesirea-din-remetea-mare-spre-aeroportul-international-timisoara-2334378\/#comment-1015578\">August 16, 2026 at 1:45 pm<\/a><\/div>\n<p>rezultatele au fost negative, nu valorile, geniule.<\/p>\n<div class=\"reply\"><a rel=\"nofollow\" class=\"comment-reply-link\" href=\"https:\/\/www.tion.ro\/eveniment\/accident-cu-patru-victime-la-iesirea-din-remetea-mare-spre-aeroportul-international-timisoara-2334378\/#comment-1015578\" data-commentid=\"1015578\" data-postid=\"2334378\" data-belowelement=\"div-comment-1015578\" data-respondelement=\"respond\" data-replyto=\"Reply to profesor_Y\" aria-label=\"Reply to profesor_Y\">Reply<\/a><\/div>\n<\/div>\n<\/li>\n<\/ul>\n<\/li>\n<li class=\"comment even thread-odd thread-alt depth-1 parent\" id=\"comment-1015557\">\n<div id=\"div-comment-1015557\" class=\"comment-body\">\n<div class=\"comment-author vcard\"><img decoding=\"async\" alt src=\"https:\/\/secure.gravatar.com\/avatar\/d1dc85e246058564665880c92c2d2294?s=32&amp;d=mm&amp;r=g\" class=\"avatar avatar-32 photo\" height=\"32\" width=\"32\" loading=\"lazy\"><cite class=\"fn\">Adrian<\/cite><span class=\"says\">says:<\/span><\/div>\n<div class=\"comment-meta commentmetadata\"><a href=\"https:\/\/www.tion.ro\/eveniment\/accident-cu-patru-victime-la-iesirea-din-remetea-mare-spre-aeroportul-international-timisoara-2334378\/#comment-1015557\">August 16, 2026 at 11:20 am<\/a><\/div>\n<p>Si femei si sub 35 de ani \u2026 combinatia ideala pentru un accident.<\/p>\n<div class=\"reply\"><a rel=\"nofollow\" class=\"comment-reply-link\" href=\"https:\/\/www.tion.ro\/eveniment\/accident-cu-patru-victime-la-iesirea-din-remetea-mare-spre-aeroportul-international-timisoara-2334378\/#comment-1015557\" data-commentid=\"1015557\" data-postid=\"2334378\" data-belowelement=\"div-comment-1015557\" data-respondelement=\"respond\" data-replyto=\"Reply to Adrian\" aria-label=\"Reply to Adrian\">Reply<\/a><\/div>\n<\/div>\n<ul class=\"children\">\n<li class=\"comment odd alt depth-2\" id=\"comment-1015599\">\n<div id=\"div-comment-1015599\" class=\"comment-body\">\n<div class=\"comment-author vcard\"><img decoding=\"async\" alt src=\"https:\/\/secure.gravatar.com\/avatar\/48f1caf8c86c05eb4798e9da1e6b4c5f?s=32&amp;d=mm&amp;r=g\" class=\"avatar avatar-32 photo\" height=\"32\" width=\"32\" loading=\"lazy\"><cite class=\"fn\">dap<\/cite><span class=\"says\">says:<\/span><\/div>\n<div class=\"comment-meta commentmetadata\"><a href=\"https:\/\/www.tion.ro\/eveniment\/accident-cu-patru-victime-la-iesirea-din-remetea-mare-spre-aeroportul-international-timisoara-2334378\/#comment-1015599\">August 16, 2026 at 3:37 pm<\/a><\/div>\n<p>dap, barbatii sub 35 de ani nu fac accidente, sau cum?\ud83d\ude01. Ai pe net statistica oficiala a tuturor accidentelor pe siversi ani, vezi acolo si pe gen, si pe varsta, da-i o geana si vino si spune-ne si noua cam cum arata! Si poate iti ceri si scuze pentru comentariul stupid. Desi nu pari genul care sa recunoasca cand greseste, tu esti de-ala cu pareri batute in cuie oricat de evident ar fi pe baza de dovezi ca sunt pareri de frustrat nu foarte educat.<\/p>\n<p>Slava si tie!<\/p>\n<div class=\"reply\"><a rel=\"nofollow\" class=\"comment-reply-link\" href=\"https:\/\/www.tion.ro\/eveniment\/accident-cu-patru-victime-la-iesirea-din-remetea-mare-spre-aeroportul-international-timisoara-2334378\/#comment-1015599\" data-commentid=\"1015599\" data-postid=\"2334378\" data-belowelement=\"div-comment-1015599\" data-respondelement=\"respond\" data-replyto=\"Reply to dap\" aria-label=\"Reply to dap\">Reply<\/a><\/div>\n<\/div>\n<\/li>\n<\/ul>\n<\/li>\n<\/div>\n<\/div>\n<\/div>\n<\/article>\n<div class=\"entry-content clearfix\">\n<div class=\"enewsArticleContent\">\n<p>Potrivit IPJ Timi\u0219, accidentul s-a produs dup\u0103 ce o femeie \u00een v\u00e2rst\u0103 de 34 de ani, care conducea un autoturism dinspre Remetea Mare c\u0103tre Aeroportul Interna\u021bional \u201eTraian Vuia\u201d Timi\u0219oara, a intrat \u00eentr-o ma\u0219in\u0103 condus\u0103 de un b\u0103rbat de 54 de ani, la intersec\u021bia cu DNCT, km 0.<\/p>\n<p>Cel de-al doilea autoturism ar fi circulat regulamentar dinspre aeroport c\u0103tre Mo\u0219ni\u021ba Nou\u0103.<\/p>\n<p>\u00cen urma impactului au fost r\u0103nite patru persoane: cei doi \u0219oferi auto \u0219i c\u00e2te un pasager din fiecare ma\u0219in\u0103. Pasagerii au 36, respectiv 39 de ani.<\/p>\n<p>Ambii \u0219oferi au fost testa\u021bi cu aparatul etilotest, iar rezultatele au fost negative.<\/p>\n<p>Poli\u021bi\u0219tii au deschis un dosar penal pentru v\u0103t\u0103mare corporal\u0103 din culp\u0103.<\/p>\n<div class=\"fbShareLikeTwitterAndEmailContainer\">\n<div class=\"wrapper\">\n<div class=\"email\">\n<div id=\"mailto-pop\" class=\"pop-form pop-form-mailto\">\n<div class=\"pop-form-header\">\n<h4>Trimite articolul<\/h4>\n<p><a class=\"pop-form-close\">X<\/a><\/div>\n<\/div>\n<\/div>\n<\/div>\n<\/div>\n<div class=\"tagsContainer\">\n<div class=\"tagsLabel\">Taguri:<\/div>\n<div class=\"tags\">\n<div class=\"tag\"><a href=\"https:\/\/www.tion.ro\/cimke\/accident\" rel=\"tag\"><span class=\"link\">accident<\/span><span class=\"separator\">,<\/span><\/a><\/div>\n<div class=\"tag\"><a href=\"https:\/\/www.tion.ro\/cimke\/aeroport\" rel=\"tag\"><span class=\"link\">aeroport<\/span><\/a><\/div>\n<\/div>\n<\/div>\n<div class=\"comments\">\n<div class=\"top\">\n<div class=\"commentsNumber\"><span class=\"number\">6<\/span><span class=\"text\">Comentarii<\/span><\/div>\n<\/div>\n<div class=\"center\">\n<div id=\"respond\" class=\"comment-respond\">\n<h3 id=\"reply-title\" class=\"comment-reply-title\"><small><a rel=\"nofollow\" id=\"cancel-comment-reply-link\" href=\"https:\/\/www.tion.ro\/eveniment\/accident-cu-patru-victime-la-iesirea-din-remetea-mare-spre-aeroportul-international-timisoara-2334378\/#respond\">Cancel reply<\/a><\/small><\/h3>\n<p class=\"comment-notes\"><span id=\"email-notes\">Your email address will not be published.<\/span><span class=\"required-field-message\">Required fields are marked <span class=\"required\">*<\/span><\/span><\/p>\n<p class=\"commentFormComment\"><span id=\"commentFormCount\"><br \/>\n                            inca<br \/>\n                            <span id=\"countCommentText\">1000<\/span><br \/>\n                            caractere ramase<br \/>\n                        <\/span><\/p>\n<\/div>\n<\/div>\n<div class=\"bottom\">\n<p class=\"forumDisclaimerHuRo\">\n            Citi\u021bi principiile noastre de moderare <a href=\"https:\/\/www.tion.ro\/reguli-postare-comentarii\/\" target=\"_blank\">aici<\/a>!\n        <\/p>\n<\/div>\n<\/div>\n<div id=\"forum\">\n<li class=\"comment even thread-even depth-1\" id=\"comment-1015398\">\n<div id=\"div-comment-1015398\" class=\"comment-body\">\n<div class=\"comment-author vcard\"><img decoding=\"async\" alt src=\"https:\/\/secure.gravatar.com\/avatar\/7920f9075001d8f0d790eb7e0b0f8189?s=32&amp;d=mm&amp;r=g\" class=\"avatar avatar-32 photo\" height=\"32\" width=\"32\" loading=\"lazy\"><cite class=\"fn\">Ppa<\/cite><span class=\"says\">says:<\/span><\/div>\n<div class=\"comment-meta commentmetadata\"><a href=\"https:\/\/www.tion.ro\/eveniment\/accident-cu-patru-victime-la-iesirea-din-remetea-mare-spre-aeroportul-international-timisoara-2334378\/#comment-1015398\">August 15, 2026 at 9:04 pm<\/a><\/div>\n<p>Aeroport mondial. Ha.ha.ha<\/p>\n<div class=\"reply\"><a rel=\"nofollow\" class=\"comment-reply-link\" href=\"https:\/\/www.tion.ro\/eveniment\/accident-cu-patru-victime-la-iesirea-din-remetea-mare-spre-aeroportul-international-timisoara-2334378\/#comment-1015398\" data-commentid=\"1015398\" data-postid=\"2334378\" data-belowelement=\"div-comment-1015398\" data-respondelement=\"respond\" data-replyto=\"Reply to Ppa\" aria-label=\"Reply to Ppa\">Reply<\/a><\/div>\n<\/div>\n<\/li>\n<li class=\"comment odd alt thread-odd thread-alt depth-1\" id=\"comment-1015542\">\n<div id=\"div-comment-1015542\" class=\"comment-body\">\n<div class=\"comment-author vcard\"><img decoding=\"async\" alt src=\"https:\/\/secure.gravatar.com\/avatar\/8fdd81e5e447c8c17c980db650d228d8?s=32&amp;d=mm&amp;r=g\" class=\"avatar avatar-32 photo\" height=\"32\" width=\"32\" loading=\"lazy\"><cite class=\"fn\">Mihai Groza<\/cite><span class=\"says\">says:<\/span><\/div>\n<div class=\"comment-meta commentmetadata\"><a href=\"https:\/\/www.tion.ro\/eveniment\/accident-cu-patru-victime-la-iesirea-din-remetea-mare-spre-aeroportul-international-timisoara-2334378\/#comment-1015542\">August 16, 2026 at 8:41 am<\/a><\/div>\n<p>Pute\u021bi scrie modelul de alcooltest care arat\u0103 valori negative \u00een urma test\u0103rii?<\/p>\n<div class=\"reply\"><a rel=\"nofollow\" class=\"comment-reply-link\" href=\"https:\/\/www.tion.ro\/eveniment\/accident-cu-patru-victime-la-iesirea-din-remetea-mare-spre-aeroportul-international-timisoara-2334378\/#comment-1015542\" data-commentid=\"1015542\" data-postid=\"2334378\" data-belowelement=\"div-comment-1015542\" data-respondelement=\"respond\" data-replyto=\"Reply to Mihai Groza\" aria-label=\"Reply to Mihai Groza\">Reply<\/a><\/div>\n<\/div>\n<\/li>\n<li class=\"comment even thread-even depth-1 parent\" id=\"comment-1015545\">\n<div id=\"div-comment-1015545\" class=\"comment-body\">\n<div class=\"comment-author vcard\"><img decoding=\"async\" alt src=\"https:\/\/secure.gravatar.com\/avatar\/8fdd81e5e447c8c17c980db650d228d8?s=32&amp;d=mm&amp;r=g\" class=\"avatar avatar-32 photo\" height=\"32\" width=\"32\" loading=\"lazy\"><cite class=\"fn\">Mihai<\/cite><span class=\"says\">says:<\/span><\/div>\n<div class=\"comment-meta commentmetadata\"><a href=\"https:\/\/www.tion.ro\/eveniment\/accident-cu-patru-victime-la-iesirea-din-remetea-mare-spre-aeroportul-international-timisoara-2334378\/#comment-1015545\">August 16, 2026 at 8:42 am<\/a><\/div>\n<p>Pute\u021bi scrie modelul de alcooltest care arat\u0103 valori negative \u00een urma test\u0103rii?<\/p>\n<div class=\"reply\"><a rel=\"nofollow\" class=\"comment-reply-link\" href=\"https:\/\/www.tion.ro\/eveniment\/accident-cu-patru-victime-la-iesirea-din-remetea-mare-spre-aeroportul-international-timisoara-2334378\/#comment-1015545\" data-commentid=\"1015545\" data-postid=\"2334378\" data-belowelement=\"div-comment-1015545\" data-respondelement=\"respond\" data-replyto=\"Reply to Mihai\" aria-label=\"Reply to Mihai\">Reply<\/a><\/div>\n<\/div>\n<ul class=\"children\">\n<li class=\"comment odd alt depth-2\" id=\"comment-1015578\">\n<div id=\"div-comment-1015578\" class=\"comment-body\">\n<div class=\"comment-author vcard\"><img decoding=\"async\" alt src=\"https:\/\/secure.gravatar.com\/avatar\/536f1b18f775f970b56ed82d2788608d?s=32&amp;d=mm&amp;r=g\" class=\"avatar avatar-32 photo\" height=\"32\" width=\"32\" loading=\"lazy\"><cite class=\"fn\">profesor_Y<\/cite><span class=\"says\">says:<\/span><\/div>\n<div class=\"comment-meta commentmetadata\"><a href=\"https:\/\/www.tion.ro\/eveniment\/accident-cu-patru-victime-la-iesirea-din-remetea-mare-spre-aeroportul-international-timisoara-2334378\/#comment-1015578\">August 16, 2026 at 1:45 pm<\/a><\/div>\n<p>rezultatele au fost negative, nu valorile, geniule.<\/p>\n<div class=\"reply\"><a rel=\"nofollow\" class=\"comment-reply-link\" href=\"https:\/\/www.tion.ro\/eveniment\/accident-cu-patru-victime-la-iesirea-din-remetea-mare-spre-aeroportul-international-timisoara-2334378\/#comment-1015578\" data-commentid=\"1015578\" data-postid=\"2334378\" data-belowelement=\"div-comment-1015578\" data-respondelement=\"respond\" data-replyto=\"Reply to profesor_Y\" aria-label=\"Reply to profesor_Y\">Reply<\/a><\/div>\n<\/div>\n<\/li>\n<\/ul>\n<\/li>\n<li class=\"comment even thread-odd thread-alt depth-1 parent\" id=\"comment-1015557\">\n<div id=\"div-comment-1015557\" class=\"comment-body\">\n<div class=\"comment-author vcard\"><img decoding=\"async\" alt src=\"https:\/\/secure.gravatar.com\/avatar\/d1dc85e246058564665880c92c2d2294?s=32&amp;d=mm&amp;r=g\" class=\"avatar avatar-32 photo\" height=\"32\" width=\"32\" loading=\"lazy\"><cite class=\"fn\">Adrian<\/cite><span class=\"says\">says:<\/span><\/div>\n<div class=\"comment-meta commentmetadata\"><a href=\"https:\/\/www.tion.ro\/eveniment\/accident-cu-patru-victime-la-iesirea-din-remetea-mare-spre-aeroportul-international-timisoara-2334378\/#comment-1015557\">August 16, 2026 at 11:20 am<\/a><\/div>\n<p>Si femei si sub 35 de ani \u2026 combinatia ideala pentru un accident.<\/p>\n<div class=\"reply\"><a rel=\"nofollow\" class=\"comment-reply-link\" href=\"https:\/\/www.tion.ro\/eveniment\/accident-cu-patru-victime-la-iesirea-din-remetea-mare-spre-aeroportul-international-timisoara-2334378\/#comment-1015557\" data-commentid=\"1015557\" data-postid=\"2334378\" data-belowelement=\"div-comment-1015557\" data-respondelement=\"respond\" data-replyto=\"Reply to Adrian\" aria-label=\"Reply to Adrian\">Reply<\/a><\/div>\n<\/div>\n<ul class=\"children\">\n<li class=\"comment odd alt depth-2\" id=\"comment-1015599\">\n<div id=\"div-comment-1015599\" class=\"comment-body\">\n<div class=\"comment-author vcard\"><img decoding=\"async\" alt src=\"https:\/\/secure.gravatar.com\/avatar\/48f1caf8c86c05eb4798e9da1e6b4c5f?s=32&amp;d=mm&amp;r=g\" class=\"avatar avatar-32 photo\" height=\"32\" width=\"32\" loading=\"lazy\"><cite class=\"fn\">dap<\/cite><span class=\"says\">says:<\/span><\/div>\n<div class=\"comment-meta commentmetadata\"><a href=\"https:\/\/www.tion.ro\/eveniment\/accident-cu-patru-victime-la-iesirea-din-remetea-mare-spre-aeroportul-international-timisoara-2334378\/#comment-1015599\">August 16, 2026 at 3:37 pm<\/a><\/div>\n<p>dap, barbatii sub 35 de ani nu fac accidente, sau cum?\ud83d\ude01. Ai pe net statistica oficiala a tuturor accidentelor pe siversi ani, vezi acolo si pe gen, si pe varsta, da-i o geana si vino si spune-ne si noua cam cum arata! Si poate iti ceri si scuze pentru comentariul stupid. Desi nu pari genul care sa recunoasca cand greseste, tu esti de-ala cu pareri batute in cuie oricat de evident ar fi pe baza de dovezi ca sunt pareri de frustrat nu foarte educat.<\/p>\n<p>Slava si tie!<\/p>\n<div class=\"reply\"><a rel=\"nofollow\" class=\"comment-reply-link\" href=\"https:\/\/www.tion.ro\/eveniment\/accident-cu-patru-victime-la-iesirea-din-remetea-mare-spre-aeroportul-international-timisoara-2334378\/#comment-1015599\" data-commentid=\"1015599\" data-postid=\"2334378\" data-belowelement=\"div-comment-1015599\" data-respondelement=\"respond\" data-replyto=\"Reply to dap\" aria-label=\"Reply to dap\">Reply<\/a><\/div>\n<\/div>\n<\/li>\n<\/ul>\n<\/li>\n<\/div>\n<\/div>\n<\/div>\n<p>[analyse_source url=&#8221;https:\/\/www.tion.ro\/eveniment\/accident-cu-patru-victime-la-iesirea-din-remetea-mare-spre-aeroportul-international-timisoara-2334378\/&#8221;]<\/p>\n","protected":false},"excerpt":{"rendered":"<p>[analyse_image type=&#8221;featured&#8221; src=&#8221;https:\/\/www.tion.ro\/wp-content\/uploads\/2026\/08\/+otf\/1200&#215;630\/+LyvV9__8GYJYIWzeRR1yKE5PVF9WRVJZX1NFQz1NOsraPg0pjMiFm8OvHBaJumHvfkKMjIRuRTbTLSu43+VCmHiCZdEYb2dRgyhV5gSaumh2cizZHKgCVAgspVg=\/680994277345183130503375151646506790871816187257914n.jpg&#8221;] Potrivit IPJ Timi\u0219, accidentul s-a produs dup\u0103 ce o femeie \u00een v\u00e2rst\u0103 de 34 de ani, care conducea un autoturism dinspre Remetea Mare c\u0103tre Aeroportul Interna\u021bional \u201eTraian Vuia\u201d Timi\u0219oara, a intrat \u00eentr-o ma\u0219in\u0103 condus\u0103 de un b\u0103rbat de 54 de ani, la intersec\u021bia cu DNCT, km 0. Cel de-al doilea autoturism ar [&hellip;]<\/p>\n","protected":false},"author":1,"featured_media":0,"comment_status":"open","ping_status":"","sticky":false,"template":"","format":"standard","meta":{"footnotes":""},"categories":[89],"tags":[226,191],"class_list":["post-2097669","post","type-post","status-publish","format-standard","hentry","category-romania","tag-crawlmanager","tag-tion-ro"],"_links":{"self":[{"href":"https:\/\/analyse.optim.biz\/index.php?rest_route=\/wp\/v2\/posts\/2097669","targetHints":{"allow":["GET"]}}],"collection":[{"href":"https:\/\/analyse.optim.biz\/index.php?rest_route=\/wp\/v2\/posts"}],"about":[{"href":"https:\/\/analyse.optim.biz\/index.php?rest_route=\/wp\/v2\/types\/post"}],"author":[{"embeddable":true,"href":"https:\/\/analyse.optim.biz\/index.php?rest_route=\/wp\/v2\/users\/1"}],"replies":[{"embeddable":true,"href":"https:\/\/analyse.optim.biz\/index.php?rest_route=%2Fwp%2Fv2%2Fcomments&post=2097669"}],"version-history":[{"count":0,"href":"https:\/\/analyse.optim.biz\/index.php?rest_route=\/wp\/v2\/posts\/2097669\/revisions"}],"wp:attachment":[{"href":"https:\/\/analyse.optim.biz\/index.php?rest_route=%2Fwp%2Fv2%2Fmedia&parent=2097669"}],"wp:term":[{"taxonomy":"category","embeddable":true,"href":"https:\/\/analyse.optim.biz\/index.php?rest_route=%2Fwp%2Fv2%2Fcategories&post=2097669"},{"taxonomy":"post_tag","embeddable":true,"href":"https:\/\/analyse.optim.biz\/index.php?rest_route=%2Fwp%2Fv2%2Ftags&post=2097669"}],"curies":[{"name":"wp","href":"https:\/\/api.w.org\/{rel}","templated":true}]}}