{"id":2097668,"date":"2026-08-11T10:38:41","date_gmt":"2026-08-11T07:38:41","guid":{"rendered":"https:\/\/analyse.optim.biz\/?p=2097668"},"modified":"2026-08-11T10:38:41","modified_gmt":"2026-08-11T07:38:41","slug":"inspectoratul-general-pentru-imigrari-continua-activitatile-in-sezonul-estival","status":"publish","type":"post","link":"https:\/\/analyse.optim.biz\/?p=2097668","title":{"rendered":"INSPECTORATUL GENERAL PENTRU IMIGR\u0102RI CONTINU\u0102 ACTIVIT\u0102\u021aILE \u00ceN SEZONUL ESTIVAL"},"content":{"rendered":"<p>[analyse_image type=&#8221;featured&#8221; src=&#8221;https:\/\/infotulcea.ro\/wp-content\/uploads\/2026\/08\/imigrari-1.jpghttps:\/\/infotulcea.ro\/wp-content\/uploads\/2026\/08\/imigrari-1.jpg&#8221;]<\/p>\n<div id=\"content\" class=\"site-content container\">\n<div id=\"main-content-row\" class=\"tie-row main-content-row\">\n<div class=\"main-content tie-col-md-8 tie-col-xs-12\" role=\"main\">\n<article id=\"the-post\" class=\"container-wrapper post-content tie-standard\">\n<header class=\"entry-header-outer\">\n<nav id=\"breadcrumb\"><a href=\"https:\/\/infotulcea.ro\/\"> Home<\/a><em class=\"delimiter\">\/<\/em><a href=\"https:\/\/infotulcea.ro\/categorie\/comunicate\/\">Comunicate<\/a><em class=\"delimiter\">\/<\/em><span class=\"current\">INSPECTORATUL GENERAL PENTRU IMIGR\u0102RI CONTINU\u0102 ACTIVIT\u0102\u021aILE \u00ceN SEZONUL ESTIVAL<\/span><\/nav>\n<div class=\"entry-header\"><span class=\"post-cat-wrap\"><a class=\"post-cat tie-cat-35\" href=\"https:\/\/infotulcea.ro\/categorie\/comunicate\/\">Comunicate<\/a><\/span><\/p>\n<h1 class=\"post-title entry-title\">\n\t\t\tINSPECTORATUL GENERAL PENTRU IMIGR\u0102RI CONTINU\u0102 ACTIVIT\u0102\u021aILE \u00ceN SEZONUL ESTIVAL\t\t<\/h1>\n<div class=\"single-post-meta post-meta clearfix\"><span class=\"author-meta single-author no-avatars\"><span class=\"meta-item meta-author-wrapper meta-author-9\"><span class=\"meta-author\"><a href=\"https:\/\/infotulcea.ro\/author\/redactia-2\/\" class=\"author-name tie-icon\" title=\"Redactia\">Redactia<\/a><\/span><\/span><\/span><span class=\"date meta-item tie-icon\">11 august 2026<\/span><\/p>\n<div class=\"tie-alignright\"><span class=\"meta-comment tie-icon meta-item fa-before\">0<\/span><span class=\"meta-views meta-item \"> 381 <\/span><span class=\"meta-reading-time meta-item\"> 1 minute read<\/span><\/div>\n<\/div>\n<\/div>\n<\/header>\n<div class=\"entry-content entry clearfix\">\n<p>Misiunea Inspectoratului General pentru Imigr\u0103ri, desf\u0103\u0219urat\u0103 \u00een str\u00e2ns\u0103 colaborare<br \/>\ncu celelalte structuri din cadrul Ministerului Afacerilor Interne, urm\u0103re\u0219te protejarea<br \/>\nsiguran\u021bei cet\u0103\u021benilor prin organizarea \u0219i derularea eficient\u0103 a tuturor ac\u021biunilor din<br \/>\nsfera de competen\u021b\u0103.<br \/>\nAc\u021biunile noastre arat\u0103 rezultatele operative ob\u021binute la nivel na\u021bional \u00een luna iulie.<source sizes=\"(max-width: 443px) 100vw, 443px\" type=\"image\/webp\" data-srcset=\"https:\/\/infotulcea.ro\/wp-content\/uploads\/2026\/08\/imigrari-2-500x344.jpg.webp 500w, https:\/\/infotulcea.ro\/wp-content\/uploads\/2026\/08\/imigrari-2-1024x704.jpg.webp 1024w, https:\/\/infotulcea.ro\/wp-content\/uploads\/2026\/08\/imigrari-2-768x528.jpg.webp 768w, https:\/\/infotulcea.ro\/wp-content\/uploads\/2026\/08\/imigrari-2-220x150.jpg.webp 220w, https:\/\/infotulcea.ro\/wp-content\/uploads\/2026\/08\/imigrari-2.jpg.webp 1080w\" \/><\/p>\n<p><img loading=\"lazy\" decoding=\"async\" class=\" wp-image-40351 alignright\" src=\"https:\/\/infotulcea.ro\/wp-content\/uploads\/2026\/08\/imigrari-2-500x344.jpg\" alt width=\"443\" height=\"305\"><br \/>\n\u00cen aceast\u0103 perioad\u0103, poli\u021bi\u0219tii de imigr\u0103ri au derulat 580 de ac\u021biuni, controale \u0219i<br \/>\nverific\u0103ri care au vizat prevenirea \u0219i combaterea \u0219ederii ilegale a str\u0103inilor \u0219i a muncii<br \/>\nnedeclarate. Misiunile au fost efectuate at\u00e2t \u00een mod independent, c\u00e2t \u0219i al\u0103turi de alte<br \/>\ninstitu\u021bii cu care unitatea noastr\u0103 coopereaz\u0103. \u00cen urma acestor verific\u0103ri, au fost<br \/>\n\u00eendep\u0103rta\u021bi sub escort\u0103 de pe teritoriul Rom\u00e2niei 24 de str\u0103ini, iar 13 persoane au fost<br \/>\nintroduse \u00een centrele de custodie public\u0103.<br \/>\n\u00cen plus, au fost emise 152 de decizii de returnare, fiind aplicate 1.416 sanc\u021biuni<br \/>\ncontraven\u021bionale.<br \/>\nComponenta de preven\u021bie r\u0103m\u00e2ne o prioritate pe durata verii. Evalu\u0103rile de risc stau<br \/>\nla baza planific\u0103rii misiunilor \u00een zonele unde au loc festivaluri, evenimente culturale<br \/>\nsau alte manifest\u0103ri publice cu afluen\u021b\u0103 mare de persoane. Pentru un climat de<br \/>\nsiguran\u021b\u0103, efectivele de imigr\u0103ri intensific\u0103 verific\u0103rile \u00een spa\u021biile frecventate de<br \/>\nstr\u0103ini, la sediile persoanelor juridice \u0219i la agen\u021bii economici, \u00een scopul identific\u0103rii<br \/>\npersoanelor f\u0103r\u0103 drept de \u0219edere sau a celor date \u00een urm\u0103rire na\u021bional\u0103 ori<br \/>\ninterna\u021bional\u0103.<br \/>\n\u00cen privin\u021ba datelor statistice, la data de 31 iulie, \u00een eviden\u021bele Inspectoratului General<br \/>\npentru Imigr\u0103ri erau \u00eenregistra\u021bi 316.189 de cet\u0103\u021beni provenind din state ter\u021be, din<br \/>\nUniunea European\u0103 \u0219i din Spa\u021biul Economic European. Dintre ace\u0219tia, o parte<br \/>\nROM\u00c2NIA<\/p>\n<source sizes=\"(max-width: 500px) 100vw, 500px\" type=\"image\/webp\" data-srcset=\"https:\/\/infotulcea.ro\/wp-content\/uploads\/2026\/08\/imigrari-1-500x375.jpg.webp 500w, https:\/\/infotulcea.ro\/wp-content\/uploads\/2026\/08\/imigrari-1-1024x768.jpg.webp 1024w, https:\/\/infotulcea.ro\/wp-content\/uploads\/2026\/08\/imigrari-1-768x576.jpg.webp 768w, https:\/\/infotulcea.ro\/wp-content\/uploads\/2026\/08\/imigrari-1.jpg.webp 1080w\" \/>\n<p><img loading=\"lazy\" decoding=\"async\" class=\"size-medium wp-image-40350 aligncenter\" src=\"https:\/\/infotulcea.ro\/wp-content\/uploads\/2026\/08\/imigrari-1-500x375.jpg\" alt width=\"500\" height=\"375\"><\/p>\n<p>\u00eensemnat\u0103 este reprezentat\u0103 de persoanele venite \u00een \u021bara noastr\u0103 \u00een scop de munc\u0103,<br \/>\nprincipalele \u021b\u0103ri de origine fiind Nepal, Sri Lanka \u0219i Turcia.<\/p>\n<p>BIROUL INFORMARE \u0218I RELA\u021aII PUBLICE<\/p>\n<\/div>\n<div id=\"post-extra-info\">\n<div class=\"theiaStickySidebar\">\n<div class=\"single-post-meta post-meta clearfix\"><span class=\"author-meta single-author no-avatars\"><span class=\"meta-item meta-author-wrapper meta-author-9\"><span class=\"meta-author\"><a href=\"https:\/\/infotulcea.ro\/author\/redactia-2\/\" class=\"author-name tie-icon\" title=\"Redactia\">Redactia<\/a><\/span><\/span><\/span><span class=\"date meta-item tie-icon\">11 august 2026<\/span><\/p>\n<div class=\"tie-alignright\"><span class=\"meta-comment tie-icon meta-item fa-before\">0<\/span><span class=\"meta-views meta-item \"> 381 <\/span><span class=\"meta-reading-time meta-item\"> 1 minute read<\/span><\/div>\n<\/div>\n<\/div>\n<\/div>\n<div id=\"share-buttons-bottom\" class=\"share-buttons share-buttons-bottom\">\n<div class=\"share-links  icons-only\">\n<div class=\"share-title\"><span> Share<\/span><\/div>\n<p><a href=\"https:\/\/www.facebook.com\/sharer.php?u=https:\/\/infotulcea.ro\/inspectoratul-general-pentru-imigrari-continua-activitatile-in-sezonul-estival\/\" rel=\"external noopener nofollow\" title=\"Facebook\" target=\"_blank\" class=\"facebook-share-btn \" data-raw=\"https:\/\/www.facebook.com\/sharer.php?u={post_link}\"><span class=\"screen-reader-text\">Facebook<\/span><\/a><a href=\"https:\/\/twitter.com\/intent\/tweet?text=INSPECTORATUL%20GENERAL%20PENTRU%20IMIGR%C4%82RI%20CONTINU%C4%82%20ACTIVIT%C4%82%C8%9AILE%20%C3%8EN%20SEZONUL%20ESTIVAL&amp;url=https:\/\/infotulcea.ro\/inspectoratul-general-pentru-imigrari-continua-activitatile-in-sezonul-estival\/\" rel=\"external noopener nofollow\" title=\"X\" target=\"_blank\" class=\"twitter-share-btn \" data-raw=\"https:\/\/twitter.com\/intent\/tweet?text={post_title}&amp;url={post_link}\"><span class=\"screen-reader-text\">X<\/span><\/a><a href=\"https:\/\/api.whatsapp.com\/send?text=INSPECTORATUL%20GENERAL%20PENTRU%20IMIGR%C4%82RI%20CONTINU%C4%82%20ACTIVIT%C4%82%C8%9AILE%20%C3%8EN%20SEZONUL%20ESTIVAL%20https:\/\/infotulcea.ro\/inspectoratul-general-pentru-imigrari-continua-activitatile-in-sezonul-estival\/\" rel=\"external noopener nofollow\" title=\"WhatsApp\" target=\"_blank\" class=\"whatsapp-share-btn \" data-raw=\"https:\/\/api.whatsapp.com\/send?text={post_title}%20{post_link}\"><span class=\"screen-reader-text\">WhatsApp<\/span><\/a><a href=\"https:\/\/telegram.me\/share\/url?url=https:\/\/infotulcea.ro\/inspectoratul-general-pentru-imigrari-continua-activitatile-in-sezonul-estival\/&amp;text=INSPECTORATUL%20GENERAL%20PENTRU%20IMIGR%C4%82RI%20CONTINU%C4%82%20ACTIVIT%C4%82%C8%9AILE%20%C3%8EN%20SEZONUL%20ESTIVAL\" rel=\"external noopener nofollow\" title=\"Telegram\" target=\"_blank\" class=\"telegram-share-btn \" data-raw=\"https:\/\/telegram.me\/share\/url?url={post_link}&amp;text={post_title}\"><span class=\"screen-reader-text\">Telegram<\/span><\/a><a href=\"mailto:?subject=INSPECTORATUL%20GENERAL%20PENTRU%20IMIGR%C4%82RI%20CONTINU%C4%82%20ACTIVIT%C4%82%C8%9AILE%20%C3%8EN%20SEZONUL%20ESTIVAL&amp;body=https:\/\/infotulcea.ro\/inspectoratul-general-pentru-imigrari-continua-activitatile-in-sezonul-estival\/\" rel=\"external noopener nofollow\" title=\"Share via Email\" target=\"_blank\" class=\"email-share-btn \" data-raw=\"mailto:?subject={post_title}&amp;body={post_link}\"><span class=\"screen-reader-text\">Share via Email<\/span><\/a><a href=\"https:\/\/infotulcea.ro\/inspectoratul-general-pentru-imigrari-continua-activitatile-in-sezonul-estival\/\" rel=\"external noopener nofollow\" title=\"Print\" target=\"_blank\" class=\"print-share-btn \" data-raw=\"#\"><span class=\"screen-reader-text\">Print<\/span><\/a><\/div>\n<\/div>\n<\/article>\n<div class=\"post-components\">\n<div id=\"related-posts\" class=\"container-wrapper has-extra-post\">\n<div class=\"mag-box-title the-global-title\">\n<h3>Related Articles<\/h3>\n<\/div>\n<div class=\"related-posts-list\">\n<div class=\"related-item tie-standard\"><a aria-label=\"Transportul de persoane controlat de poli\u021bi\u0219tii tulceni\" href=\"https:\/\/infotulcea.ro\/transportul-de-persoane-controlat-de-politistii-tulceni\/\" class=\"post-thumb\"><source type=\"image\/webp\" data-srcset=\"https:\/\/infotulcea.ro\/wp-content\/uploads\/2022\/10\/10.10.1-390x220.jpg.webp\" \/><img loading=\"lazy\" decoding=\"async\" width=\"390\" height=\"220\" src=\"https:\/\/infotulcea.ro\/wp-content\/uploads\/2022\/10\/10.10.1-390x220.jpg\" class=\"attachment-jannah-image-large size-jannah-image-large wp-post-image\" alt><\/a><\/p>\n<h3 class=\"post-title\"><a href=\"https:\/\/infotulcea.ro\/transportul-de-persoane-controlat-de-politistii-tulceni\/\">Transportul de persoane controlat de poli\u021bi\u0219tii tulceni<\/a><\/h3>\n<div class=\"post-meta clearfix\"><span class=\"date meta-item tie-icon\">10 octombrie 2022<\/span><\/div>\n<\/div>\n<div class=\"related-item tie-standard\"><a aria-label=\"1913 de persoane \u015fi-au g\u0103sit un loc de munc\u0103 cu sprijinul AJOFM Tulcea\" href=\"https:\/\/infotulcea.ro\/1913-de-persoane-si-au-gasit-un-loc-de-munca-cu-sprijinul-ajofm-tulcea\/\" class=\"post-thumb\"><source type=\"image\/webp\" data-srcset=\"https:\/\/infotulcea.ro\/wp-content\/uploads\/2022\/10\/locuri-de-munca-390x220.jpg.webp\" \/><img loading=\"lazy\" decoding=\"async\" width=\"390\" height=\"220\" src=\"https:\/\/infotulcea.ro\/wp-content\/uploads\/2022\/10\/locuri-de-munca-390x220.jpg\" class=\"attachment-jannah-image-large size-jannah-image-large wp-post-image\" alt><\/a><\/p>\n<h3 class=\"post-title\"><a href=\"https:\/\/infotulcea.ro\/1913-de-persoane-si-au-gasit-un-loc-de-munca-cu-sprijinul-ajofm-tulcea\/\">1913 de persoane \u015fi-au g\u0103sit un loc de munc\u0103 cu sprijinul AJOFM Tulcea<\/a><\/h3>\n<div class=\"post-meta clearfix\"><span class=\"date meta-item tie-icon\">20 octombrie 2022<\/span><\/div>\n<\/div>\n<div class=\"related-item tie-standard\"><a aria-label=\"POLI\u021aI\u0218TII TULCENI OFER\u0102 C\u0102\u0218TI BLUETOOTH GRATIS PENTRU \u0218OFERI\" href=\"https:\/\/infotulcea.ro\/politistii-tulceni-ofera-casti-bluetooth-gratis-pentru-soferi\/\" class=\"post-thumb\"><source type=\"image\/webp\" data-srcset=\"https:\/\/infotulcea.ro\/wp-content\/uploads\/2022\/12\/POIM-2-390x220.jpg.webp\" \/><img loading=\"lazy\" decoding=\"async\" width=\"390\" height=\"220\" src=\"https:\/\/infotulcea.ro\/wp-content\/uploads\/2022\/12\/POIM-2-390x220.jpg\" class=\"attachment-jannah-image-large size-jannah-image-large wp-post-image\" alt><\/a><\/p>\n<h3 class=\"post-title\"><a href=\"https:\/\/infotulcea.ro\/politistii-tulceni-ofera-casti-bluetooth-gratis-pentru-soferi\/\">POLI\u021aI\u0218TII TULCENI OFER\u0102 C\u0102\u0218TI BLUETOOTH GRATIS PENTRU \u0218OFERI<\/a><\/h3>\n<div class=\"post-meta clearfix\"><span class=\"date meta-item tie-icon\">22 decembrie 2022<\/span><\/div>\n<\/div>\n<div class=\"related-item tie-standard\"><a aria-label=\"T\u00e2n\u0103r\u0103 din Ucraina cu autoturism Tesla ne\u00eenmatriculat prin Vama Isaccea!\" href=\"https:\/\/infotulcea.ro\/tanara-din-ucraina-cu-autoturism-tesla-neinmatriculat-prin-vama-isaccea\/\" class=\"post-thumb\"><source type=\"image\/webp\" data-srcset=\"https:\/\/infotulcea.ro\/wp-content\/uploads\/2023\/04\/IMG-20230406-WA0012-390x220.jpg.webp\" \/><img loading=\"lazy\" decoding=\"async\" width=\"390\" height=\"220\" src=\"https:\/\/infotulcea.ro\/wp-content\/uploads\/2023\/04\/IMG-20230406-WA0012-390x220.jpg\" class=\"attachment-jannah-image-large size-jannah-image-large wp-post-image\" alt><\/a><\/p>\n<h3 class=\"post-title\"><a href=\"https:\/\/infotulcea.ro\/tanara-din-ucraina-cu-autoturism-tesla-neinmatriculat-prin-vama-isaccea\/\">T\u00e2n\u0103r\u0103 din Ucraina cu autoturism Tesla ne\u00eenmatriculat prin Vama Isaccea!<\/a><\/h3>\n<div class=\"post-meta clearfix\"><span class=\"date meta-item tie-icon\">6 aprilie 2023<\/span><\/div>\n<\/div>\n<\/div>\n<\/div>\n<div id=\"comments\" class=\"comments-area\">\n<div id=\"add-comment-block\" class=\"container-wrapper\">\n<div id=\"respond\" class=\"comment-respond\">\n<h3 id=\"reply-title\" class=\"comment-reply-title the-global-title\">Las\u0103 un r\u0103spuns <small><a rel=\"nofollow\" id=\"cancel-comment-reply-link\" href=\"https:\/\/infotulcea.ro\/inspectoratul-general-pentru-imigrari-continua-activitatile-in-sezonul-estival\/#respond\">Anuleaz\u0103 r\u0103spunsul<\/a><\/small><\/h3>\n<p class=\"comment-notes\"><span id=\"email-notes\">Adresa ta de email nu va fi publicat\u0103.<\/span><span class=\"required-field-message\">C\u00e2mpurile obligatorii sunt marcate cu <span class=\"required\">*<\/span><\/span><\/p>\n<\/div>\n<\/div>\n<\/div>\n<\/div>\n<\/div>\n<div id=\"check-also-box\" class=\"container-wrapper check-also-right\">\n<div class=\"widget-title the-global-title\">\n<div class=\"the-subtitle\">Check Also<\/div>\n<p><a href=\"https:\/\/infotulcea.ro\/inspectoratul-general-pentru-imigrari-continua-activitatile-in-sezonul-estival\/\" id=\"check-also-close\" class=\"remove\"><span class=\"screen-reader-text\">Close<\/span><\/a><\/div>\n<div class=\"widget posts-list-big-first has-first-big-post\">\n<ul class=\"posts-list-items\">\n<li class=\"widget-single-post-item widget-post-list tie-standard\">\n<div class=\"post-widget-thumbnail\"><a aria-label=\"Poluarea cu plastic continu\u0103 s\u0103 afecteze Delta Dun\u0103rii: 7,6 tone de de\u0219euri colectate de pe plaja Sulina \u00een doar patru zile\" href=\"https:\/\/infotulcea.ro\/poluarea-cu-plastic-continua-sa-afecteze-delta-dunarii-76-tone-de-deseuri-colectate-de-pe-plaja-sulina-in-doar-patru-zile\/\" class=\"post-thumb\"><span class=\"post-cat-wrap\"><span class=\"post-cat tie-cat-35\">Comunicate<\/span><\/span><source type=\"image\/webp\" data-srcset=\"https:\/\/infotulcea.ro\/wp-content\/uploads\/2026\/06\/asociatia-maimultverde-sulina-2-390x220.jpg.webp\" \/><img loading=\"lazy\" decoding=\"async\" width=\"390\" height=\"220\" src=\"https:\/\/infotulcea.ro\/wp-content\/uploads\/2026\/06\/asociatia-maimultverde-sulina-2-390x220.jpg\" class=\"attachment-jannah-image-large size-jannah-image-large wp-post-image\" alt><\/a><\/div>\n<div class=\"post-widget-body \"><a class=\"post-title the-subtitle\" href=\"https:\/\/infotulcea.ro\/poluarea-cu-plastic-continua-sa-afecteze-delta-dunarii-76-tone-de-deseuri-colectate-de-pe-plaja-sulina-in-doar-patru-zile\/\">Poluarea cu plastic continu\u0103 s\u0103 afecteze Delta Dun\u0103rii: 7,6 tone de de\u0219euri colectate de pe plaja Sulina \u00een doar patru zile<\/a><\/p>\n<div class=\"post-meta\"><span class=\"date meta-item tie-icon\">5 iunie 2026<\/span><\/div>\n<\/div>\n<\/li>\n<\/ul>\n<\/div>\n<\/div>\n<aside class=\"sidebar tie-col-md-4 tie-col-xs-12 normal-side is-sticky\" aria-label=\"Primary Sidebar\">\n<div class=\"theiaStickySidebar\">\n<div id=\"media_image-19\" class=\"container-wrapper widget widget_media_image\"><a href=\"https:\/\/infotulcea.ro\/delta-dunarii-mai-accesibila-navrom-delta-creste-numarul-curselor-regulate-de-la-1-mai-2025\/\"><source sizes=\"(max-width: 500px) 100vw, 500px\" type=\"image\/webp\" data-srcset=\"https:\/\/infotulcea.ro\/wp-content\/uploads\/2025\/04\/navrom-delta-500x271.jpg.webp 500w, https:\/\/infotulcea.ro\/wp-content\/uploads\/2025\/04\/navrom-delta-1024x555.jpg.webp 1024w, https:\/\/infotulcea.ro\/wp-content\/uploads\/2025\/04\/navrom-delta-768x416.jpg.webp 768w, https:\/\/infotulcea.ro\/wp-content\/uploads\/2025\/04\/navrom-delta.jpg.webp 1080w\" \/><img loading=\"lazy\" decoding=\"async\" width=\"500\" height=\"271\" src=\"https:\/\/infotulcea.ro\/wp-content\/uploads\/2025\/04\/navrom-delta-500x271.jpg\" class=\"image wp-image-34487  attachment-medium size-medium\" alt><\/a><\/div>\n<div id=\"media_image-17\" class=\"container-wrapper widget widget_media_image\"><a href=\"https:\/\/www.facebook.com\/share\/p\/1DGAD1tLWN\/?mibextid=wwXIfr\" target=\"_blank\"><source sizes=\"(max-width: 500px) 100vw, 500px\" type=\"image\/webp\" data-srcset=\"https:\/\/infotulcea.ro\/wp-content\/uploads\/2026\/01\/IMG_1563-500x500.jpeg.webp 500w, https:\/\/infotulcea.ro\/wp-content\/uploads\/2026\/01\/IMG_1563-1024x1024.jpeg.webp 1024w, https:\/\/infotulcea.ro\/wp-content\/uploads\/2026\/01\/IMG_1563-250x250.jpeg.webp 250w, https:\/\/infotulcea.ro\/wp-content\/uploads\/2026\/01\/IMG_1563-768x768.jpeg.webp 768w, https:\/\/infotulcea.ro\/wp-content\/uploads\/2026\/01\/IMG_1563.jpeg.webp 1080w\" \/><img loading=\"lazy\" decoding=\"async\" width=\"500\" height=\"500\" src=\"https:\/\/infotulcea.ro\/wp-content\/uploads\/2026\/01\/IMG_1563-500x500.jpeg\" class=\"image wp-image-37932  attachment-medium size-medium\" alt title=\"Centrale pe lemne\"><\/a><\/div>\n<div id=\"media_image-18\" class=\"container-wrapper widget widget_media_image\"><a href=\"https:\/\/www.licitatia.ro\/site\/index-guest\"><img loading=\"lazy\" decoding=\"async\" width=\"500\" height=\"262\" src=\"https:\/\/infotulcea.ro\/wp-content\/uploads\/2025\/09\/licitatia-500x262.png\" class=\"image wp-image-36670  attachment-medium size-medium lazyload\" alt><img loading=\"lazy\" decoding=\"async\" width=\"500\" height=\"262\" src=\"https:\/\/infotulcea.ro\/wp-content\/uploads\/2025\/09\/licitatia-500x262.png\" class=\"image wp-image-36670  attachment-medium size-medium\" alt><\/a><\/div>\n<div id=\"media_image-27\" class=\"container-wrapper widget widget_media_image\"><a href=\"https:\/\/www.centrale-lemne-liepsnele.ro\/\"><img loading=\"lazy\" decoding=\"async\" width=\"500\" height=\"500\" src=\"https:\/\/infotulcea.ro\/wp-content\/uploads\/2025\/09\/Centrale-pe-Lemne-Liepsnele-500x500.png\" class=\"image wp-image-36541  attachment-medium size-medium lazyload\" alt=\"Centrala pe lemne\"><img loading=\"lazy\" decoding=\"async\" width=\"500\" height=\"500\" src=\"https:\/\/infotulcea.ro\/wp-content\/uploads\/2025\/09\/Centrale-pe-Lemne-Liepsnele-500x500.png\" class=\"image wp-image-36541  attachment-medium size-medium\" alt=\"Centrala pe lemne\"><\/a><\/div>\n<div id=\"media_image-28\" class=\"container-wrapper widget widget_media_image\"><a href=\"https:\/\/infotulcea.ro\/angajeaza-te-ro-platforma-ta-online-de-angajari-si-forta-de-munca\/\"><source sizes=\"(max-width: 500px) 100vw, 500px\" type=\"image\/webp\" data-srcset=\"https:\/\/infotulcea.ro\/wp-content\/uploads\/2025\/04\/banner-angajazate-1-500x305.jpg.webp 500w, https:\/\/infotulcea.ro\/wp-content\/uploads\/2025\/04\/banner-angajazate-1-1024x625.jpg.webp 1024w, https:\/\/infotulcea.ro\/wp-content\/uploads\/2025\/04\/banner-angajazate-1-768x469.jpg.webp 768w, https:\/\/infotulcea.ro\/wp-content\/uploads\/2025\/04\/banner-angajazate-1.jpg.webp 1080w\" \/><img loading=\"lazy\" decoding=\"async\" width=\"500\" height=\"305\" src=\"https:\/\/infotulcea.ro\/wp-content\/uploads\/2025\/04\/banner-angajazate-1-500x305.jpg\" class=\"image wp-image-34317  attachment-medium size-medium\" alt><\/a><\/div>\n<\/div>\n<\/aside>\n<\/div>\n<\/div>\n<div class=\"entry-content entry clearfix\">\n<p>Misiunea Inspectoratului General pentru Imigr\u0103ri, desf\u0103\u0219urat\u0103 \u00een str\u00e2ns\u0103 colaborare<br \/>\ncu celelalte structuri din cadrul Ministerului Afacerilor Interne, urm\u0103re\u0219te protejarea<br \/>\nsiguran\u021bei cet\u0103\u021benilor prin organizarea \u0219i derularea eficient\u0103 a tuturor ac\u021biunilor din<br \/>\nsfera de competen\u021b\u0103.<br \/>\nAc\u021biunile noastre arat\u0103 rezultatele operative ob\u021binute la nivel na\u021bional \u00een luna iulie.<source sizes=\"(max-width: 443px) 100vw, 443px\" type=\"image\/webp\" data-srcset=\"https:\/\/infotulcea.ro\/wp-content\/uploads\/2026\/08\/imigrari-2-500x344.jpg.webp 500w, https:\/\/infotulcea.ro\/wp-content\/uploads\/2026\/08\/imigrari-2-1024x704.jpg.webp 1024w, https:\/\/infotulcea.ro\/wp-content\/uploads\/2026\/08\/imigrari-2-768x528.jpg.webp 768w, https:\/\/infotulcea.ro\/wp-content\/uploads\/2026\/08\/imigrari-2-220x150.jpg.webp 220w, https:\/\/infotulcea.ro\/wp-content\/uploads\/2026\/08\/imigrari-2.jpg.webp 1080w\" \/><\/p>\n<p><img loading=\"lazy\" decoding=\"async\" class=\" wp-image-40351 alignright\" src=\"https:\/\/infotulcea.ro\/wp-content\/uploads\/2026\/08\/imigrari-2-500x344.jpg\" alt width=\"443\" height=\"305\"><br \/>\n\u00cen aceast\u0103 perioad\u0103, poli\u021bi\u0219tii de imigr\u0103ri au derulat 580 de ac\u021biuni, controale \u0219i<br \/>\nverific\u0103ri care au vizat prevenirea \u0219i combaterea \u0219ederii ilegale a str\u0103inilor \u0219i a muncii<br \/>\nnedeclarate. Misiunile au fost efectuate at\u00e2t \u00een mod independent, c\u00e2t \u0219i al\u0103turi de alte<br \/>\ninstitu\u021bii cu care unitatea noastr\u0103 coopereaz\u0103. \u00cen urma acestor verific\u0103ri, au fost<br \/>\n\u00eendep\u0103rta\u021bi sub escort\u0103 de pe teritoriul Rom\u00e2niei 24 de str\u0103ini, iar 13 persoane au fost<br \/>\nintroduse \u00een centrele de custodie public\u0103.<br \/>\n\u00cen plus, au fost emise 152 de decizii de returnare, fiind aplicate 1.416 sanc\u021biuni<br \/>\ncontraven\u021bionale.<br \/>\nComponenta de preven\u021bie r\u0103m\u00e2ne o prioritate pe durata verii. Evalu\u0103rile de risc stau<br \/>\nla baza planific\u0103rii misiunilor \u00een zonele unde au loc festivaluri, evenimente culturale<br \/>\nsau alte manifest\u0103ri publice cu afluen\u021b\u0103 mare de persoane. Pentru un climat de<br \/>\nsiguran\u021b\u0103, efectivele de imigr\u0103ri intensific\u0103 verific\u0103rile \u00een spa\u021biile frecventate de<br \/>\nstr\u0103ini, la sediile persoanelor juridice \u0219i la agen\u021bii economici, \u00een scopul identific\u0103rii<br \/>\npersoanelor f\u0103r\u0103 drept de \u0219edere sau a celor date \u00een urm\u0103rire na\u021bional\u0103 ori<br \/>\ninterna\u021bional\u0103.<br \/>\n\u00cen privin\u021ba datelor statistice, la data de 31 iulie, \u00een eviden\u021bele Inspectoratului General<br \/>\npentru Imigr\u0103ri erau \u00eenregistra\u021bi 316.189 de cet\u0103\u021beni provenind din state ter\u021be, din<br \/>\nUniunea European\u0103 \u0219i din Spa\u021biul Economic European. Dintre ace\u0219tia, o parte<br \/>\nROM\u00c2NIA<\/p>\n<source sizes=\"(max-width: 500px) 100vw, 500px\" type=\"image\/webp\" data-srcset=\"https:\/\/infotulcea.ro\/wp-content\/uploads\/2026\/08\/imigrari-1-500x375.jpg.webp 500w, https:\/\/infotulcea.ro\/wp-content\/uploads\/2026\/08\/imigrari-1-1024x768.jpg.webp 1024w, https:\/\/infotulcea.ro\/wp-content\/uploads\/2026\/08\/imigrari-1-768x576.jpg.webp 768w, https:\/\/infotulcea.ro\/wp-content\/uploads\/2026\/08\/imigrari-1.jpg.webp 1080w\" \/>\n<p><img loading=\"lazy\" decoding=\"async\" class=\"size-medium wp-image-40350 aligncenter\" src=\"https:\/\/infotulcea.ro\/wp-content\/uploads\/2026\/08\/imigrari-1-500x375.jpg\" alt width=\"500\" height=\"375\"><\/p>\n<p>\u00eensemnat\u0103 este reprezentat\u0103 de persoanele venite \u00een \u021bara noastr\u0103 \u00een scop de munc\u0103,<br \/>\nprincipalele \u021b\u0103ri de origine fiind Nepal, Sri Lanka \u0219i Turcia.<\/p>\n<p>BIROUL INFORMARE \u0218I RELA\u021aII PUBLICE<\/p>\n<\/div>\n<div class=\"articleBody\" data-key=\"articleBody\">Misiunea Inspectoratului General pentru Imigr\u0103ri, desf\u0103\u0219urat\u0103 \u00een str\u00e2ns\u0103 colaborare<br \/>\ncu celelalte structuri din cadrul Ministerului Afacerilor Interne, urm\u0103re\u0219te protejarea<br \/>\nsiguran\u021bei cet\u0103\u021benilor prin organizarea \u0219i derularea eficient\u0103 a tuturor ac\u021biunilor din<br \/>\nsfera de competen\u021b\u0103.<br \/>\nAc\u021biunile noastre arat\u0103 rezultatele operative ob\u021binute la nivel na\u021bional \u00een luna iulie.<br \/>\n\u00cen aceast\u0103 perioad\u0103, poli\u021bi\u0219tii de imigr\u0103ri au derulat 580 de ac\u021biuni, controale \u0219i<br \/>\nverific\u0103ri care au vizat prevenirea \u0219i combaterea \u0219ederii ilegale a str\u0103inilor \u0219i a muncii<br \/>\nnedeclarate. Misiunile au fost efectuate at\u00e2t \u00een mod independent, c\u00e2t \u0219i al\u0103turi de alte<br \/>\ninstitu\u021bii cu care unitatea noastr\u0103 coopereaz\u0103. \u00cen urma acestor verific\u0103ri, au fost<br \/>\n\u00eendep\u0103rta\u021bi sub escort\u0103 de pe teritoriul Rom\u00e2niei 24 de str\u0103ini, iar 13 persoane au fost<br \/>\nintroduse \u00een centrele de custodie public\u0103.<br \/>\n\u00cen plus, au fost emise 152 de decizii de returnare, fiind aplicate 1.416 sanc\u021biuni<br \/>\ncontraven\u021bionale.<br \/>\nComponenta de preven\u021bie r\u0103m\u00e2ne o prioritate pe durata verii. Evalu\u0103rile de risc stau<br \/>\nla baza planific\u0103rii misiunilor \u00een zonele unde au loc festivaluri, evenimente culturale<br \/>\nsau alte manifest\u0103ri publice cu afluen\u021b\u0103 mare de persoane. Pentru un climat de<br \/>\nsiguran\u021b\u0103, efectivele de imigr\u0103ri intensific\u0103 verific\u0103rile \u00een spa\u021biile frecventate de<br \/>\nstr\u0103ini, la sediile persoanelor juridice \u0219i la agen\u021bii economici, \u00een scopul identific\u0103rii<br \/>\npersoanelor f\u0103r\u0103 drept de \u0219edere sau a celor date \u00een urm\u0103rire na\u021bional\u0103 ori<br \/>\ninterna\u021bional\u0103.<br \/>\n\u00cen privin\u021ba datelor statistice, la data de 31 iulie, \u00een eviden\u021bele Inspectoratului General<br \/>\npentru Imigr\u0103ri erau \u00eenregistra\u021bi 316.189 de cet\u0103\u021beni provenind din state ter\u021be, din<br \/>\nUniunea European\u0103 \u0219i din Spa\u021biul Economic European. Dintre ace\u0219tia, o parte<br \/>\nROM\u00c2NIA<\/p>\n<p>\u00eensemnat\u0103 este reprezentat\u0103 de persoanele venite \u00een \u021bara noastr\u0103 \u00een scop de munc\u0103,<br \/>\nprincipalele \u021b\u0103ri de origine fiind Nepal, Sri Lanka \u0219i Turcia.<\/p>\n<p>BIROUL INFORMARE \u0218I RELA\u021aII PUBLICE<\/p><\/div>\n<p>[analyse_source url=&#8221;https:\/\/infotulcea.ro\/inspectoratul-general-pentru-imigrari-continua-activitatile-in-sezonul-estival\/&#8221;]<\/p>\n","protected":false},"excerpt":{"rendered":"<p>[analyse_image type=&#8221;featured&#8221; src=&#8221;https:\/\/infotulcea.ro\/wp-content\/uploads\/2026\/08\/imigrari-1.jpghttps:\/\/infotulcea.ro\/wp-content\/uploads\/2026\/08\/imigrari-1.jpg&#8221;] Home\/Comunicate\/INSPECTORATUL GENERAL PENTRU IMIGR\u0102RI CONTINU\u0102 ACTIVIT\u0102\u021aILE \u00ceN SEZONUL ESTIVAL Comunicate INSPECTORATUL GENERAL PENTRU IMIGR\u0102RI CONTINU\u0102 ACTIVIT\u0102\u021aILE \u00ceN SEZONUL ESTIVAL Redactia11 august 2026 0 381 1 minute read Misiunea Inspectoratului General pentru Imigr\u0103ri, desf\u0103\u0219urat\u0103 \u00een str\u00e2ns\u0103 colaborare cu celelalte structuri din cadrul Ministerului Afacerilor Interne, urm\u0103re\u0219te protejarea siguran\u021bei cet\u0103\u021benilor prin organizarea \u0219i derularea [&hellip;]<\/p>\n","protected":false},"author":1,"featured_media":0,"comment_status":"open","ping_status":"","sticky":false,"template":"","format":"standard","meta":{"footnotes":""},"categories":[89],"tags":[226,221],"class_list":["post-2097668","post","type-post","status-publish","format-standard","hentry","category-romania","tag-crawlmanager","tag-infotulcea-ro"],"_links":{"self":[{"href":"https:\/\/analyse.optim.biz\/index.php?rest_route=\/wp\/v2\/posts\/2097668","targetHints":{"allow":["GET"]}}],"collection":[{"href":"https:\/\/analyse.optim.biz\/index.php?rest_route=\/wp\/v2\/posts"}],"about":[{"href":"https:\/\/analyse.optim.biz\/index.php?rest_route=\/wp\/v2\/types\/post"}],"author":[{"embeddable":true,"href":"https:\/\/analyse.optim.biz\/index.php?rest_route=\/wp\/v2\/users\/1"}],"replies":[{"embeddable":true,"href":"https:\/\/analyse.optim.biz\/index.php?rest_route=%2Fwp%2Fv2%2Fcomments&post=2097668"}],"version-history":[{"count":0,"href":"https:\/\/analyse.optim.biz\/index.php?rest_route=\/wp\/v2\/posts\/2097668\/revisions"}],"wp:attachment":[{"href":"https:\/\/analyse.optim.biz\/index.php?rest_route=%2Fwp%2Fv2%2Fmedia&parent=2097668"}],"wp:term":[{"taxonomy":"category","embeddable":true,"href":"https:\/\/analyse.optim.biz\/index.php?rest_route=%2Fwp%2Fv2%2Fcategories&post=2097668"},{"taxonomy":"post_tag","embeddable":true,"href":"https:\/\/analyse.optim.biz\/index.php?rest_route=%2Fwp%2Fv2%2Ftags&post=2097668"}],"curies":[{"name":"wp","href":"https:\/\/api.w.org\/{rel}","templated":true}]}}