{"id":2097667,"date":"2026-08-15T16:06:17","date_gmt":"2026-08-15T13:06:17","guid":{"rendered":"https:\/\/analyse.optim.biz\/?p=2097667"},"modified":"2026-08-15T16:06:17","modified_gmt":"2026-08-15T13:06:17","slug":"foto-accident-pe-centura-timisoarei-un-autobuz-a-intrat-intr-o-motocicleta","status":"publish","type":"post","link":"https:\/\/analyse.optim.biz\/?p=2097667","title":{"rendered":"FOTO. Accident pe Centura Timi\u0219oarei. Un autobuz a intrat \u00eentr-o motociclet\u0103"},"content":{"rendered":"<p>[analyse_image type=&#8221;featured&#8221; src=&#8221;https:\/\/www.tion.ro\/wp-content\/uploads\/2026\/08\/+otf\/1200&#215;630\/xbtKkgYg__T9nbmD3GMdkRk5PVF9WRVJZX1NFQ6eBaCxit539kx7iu60AUQINdbv1FHEhht8vLXLEVGHcfrUxqhbOR2lxSW7u0szUYimZ2hP1KZL__cFSSylKremQ=\/680992677413674014086646477965108654667941847925433n.jpg&#8221;]<\/p>\n<article id=\"post-2334360\" class>\n<div class=\"entry-content clearfix\">\n<div class=\"enewsArticleContent\">\n<p>Potrivit poli\u021bi\u0219tilor, accidentul s-a produs \u00een jurul orei 17:10. Un b\u0103rbat \u00een v\u00e2rst\u0103 de 36 de ani conducea un autobuz dinspre Timi\u0219oara c\u0103tre \u0218ag, iar la urcarea pe centura ocolitoare a Timi\u0219oarei a intrat \u00een coliziune cu o motociclet\u0103 care circula regulamentar.<\/p>\n<p>\u00cen urma impactului dou\u0103 persoane au fost r\u0103nite: b\u0103rbatul care conducea motocicleta \u0219i o femeie, pasagera acestuia.<\/p>\n<div id=\"attachment_2334363\" class=\"wp-caption aligncenter\"><img decoding=\"async\" loading=\"lazy\" aria-describedby=\"caption-attachment-2334363\" class=\"size-large wp-image-2334363\" src=\"https:\/\/www.tion.ro\/wp-content\/uploads\/2026\/08\/680992677413674014086646477965108654667941847925433n.jpg\" alt width=\"1024\" height=\"445\"><\/p>\n<p id=\"caption-attachment-2334363\" class=\"wp-caption-text\">foto: DRDP Timi\u0219oara<\/p>\n<\/div>\n<p>Din fericire, nicio persoan\u0103 din autocar nu a avut nevoie de \u00eengrijiri medicale.<\/p>\n<p>La fa\u021ba locului au ajuns \u0219i pompierii, cu o autospecial\u0103 de prim\u0103 interven\u021bie \u0219i comand\u0103 \u0219i un echipaj SMURD, precum \u0219i o ambulan\u021b\u0103 SAJ.<\/p>\n<p>Conform procedurii, oamenii legii au deschis un dosar penal pentru v\u0103t\u0103mare corporal\u0103 din culp\u0103.<\/p>\n<div id=\"attachment_2334369\" class=\"wp-caption aligncenter\"><img decoding=\"async\" loading=\"lazy\" aria-describedby=\"caption-attachment-2334369\" class=\"size-large wp-image-2334369\" src=\"https:\/\/www.tion.ro\/wp-content\/uploads\/2026\/08\/6809954772510828277772369519040075372029115884296609n.jpg\" alt width=\"720\" height=\"840\"><\/p>\n<p id=\"caption-attachment-2334369\" class=\"wp-caption-text\">foto: DRDP Timi\u0219oara<\/p>\n<\/div>\n<p>\u00a0<\/p>\n<div class=\"fbShareLikeTwitterAndEmailContainer\">\n<div class=\"wrapper\">\n<div class=\"email\">\n<div id=\"mailto-pop\" class=\"pop-form pop-form-mailto\">\n<div class=\"pop-form-header\">\n<h4>Trimite articolul<\/h4>\n<p><a class=\"pop-form-close\">X<\/a><\/div>\n<\/div>\n<\/div>\n<\/div>\n<\/div>\n<div class=\"tagsContainer\">\n<div class=\"tagsLabel\">Taguri:<\/div>\n<div class=\"tags\">\n<div class=\"tag\"><a href=\"https:\/\/www.tion.ro\/cimke\/accident\" rel=\"tag\"><span class=\"link\">accident<\/span><span class=\"separator\">,<\/span><\/a><\/div>\n<div class=\"tag\"><a href=\"https:\/\/www.tion.ro\/cimke\/vtm\" rel=\"tag\"><span class=\"link\">VTM<\/span><\/a><\/div>\n<\/div>\n<\/div>\n<div class=\"comments\">\n<div class=\"top\">\n<div class=\"commentsNumber\"><span class=\"number\">4<\/span><span class=\"text\">Comentarii<\/span><\/div>\n<\/div>\n<div class=\"center\">\n<div id=\"respond\" class=\"comment-respond\">\n<h3 id=\"reply-title\" class=\"comment-reply-title\"><small><a rel=\"nofollow\" id=\"cancel-comment-reply-link\" href=\"https:\/\/www.tion.ro\/eveniment\/foto-accident-pe-centura-timisoarei-un-autobuz-a-intrat-intr-o-motocicleta-2334360\/#respond\">Cancel reply<\/a><\/small><\/h3>\n<p class=\"comment-notes\"><span id=\"email-notes\">Your email address will not be published.<\/span><span class=\"required-field-message\">Required fields are marked <span class=\"required\">*<\/span><\/span><\/p>\n<p class=\"commentFormComment\"><span id=\"commentFormCount\"><br \/>\n                            inca<br \/>\n                            <span id=\"countCommentText\">1000<\/span><br \/>\n                            caractere ramase<br \/>\n                        <\/span><\/p>\n<\/div>\n<\/div>\n<div class=\"bottom\">\n<p class=\"forumDisclaimerHuRo\">\n            Citi\u021bi principiile noastre de moderare <a href=\"https:\/\/www.tion.ro\/reguli-postare-comentarii\/\" target=\"_blank\">aici<\/a>!\n        <\/p>\n<\/div>\n<\/div>\n<div id=\"forum\">\n<li class=\"comment even thread-even depth-1\" id=\"comment-1015371\">\n<div id=\"div-comment-1015371\" class=\"comment-body\">\n<div class=\"comment-author vcard\"><img decoding=\"async\" alt src=\"https:\/\/secure.gravatar.com\/avatar\/2dfe12852845f6562117fef1d0011f2f?s=32&amp;d=mm&amp;r=g\" class=\"avatar avatar-32 photo\" height=\"32\" width=\"32\" loading=\"lazy\"><cite class=\"fn\">TM<\/cite><span class=\"says\">says:<\/span><\/div>\n<div class=\"comment-meta commentmetadata\"><a href=\"https:\/\/www.tion.ro\/eveniment\/foto-accident-pe-centura-timisoarei-un-autobuz-a-intrat-intr-o-motocicleta-2334360\/#comment-1015371\">August 15, 2026 at 7:50 pm<\/a><\/div>\n<p>ai naibii cu regulamentaru lor cu tot\u2026Toata noaptea ii auzi huruind motoarele in Tm..Mosnita ..Dumbravita Aloo politia TM unde sunteti noaptea dar si ziua de nu reusiti sa ii potoliti?? ieri , la AEM era sa ne faca praf un bezmetic pe doua roti,cu viteza lui si lipsa lui de creieri! ba trotinisti..ba motociclisti \u2026orasu asta a ajuns guvernat de specimene care nu stiu altceva decat viteza,nervi si teribilism.. RSR vezi un motociclist in TM mergand regulamentar! noric cu dashcam urile de bord..ca politia ciuciu!<\/p>\n<div class=\"reply\"><a rel=\"nofollow\" class=\"comment-reply-link\" href=\"https:\/\/www.tion.ro\/eveniment\/foto-accident-pe-centura-timisoarei-un-autobuz-a-intrat-intr-o-motocicleta-2334360\/#comment-1015371\" data-commentid=\"1015371\" data-postid=\"2334360\" data-belowelement=\"div-comment-1015371\" data-respondelement=\"respond\" data-replyto=\"Reply to TM\" aria-label=\"Reply to TM\">Reply<\/a><\/div>\n<\/div>\n<\/li>\n<li class=\"comment odd alt thread-odd thread-alt depth-1\" id=\"comment-1015410\">\n<div id=\"div-comment-1015410\" class=\"comment-body\">\n<div class=\"comment-author vcard\"><img decoding=\"async\" alt src=\"https:\/\/secure.gravatar.com\/avatar\/49ab0e1746dc4c05690c8b75b4a0091d?s=32&amp;d=mm&amp;r=g\" class=\"avatar avatar-32 photo\" height=\"32\" width=\"32\" loading=\"lazy\"><cite class=\"fn\">Gimy<\/cite><span class=\"says\">says:<\/span><\/div>\n<div class=\"comment-meta commentmetadata\"><a href=\"https:\/\/www.tion.ro\/eveniment\/foto-accident-pe-centura-timisoarei-un-autobuz-a-intrat-intr-o-motocicleta-2334360\/#comment-1015410\">August 15, 2026 at 10:13 pm<\/a><\/div>\n<p>Asta cu motocicleta care circula regulamentar\u2026.mai greu de crezut<\/p>\n<div class=\"reply\"><a rel=\"nofollow\" class=\"comment-reply-link\" href=\"https:\/\/www.tion.ro\/eveniment\/foto-accident-pe-centura-timisoarei-un-autobuz-a-intrat-intr-o-motocicleta-2334360\/#comment-1015410\" data-commentid=\"1015410\" data-postid=\"2334360\" data-belowelement=\"div-comment-1015410\" data-respondelement=\"respond\" data-replyto=\"Reply to Gimy\" aria-label=\"Reply to Gimy\">Reply<\/a><\/div>\n<\/div>\n<\/li>\n<li class=\"comment even thread-even depth-1\" id=\"comment-1015455\">\n<div id=\"div-comment-1015455\" class=\"comment-body\">\n<div class=\"comment-author vcard\"><img decoding=\"async\" alt src=\"https:\/\/secure.gravatar.com\/avatar\/d71f5711f058f90917a193a1cddb25c1?s=32&amp;d=mm&amp;r=g\" class=\"avatar avatar-32 photo\" height=\"32\" width=\"32\" loading=\"lazy\"><cite class=\"fn\">Romania<\/cite><span class=\"says\">says:<\/span><\/div>\n<div class=\"comment-meta commentmetadata\"><a href=\"https:\/\/www.tion.ro\/eveniment\/foto-accident-pe-centura-timisoarei-un-autobuz-a-intrat-intr-o-motocicleta-2334360\/#comment-1015455\">August 15, 2026 at 11:46 pm<\/a><\/div>\n<p>Autocar, nu autobuz! Astira de la nomandia stau non-stop cu ochii in telefon sau vorbesc la telefon!<\/p>\n<div class=\"reply\"><a rel=\"nofollow\" class=\"comment-reply-link\" href=\"https:\/\/www.tion.ro\/eveniment\/foto-accident-pe-centura-timisoarei-un-autobuz-a-intrat-intr-o-motocicleta-2334360\/#comment-1015455\" data-commentid=\"1015455\" data-postid=\"2334360\" data-belowelement=\"div-comment-1015455\" data-respondelement=\"respond\" data-replyto=\"Reply to Romania\" aria-label=\"Reply to Romania\">Reply<\/a><\/div>\n<\/div>\n<\/li>\n<li class=\"comment odd alt thread-odd thread-alt depth-1\" id=\"comment-1015674\">\n<div id=\"div-comment-1015674\" class=\"comment-body\">\n<div class=\"comment-author vcard\"><img decoding=\"async\" alt src=\"https:\/\/secure.gravatar.com\/avatar\/93ef3e02dd1a425407109aa09b083fe4?s=32&amp;d=mm&amp;r=g\" class=\"avatar avatar-32 photo\" height=\"32\" width=\"32\" loading=\"lazy\"><cite class=\"fn\">Calin<\/cite><span class=\"says\">says:<\/span><\/div>\n<div class=\"comment-meta commentmetadata\"><a href=\"https:\/\/www.tion.ro\/eveniment\/foto-accident-pe-centura-timisoarei-un-autobuz-a-intrat-intr-o-motocicleta-2334360\/#comment-1015674\">August 17, 2026 at 1:58 am<\/a><\/div>\n<p>Sa ceara expertiza.  Motociclistii nu circula regulamentar.  Asta pare dar viteza o incalc tot timpul.<\/p>\n<div class=\"reply\"><a rel=\"nofollow\" class=\"comment-reply-link\" href=\"https:\/\/www.tion.ro\/eveniment\/foto-accident-pe-centura-timisoarei-un-autobuz-a-intrat-intr-o-motocicleta-2334360\/#comment-1015674\" data-commentid=\"1015674\" data-postid=\"2334360\" data-belowelement=\"div-comment-1015674\" data-respondelement=\"respond\" data-replyto=\"Reply to Calin\" aria-label=\"Reply to Calin\">Reply<\/a><\/div>\n<\/div>\n<\/li>\n<\/div>\n<\/div>\n<\/div>\n<\/article>\n<div class=\"entry-content clearfix\">\n<div class=\"enewsArticleContent\">\n<p>Potrivit poli\u021bi\u0219tilor, accidentul s-a produs \u00een jurul orei 17:10. Un b\u0103rbat \u00een v\u00e2rst\u0103 de 36 de ani conducea un autobuz dinspre Timi\u0219oara c\u0103tre \u0218ag, iar la urcarea pe centura ocolitoare a Timi\u0219oarei a intrat \u00een coliziune cu o motociclet\u0103 care circula regulamentar.<\/p>\n<p>\u00cen urma impactului dou\u0103 persoane au fost r\u0103nite: b\u0103rbatul care conducea motocicleta \u0219i o femeie, pasagera acestuia.<\/p>\n<div id=\"attachment_2334363\" class=\"wp-caption aligncenter\"><img decoding=\"async\" loading=\"lazy\" aria-describedby=\"caption-attachment-2334363\" class=\"size-large wp-image-2334363\" src=\"https:\/\/www.tion.ro\/wp-content\/uploads\/2026\/08\/680992677413674014086646477965108654667941847925433n.jpg\" alt width=\"1024\" height=\"445\"><\/p>\n<p id=\"caption-attachment-2334363\" class=\"wp-caption-text\">foto: DRDP Timi\u0219oara<\/p>\n<\/div>\n<p>Din fericire, nicio persoan\u0103 din autocar nu a avut nevoie de \u00eengrijiri medicale.<\/p>\n<p>La fa\u021ba locului au ajuns \u0219i pompierii, cu o autospecial\u0103 de prim\u0103 interven\u021bie \u0219i comand\u0103 \u0219i un echipaj SMURD, precum \u0219i o ambulan\u021b\u0103 SAJ.<\/p>\n<p>Conform procedurii, oamenii legii au deschis un dosar penal pentru v\u0103t\u0103mare corporal\u0103 din culp\u0103.<\/p>\n<div id=\"attachment_2334369\" class=\"wp-caption aligncenter\"><img decoding=\"async\" loading=\"lazy\" aria-describedby=\"caption-attachment-2334369\" class=\"size-large wp-image-2334369\" src=\"https:\/\/www.tion.ro\/wp-content\/uploads\/2026\/08\/6809954772510828277772369519040075372029115884296609n.jpg\" alt width=\"720\" height=\"840\"><\/p>\n<p id=\"caption-attachment-2334369\" class=\"wp-caption-text\">foto: DRDP Timi\u0219oara<\/p>\n<\/div>\n<p>\u00a0<\/p>\n<div class=\"fbShareLikeTwitterAndEmailContainer\">\n<div class=\"wrapper\">\n<div class=\"email\">\n<div id=\"mailto-pop\" class=\"pop-form pop-form-mailto\">\n<div class=\"pop-form-header\">\n<h4>Trimite articolul<\/h4>\n<p><a class=\"pop-form-close\">X<\/a><\/div>\n<\/div>\n<\/div>\n<\/div>\n<\/div>\n<div class=\"tagsContainer\">\n<div class=\"tagsLabel\">Taguri:<\/div>\n<div class=\"tags\">\n<div class=\"tag\"><a href=\"https:\/\/www.tion.ro\/cimke\/accident\" rel=\"tag\"><span class=\"link\">accident<\/span><span class=\"separator\">,<\/span><\/a><\/div>\n<div class=\"tag\"><a href=\"https:\/\/www.tion.ro\/cimke\/vtm\" rel=\"tag\"><span class=\"link\">VTM<\/span><\/a><\/div>\n<\/div>\n<\/div>\n<div class=\"comments\">\n<div class=\"top\">\n<div class=\"commentsNumber\"><span class=\"number\">4<\/span><span class=\"text\">Comentarii<\/span><\/div>\n<\/div>\n<div class=\"center\">\n<div id=\"respond\" class=\"comment-respond\">\n<h3 id=\"reply-title\" class=\"comment-reply-title\"><small><a rel=\"nofollow\" id=\"cancel-comment-reply-link\" href=\"https:\/\/www.tion.ro\/eveniment\/foto-accident-pe-centura-timisoarei-un-autobuz-a-intrat-intr-o-motocicleta-2334360\/#respond\">Cancel reply<\/a><\/small><\/h3>\n<p class=\"comment-notes\"><span id=\"email-notes\">Your email address will not be published.<\/span><span class=\"required-field-message\">Required fields are marked <span class=\"required\">*<\/span><\/span><\/p>\n<p class=\"commentFormComment\"><span id=\"commentFormCount\"><br \/>\n                            inca<br \/>\n                            <span id=\"countCommentText\">1000<\/span><br \/>\n                            caractere ramase<br \/>\n                        <\/span><\/p>\n<\/div>\n<\/div>\n<div class=\"bottom\">\n<p class=\"forumDisclaimerHuRo\">\n            Citi\u021bi principiile noastre de moderare <a href=\"https:\/\/www.tion.ro\/reguli-postare-comentarii\/\" target=\"_blank\">aici<\/a>!\n        <\/p>\n<\/div>\n<\/div>\n<div id=\"forum\">\n<li class=\"comment even thread-even depth-1\" id=\"comment-1015371\">\n<div id=\"div-comment-1015371\" class=\"comment-body\">\n<div class=\"comment-author vcard\"><img decoding=\"async\" alt src=\"https:\/\/secure.gravatar.com\/avatar\/2dfe12852845f6562117fef1d0011f2f?s=32&amp;d=mm&amp;r=g\" class=\"avatar avatar-32 photo\" height=\"32\" width=\"32\" loading=\"lazy\"><cite class=\"fn\">TM<\/cite><span class=\"says\">says:<\/span><\/div>\n<div class=\"comment-meta commentmetadata\"><a href=\"https:\/\/www.tion.ro\/eveniment\/foto-accident-pe-centura-timisoarei-un-autobuz-a-intrat-intr-o-motocicleta-2334360\/#comment-1015371\">August 15, 2026 at 7:50 pm<\/a><\/div>\n<p>ai naibii cu regulamentaru lor cu tot\u2026Toata noaptea ii auzi huruind motoarele in Tm..Mosnita ..Dumbravita Aloo politia TM unde sunteti noaptea dar si ziua de nu reusiti sa ii potoliti?? ieri , la AEM era sa ne faca praf un bezmetic pe doua roti,cu viteza lui si lipsa lui de creieri! ba trotinisti..ba motociclisti \u2026orasu asta a ajuns guvernat de specimene care nu stiu altceva decat viteza,nervi si teribilism.. RSR vezi un motociclist in TM mergand regulamentar! noric cu dashcam urile de bord..ca politia ciuciu!<\/p>\n<div class=\"reply\"><a rel=\"nofollow\" class=\"comment-reply-link\" href=\"https:\/\/www.tion.ro\/eveniment\/foto-accident-pe-centura-timisoarei-un-autobuz-a-intrat-intr-o-motocicleta-2334360\/#comment-1015371\" data-commentid=\"1015371\" data-postid=\"2334360\" data-belowelement=\"div-comment-1015371\" data-respondelement=\"respond\" data-replyto=\"Reply to TM\" aria-label=\"Reply to TM\">Reply<\/a><\/div>\n<\/div>\n<\/li>\n<li class=\"comment odd alt thread-odd thread-alt depth-1\" id=\"comment-1015410\">\n<div id=\"div-comment-1015410\" class=\"comment-body\">\n<div class=\"comment-author vcard\"><img decoding=\"async\" alt src=\"https:\/\/secure.gravatar.com\/avatar\/49ab0e1746dc4c05690c8b75b4a0091d?s=32&amp;d=mm&amp;r=g\" class=\"avatar avatar-32 photo\" height=\"32\" width=\"32\" loading=\"lazy\"><cite class=\"fn\">Gimy<\/cite><span class=\"says\">says:<\/span><\/div>\n<div class=\"comment-meta commentmetadata\"><a href=\"https:\/\/www.tion.ro\/eveniment\/foto-accident-pe-centura-timisoarei-un-autobuz-a-intrat-intr-o-motocicleta-2334360\/#comment-1015410\">August 15, 2026 at 10:13 pm<\/a><\/div>\n<p>Asta cu motocicleta care circula regulamentar\u2026.mai greu de crezut<\/p>\n<div class=\"reply\"><a rel=\"nofollow\" class=\"comment-reply-link\" href=\"https:\/\/www.tion.ro\/eveniment\/foto-accident-pe-centura-timisoarei-un-autobuz-a-intrat-intr-o-motocicleta-2334360\/#comment-1015410\" data-commentid=\"1015410\" data-postid=\"2334360\" data-belowelement=\"div-comment-1015410\" data-respondelement=\"respond\" data-replyto=\"Reply to Gimy\" aria-label=\"Reply to Gimy\">Reply<\/a><\/div>\n<\/div>\n<\/li>\n<li class=\"comment even thread-even depth-1\" id=\"comment-1015455\">\n<div id=\"div-comment-1015455\" class=\"comment-body\">\n<div class=\"comment-author vcard\"><img decoding=\"async\" alt src=\"https:\/\/secure.gravatar.com\/avatar\/d71f5711f058f90917a193a1cddb25c1?s=32&amp;d=mm&amp;r=g\" class=\"avatar avatar-32 photo\" height=\"32\" width=\"32\" loading=\"lazy\"><cite class=\"fn\">Romania<\/cite><span class=\"says\">says:<\/span><\/div>\n<div class=\"comment-meta commentmetadata\"><a href=\"https:\/\/www.tion.ro\/eveniment\/foto-accident-pe-centura-timisoarei-un-autobuz-a-intrat-intr-o-motocicleta-2334360\/#comment-1015455\">August 15, 2026 at 11:46 pm<\/a><\/div>\n<p>Autocar, nu autobuz! Astira de la nomandia stau non-stop cu ochii in telefon sau vorbesc la telefon!<\/p>\n<div class=\"reply\"><a rel=\"nofollow\" class=\"comment-reply-link\" href=\"https:\/\/www.tion.ro\/eveniment\/foto-accident-pe-centura-timisoarei-un-autobuz-a-intrat-intr-o-motocicleta-2334360\/#comment-1015455\" data-commentid=\"1015455\" data-postid=\"2334360\" data-belowelement=\"div-comment-1015455\" data-respondelement=\"respond\" data-replyto=\"Reply to Romania\" aria-label=\"Reply to Romania\">Reply<\/a><\/div>\n<\/div>\n<\/li>\n<li class=\"comment odd alt thread-odd thread-alt depth-1\" id=\"comment-1015674\">\n<div id=\"div-comment-1015674\" class=\"comment-body\">\n<div class=\"comment-author vcard\"><img decoding=\"async\" alt src=\"https:\/\/secure.gravatar.com\/avatar\/93ef3e02dd1a425407109aa09b083fe4?s=32&amp;d=mm&amp;r=g\" class=\"avatar avatar-32 photo\" height=\"32\" width=\"32\" loading=\"lazy\"><cite class=\"fn\">Calin<\/cite><span class=\"says\">says:<\/span><\/div>\n<div class=\"comment-meta commentmetadata\"><a href=\"https:\/\/www.tion.ro\/eveniment\/foto-accident-pe-centura-timisoarei-un-autobuz-a-intrat-intr-o-motocicleta-2334360\/#comment-1015674\">August 17, 2026 at 1:58 am<\/a><\/div>\n<p>Sa ceara expertiza.  Motociclistii nu circula regulamentar.  Asta pare dar viteza o incalc tot timpul.<\/p>\n<div class=\"reply\"><a rel=\"nofollow\" class=\"comment-reply-link\" href=\"https:\/\/www.tion.ro\/eveniment\/foto-accident-pe-centura-timisoarei-un-autobuz-a-intrat-intr-o-motocicleta-2334360\/#comment-1015674\" data-commentid=\"1015674\" data-postid=\"2334360\" data-belowelement=\"div-comment-1015674\" data-respondelement=\"respond\" data-replyto=\"Reply to Calin\" aria-label=\"Reply to Calin\">Reply<\/a><\/div>\n<\/div>\n<\/li>\n<\/div>\n<\/div>\n<\/div>\n<p>[analyse_source url=&#8221;https:\/\/www.tion.ro\/eveniment\/foto-accident-pe-centura-timisoarei-un-autobuz-a-intrat-intr-o-motocicleta-2334360\/&#8221;]<\/p>\n","protected":false},"excerpt":{"rendered":"<p>[analyse_image type=&#8221;featured&#8221; src=&#8221;https:\/\/www.tion.ro\/wp-content\/uploads\/2026\/08\/+otf\/1200&#215;630\/xbtKkgYg__T9nbmD3GMdkRk5PVF9WRVJZX1NFQ6eBaCxit539kx7iu60AUQINdbv1FHEhht8vLXLEVGHcfrUxqhbOR2lxSW7u0szUYimZ2hP1KZL__cFSSylKremQ=\/680992677413674014086646477965108654667941847925433n.jpg&#8221;] Potrivit poli\u021bi\u0219tilor, accidentul s-a produs \u00een jurul orei 17:10. Un b\u0103rbat \u00een v\u00e2rst\u0103 de 36 de ani conducea un autobuz dinspre Timi\u0219oara c\u0103tre \u0218ag, iar la urcarea pe centura ocolitoare a Timi\u0219oarei a intrat \u00een coliziune cu o motociclet\u0103 care circula regulamentar. \u00cen urma impactului dou\u0103 persoane au fost r\u0103nite: b\u0103rbatul care [&hellip;]<\/p>\n","protected":false},"author":1,"featured_media":0,"comment_status":"open","ping_status":"","sticky":false,"template":"","format":"standard","meta":{"footnotes":""},"categories":[89],"tags":[226,191],"class_list":["post-2097667","post","type-post","status-publish","format-standard","hentry","category-romania","tag-crawlmanager","tag-tion-ro"],"_links":{"self":[{"href":"https:\/\/analyse.optim.biz\/index.php?rest_route=\/wp\/v2\/posts\/2097667","targetHints":{"allow":["GET"]}}],"collection":[{"href":"https:\/\/analyse.optim.biz\/index.php?rest_route=\/wp\/v2\/posts"}],"about":[{"href":"https:\/\/analyse.optim.biz\/index.php?rest_route=\/wp\/v2\/types\/post"}],"author":[{"embeddable":true,"href":"https:\/\/analyse.optim.biz\/index.php?rest_route=\/wp\/v2\/users\/1"}],"replies":[{"embeddable":true,"href":"https:\/\/analyse.optim.biz\/index.php?rest_route=%2Fwp%2Fv2%2Fcomments&post=2097667"}],"version-history":[{"count":0,"href":"https:\/\/analyse.optim.biz\/index.php?rest_route=\/wp\/v2\/posts\/2097667\/revisions"}],"wp:attachment":[{"href":"https:\/\/analyse.optim.biz\/index.php?rest_route=%2Fwp%2Fv2%2Fmedia&parent=2097667"}],"wp:term":[{"taxonomy":"category","embeddable":true,"href":"https:\/\/analyse.optim.biz\/index.php?rest_route=%2Fwp%2Fv2%2Fcategories&post=2097667"},{"taxonomy":"post_tag","embeddable":true,"href":"https:\/\/analyse.optim.biz\/index.php?rest_route=%2Fwp%2Fv2%2Ftags&post=2097667"}],"curies":[{"name":"wp","href":"https:\/\/api.w.org\/{rel}","templated":true}]}}