{"id":2097666,"date":"2026-08-17T11:54:51","date_gmt":"2026-08-17T08:54:51","guid":{"rendered":"https:\/\/analyse.optim.biz\/?p=2097666"},"modified":"2026-08-17T11:54:51","modified_gmt":"2026-08-17T08:54:51","slug":"jandarmii-tulceni-la-datorie-in-perioada-14-16-august","status":"publish","type":"post","link":"https:\/\/analyse.optim.biz\/?p=2097666","title":{"rendered":"JANDARMII TULCENI, LA DATORIE \u00ceN PERIOADA 14\u201316 AUGUST"},"content":{"rendered":"<p>[analyse_image type=&#8221;featured&#8221; src=&#8221;https:\/\/infotulcea.ro\/wp-content\/uploads\/2026\/08\/jandarmi.jpeghttps:\/\/infotulcea.ro\/wp-content\/uploads\/2026\/08\/jandarmi.jpeg&#8221;]<\/p>\n<div id=\"content\" class=\"site-content container\">\n<div id=\"main-content-row\" class=\"tie-row main-content-row\">\n<div class=\"main-content tie-col-md-8 tie-col-xs-12\" role=\"main\">\n<article id=\"the-post\" class=\"container-wrapper post-content tie-standard\">\n<header class=\"entry-header-outer\">\n<nav id=\"breadcrumb\"><a href=\"https:\/\/infotulcea.ro\/\"> Home<\/a><em class=\"delimiter\">\/<\/em><a href=\"https:\/\/infotulcea.ro\/categorie\/comunicate\/\">Comunicate<\/a><em class=\"delimiter\">\/<\/em><span class=\"current\">JANDARMII TULCENI, LA DATORIE \u00ceN PERIOADA 14\u201316 AUGUST<\/span><\/nav>\n<div class=\"entry-header\"><span class=\"post-cat-wrap\"><a class=\"post-cat tie-cat-35\" href=\"https:\/\/infotulcea.ro\/categorie\/comunicate\/\">Comunicate<\/a><\/span><\/p>\n<h1 class=\"post-title entry-title\">\n\t\t\tJANDARMII TULCENI, LA DATORIE \u00ceN PERIOADA 14\u201316 AUGUST\t\t<\/h1>\n<div class=\"single-post-meta post-meta clearfix\"><span class=\"author-meta single-author no-avatars\"><span class=\"meta-item meta-author-wrapper meta-author-9\"><span class=\"meta-author\"><a href=\"https:\/\/infotulcea.ro\/author\/redactia-2\/\" class=\"author-name tie-icon\" title=\"Redactia\">Redactia<\/a><\/span><\/span><\/span><span class=\"date meta-item tie-icon\">17 august 2026<\/span><\/p>\n<div class=\"tie-alignright\"><span class=\"meta-comment tie-icon meta-item fa-before\">0<\/span><span class=\"meta-views meta-item \"> 148 <\/span><span class=\"meta-reading-time meta-item\"> 1 minute read<\/span><\/div>\n<\/div>\n<\/div>\n<\/header>\n<div class=\"entry-content entry clearfix\">\n<p><strong>\u00cen perioada 14\u201316 august 2026, efectivele Inspectoratului de Jandarmi Jude\u021bean Tulcea au ac\u021bionat pentru men\u021binerea unui climat de ordine \u0219i siguran\u021b\u0103 public\u0103 \u00een timpul manifest\u0103rilor religioase prilejuite de s\u0103rb\u0103toarea Adormirii Maicii Domnului, precum \u0219i al evenimentelor cultural-artistice desf\u0103\u0219urate \u00een mai multe localit\u0103\u021bi din jude\u021b.<\/strong><\/p>\n<p>Pe parcursul celor trei zile, jandarmii au desf\u0103\u0219urat 16 misiuni de ordine public\u0103, structurate astfel:<\/p>\n<p>* 6 misiuni de asigurare a ordinii publice, \u00een zonele \u0219i la manifest\u0103rile cu afluen\u021b\u0103 mare de persoane;<br \/>\n* 3 misiuni de men\u021binere a ordinii publice, realizate prin patrule de jandarmi \u0219i patrule mixte poli\u021bist-jandarm;<br \/>\n* 1 misiune executat\u0103 \u00een cooperare cu poli\u021bi\u0219tii;<br \/>\n* 6 echipe de interven\u021bie, constituite pentru a putea r\u0103spunde cu promptitudine unor situa\u021bii neprev\u0103zute.<\/p>\n<p>Prezen\u021ba jandarmilor \u00een mijlocul participan\u021bilor a avut \u0219i o important\u0103 component\u0103 preventiv\u0103. Ace\u0219tia au<source sizes=\"(max-width: 221px) 100vw, 221px\" type=\"image\/webp\" data-srcset=\"https:\/\/infotulcea.ro\/wp-content\/uploads\/2026\/08\/jandarmi-304x500.jpeg.webp 304w, https:\/\/infotulcea.ro\/wp-content\/uploads\/2026\/08\/jandarmi-623x1024.jpeg.webp 623w, https:\/\/infotulcea.ro\/wp-content\/uploads\/2026\/08\/jandarmi-768x1263.jpeg.webp 768w, https:\/\/infotulcea.ro\/wp-content\/uploads\/2026\/08\/jandarmi-934x1536.jpeg.webp 934w, https:\/\/infotulcea.ro\/wp-content\/uploads\/2026\/08\/jandarmi.jpeg.webp 1080w\" \/><\/p>\n<p><img loading=\"lazy\" decoding=\"async\" class=\" wp-image-40410 alignright\" src=\"https:\/\/infotulcea.ro\/wp-content\/uploads\/2026\/08\/jandarmi-304x500.jpeg\" alt width=\"221\" height=\"363\"> interac\u021bionat cu cet\u0103\u021benii \u0219i organizatorii, au oferit recomand\u0103ri \u0219i au urm\u0103rit identificarea din timp a unor situa\u021bii care ar fi putut perturba desf\u0103\u0219urarea normal\u0103 a evenimentelor.<\/p>\n<p>\u00cen acela\u0219i timp, patrulele aflate \u00een teren au ac\u021bionat pentru descurajarea comportamentelor antisociale \u0219i pentru interven\u021bia rapid\u0103 atunci c\u00e2nd situa\u021bia a impus-o.<\/p>\n<p>\u00cen perioada men\u021bionat\u0103, jandarmii au r\u0103spuns la 3 solicit\u0103ri transmise prin Sistemul Na\u021bional Unic pentru Apeluri de Urgen\u021b\u0103 112, acord\u00e2nd sprijin poli\u021bi\u0219tilor pentru aplanarea unor conflicte. De asemenea, o alt\u0103 interven\u021bie a fost realizat\u0103 independent, \u00een urma unei sesiz\u0103ri referitoare la prezen\u021ba unor c\u00e2ini f\u0103r\u0103 st\u0103p\u00e2n.<\/p>\n<p>\u00cen cadrul activit\u0103\u021bilor preventive desf\u0103\u0219urate \u00een spa\u021biul public, 7 persoane au fost legitimate \u0219i verificate prin aplica\u021bia eDAC.<\/p>\n<p>\u00cen urma constat\u0103rii unor \u00eenc\u0103lc\u0103ri ale prevederilor legale, au fost aplicate dou\u0103 sanc\u021biuni contraven\u021bionale, respectiv un avertisment \u0219i o amend\u0103 \u00een cuantum de 500 de lei, pentru consum de b\u0103uturi alcoolice \u00een spa\u021biul public, fapt\u0103 prev\u0103zut\u0103 \u0219i sanc\u021bionat\u0103 de Legea nr. 61\/1991, republicat\u0103.<\/p>\n<p>Datorit\u0103 m\u0103surilor preventive, prezen\u021bei active a for\u021belor de ordine \u0219i colabor\u0103rii cu organizatorii \u0219i celelalte structuri abilitate, manifest\u0103rile desf\u0103\u0219urate \u00een perioada 14\u201316 august s-au \u00eencheiat f\u0103r\u0103 incidente deosebite.<\/p>\n<p>Inspectoratul de Jandarmi Jude\u021bean Tulcea va continua s\u0103 fie prezent la evenimentele publice din jude\u021b, cu accent pe preven\u021bie, dialog \u0219i interven\u021bie prompt\u0103, astfel \u00eenc\u00e2t cet\u0103\u021benii s\u0103 poat\u0103 participa \u00een siguran\u021b\u0103 la activit\u0103\u021bile comunit\u0103\u021bii.<\/p>\n<\/div>\n<div id=\"post-extra-info\">\n<div class=\"theiaStickySidebar\">\n<div class=\"single-post-meta post-meta clearfix\"><span class=\"author-meta single-author no-avatars\"><span class=\"meta-item meta-author-wrapper meta-author-9\"><span class=\"meta-author\"><a href=\"https:\/\/infotulcea.ro\/author\/redactia-2\/\" class=\"author-name tie-icon\" title=\"Redactia\">Redactia<\/a><\/span><\/span><\/span><span class=\"date meta-item tie-icon\">17 august 2026<\/span><\/p>\n<div class=\"tie-alignright\"><span class=\"meta-comment tie-icon meta-item fa-before\">0<\/span><span class=\"meta-views meta-item \"> 148 <\/span><span class=\"meta-reading-time meta-item\"> 1 minute read<\/span><\/div>\n<\/div>\n<\/div>\n<\/div>\n<div id=\"share-buttons-bottom\" class=\"share-buttons share-buttons-bottom\">\n<div class=\"share-links  icons-only\">\n<div class=\"share-title\"><span> Share<\/span><\/div>\n<p><a href=\"https:\/\/www.facebook.com\/sharer.php?u=https:\/\/infotulcea.ro\/jandarmii-tulceni-la-datorie-in-perioada-14-16-august\/\" rel=\"external noopener nofollow\" title=\"Facebook\" target=\"_blank\" class=\"facebook-share-btn \" data-raw=\"https:\/\/www.facebook.com\/sharer.php?u={post_link}\"><span class=\"screen-reader-text\">Facebook<\/span><\/a><a href=\"https:\/\/twitter.com\/intent\/tweet?text=JANDARMII%20TULCENI%2C%20LA%20DATORIE%20%C3%8EN%20PERIOADA%2014%E2%80%9316%20AUGUST&amp;url=https:\/\/infotulcea.ro\/jandarmii-tulceni-la-datorie-in-perioada-14-16-august\/\" rel=\"external noopener nofollow\" title=\"X\" target=\"_blank\" class=\"twitter-share-btn \" data-raw=\"https:\/\/twitter.com\/intent\/tweet?text={post_title}&amp;url={post_link}\"><span class=\"screen-reader-text\">X<\/span><\/a><a href=\"https:\/\/api.whatsapp.com\/send?text=JANDARMII%20TULCENI%2C%20LA%20DATORIE%20%C3%8EN%20PERIOADA%2014%E2%80%9316%20AUGUST%20https:\/\/infotulcea.ro\/jandarmii-tulceni-la-datorie-in-perioada-14-16-august\/\" rel=\"external noopener nofollow\" title=\"WhatsApp\" target=\"_blank\" class=\"whatsapp-share-btn \" data-raw=\"https:\/\/api.whatsapp.com\/send?text={post_title}%20{post_link}\"><span class=\"screen-reader-text\">WhatsApp<\/span><\/a><a href=\"https:\/\/telegram.me\/share\/url?url=https:\/\/infotulcea.ro\/jandarmii-tulceni-la-datorie-in-perioada-14-16-august\/&amp;text=JANDARMII%20TULCENI%2C%20LA%20DATORIE%20%C3%8EN%20PERIOADA%2014%E2%80%9316%20AUGUST\" rel=\"external noopener nofollow\" title=\"Telegram\" target=\"_blank\" class=\"telegram-share-btn \" data-raw=\"https:\/\/telegram.me\/share\/url?url={post_link}&amp;text={post_title}\"><span class=\"screen-reader-text\">Telegram<\/span><\/a><a href=\"mailto:?subject=JANDARMII%20TULCENI%2C%20LA%20DATORIE%20%C3%8EN%20PERIOADA%2014%E2%80%9316%20AUGUST&amp;body=https:\/\/infotulcea.ro\/jandarmii-tulceni-la-datorie-in-perioada-14-16-august\/\" rel=\"external noopener nofollow\" title=\"Share via Email\" target=\"_blank\" class=\"email-share-btn \" data-raw=\"mailto:?subject={post_title}&amp;body={post_link}\"><span class=\"screen-reader-text\">Share via Email<\/span><\/a><a href=\"https:\/\/infotulcea.ro\/jandarmii-tulceni-la-datorie-in-perioada-14-16-august\/\" rel=\"external noopener nofollow\" title=\"Print\" target=\"_blank\" class=\"print-share-btn \" data-raw=\"#\"><span class=\"screen-reader-text\">Print<\/span><\/a><\/div>\n<\/div>\n<\/article>\n<div class=\"post-components\">\n<div id=\"related-posts\" class=\"container-wrapper has-extra-post\">\n<div class=\"mag-box-title the-global-title\">\n<h3>Related Articles<\/h3>\n<\/div>\n<div class=\"related-posts-list\">\n<div class=\"related-item tie-standard\"><a aria-label=\"Cluburi antidrog \u00een liceele tulcene cu educatori \u00eentre egali!\" href=\"https:\/\/infotulcea.ro\/cluburi-antidrog-in-liceele-tulcene-cu-educatori-intre-egali\/\" class=\"post-thumb\"><source type=\"image\/webp\" data-srcset=\"https:\/\/infotulcea.ro\/wp-content\/uploads\/2024\/04\/20240404_130610-390x220.jpg.webp\" \/><img loading=\"lazy\" decoding=\"async\" width=\"390\" height=\"220\" src=\"https:\/\/infotulcea.ro\/wp-content\/uploads\/2024\/04\/20240404_130610-390x220.jpg\" class=\"attachment-jannah-image-large size-jannah-image-large wp-post-image\" alt><\/a><\/p>\n<h3 class=\"post-title\"><a href=\"https:\/\/infotulcea.ro\/cluburi-antidrog-in-liceele-tulcene-cu-educatori-intre-egali\/\">Cluburi antidrog \u00een liceele tulcene cu educatori \u00eentre egali!<\/a><\/h3>\n<div class=\"post-meta clearfix\"><span class=\"date meta-item tie-icon\">4 aprilie 2024<\/span><\/div>\n<\/div>\n<div class=\"related-item tie-standard\"><a aria-label=\",, Consumator de psihoactive\u201d\u201d prins la volanul unei ma\u0219ini a fost arestat!\" href=\"https:\/\/infotulcea.ro\/consumator-de-psihoactive-prins-la-volanul-unei-masini-a-fost-arestat\/\" class=\"post-thumb\"><img loading=\"lazy\" decoding=\"async\" width=\"390\" height=\"220\" src=\"https:\/\/infotulcea.ro\/wp-content\/uploads\/2021\/10\/arestat-1-696x395-1-390x220.jpg\" class=\"attachment-jannah-image-large size-jannah-image-large wp-post-image lazyload\" alt><img loading=\"lazy\" decoding=\"async\" width=\"390\" height=\"220\" src=\"https:\/\/infotulcea.ro\/wp-content\/uploads\/2021\/10\/arestat-1-696x395-1-390x220.jpg\" class=\"attachment-jannah-image-large size-jannah-image-large wp-post-image\" alt><\/a><\/p>\n<h3 class=\"post-title\"><a href=\"https:\/\/infotulcea.ro\/consumator-de-psihoactive-prins-la-volanul-unei-masini-a-fost-arestat\/\">,, Consumator de psihoactive\u201d\u201d prins la volanul unei ma\u0219ini a fost arestat!<\/a><\/h3>\n<div class=\"post-meta clearfix\"><span class=\"date meta-item tie-icon\">20 aprilie 2023<\/span><\/div>\n<\/div>\n<div class=\"related-item tie-standard\"><a aria-label=\"Din 7 august 2023, deschiderea expozi\u021biei \u201eJandarmeria Rom\u00e2n\u0103 1850 \u2013 2020\u201d\u00a0\u00a0la Muzeul de Istorie \u0219i Arheologie din Tulcea\" href=\"https:\/\/infotulcea.ro\/din-7-august-2023-deschiderea-expozitiei-jandarmeria-romana-1850-2020-la-muzeul-de-istorie-si-arheologie-din-tulcea\/\" class=\"post-thumb\"><source type=\"image\/webp\" data-srcset=\"https:\/\/infotulcea.ro\/wp-content\/uploads\/2023\/07\/jandarmeria-390x220.jpg.webp\" \/><img loading=\"lazy\" decoding=\"async\" width=\"390\" height=\"220\" src=\"https:\/\/infotulcea.ro\/wp-content\/uploads\/2023\/07\/jandarmeria-390x220.jpg\" class=\"attachment-jannah-image-large size-jannah-image-large wp-post-image\" alt><\/a><\/p>\n<h3 class=\"post-title\"><a href=\"https:\/\/infotulcea.ro\/din-7-august-2023-deschiderea-expozitiei-jandarmeria-romana-1850-2020-la-muzeul-de-istorie-si-arheologie-din-tulcea\/\">Din 7 august 2023, deschiderea expozi\u021biei \u201eJandarmeria Rom\u00e2n\u0103 1850 \u2013 2020\u201d\u00a0\u00a0la Muzeul de Istorie \u0219i Arheologie din Tulcea<\/a><\/h3>\n<div class=\"post-meta clearfix\"><span class=\"date meta-item tie-icon\">31 iulie 2023<\/span><\/div>\n<\/div>\n<div class=\"related-item tie-standard\"><a aria-label=\"Ac\u021biuni de binefacere ale ,,Asocia\u021biei Voluntari pentru tine\u201d de Cr\u0103ciun!\" href=\"https:\/\/infotulcea.ro\/actiuni-de-binefacere-ale-asociatiei-voluntari-pentru-tine-de-craciun\/\" class=\"post-thumb\"><source type=\"image\/webp\" data-srcset=\"https:\/\/infotulcea.ro\/wp-content\/uploads\/2023\/12\/IMG-20231226-WA0006-390x220.jpg.webp\" \/><img loading=\"lazy\" decoding=\"async\" width=\"390\" height=\"220\" src=\"https:\/\/infotulcea.ro\/wp-content\/uploads\/2023\/12\/IMG-20231226-WA0006-390x220.jpg\" class=\"attachment-jannah-image-large size-jannah-image-large wp-post-image\" alt><\/a><\/p>\n<h3 class=\"post-title\"><a href=\"https:\/\/infotulcea.ro\/actiuni-de-binefacere-ale-asociatiei-voluntari-pentru-tine-de-craciun\/\">Ac\u021biuni de binefacere ale ,,Asocia\u021biei Voluntari pentru tine\u201d de Cr\u0103ciun!<\/a><\/h3>\n<div class=\"post-meta clearfix\"><span class=\"date meta-item tie-icon\">25 decembrie 2023<\/span><\/div>\n<\/div>\n<\/div>\n<\/div>\n<div id=\"comments\" class=\"comments-area\">\n<div id=\"add-comment-block\" class=\"container-wrapper\">\n<div id=\"respond\" class=\"comment-respond\">\n<h3 id=\"reply-title\" class=\"comment-reply-title the-global-title\">Las\u0103 un r\u0103spuns <small><a rel=\"nofollow\" id=\"cancel-comment-reply-link\" href=\"https:\/\/infotulcea.ro\/jandarmii-tulceni-la-datorie-in-perioada-14-16-august\/#respond\">Anuleaz\u0103 r\u0103spunsul<\/a><\/small><\/h3>\n<p class=\"comment-notes\"><span id=\"email-notes\">Adresa ta de email nu va fi publicat\u0103.<\/span><span class=\"required-field-message\">C\u00e2mpurile obligatorii sunt marcate cu <span class=\"required\">*<\/span><\/span><\/p>\n<\/div>\n<\/div>\n<\/div>\n<\/div>\n<\/div>\n<div id=\"check-also-box\" class=\"container-wrapper check-also-right\">\n<div class=\"widget-title the-global-title\">\n<div class=\"the-subtitle\">Check Also<\/div>\n<p><a href=\"https:\/\/infotulcea.ro\/jandarmii-tulceni-la-datorie-in-perioada-14-16-august\/\" id=\"check-also-close\" class=\"remove\"><span class=\"screen-reader-text\">Close<\/span><\/a><\/div>\n<div class=\"widget posts-list-big-first has-first-big-post\">\n<ul class=\"posts-list-items\">\n<li class=\"widget-single-post-item widget-post-list tie-standard\">\n<div class=\"post-widget-thumbnail\"><a aria-label=\"Ordin de protec\u021bie pentru concubin violent!\" href=\"https:\/\/infotulcea.ro\/ordin-de-protectie-pentru-concubin-violent\/\" class=\"post-thumb\"><span class=\"post-cat-wrap\"><span class=\"post-cat tie-cat-35\">Comunicate<\/span><\/span><source sizes=\"(max-width: 332px) 100vw, 332px\" type=\"image\/webp\" data-srcset=\"https:\/\/infotulcea.ro\/wp-content\/uploads\/2020\/02\/protectie.jpg.webp 512w, https:\/\/infotulcea.ro\/wp-content\/uploads\/2020\/02\/protectie-300x199.jpg.webp 300w\" \/><img loading=\"lazy\" decoding=\"async\" width=\"332\" height=\"220\" src=\"https:\/\/infotulcea.ro\/wp-content\/uploads\/2020\/02\/protectie.jpg\" class=\"attachment-jannah-image-large size-jannah-image-large wp-post-image\" alt><\/a><\/div>\n<div class=\"post-widget-body \"><a class=\"post-title the-subtitle\" href=\"https:\/\/infotulcea.ro\/ordin-de-protectie-pentru-concubin-violent\/\">Ordin de protec\u021bie pentru concubin violent!<\/a><\/p>\n<div class=\"post-meta\"><span class=\"date meta-item tie-icon\">9 mai 2023<\/span><\/div>\n<\/div>\n<\/li>\n<\/ul>\n<\/div>\n<\/div>\n<aside class=\"sidebar tie-col-md-4 tie-col-xs-12 normal-side is-sticky\" aria-label=\"Primary Sidebar\">\n<div class=\"theiaStickySidebar\">\n<div id=\"media_image-19\" class=\"container-wrapper widget widget_media_image\"><a href=\"https:\/\/infotulcea.ro\/delta-dunarii-mai-accesibila-navrom-delta-creste-numarul-curselor-regulate-de-la-1-mai-2025\/\"><source sizes=\"(max-width: 500px) 100vw, 500px\" type=\"image\/webp\" data-srcset=\"https:\/\/infotulcea.ro\/wp-content\/uploads\/2025\/04\/navrom-delta-500x271.jpg.webp 500w, https:\/\/infotulcea.ro\/wp-content\/uploads\/2025\/04\/navrom-delta-1024x555.jpg.webp 1024w, https:\/\/infotulcea.ro\/wp-content\/uploads\/2025\/04\/navrom-delta-768x416.jpg.webp 768w, https:\/\/infotulcea.ro\/wp-content\/uploads\/2025\/04\/navrom-delta.jpg.webp 1080w\" \/><img loading=\"lazy\" decoding=\"async\" width=\"500\" height=\"271\" src=\"https:\/\/infotulcea.ro\/wp-content\/uploads\/2025\/04\/navrom-delta-500x271.jpg\" class=\"image wp-image-34487  attachment-medium size-medium\" alt><\/a><\/div>\n<div id=\"media_image-17\" class=\"container-wrapper widget widget_media_image\"><a href=\"https:\/\/www.facebook.com\/share\/p\/1DGAD1tLWN\/?mibextid=wwXIfr\" target=\"_blank\"><source sizes=\"(max-width: 500px) 100vw, 500px\" type=\"image\/webp\" data-srcset=\"https:\/\/infotulcea.ro\/wp-content\/uploads\/2026\/01\/IMG_1563-500x500.jpeg.webp 500w, https:\/\/infotulcea.ro\/wp-content\/uploads\/2026\/01\/IMG_1563-1024x1024.jpeg.webp 1024w, https:\/\/infotulcea.ro\/wp-content\/uploads\/2026\/01\/IMG_1563-250x250.jpeg.webp 250w, https:\/\/infotulcea.ro\/wp-content\/uploads\/2026\/01\/IMG_1563-768x768.jpeg.webp 768w, https:\/\/infotulcea.ro\/wp-content\/uploads\/2026\/01\/IMG_1563.jpeg.webp 1080w\" \/><img loading=\"lazy\" decoding=\"async\" width=\"500\" height=\"500\" src=\"https:\/\/infotulcea.ro\/wp-content\/uploads\/2026\/01\/IMG_1563-500x500.jpeg\" class=\"image wp-image-37932  attachment-medium size-medium\" alt title=\"Centrale pe lemne\"><\/a><\/div>\n<div id=\"media_image-18\" class=\"container-wrapper widget widget_media_image\"><a href=\"https:\/\/www.licitatia.ro\/site\/index-guest\"><img loading=\"lazy\" decoding=\"async\" width=\"500\" height=\"262\" src=\"https:\/\/infotulcea.ro\/wp-content\/uploads\/2025\/09\/licitatia-500x262.png\" class=\"image wp-image-36670  attachment-medium size-medium lazyload\" alt><img loading=\"lazy\" decoding=\"async\" width=\"500\" height=\"262\" src=\"https:\/\/infotulcea.ro\/wp-content\/uploads\/2025\/09\/licitatia-500x262.png\" class=\"image wp-image-36670  attachment-medium size-medium\" alt><\/a><\/div>\n<div id=\"media_image-27\" class=\"container-wrapper widget widget_media_image\"><a href=\"https:\/\/www.centrale-lemne-liepsnele.ro\/\"><img loading=\"lazy\" decoding=\"async\" width=\"500\" height=\"500\" src=\"https:\/\/infotulcea.ro\/wp-content\/uploads\/2025\/09\/Centrale-pe-Lemne-Liepsnele-500x500.png\" class=\"image wp-image-36541  attachment-medium size-medium lazyload\" alt=\"Centrala pe lemne\"><img loading=\"lazy\" decoding=\"async\" width=\"500\" height=\"500\" src=\"https:\/\/infotulcea.ro\/wp-content\/uploads\/2025\/09\/Centrale-pe-Lemne-Liepsnele-500x500.png\" class=\"image wp-image-36541  attachment-medium size-medium\" alt=\"Centrala pe lemne\"><\/a><\/div>\n<div id=\"media_image-28\" class=\"container-wrapper widget widget_media_image\"><a href=\"https:\/\/infotulcea.ro\/angajeaza-te-ro-platforma-ta-online-de-angajari-si-forta-de-munca\/\"><source sizes=\"(max-width: 500px) 100vw, 500px\" type=\"image\/webp\" data-srcset=\"https:\/\/infotulcea.ro\/wp-content\/uploads\/2025\/04\/banner-angajazate-1-500x305.jpg.webp 500w, https:\/\/infotulcea.ro\/wp-content\/uploads\/2025\/04\/banner-angajazate-1-1024x625.jpg.webp 1024w, https:\/\/infotulcea.ro\/wp-content\/uploads\/2025\/04\/banner-angajazate-1-768x469.jpg.webp 768w, https:\/\/infotulcea.ro\/wp-content\/uploads\/2025\/04\/banner-angajazate-1.jpg.webp 1080w\" \/><img loading=\"lazy\" decoding=\"async\" width=\"500\" height=\"305\" src=\"https:\/\/infotulcea.ro\/wp-content\/uploads\/2025\/04\/banner-angajazate-1-500x305.jpg\" class=\"image wp-image-34317  attachment-medium size-medium\" alt><\/a><\/div>\n<\/div>\n<\/aside>\n<\/div>\n<\/div>\n<div class=\"entry-content entry clearfix\">\n<p><strong>\u00cen perioada 14\u201316 august 2026, efectivele Inspectoratului de Jandarmi Jude\u021bean Tulcea au ac\u021bionat pentru men\u021binerea unui climat de ordine \u0219i siguran\u021b\u0103 public\u0103 \u00een timpul manifest\u0103rilor religioase prilejuite de s\u0103rb\u0103toarea Adormirii Maicii Domnului, precum \u0219i al evenimentelor cultural-artistice desf\u0103\u0219urate \u00een mai multe localit\u0103\u021bi din jude\u021b.<\/strong><\/p>\n<p>Pe parcursul celor trei zile, jandarmii au desf\u0103\u0219urat 16 misiuni de ordine public\u0103, structurate astfel:<\/p>\n<p>* 6 misiuni de asigurare a ordinii publice, \u00een zonele \u0219i la manifest\u0103rile cu afluen\u021b\u0103 mare de persoane;<br \/>\n* 3 misiuni de men\u021binere a ordinii publice, realizate prin patrule de jandarmi \u0219i patrule mixte poli\u021bist-jandarm;<br \/>\n* 1 misiune executat\u0103 \u00een cooperare cu poli\u021bi\u0219tii;<br \/>\n* 6 echipe de interven\u021bie, constituite pentru a putea r\u0103spunde cu promptitudine unor situa\u021bii neprev\u0103zute.<\/p>\n<p>Prezen\u021ba jandarmilor \u00een mijlocul participan\u021bilor a avut \u0219i o important\u0103 component\u0103 preventiv\u0103. Ace\u0219tia au<source sizes=\"(max-width: 221px) 100vw, 221px\" type=\"image\/webp\" data-srcset=\"https:\/\/infotulcea.ro\/wp-content\/uploads\/2026\/08\/jandarmi-304x500.jpeg.webp 304w, https:\/\/infotulcea.ro\/wp-content\/uploads\/2026\/08\/jandarmi-623x1024.jpeg.webp 623w, https:\/\/infotulcea.ro\/wp-content\/uploads\/2026\/08\/jandarmi-768x1263.jpeg.webp 768w, https:\/\/infotulcea.ro\/wp-content\/uploads\/2026\/08\/jandarmi-934x1536.jpeg.webp 934w, https:\/\/infotulcea.ro\/wp-content\/uploads\/2026\/08\/jandarmi.jpeg.webp 1080w\" \/><\/p>\n<p><img loading=\"lazy\" decoding=\"async\" class=\" wp-image-40410 alignright\" src=\"https:\/\/infotulcea.ro\/wp-content\/uploads\/2026\/08\/jandarmi-304x500.jpeg\" alt width=\"221\" height=\"363\"> interac\u021bionat cu cet\u0103\u021benii \u0219i organizatorii, au oferit recomand\u0103ri \u0219i au urm\u0103rit identificarea din timp a unor situa\u021bii care ar fi putut perturba desf\u0103\u0219urarea normal\u0103 a evenimentelor.<\/p>\n<p>\u00cen acela\u0219i timp, patrulele aflate \u00een teren au ac\u021bionat pentru descurajarea comportamentelor antisociale \u0219i pentru interven\u021bia rapid\u0103 atunci c\u00e2nd situa\u021bia a impus-o.<\/p>\n<p>\u00cen perioada men\u021bionat\u0103, jandarmii au r\u0103spuns la 3 solicit\u0103ri transmise prin Sistemul Na\u021bional Unic pentru Apeluri de Urgen\u021b\u0103 112, acord\u00e2nd sprijin poli\u021bi\u0219tilor pentru aplanarea unor conflicte. De asemenea, o alt\u0103 interven\u021bie a fost realizat\u0103 independent, \u00een urma unei sesiz\u0103ri referitoare la prezen\u021ba unor c\u00e2ini f\u0103r\u0103 st\u0103p\u00e2n.<\/p>\n<p>\u00cen cadrul activit\u0103\u021bilor preventive desf\u0103\u0219urate \u00een spa\u021biul public, 7 persoane au fost legitimate \u0219i verificate prin aplica\u021bia eDAC.<\/p>\n<p>\u00cen urma constat\u0103rii unor \u00eenc\u0103lc\u0103ri ale prevederilor legale, au fost aplicate dou\u0103 sanc\u021biuni contraven\u021bionale, respectiv un avertisment \u0219i o amend\u0103 \u00een cuantum de 500 de lei, pentru consum de b\u0103uturi alcoolice \u00een spa\u021biul public, fapt\u0103 prev\u0103zut\u0103 \u0219i sanc\u021bionat\u0103 de Legea nr. 61\/1991, republicat\u0103.<\/p>\n<p>Datorit\u0103 m\u0103surilor preventive, prezen\u021bei active a for\u021belor de ordine \u0219i colabor\u0103rii cu organizatorii \u0219i celelalte structuri abilitate, manifest\u0103rile desf\u0103\u0219urate \u00een perioada 14\u201316 august s-au \u00eencheiat f\u0103r\u0103 incidente deosebite.<\/p>\n<p>Inspectoratul de Jandarmi Jude\u021bean Tulcea va continua s\u0103 fie prezent la evenimentele publice din jude\u021b, cu accent pe preven\u021bie, dialog \u0219i interven\u021bie prompt\u0103, astfel \u00eenc\u00e2t cet\u0103\u021benii s\u0103 poat\u0103 participa \u00een siguran\u021b\u0103 la activit\u0103\u021bile comunit\u0103\u021bii.<\/p>\n<\/div>\n<div class=\"articleBody\" data-key=\"articleBody\">\u00cen perioada 14\u201316 august 2026, efectivele Inspectoratului de Jandarmi Jude\u021bean Tulcea au ac\u021bionat pentru men\u021binerea unui climat de ordine \u0219i siguran\u021b\u0103 public\u0103 \u00een timpul manifest\u0103rilor religioase prilejuite de s\u0103rb\u0103toarea Adormirii Maicii Domnului, precum \u0219i al evenimentelor cultural-artistice desf\u0103\u0219urate \u00een mai multe localit\u0103\u021bi din jude\u021b.<\/p>\n<p>Pe parcursul celor trei zile, jandarmii au desf\u0103\u0219urat 16 misiuni de ordine public\u0103, structurate astfel:<\/p>\n<p>* 6 misiuni de asigurare a ordinii publice, \u00een zonele \u0219i la manifest\u0103rile cu afluen\u021b\u0103 mare de persoane;<br \/>\n* 3 misiuni de men\u021binere a ordinii publice, realizate prin patrule de jandarmi \u0219i patrule mixte poli\u021bist-jandarm;<br \/>\n* 1 misiune executat\u0103 \u00een cooperare cu poli\u021bi\u0219tii;<br \/>\n* 6 echipe de interven\u021bie, constituite pentru a putea r\u0103spunde cu promptitudine unor situa\u021bii neprev\u0103zute.<\/p>\n<p>Prezen\u021ba jandarmilor \u00een mijlocul participan\u021bilor a avut \u0219i o important\u0103 component\u0103 preventiv\u0103. Ace\u0219tia au interac\u021bionat cu cet\u0103\u021benii \u0219i organizatorii, au oferit recomand\u0103ri \u0219i au urm\u0103rit identificarea din timp a unor situa\u021bii care ar fi putut perturba desf\u0103\u0219urarea normal\u0103 a evenimentelor.<\/p>\n<p>\u00cen acela\u0219i timp, patrulele aflate \u00een teren au ac\u021bionat pentru descurajarea comportamentelor antisociale \u0219i pentru interven\u021bia rapid\u0103 atunci c\u00e2nd situa\u021bia a impus-o.<\/p>\n<p>\u00cen perioada men\u021bionat\u0103, jandarmii au r\u0103spuns la 3 solicit\u0103ri transmise prin Sistemul Na\u021bional Unic pentru Apeluri de Urgen\u021b\u0103 112, acord\u00e2nd sprijin poli\u021bi\u0219tilor pentru aplanarea unor conflicte. De asemenea, o alt\u0103 interven\u021bie a fost realizat\u0103 independent, \u00een urma unei sesiz\u0103ri referitoare la prezen\u021ba unor c\u00e2ini f\u0103r\u0103 st\u0103p\u00e2n.<\/p>\n<p>\u00cen cadrul activit\u0103\u021bilor preventive desf\u0103\u0219urate \u00een spa\u021biul public, 7 persoane au fost legitimate \u0219i verificate prin aplica\u021bia eDAC.<\/p>\n<p>\u00cen urma constat\u0103rii unor \u00eenc\u0103lc\u0103ri ale prevederilor legale, au fost aplicate dou\u0103 sanc\u021biuni contraven\u021bionale, respectiv un avertisment \u0219i o amend\u0103 \u00een cuantum de 500 de lei, pentru consum de b\u0103uturi alcoolice \u00een spa\u021biul public, fapt\u0103 prev\u0103zut\u0103 \u0219i sanc\u021bionat\u0103 de Legea nr. 61\/1991, republicat\u0103.<\/p>\n<p>Datorit\u0103 m\u0103surilor preventive, prezen\u021bei active a for\u021belor de ordine \u0219i colabor\u0103rii cu organizatorii \u0219i celelalte structuri abilitate, manifest\u0103rile desf\u0103\u0219urate \u00een perioada 14\u201316 august s-au \u00eencheiat f\u0103r\u0103 incidente deosebite.<\/p>\n<p>Inspectoratul de Jandarmi Jude\u021bean Tulcea va continua s\u0103 fie prezent la evenimentele publice din jude\u021b, cu accent pe preven\u021bie, dialog \u0219i interven\u021bie prompt\u0103, astfel \u00eenc\u00e2t cet\u0103\u021benii s\u0103 poat\u0103 participa \u00een siguran\u021b\u0103 la activit\u0103\u021bile comunit\u0103\u021bii.<\/p><\/div>\n<p>[analyse_source url=&#8221;https:\/\/infotulcea.ro\/jandarmii-tulceni-la-datorie-in-perioada-14-16-august\/&#8221;]<\/p>\n","protected":false},"excerpt":{"rendered":"<p>[analyse_image type=&#8221;featured&#8221; src=&#8221;https:\/\/infotulcea.ro\/wp-content\/uploads\/2026\/08\/jandarmi.jpeghttps:\/\/infotulcea.ro\/wp-content\/uploads\/2026\/08\/jandarmi.jpeg&#8221;] Home\/Comunicate\/JANDARMII TULCENI, LA DATORIE \u00ceN PERIOADA 14\u201316 AUGUST Comunicate JANDARMII TULCENI, LA DATORIE \u00ceN PERIOADA 14\u201316 AUGUST Redactia17 august 2026 0 148 1 minute read \u00cen perioada 14\u201316 august 2026, efectivele Inspectoratului de Jandarmi Jude\u021bean Tulcea au ac\u021bionat pentru men\u021binerea unui climat de ordine \u0219i siguran\u021b\u0103 public\u0103 \u00een timpul manifest\u0103rilor religioase prilejuite [&hellip;]<\/p>\n","protected":false},"author":1,"featured_media":0,"comment_status":"open","ping_status":"","sticky":false,"template":"","format":"standard","meta":{"footnotes":""},"categories":[89],"tags":[226,221],"class_list":["post-2097666","post","type-post","status-publish","format-standard","hentry","category-romania","tag-crawlmanager","tag-infotulcea-ro"],"_links":{"self":[{"href":"https:\/\/analyse.optim.biz\/index.php?rest_route=\/wp\/v2\/posts\/2097666","targetHints":{"allow":["GET"]}}],"collection":[{"href":"https:\/\/analyse.optim.biz\/index.php?rest_route=\/wp\/v2\/posts"}],"about":[{"href":"https:\/\/analyse.optim.biz\/index.php?rest_route=\/wp\/v2\/types\/post"}],"author":[{"embeddable":true,"href":"https:\/\/analyse.optim.biz\/index.php?rest_route=\/wp\/v2\/users\/1"}],"replies":[{"embeddable":true,"href":"https:\/\/analyse.optim.biz\/index.php?rest_route=%2Fwp%2Fv2%2Fcomments&post=2097666"}],"version-history":[{"count":0,"href":"https:\/\/analyse.optim.biz\/index.php?rest_route=\/wp\/v2\/posts\/2097666\/revisions"}],"wp:attachment":[{"href":"https:\/\/analyse.optim.biz\/index.php?rest_route=%2Fwp%2Fv2%2Fmedia&parent=2097666"}],"wp:term":[{"taxonomy":"category","embeddable":true,"href":"https:\/\/analyse.optim.biz\/index.php?rest_route=%2Fwp%2Fv2%2Fcategories&post=2097666"},{"taxonomy":"post_tag","embeddable":true,"href":"https:\/\/analyse.optim.biz\/index.php?rest_route=%2Fwp%2Fv2%2Ftags&post=2097666"}],"curies":[{"name":"wp","href":"https:\/\/api.w.org\/{rel}","templated":true}]}}