{"id":2097664,"date":"2026-08-15T09:44:43","date_gmt":"2026-08-15T06:44:43","guid":{"rendered":"https:\/\/analyse.optim.biz\/?p=2097664"},"modified":"2026-08-15T09:44:43","modified_gmt":"2026-08-15T06:44:43","slug":"dupa-o-perioada-cu-temperaturi-extreme-timisul-va-fi-din-nou-sub-cod-galben-de-canicula-luna-septembrie-la-fel-de-calduroasa","status":"publish","type":"post","link":"https:\/\/analyse.optim.biz\/?p=2097664","title":{"rendered":"Dup\u0103 o perioad\u0103 cu temperaturi extreme, Timi\u0219ul va fi din nou sub cod galben de canicul\u0103. Luna septembrie, la fel de c\u0103lduroas\u0103"},"content":{"rendered":"<p>[analyse_image type=&#8221;featured&#8221; src=&#8221;https:\/\/www.tion.ro\/wp-content\/uploads\/2026\/08\/+otf\/1200&#215;630\/muW7tNof26XuHY2jWm8__tU5PVF9WRVJZX1NFQxve9uckjzsFjUarGXziXpsltsvXKt9TqDPYG4zIyo7zmpG8gg7AyjG3p+Fx1Z1ma7DWt7OYHst+QJrPMIpvSQ4=\/6787077peyescesthermometer693852-scaled.jpg&#8221;]<\/p>\n<article id=\"post-2334285\" class>\n<div class=\"entry-content clearfix\">\n<div class=\"enewsArticleContent\">\n<p>Meteorologii anun\u021b\u0103 duminic\u0103, 16 august, temperaturi maxime de 33-35 de grade Celsius, iar local va fi canicul\u0103 \u0219i disconfort termic ridicat. Indicele temperatur\u0103-umezeal\u0103 (ITU) poate ajunge izolat la pragul critic de 80 de unit\u0103\u021bi.<\/p>\n<p>\u0218i luni, 17 august, va fi foarte cald \u00een vestul, nord-vestul \u0219i sud-vestul \u021b\u0103rii. Spre sear\u0103, \u00eens\u0103, vremea va deveni instabil\u0103 \u0219i sunt posibile schimb\u0103ri ale condi\u021biilor meteo.<\/p>\n<h3><strong>Cum va fi vremea \u00een a doua jum\u0103tate a lunii august<\/strong><\/h3>\n<p>Potrivit estim\u0103rii ANM pentru perioada 17 august \u2013 14 septembrie, temperaturile vor fi, \u00een general, mai ridicate dec\u00e2t cele normale pentru aceast\u0103 perioad\u0103. Cele mai mari diferen\u021be fa\u021b\u0103 de normal sunt a\u0219teptate \u00een vestul \u0219i centrul \u021b\u0103rii.<\/p>\n<p>\u00cen perioada 17-24 august, temperaturile vor fi peste normal \u00een cea mai mare parte a \u021b\u0103rii. \u00cen vest \u0219i centru va fi cel mai cald, \u00een timp ce \u00een sud-est valorile vor fi apropiate de cele obi\u0219nuite. \u00cen aceea\u0219i perioad\u0103, va ploua mai pu\u021bin dec\u00e2t \u00een mod normal la nivelul \u00eentregii \u021b\u0103ri. Cele mai mari diferen\u021be sunt a\u0219teptate \u00een zonele montane.<\/p>\n<p>\u00centre 24 \u0219i 31 august, temperaturile r\u0103m\u00e2n mai ridicate dec\u00e2t normalul \u00een cea mai mare parte a \u021b\u0103rii, \u00een special \u00een vest \u0219i centru. \u00cen schimb, ploile ar urma s\u0103 fie mai apropiate de normal. \u00cen vest \u0219i la munte sunt posibile chiar cantit\u0103\u021bi de precipita\u021bii u\u0219or peste media perioadei.<\/p>\n<h3><strong>Vreme mai cald\u0103 \u0219i la \u00eenceput de septembrie<\/strong><\/h3>\n<p>\u00cen perioada 31 august \u2013 7 septembrie, temperaturile vor fi u\u0219or peste normal \u00een vestul, nordul \u0219i centrul \u021b\u0103rii. \u00cen celelalte regiuni, valorile vor fi apropiate de cele obi\u0219nuite pentru \u00eenceputul toamnei. Ploile sunt estimate s\u0103 fie \u00een limitele obi\u0219nuite \u00een toat\u0103 \u021bara.<\/p>\n<p>Pentru perioada 7-14 septembrie, meteorologii estimeaz\u0103 din nou temperaturi u\u0219or mai ridicate dec\u00e2t normalul \u00een cea mai mare parte a \u021b\u0103rii. Cele mai mari diferen\u021be sunt a\u0219teptate \u00een regiunile din interiorul arcului carpatic. \u0218i \u00een aceast\u0103 perioad\u0103, cantit\u0103\u021bile de precipita\u021bii ar urma s\u0103 fie apropiate de cele a\u0219teptate.<\/p>\n<div class=\"fbShareLikeTwitterAndEmailContainer\">\n<div class=\"wrapper\">\n<div class=\"email\">\n<div id=\"mailto-pop\" class=\"pop-form pop-form-mailto\">\n<div class=\"pop-form-header\">\n<h4>Trimite articolul<\/h4>\n<p><a class=\"pop-form-close\">X<\/a><\/div>\n<\/div>\n<\/div>\n<\/div>\n<\/div>\n<div class=\"tagsContainer\">\n<div class=\"tagsLabel\">Taguri:<\/div>\n<div class=\"tags\">\n<div class=\"tag\"><a href=\"https:\/\/www.tion.ro\/cimke\/anm-cod-galben-timis\" rel=\"tag\"><span class=\"link\">anm cod galben timis<\/span><span class=\"separator\">,<\/span><\/a><\/div>\n<div class=\"tag\"><a href=\"https:\/\/www.tion.ro\/cimke\/septembrie\" rel=\"tag\"><span class=\"link\">septembrie<\/span><span class=\"separator\">,<\/span><\/a><\/div>\n<div class=\"tag\"><a href=\"https:\/\/www.tion.ro\/cimke\/temperaturi-ridicate\" rel=\"tag\"><span class=\"link\">temperaturi ridicate<\/span><\/a><\/div>\n<\/div>\n<\/div>\n<div class=\"comments\">\n<div class=\"top\">\n<div class=\"commentsNumber\"><span class=\"number\">0<\/span><span class=\"text\">Comentarii<\/span><\/div>\n<\/div>\n<div class=\"center\">\n<div id=\"respond\" class=\"comment-respond\">\n<h3 id=\"reply-title\" class=\"comment-reply-title\"><small><a rel=\"nofollow\" id=\"cancel-comment-reply-link\" href=\"https:\/\/www.tion.ro\/stirile-judetului-timis\/dupa-o-perioada-cu-temperaturi-extreme-timisul-va-fi-din-nou-sub-cod-galben-de-canicula-luna-septembrie-la-fel-de-calduroasa-2334285\/#respond\">Cancel reply<\/a><\/small><\/h3>\n<p class=\"comment-notes\"><span id=\"email-notes\">Your email address will not be published.<\/span><span class=\"required-field-message\">Required fields are marked <span class=\"required\">*<\/span><\/span><\/p>\n<p class=\"commentFormComment\"><span id=\"commentFormCount\"><br \/>\n                            inca<br \/>\n                            <span id=\"countCommentText\">1000<\/span><br \/>\n                            caractere ramase<br \/>\n                        <\/span><\/p>\n<\/div>\n<\/div>\n<div class=\"bottom\">\n<p class=\"forumDisclaimerHuRo\">\n            Citi\u021bi principiile noastre de moderare <a href=\"https:\/\/www.tion.ro\/reguli-postare-comentarii\/\" target=\"_blank\">aici<\/a>!\n        <\/p>\n<\/div>\n<\/div>\n<\/div>\n<\/div>\n<\/article>\n<div class=\"entry-content clearfix\">\n<div class=\"enewsArticleContent\">\n<p>Meteorologii anun\u021b\u0103 duminic\u0103, 16 august, temperaturi maxime de 33-35 de grade Celsius, iar local va fi canicul\u0103 \u0219i disconfort termic ridicat. Indicele temperatur\u0103-umezeal\u0103 (ITU) poate ajunge izolat la pragul critic de 80 de unit\u0103\u021bi.<\/p>\n<p>\u0218i luni, 17 august, va fi foarte cald \u00een vestul, nord-vestul \u0219i sud-vestul \u021b\u0103rii. Spre sear\u0103, \u00eens\u0103, vremea va deveni instabil\u0103 \u0219i sunt posibile schimb\u0103ri ale condi\u021biilor meteo.<\/p>\n<h3><strong>Cum va fi vremea \u00een a doua jum\u0103tate a lunii august<\/strong><\/h3>\n<p>Potrivit estim\u0103rii ANM pentru perioada 17 august \u2013 14 septembrie, temperaturile vor fi, \u00een general, mai ridicate dec\u00e2t cele normale pentru aceast\u0103 perioad\u0103. Cele mai mari diferen\u021be fa\u021b\u0103 de normal sunt a\u0219teptate \u00een vestul \u0219i centrul \u021b\u0103rii.<\/p>\n<p>\u00cen perioada 17-24 august, temperaturile vor fi peste normal \u00een cea mai mare parte a \u021b\u0103rii. \u00cen vest \u0219i centru va fi cel mai cald, \u00een timp ce \u00een sud-est valorile vor fi apropiate de cele obi\u0219nuite. \u00cen aceea\u0219i perioad\u0103, va ploua mai pu\u021bin dec\u00e2t \u00een mod normal la nivelul \u00eentregii \u021b\u0103ri. Cele mai mari diferen\u021be sunt a\u0219teptate \u00een zonele montane.<\/p>\n<p>\u00centre 24 \u0219i 31 august, temperaturile r\u0103m\u00e2n mai ridicate dec\u00e2t normalul \u00een cea mai mare parte a \u021b\u0103rii, \u00een special \u00een vest \u0219i centru. \u00cen schimb, ploile ar urma s\u0103 fie mai apropiate de normal. \u00cen vest \u0219i la munte sunt posibile chiar cantit\u0103\u021bi de precipita\u021bii u\u0219or peste media perioadei.<\/p>\n<h3><strong>Vreme mai cald\u0103 \u0219i la \u00eenceput de septembrie<\/strong><\/h3>\n<p>\u00cen perioada 31 august \u2013 7 septembrie, temperaturile vor fi u\u0219or peste normal \u00een vestul, nordul \u0219i centrul \u021b\u0103rii. \u00cen celelalte regiuni, valorile vor fi apropiate de cele obi\u0219nuite pentru \u00eenceputul toamnei. Ploile sunt estimate s\u0103 fie \u00een limitele obi\u0219nuite \u00een toat\u0103 \u021bara.<\/p>\n<p>Pentru perioada 7-14 septembrie, meteorologii estimeaz\u0103 din nou temperaturi u\u0219or mai ridicate dec\u00e2t normalul \u00een cea mai mare parte a \u021b\u0103rii. Cele mai mari diferen\u021be sunt a\u0219teptate \u00een regiunile din interiorul arcului carpatic. \u0218i \u00een aceast\u0103 perioad\u0103, cantit\u0103\u021bile de precipita\u021bii ar urma s\u0103 fie apropiate de cele a\u0219teptate.<\/p>\n<div class=\"fbShareLikeTwitterAndEmailContainer\">\n<div class=\"wrapper\">\n<div class=\"email\">\n<div id=\"mailto-pop\" class=\"pop-form pop-form-mailto\">\n<div class=\"pop-form-header\">\n<h4>Trimite articolul<\/h4>\n<p><a class=\"pop-form-close\">X<\/a><\/div>\n<\/div>\n<\/div>\n<\/div>\n<\/div>\n<div class=\"tagsContainer\">\n<div class=\"tagsLabel\">Taguri:<\/div>\n<div class=\"tags\">\n<div class=\"tag\"><a href=\"https:\/\/www.tion.ro\/cimke\/anm-cod-galben-timis\" rel=\"tag\"><span class=\"link\">anm cod galben timis<\/span><span class=\"separator\">,<\/span><\/a><\/div>\n<div class=\"tag\"><a href=\"https:\/\/www.tion.ro\/cimke\/septembrie\" rel=\"tag\"><span class=\"link\">septembrie<\/span><span class=\"separator\">,<\/span><\/a><\/div>\n<div class=\"tag\"><a href=\"https:\/\/www.tion.ro\/cimke\/temperaturi-ridicate\" rel=\"tag\"><span class=\"link\">temperaturi ridicate<\/span><\/a><\/div>\n<\/div>\n<\/div>\n<div class=\"comments\">\n<div class=\"top\">\n<div class=\"commentsNumber\"><span class=\"number\">0<\/span><span class=\"text\">Comentarii<\/span><\/div>\n<\/div>\n<div class=\"center\">\n<div id=\"respond\" class=\"comment-respond\">\n<h3 id=\"reply-title\" class=\"comment-reply-title\"><small><a rel=\"nofollow\" id=\"cancel-comment-reply-link\" href=\"https:\/\/www.tion.ro\/stirile-judetului-timis\/dupa-o-perioada-cu-temperaturi-extreme-timisul-va-fi-din-nou-sub-cod-galben-de-canicula-luna-septembrie-la-fel-de-calduroasa-2334285\/#respond\">Cancel reply<\/a><\/small><\/h3>\n<p class=\"comment-notes\"><span id=\"email-notes\">Your email address will not be published.<\/span><span class=\"required-field-message\">Required fields are marked <span class=\"required\">*<\/span><\/span><\/p>\n<p class=\"commentFormComment\"><span id=\"commentFormCount\"><br \/>\n                            inca<br \/>\n                            <span id=\"countCommentText\">1000<\/span><br \/>\n                            caractere ramase<br \/>\n                        <\/span><\/p>\n<\/div>\n<\/div>\n<div class=\"bottom\">\n<p class=\"forumDisclaimerHuRo\">\n            Citi\u021bi principiile noastre de moderare <a href=\"https:\/\/www.tion.ro\/reguli-postare-comentarii\/\" target=\"_blank\">aici<\/a>!\n        <\/p>\n<\/div>\n<\/div>\n<\/div>\n<\/div>\n<p>[analyse_source url=&#8221;https:\/\/www.tion.ro\/stirile-judetului-timis\/dupa-o-perioada-cu-temperaturi-extreme-timisul-va-fi-din-nou-sub-cod-galben-de-canicula-luna-septembrie-la-fel-de-calduroasa-2334285\/&#8221;]<\/p>\n","protected":false},"excerpt":{"rendered":"<p>[analyse_image type=&#8221;featured&#8221; src=&#8221;https:\/\/www.tion.ro\/wp-content\/uploads\/2026\/08\/+otf\/1200&#215;630\/muW7tNof26XuHY2jWm8__tU5PVF9WRVJZX1NFQxve9uckjzsFjUarGXziXpsltsvXKt9TqDPYG4zIyo7zmpG8gg7AyjG3p+Fx1Z1ma7DWt7OYHst+QJrPMIpvSQ4=\/6787077peyescesthermometer693852-scaled.jpg&#8221;] Meteorologii anun\u021b\u0103 duminic\u0103, 16 august, temperaturi maxime de 33-35 de grade Celsius, iar local va fi canicul\u0103 \u0219i disconfort termic ridicat. Indicele temperatur\u0103-umezeal\u0103 (ITU) poate ajunge izolat la pragul critic de 80 de unit\u0103\u021bi. \u0218i luni, 17 august, va fi foarte cald \u00een vestul, nord-vestul \u0219i sud-vestul \u021b\u0103rii. Spre sear\u0103, \u00eens\u0103, vremea [&hellip;]<\/p>\n","protected":false},"author":1,"featured_media":0,"comment_status":"open","ping_status":"","sticky":false,"template":"","format":"standard","meta":{"footnotes":""},"categories":[89],"tags":[226,191],"class_list":["post-2097664","post","type-post","status-publish","format-standard","hentry","category-romania","tag-crawlmanager","tag-tion-ro"],"_links":{"self":[{"href":"https:\/\/analyse.optim.biz\/index.php?rest_route=\/wp\/v2\/posts\/2097664","targetHints":{"allow":["GET"]}}],"collection":[{"href":"https:\/\/analyse.optim.biz\/index.php?rest_route=\/wp\/v2\/posts"}],"about":[{"href":"https:\/\/analyse.optim.biz\/index.php?rest_route=\/wp\/v2\/types\/post"}],"author":[{"embeddable":true,"href":"https:\/\/analyse.optim.biz\/index.php?rest_route=\/wp\/v2\/users\/1"}],"replies":[{"embeddable":true,"href":"https:\/\/analyse.optim.biz\/index.php?rest_route=%2Fwp%2Fv2%2Fcomments&post=2097664"}],"version-history":[{"count":0,"href":"https:\/\/analyse.optim.biz\/index.php?rest_route=\/wp\/v2\/posts\/2097664\/revisions"}],"wp:attachment":[{"href":"https:\/\/analyse.optim.biz\/index.php?rest_route=%2Fwp%2Fv2%2Fmedia&parent=2097664"}],"wp:term":[{"taxonomy":"category","embeddable":true,"href":"https:\/\/analyse.optim.biz\/index.php?rest_route=%2Fwp%2Fv2%2Fcategories&post=2097664"},{"taxonomy":"post_tag","embeddable":true,"href":"https:\/\/analyse.optim.biz\/index.php?rest_route=%2Fwp%2Fv2%2Ftags&post=2097664"}],"curies":[{"name":"wp","href":"https:\/\/api.w.org\/{rel}","templated":true}]}}