{"id":2097659,"date":"2026-08-15T07:24:05","date_gmt":"2026-08-15T04:24:05","guid":{"rendered":"https:\/\/analyse.optim.biz\/?p=2097659"},"modified":"2026-08-15T07:24:05","modified_gmt":"2026-08-15T04:24:05","slug":"a-murit-prof-univ-dr-titus-slavici-o-importanta-personalitate-academica-care-a-fondat-universitatea-ioan-slavici-din-timisoara","status":"publish","type":"post","link":"https:\/\/analyse.optim.biz\/?p=2097659","title":{"rendered":"A murit prof. univ. dr. Titus Slavici, o important\u0103 personalitate academic\u0103 care a fondat Universitatea \u201eIoan Slavici\u201d din Timi\u0219oara"},"content":{"rendered":"<p>[analyse_image type=&#8221;featured&#8221; src=&#8221;https:\/\/www.tion.ro\/wp-content\/uploads\/2026\/08\/+otf\/1200&#215;630\/zIJ__4ALvwQYO4m3MNDTJCE5PVF9WRVJZX1NFQ6QE2g+EZ__jESkVMIfwmGluClYZgjQIleFIAuZubafwPUoF3FKDskZlCnIUzKfGmv3WlNbIoOM__HUXQpM583NBw=\/6778630ChatGPTImageAug152026102339AM.png&#8221;]<\/p>\n<article id=\"post-2334237\" class>\n<div class=\"entry-content clearfix\">\n<div class=\"enewsArticleContent\">\n<p>Anun\u021bul a fost f\u0103cut de conducerea Funda\u021biei pentru Cultur\u0103 \u0219i \u00cenv\u0103\u021b\u0103m\u00e2nt \u201eIoan Slavici\u201d din Timi\u0219oara, fondat\u0103 de prof. univ. dr. Titus Slavici. Reprezentan\u021bii acesteia spun c\u0103 el las\u0103 \u00een urm\u0103 o mo\u0219tenire academic\u0103 \u0219i uman\u0103 deosebit\u0103.<\/p>\n<blockquote>\n<p>\u201ePrin \u00eentreaga sa activitate academic\u0103, managerial\u0103 \u0219i \u0219tiin\u021bific\u0103, domnul prof. univ. dr. ing. habil. dr. ec. Titus Slavici a avut o contribu\u021bie important\u0103 la construirea \u0219i dezvoltarea institu\u021biei, l\u0103s\u00e2nd \u00een urm\u0103 o mo\u0219tenire academic\u0103 \u0219i uman\u0103 deosebit\u0103\u201d, se arat\u0103 \u00een mesajul transmis de conducerea funda\u021biei \u0219i a universit\u0103\u021bii.<\/p>\n<\/blockquote>\n<p>Titus Slavici a fost str\u0103-str\u0103nepotul scriitorului Ioan Slavici \u0219i pre\u0219edinte al Funda\u0163iei \u201eIoan Slavici\u201d, funda\u0163ie care patroneaz\u0103 liceul \u015fi universitatea cu acela\u015fi nume. A studiat \u201eTehnologia construc\u021biilor de ma\u0219ini\u201d la Universitatea Politehnica Timioara, iar \u00een 1994 \u0219i-a ob\u021binut doctoratul \u00een inginerie industrial\u0103 la aceea\u0219i universitate.<\/p>\n<p>Ulterior, \u0219i-a completat preg\u0103tirea \u00een domeniul economic. \u00cen 2000, a ob\u021binut licen\u021ba \u00een finan\u021be-b\u0103nci la Universitatea de Vest din Timi\u0219oara, continu\u00e2nd, tot la UVT, cu studii de management \u0219i informatic\u0103. \u00cen 2006, a primit un al doilea titlu de doctor, la UVT, \u00een domeniul finan\u021belor, cu o tez\u0103 numit\u0103 \u201eOptimizarea managementului financiar utiliz\u00e2nd metodele inteligen\u021bei artificiale\u201d.<\/p>\n<p>Cariera universitar\u0103 \u0219i-a desf\u0103\u0219urat-o la UPT, unde a fost, pe r\u00e2nd, asistent, lector \u0219i profesor universitar. Din septembrie 2000, a \u00eenceput s\u0103 predea la Universitatea \u201eIoan Slavici\u201d din Timi\u0219oara, pe care a fondat-o \u00een acela\u0219i an. Activitatea sa profesional\u0103 a inclus \u0219i coordonarea unor proiecte de cercetare-dezvoltare.<\/p>\n<h3><strong>Activit\u0103\u021bile didactice continu\u0103 normal<\/strong><\/h3>\n<p>Reprezentan\u021bii universit\u0103\u021bii precizeaz\u0103 c\u0103 activitatea academic\u0103 \u0219i administrativ\u0103 se desf\u0103\u0219oar\u0103 \u00een continuare conform programului stabilit.<\/p>\n<p>Studen\u021bii \u00ee\u0219i pot continua \u0219i finaliza studiile universitare \u00een condi\u021bii normale, iar activit\u0103\u021bile didactice, administrative \u0219i institu\u021bionale \u00ee\u0219i urmeaz\u0103 cursul.<\/p>\n<blockquote>\n<p>\u201eUniversitatea \u00abIoan Slavici\u00bb din Timi\u0219oara \u00ee\u0219i va continua misiunea academic\u0103, cu responsabilitate, p\u0103str\u00e2nd valorile \u0219i principiile care au stat la baza dezvolt\u0103rii sale\u201d, transmite conducerea institu\u021biei.<\/p>\n<\/blockquote>\n<div class=\"fbShareLikeTwitterAndEmailContainer\">\n<div class=\"wrapper\">\n<div class=\"email\">\n<div id=\"mailto-pop\" class=\"pop-form pop-form-mailto\">\n<div class=\"pop-form-header\">\n<h4>Trimite articolul<\/h4>\n<p><a class=\"pop-form-close\">X<\/a><\/div>\n<\/div>\n<\/div>\n<\/div>\n<\/div>\n<div class=\"tagsContainer\">\n<div class=\"tagsLabel\">Taguri:<\/div>\n<div class=\"tags\">\n<div class=\"tag\"><a href=\"https:\/\/www.tion.ro\/cimke\/ioan-slavici\" rel=\"tag\"><span class=\"link\">Ioan Slavici<\/span><span class=\"separator\">,<\/span><\/a><\/div>\n<div class=\"tag\"><a href=\"https:\/\/www.tion.ro\/cimke\/titus-slavici\" rel=\"tag\"><span class=\"link\">titus slavici<\/span><\/a><\/div>\n<\/div>\n<\/div>\n<div class=\"comments\">\n<div class=\"top\">\n<div class=\"commentsNumber\"><span class=\"number\">8<\/span><span class=\"text\">Comentarii<\/span><\/div>\n<\/div>\n<div class=\"center\">\n<div id=\"respond\" class=\"comment-respond\">\n<h3 id=\"reply-title\" class=\"comment-reply-title\"><small><a rel=\"nofollow\" id=\"cancel-comment-reply-link\" href=\"https:\/\/www.tion.ro\/stirile-judetului-timis\/a-murit-prof-univ-dr-titus-slavici-o-importanta-personalitate-academica-care-a-fondat-universitatea-ioan-slavici-din-timisoara-2334237\/#respond\">Cancel reply<\/a><\/small><\/h3>\n<p class=\"comment-notes\"><span id=\"email-notes\">Your email address will not be published.<\/span><span class=\"required-field-message\">Required fields are marked <span class=\"required\">*<\/span><\/span><\/p>\n<p class=\"commentFormComment\"><span id=\"commentFormCount\"><br \/>\n                            inca<br \/>\n                            <span id=\"countCommentText\">1000<\/span><br \/>\n                            caractere ramase<br \/>\n                        <\/span><\/p>\n<\/div>\n<\/div>\n<div class=\"bottom\">\n<p class=\"forumDisclaimerHuRo\">\n            Citi\u021bi principiile noastre de moderare <a href=\"https:\/\/www.tion.ro\/reguli-postare-comentarii\/\" target=\"_blank\">aici<\/a>!\n        <\/p>\n<\/div>\n<\/div>\n<div id=\"forum\">\n<li class=\"comment even thread-even depth-1\" id=\"comment-1015251\">\n<div id=\"div-comment-1015251\" class=\"comment-body\">\n<div class=\"comment-author vcard\"><img decoding=\"async\" alt src=\"https:\/\/secure.gravatar.com\/avatar\/b5a98e69aee53eb970f0697b2657582e?s=32&amp;d=mm&amp;r=g\" class=\"avatar avatar-32 photo\" height=\"32\" width=\"32\" loading=\"lazy\"><cite class=\"fn\">Alexander<\/cite><span class=\"says\">says:<\/span><\/div>\n<div class=\"comment-meta commentmetadata\"><a href=\"https:\/\/www.tion.ro\/stirile-judetului-timis\/a-murit-prof-univ-dr-titus-slavici-o-importanta-personalitate-academica-care-a-fondat-universitatea-ioan-slavici-din-timisoara-2334237\/#comment-1015251\">August 15, 2026 at 12:04 pm<\/a><\/div>\n<p>Dumnezeu sa \u00eel ierte!<\/p>\n<div class=\"reply\"><a rel=\"nofollow\" class=\"comment-reply-link\" href=\"https:\/\/www.tion.ro\/stirile-judetului-timis\/a-murit-prof-univ-dr-titus-slavici-o-importanta-personalitate-academica-care-a-fondat-universitatea-ioan-slavici-din-timisoara-2334237\/#comment-1015251\" data-commentid=\"1015251\" data-postid=\"2334237\" data-belowelement=\"div-comment-1015251\" data-respondelement=\"respond\" data-replyto=\"Reply to Alexander\" aria-label=\"Reply to Alexander\">Reply<\/a><\/div>\n<\/div>\n<\/li>\n<li class=\"comment odd alt thread-odd thread-alt depth-1 parent\" id=\"comment-1015254\">\n<div id=\"div-comment-1015254\" class=\"comment-body\">\n<div class=\"comment-author vcard\"><img decoding=\"async\" alt src=\"https:\/\/secure.gravatar.com\/avatar\/32265fce55615db144dc5f608d2fd68e?s=32&amp;d=mm&amp;r=g\" class=\"avatar avatar-32 photo\" height=\"32\" width=\"32\" loading=\"lazy\"><cite class=\"fn\">M<\/cite><span class=\"says\">says:<\/span><\/div>\n<div class=\"comment-meta commentmetadata\"><a href=\"https:\/\/www.tion.ro\/stirile-judetului-timis\/a-murit-prof-univ-dr-titus-slavici-o-importanta-personalitate-academica-care-a-fondat-universitatea-ioan-slavici-din-timisoara-2334237\/#comment-1015254\">August 15, 2026 at 12:10 pm<\/a><\/div>\n<p>Un om deosebit, de un bun sim\u021b excep\u021bional. Fie iertat.<\/p>\n<div class=\"reply\"><a rel=\"nofollow\" class=\"comment-reply-link\" href=\"https:\/\/www.tion.ro\/stirile-judetului-timis\/a-murit-prof-univ-dr-titus-slavici-o-importanta-personalitate-academica-care-a-fondat-universitatea-ioan-slavici-din-timisoara-2334237\/#comment-1015254\" data-commentid=\"1015254\" data-postid=\"2334237\" data-belowelement=\"div-comment-1015254\" data-respondelement=\"respond\" data-replyto=\"Reply to M\" aria-label=\"Reply to M\">Reply<\/a><\/div>\n<\/div>\n<ul class=\"children\">\n<li class=\"comment even depth-2\" id=\"comment-1015668\">\n<div id=\"div-comment-1015668\" class=\"comment-body\">\n<div class=\"comment-author vcard\"><img decoding=\"async\" alt src=\"https:\/\/secure.gravatar.com\/avatar\/09ad2f3d6f76bfa08bf74be044687f4f?s=32&amp;d=mm&amp;r=g\" class=\"avatar avatar-32 photo\" height=\"32\" width=\"32\" loading=\"lazy\"><cite class=\"fn\">T<\/cite><span class=\"says\">says:<\/span><\/div>\n<div class=\"comment-meta commentmetadata\"><a href=\"https:\/\/www.tion.ro\/stirile-judetului-timis\/a-murit-prof-univ-dr-titus-slavici-o-importanta-personalitate-academica-care-a-fondat-universitatea-ioan-slavici-din-timisoara-2334237\/#comment-1015668\">August 16, 2026 at 10:56 pm<\/a><\/div>\n<p>Bun simt? Asta? Era al dreacu rau de tot ca om!! Plus nesimtit!!<\/p>\n<div class=\"reply\"><a rel=\"nofollow\" class=\"comment-reply-link\" href=\"https:\/\/www.tion.ro\/stirile-judetului-timis\/a-murit-prof-univ-dr-titus-slavici-o-importanta-personalitate-academica-care-a-fondat-universitatea-ioan-slavici-din-timisoara-2334237\/#comment-1015668\" data-commentid=\"1015668\" data-postid=\"2334237\" data-belowelement=\"div-comment-1015668\" data-respondelement=\"respond\" data-replyto=\"Reply to T\" aria-label=\"Reply to T\">Reply<\/a><\/div>\n<\/div>\n<\/li>\n<\/ul>\n<\/li>\n<li class=\"comment odd alt thread-even depth-1\" id=\"comment-1015287\">\n<div id=\"div-comment-1015287\" class=\"comment-body\">\n<div class=\"comment-author vcard\"><img decoding=\"async\" alt src=\"https:\/\/secure.gravatar.com\/avatar\/4a5946854cff506b4b5de8eb0d79af6d?s=32&amp;d=mm&amp;r=g\" class=\"avatar avatar-32 photo\" height=\"32\" width=\"32\" loading=\"lazy\"><cite class=\"fn\">Emil?<\/cite><span class=\"says\">says:<\/span><\/div>\n<div class=\"comment-meta commentmetadata\"><a href=\"https:\/\/www.tion.ro\/stirile-judetului-timis\/a-murit-prof-univ-dr-titus-slavici-o-importanta-personalitate-academica-care-a-fondat-universitatea-ioan-slavici-din-timisoara-2334237\/#comment-1015287\">August 15, 2026 at 1:10 pm<\/a><\/div>\n<p>Cauze? Detalii?<\/p>\n<div class=\"reply\"><a rel=\"nofollow\" class=\"comment-reply-link\" href=\"https:\/\/www.tion.ro\/stirile-judetului-timis\/a-murit-prof-univ-dr-titus-slavici-o-importanta-personalitate-academica-care-a-fondat-universitatea-ioan-slavici-din-timisoara-2334237\/#comment-1015287\" data-commentid=\"1015287\" data-postid=\"2334237\" data-belowelement=\"div-comment-1015287\" data-respondelement=\"respond\" data-replyto=\"Reply to Emil?\" aria-label=\"Reply to Emil?\">Reply<\/a><\/div>\n<\/div>\n<\/li>\n<li class=\"comment even thread-odd thread-alt depth-1\" id=\"comment-1015338\">\n<div id=\"div-comment-1015338\" class=\"comment-body\">\n<div class=\"comment-author vcard\"><img decoding=\"async\" alt src=\"https:\/\/secure.gravatar.com\/avatar\/dfa227d201b8519b492506ad0b271851?s=32&amp;d=mm&amp;r=g\" class=\"avatar avatar-32 photo\" height=\"32\" width=\"32\" loading=\"lazy\"><cite class=\"fn\">Calin Belu<\/cite><span class=\"says\">says:<\/span><\/div>\n<div class=\"comment-meta commentmetadata\"><a href=\"https:\/\/www.tion.ro\/stirile-judetului-timis\/a-murit-prof-univ-dr-titus-slavici-o-importanta-personalitate-academica-care-a-fondat-universitatea-ioan-slavici-din-timisoara-2334237\/#comment-1015338\">August 15, 2026 at 5:02 pm<\/a><\/div>\n<p>Dumnezeu s\u0103-l odihneasc\u0103! \ud83d\ude4f\ud83c\udffb<\/p>\n<div class=\"reply\"><a rel=\"nofollow\" class=\"comment-reply-link\" href=\"https:\/\/www.tion.ro\/stirile-judetului-timis\/a-murit-prof-univ-dr-titus-slavici-o-importanta-personalitate-academica-care-a-fondat-universitatea-ioan-slavici-din-timisoara-2334237\/#comment-1015338\" data-commentid=\"1015338\" data-postid=\"2334237\" data-belowelement=\"div-comment-1015338\" data-respondelement=\"respond\" data-replyto=\"Reply to Calin Belu\" aria-label=\"Reply to Calin Belu\">Reply<\/a><\/div>\n<\/div>\n<\/li>\n<li class=\"comment odd alt thread-even depth-1\" id=\"comment-1015449\">\n<div id=\"div-comment-1015449\" class=\"comment-body\">\n<div class=\"comment-author vcard\"><img decoding=\"async\" alt src=\"https:\/\/secure.gravatar.com\/avatar\/1dafecf8e6f3d67e62eb87ee7a40f940?s=32&amp;d=mm&amp;r=g\" class=\"avatar avatar-32 photo\" height=\"32\" width=\"32\" loading=\"lazy\"><cite class=\"fn\">Ionion<\/cite><span class=\"says\">says:<\/span><\/div>\n<div class=\"comment-meta commentmetadata\"><a href=\"https:\/\/www.tion.ro\/stirile-judetului-timis\/a-murit-prof-univ-dr-titus-slavici-o-importanta-personalitate-academica-care-a-fondat-universitatea-ioan-slavici-din-timisoara-2334237\/#comment-1015449\">August 15, 2026 at 11:04 pm<\/a><\/div>\n<p>Dumnezeu s\u0103 il odihneasc\u0103!  A ajutat mult\u0103 lume.<\/p>\n<div class=\"reply\"><a rel=\"nofollow\" class=\"comment-reply-link\" href=\"https:\/\/www.tion.ro\/stirile-judetului-timis\/a-murit-prof-univ-dr-titus-slavici-o-importanta-personalitate-academica-care-a-fondat-universitatea-ioan-slavici-din-timisoara-2334237\/#comment-1015449\" data-commentid=\"1015449\" data-postid=\"2334237\" data-belowelement=\"div-comment-1015449\" data-respondelement=\"respond\" data-replyto=\"Reply to Ionion\" aria-label=\"Reply to Ionion\">Reply<\/a><\/div>\n<\/div>\n<\/li>\n<li class=\"comment even thread-odd thread-alt depth-1\" id=\"comment-1015563\">\n<div id=\"div-comment-1015563\" class=\"comment-body\">\n<div class=\"comment-author vcard\"><img decoding=\"async\" alt src=\"https:\/\/secure.gravatar.com\/avatar\/bb605ae5375cf994172a7c01ea2ea492?s=32&amp;d=mm&amp;r=g\" class=\"avatar avatar-32 photo\" height=\"32\" width=\"32\" loading=\"lazy\"><cite class=\"fn\"><a href=\"http:\/\/.\" class=\"url\" rel=\"ugc external nofollow\">Alexandru<\/a><\/cite><span class=\"says\">says:<\/span><\/div>\n<div class=\"comment-meta commentmetadata\"><a href=\"https:\/\/www.tion.ro\/stirile-judetului-timis\/a-murit-prof-univ-dr-titus-slavici-o-importanta-personalitate-academica-care-a-fondat-universitatea-ioan-slavici-din-timisoara-2334237\/#comment-1015563\">August 16, 2026 at 11:54 am<\/a><\/div>\n<p>Dumnezeu s\u0103-l odihneasc\u0103 \u00een pace. Condolean\u021be familiei. L-am cunoscut personal. A ajutat pe toat\u0103 lumea at\u00e2t cat s-a putut.<\/p>\n<div class=\"reply\"><a rel=\"nofollow\" class=\"comment-reply-link\" href=\"https:\/\/www.tion.ro\/stirile-judetului-timis\/a-murit-prof-univ-dr-titus-slavici-o-importanta-personalitate-academica-care-a-fondat-universitatea-ioan-slavici-din-timisoara-2334237\/#comment-1015563\" data-commentid=\"1015563\" data-postid=\"2334237\" data-belowelement=\"div-comment-1015563\" data-respondelement=\"respond\" data-replyto=\"Reply to Alexandru\" aria-label=\"Reply to Alexandru\">Reply<\/a><\/div>\n<\/div>\n<\/li>\n<li class=\"comment odd alt thread-even depth-1\" id=\"comment-1015833\">\n<div id=\"div-comment-1015833\" class=\"comment-body\">\n<div class=\"comment-author vcard\"><img decoding=\"async\" alt src=\"https:\/\/secure.gravatar.com\/avatar\/7920f9075001d8f0d790eb7e0b0f8189?s=32&amp;d=mm&amp;r=g\" class=\"avatar avatar-32 photo\" height=\"32\" width=\"32\" loading=\"lazy\"><cite class=\"fn\">Ppa<\/cite><span class=\"says\">says:<\/span><\/div>\n<div class=\"comment-meta commentmetadata\"><a href=\"https:\/\/www.tion.ro\/stirile-judetului-timis\/a-murit-prof-univ-dr-titus-slavici-o-importanta-personalitate-academica-care-a-fondat-universitatea-ioan-slavici-din-timisoara-2334237\/#comment-1015833\">August 17, 2026 at 10:39 am<\/a><\/div>\n<p>Sa treci de la inginerie la finante este Drama. Fiecare secunda cand nu fac inginerie este demoralizatoare si atunci scuip Statul Mafiot ( asa l-a numit basitul).<\/p>\n<div class=\"reply\"><a rel=\"nofollow\" class=\"comment-reply-link\" href=\"https:\/\/www.tion.ro\/stirile-judetului-timis\/a-murit-prof-univ-dr-titus-slavici-o-importanta-personalitate-academica-care-a-fondat-universitatea-ioan-slavici-din-timisoara-2334237\/#comment-1015833\" data-commentid=\"1015833\" data-postid=\"2334237\" data-belowelement=\"div-comment-1015833\" data-respondelement=\"respond\" data-replyto=\"Reply to Ppa\" aria-label=\"Reply to Ppa\">Reply<\/a><\/div>\n<\/div>\n<\/li>\n<\/div>\n<\/div>\n<\/div>\n<\/article>\n<div class=\"entry-content clearfix\">\n<div class=\"enewsArticleContent\">\n<p>Anun\u021bul a fost f\u0103cut de conducerea Funda\u021biei pentru Cultur\u0103 \u0219i \u00cenv\u0103\u021b\u0103m\u00e2nt \u201eIoan Slavici\u201d din Timi\u0219oara, fondat\u0103 de prof. univ. dr. Titus Slavici. Reprezentan\u021bii acesteia spun c\u0103 el las\u0103 \u00een urm\u0103 o mo\u0219tenire academic\u0103 \u0219i uman\u0103 deosebit\u0103.<\/p>\n<blockquote>\n<p>\u201ePrin \u00eentreaga sa activitate academic\u0103, managerial\u0103 \u0219i \u0219tiin\u021bific\u0103, domnul prof. univ. dr. ing. habil. dr. ec. Titus Slavici a avut o contribu\u021bie important\u0103 la construirea \u0219i dezvoltarea institu\u021biei, l\u0103s\u00e2nd \u00een urm\u0103 o mo\u0219tenire academic\u0103 \u0219i uman\u0103 deosebit\u0103\u201d, se arat\u0103 \u00een mesajul transmis de conducerea funda\u021biei \u0219i a universit\u0103\u021bii.<\/p>\n<\/blockquote>\n<p>Titus Slavici a fost str\u0103-str\u0103nepotul scriitorului Ioan Slavici \u0219i pre\u0219edinte al Funda\u0163iei \u201eIoan Slavici\u201d, funda\u0163ie care patroneaz\u0103 liceul \u015fi universitatea cu acela\u015fi nume. A studiat \u201eTehnologia construc\u021biilor de ma\u0219ini\u201d la Universitatea Politehnica Timioara, iar \u00een 1994 \u0219i-a ob\u021binut doctoratul \u00een inginerie industrial\u0103 la aceea\u0219i universitate.<\/p>\n<p>Ulterior, \u0219i-a completat preg\u0103tirea \u00een domeniul economic. \u00cen 2000, a ob\u021binut licen\u021ba \u00een finan\u021be-b\u0103nci la Universitatea de Vest din Timi\u0219oara, continu\u00e2nd, tot la UVT, cu studii de management \u0219i informatic\u0103. \u00cen 2006, a primit un al doilea titlu de doctor, la UVT, \u00een domeniul finan\u021belor, cu o tez\u0103 numit\u0103 \u201eOptimizarea managementului financiar utiliz\u00e2nd metodele inteligen\u021bei artificiale\u201d.<\/p>\n<p>Cariera universitar\u0103 \u0219i-a desf\u0103\u0219urat-o la UPT, unde a fost, pe r\u00e2nd, asistent, lector \u0219i profesor universitar. Din septembrie 2000, a \u00eenceput s\u0103 predea la Universitatea \u201eIoan Slavici\u201d din Timi\u0219oara, pe care a fondat-o \u00een acela\u0219i an. Activitatea sa profesional\u0103 a inclus \u0219i coordonarea unor proiecte de cercetare-dezvoltare.<\/p>\n<h3><strong>Activit\u0103\u021bile didactice continu\u0103 normal<\/strong><\/h3>\n<p>Reprezentan\u021bii universit\u0103\u021bii precizeaz\u0103 c\u0103 activitatea academic\u0103 \u0219i administrativ\u0103 se desf\u0103\u0219oar\u0103 \u00een continuare conform programului stabilit.<\/p>\n<p>Studen\u021bii \u00ee\u0219i pot continua \u0219i finaliza studiile universitare \u00een condi\u021bii normale, iar activit\u0103\u021bile didactice, administrative \u0219i institu\u021bionale \u00ee\u0219i urmeaz\u0103 cursul.<\/p>\n<blockquote>\n<p>\u201eUniversitatea \u00abIoan Slavici\u00bb din Timi\u0219oara \u00ee\u0219i va continua misiunea academic\u0103, cu responsabilitate, p\u0103str\u00e2nd valorile \u0219i principiile care au stat la baza dezvolt\u0103rii sale\u201d, transmite conducerea institu\u021biei.<\/p>\n<\/blockquote>\n<div class=\"fbShareLikeTwitterAndEmailContainer\">\n<div class=\"wrapper\">\n<div class=\"email\">\n<div id=\"mailto-pop\" class=\"pop-form pop-form-mailto\">\n<div class=\"pop-form-header\">\n<h4>Trimite articolul<\/h4>\n<p><a class=\"pop-form-close\">X<\/a><\/div>\n<\/div>\n<\/div>\n<\/div>\n<\/div>\n<div class=\"tagsContainer\">\n<div class=\"tagsLabel\">Taguri:<\/div>\n<div class=\"tags\">\n<div class=\"tag\"><a href=\"https:\/\/www.tion.ro\/cimke\/ioan-slavici\" rel=\"tag\"><span class=\"link\">Ioan Slavici<\/span><span class=\"separator\">,<\/span><\/a><\/div>\n<div class=\"tag\"><a href=\"https:\/\/www.tion.ro\/cimke\/titus-slavici\" rel=\"tag\"><span class=\"link\">titus slavici<\/span><\/a><\/div>\n<\/div>\n<\/div>\n<div class=\"comments\">\n<div class=\"top\">\n<div class=\"commentsNumber\"><span class=\"number\">8<\/span><span class=\"text\">Comentarii<\/span><\/div>\n<\/div>\n<div class=\"center\">\n<div id=\"respond\" class=\"comment-respond\">\n<h3 id=\"reply-title\" class=\"comment-reply-title\"><small><a rel=\"nofollow\" id=\"cancel-comment-reply-link\" href=\"https:\/\/www.tion.ro\/stirile-judetului-timis\/a-murit-prof-univ-dr-titus-slavici-o-importanta-personalitate-academica-care-a-fondat-universitatea-ioan-slavici-din-timisoara-2334237\/#respond\">Cancel reply<\/a><\/small><\/h3>\n<p class=\"comment-notes\"><span id=\"email-notes\">Your email address will not be published.<\/span><span class=\"required-field-message\">Required fields are marked <span class=\"required\">*<\/span><\/span><\/p>\n<p class=\"commentFormComment\"><span id=\"commentFormCount\"><br \/>\n                            inca<br \/>\n                            <span id=\"countCommentText\">1000<\/span><br \/>\n                            caractere ramase<br \/>\n                        <\/span><\/p>\n<\/div>\n<\/div>\n<div class=\"bottom\">\n<p class=\"forumDisclaimerHuRo\">\n            Citi\u021bi principiile noastre de moderare <a href=\"https:\/\/www.tion.ro\/reguli-postare-comentarii\/\" target=\"_blank\">aici<\/a>!\n        <\/p>\n<\/div>\n<\/div>\n<div id=\"forum\">\n<li class=\"comment even thread-even depth-1\" id=\"comment-1015251\">\n<div id=\"div-comment-1015251\" class=\"comment-body\">\n<div class=\"comment-author vcard\"><img decoding=\"async\" alt src=\"https:\/\/secure.gravatar.com\/avatar\/b5a98e69aee53eb970f0697b2657582e?s=32&amp;d=mm&amp;r=g\" class=\"avatar avatar-32 photo\" height=\"32\" width=\"32\" loading=\"lazy\"><cite class=\"fn\">Alexander<\/cite><span class=\"says\">says:<\/span><\/div>\n<div class=\"comment-meta commentmetadata\"><a href=\"https:\/\/www.tion.ro\/stirile-judetului-timis\/a-murit-prof-univ-dr-titus-slavici-o-importanta-personalitate-academica-care-a-fondat-universitatea-ioan-slavici-din-timisoara-2334237\/#comment-1015251\">August 15, 2026 at 12:04 pm<\/a><\/div>\n<p>Dumnezeu sa \u00eel ierte!<\/p>\n<div class=\"reply\"><a rel=\"nofollow\" class=\"comment-reply-link\" href=\"https:\/\/www.tion.ro\/stirile-judetului-timis\/a-murit-prof-univ-dr-titus-slavici-o-importanta-personalitate-academica-care-a-fondat-universitatea-ioan-slavici-din-timisoara-2334237\/#comment-1015251\" data-commentid=\"1015251\" data-postid=\"2334237\" data-belowelement=\"div-comment-1015251\" data-respondelement=\"respond\" data-replyto=\"Reply to Alexander\" aria-label=\"Reply to Alexander\">Reply<\/a><\/div>\n<\/div>\n<\/li>\n<li class=\"comment odd alt thread-odd thread-alt depth-1 parent\" id=\"comment-1015254\">\n<div id=\"div-comment-1015254\" class=\"comment-body\">\n<div class=\"comment-author vcard\"><img decoding=\"async\" alt src=\"https:\/\/secure.gravatar.com\/avatar\/32265fce55615db144dc5f608d2fd68e?s=32&amp;d=mm&amp;r=g\" class=\"avatar avatar-32 photo\" height=\"32\" width=\"32\" loading=\"lazy\"><cite class=\"fn\">M<\/cite><span class=\"says\">says:<\/span><\/div>\n<div class=\"comment-meta commentmetadata\"><a href=\"https:\/\/www.tion.ro\/stirile-judetului-timis\/a-murit-prof-univ-dr-titus-slavici-o-importanta-personalitate-academica-care-a-fondat-universitatea-ioan-slavici-din-timisoara-2334237\/#comment-1015254\">August 15, 2026 at 12:10 pm<\/a><\/div>\n<p>Un om deosebit, de un bun sim\u021b excep\u021bional. Fie iertat.<\/p>\n<div class=\"reply\"><a rel=\"nofollow\" class=\"comment-reply-link\" href=\"https:\/\/www.tion.ro\/stirile-judetului-timis\/a-murit-prof-univ-dr-titus-slavici-o-importanta-personalitate-academica-care-a-fondat-universitatea-ioan-slavici-din-timisoara-2334237\/#comment-1015254\" data-commentid=\"1015254\" data-postid=\"2334237\" data-belowelement=\"div-comment-1015254\" data-respondelement=\"respond\" data-replyto=\"Reply to M\" aria-label=\"Reply to M\">Reply<\/a><\/div>\n<\/div>\n<ul class=\"children\">\n<li class=\"comment even depth-2\" id=\"comment-1015668\">\n<div id=\"div-comment-1015668\" class=\"comment-body\">\n<div class=\"comment-author vcard\"><img decoding=\"async\" alt src=\"https:\/\/secure.gravatar.com\/avatar\/09ad2f3d6f76bfa08bf74be044687f4f?s=32&amp;d=mm&amp;r=g\" class=\"avatar avatar-32 photo\" height=\"32\" width=\"32\" loading=\"lazy\"><cite class=\"fn\">T<\/cite><span class=\"says\">says:<\/span><\/div>\n<div class=\"comment-meta commentmetadata\"><a href=\"https:\/\/www.tion.ro\/stirile-judetului-timis\/a-murit-prof-univ-dr-titus-slavici-o-importanta-personalitate-academica-care-a-fondat-universitatea-ioan-slavici-din-timisoara-2334237\/#comment-1015668\">August 16, 2026 at 10:56 pm<\/a><\/div>\n<p>Bun simt? Asta? Era al dreacu rau de tot ca om!! Plus nesimtit!!<\/p>\n<div class=\"reply\"><a rel=\"nofollow\" class=\"comment-reply-link\" href=\"https:\/\/www.tion.ro\/stirile-judetului-timis\/a-murit-prof-univ-dr-titus-slavici-o-importanta-personalitate-academica-care-a-fondat-universitatea-ioan-slavici-din-timisoara-2334237\/#comment-1015668\" data-commentid=\"1015668\" data-postid=\"2334237\" data-belowelement=\"div-comment-1015668\" data-respondelement=\"respond\" data-replyto=\"Reply to T\" aria-label=\"Reply to T\">Reply<\/a><\/div>\n<\/div>\n<\/li>\n<\/ul>\n<\/li>\n<li class=\"comment odd alt thread-even depth-1\" id=\"comment-1015287\">\n<div id=\"div-comment-1015287\" class=\"comment-body\">\n<div class=\"comment-author vcard\"><img decoding=\"async\" alt src=\"https:\/\/secure.gravatar.com\/avatar\/4a5946854cff506b4b5de8eb0d79af6d?s=32&amp;d=mm&amp;r=g\" class=\"avatar avatar-32 photo\" height=\"32\" width=\"32\" loading=\"lazy\"><cite class=\"fn\">Emil?<\/cite><span class=\"says\">says:<\/span><\/div>\n<div class=\"comment-meta commentmetadata\"><a href=\"https:\/\/www.tion.ro\/stirile-judetului-timis\/a-murit-prof-univ-dr-titus-slavici-o-importanta-personalitate-academica-care-a-fondat-universitatea-ioan-slavici-din-timisoara-2334237\/#comment-1015287\">August 15, 2026 at 1:10 pm<\/a><\/div>\n<p>Cauze? Detalii?<\/p>\n<div class=\"reply\"><a rel=\"nofollow\" class=\"comment-reply-link\" href=\"https:\/\/www.tion.ro\/stirile-judetului-timis\/a-murit-prof-univ-dr-titus-slavici-o-importanta-personalitate-academica-care-a-fondat-universitatea-ioan-slavici-din-timisoara-2334237\/#comment-1015287\" data-commentid=\"1015287\" data-postid=\"2334237\" data-belowelement=\"div-comment-1015287\" data-respondelement=\"respond\" data-replyto=\"Reply to Emil?\" aria-label=\"Reply to Emil?\">Reply<\/a><\/div>\n<\/div>\n<\/li>\n<li class=\"comment even thread-odd thread-alt depth-1\" id=\"comment-1015338\">\n<div id=\"div-comment-1015338\" class=\"comment-body\">\n<div class=\"comment-author vcard\"><img decoding=\"async\" alt src=\"https:\/\/secure.gravatar.com\/avatar\/dfa227d201b8519b492506ad0b271851?s=32&amp;d=mm&amp;r=g\" class=\"avatar avatar-32 photo\" height=\"32\" width=\"32\" loading=\"lazy\"><cite class=\"fn\">Calin Belu<\/cite><span class=\"says\">says:<\/span><\/div>\n<div class=\"comment-meta commentmetadata\"><a href=\"https:\/\/www.tion.ro\/stirile-judetului-timis\/a-murit-prof-univ-dr-titus-slavici-o-importanta-personalitate-academica-care-a-fondat-universitatea-ioan-slavici-din-timisoara-2334237\/#comment-1015338\">August 15, 2026 at 5:02 pm<\/a><\/div>\n<p>Dumnezeu s\u0103-l odihneasc\u0103! \ud83d\ude4f\ud83c\udffb<\/p>\n<div class=\"reply\"><a rel=\"nofollow\" class=\"comment-reply-link\" href=\"https:\/\/www.tion.ro\/stirile-judetului-timis\/a-murit-prof-univ-dr-titus-slavici-o-importanta-personalitate-academica-care-a-fondat-universitatea-ioan-slavici-din-timisoara-2334237\/#comment-1015338\" data-commentid=\"1015338\" data-postid=\"2334237\" data-belowelement=\"div-comment-1015338\" data-respondelement=\"respond\" data-replyto=\"Reply to Calin Belu\" aria-label=\"Reply to Calin Belu\">Reply<\/a><\/div>\n<\/div>\n<\/li>\n<li class=\"comment odd alt thread-even depth-1\" id=\"comment-1015449\">\n<div id=\"div-comment-1015449\" class=\"comment-body\">\n<div class=\"comment-author vcard\"><img decoding=\"async\" alt src=\"https:\/\/secure.gravatar.com\/avatar\/1dafecf8e6f3d67e62eb87ee7a40f940?s=32&amp;d=mm&amp;r=g\" class=\"avatar avatar-32 photo\" height=\"32\" width=\"32\" loading=\"lazy\"><cite class=\"fn\">Ionion<\/cite><span class=\"says\">says:<\/span><\/div>\n<div class=\"comment-meta commentmetadata\"><a href=\"https:\/\/www.tion.ro\/stirile-judetului-timis\/a-murit-prof-univ-dr-titus-slavici-o-importanta-personalitate-academica-care-a-fondat-universitatea-ioan-slavici-din-timisoara-2334237\/#comment-1015449\">August 15, 2026 at 11:04 pm<\/a><\/div>\n<p>Dumnezeu s\u0103 il odihneasc\u0103!  A ajutat mult\u0103 lume.<\/p>\n<div class=\"reply\"><a rel=\"nofollow\" class=\"comment-reply-link\" href=\"https:\/\/www.tion.ro\/stirile-judetului-timis\/a-murit-prof-univ-dr-titus-slavici-o-importanta-personalitate-academica-care-a-fondat-universitatea-ioan-slavici-din-timisoara-2334237\/#comment-1015449\" data-commentid=\"1015449\" data-postid=\"2334237\" data-belowelement=\"div-comment-1015449\" data-respondelement=\"respond\" data-replyto=\"Reply to Ionion\" aria-label=\"Reply to Ionion\">Reply<\/a><\/div>\n<\/div>\n<\/li>\n<li class=\"comment even thread-odd thread-alt depth-1\" id=\"comment-1015563\">\n<div id=\"div-comment-1015563\" class=\"comment-body\">\n<div class=\"comment-author vcard\"><img decoding=\"async\" alt src=\"https:\/\/secure.gravatar.com\/avatar\/bb605ae5375cf994172a7c01ea2ea492?s=32&amp;d=mm&amp;r=g\" class=\"avatar avatar-32 photo\" height=\"32\" width=\"32\" loading=\"lazy\"><cite class=\"fn\"><a href=\"http:\/\/.\" class=\"url\" rel=\"ugc external nofollow\">Alexandru<\/a><\/cite><span class=\"says\">says:<\/span><\/div>\n<div class=\"comment-meta commentmetadata\"><a href=\"https:\/\/www.tion.ro\/stirile-judetului-timis\/a-murit-prof-univ-dr-titus-slavici-o-importanta-personalitate-academica-care-a-fondat-universitatea-ioan-slavici-din-timisoara-2334237\/#comment-1015563\">August 16, 2026 at 11:54 am<\/a><\/div>\n<p>Dumnezeu s\u0103-l odihneasc\u0103 \u00een pace. Condolean\u021be familiei. L-am cunoscut personal. A ajutat pe toat\u0103 lumea at\u00e2t cat s-a putut.<\/p>\n<div class=\"reply\"><a rel=\"nofollow\" class=\"comment-reply-link\" href=\"https:\/\/www.tion.ro\/stirile-judetului-timis\/a-murit-prof-univ-dr-titus-slavici-o-importanta-personalitate-academica-care-a-fondat-universitatea-ioan-slavici-din-timisoara-2334237\/#comment-1015563\" data-commentid=\"1015563\" data-postid=\"2334237\" data-belowelement=\"div-comment-1015563\" data-respondelement=\"respond\" data-replyto=\"Reply to Alexandru\" aria-label=\"Reply to Alexandru\">Reply<\/a><\/div>\n<\/div>\n<\/li>\n<li class=\"comment odd alt thread-even depth-1\" id=\"comment-1015833\">\n<div id=\"div-comment-1015833\" class=\"comment-body\">\n<div class=\"comment-author vcard\"><img decoding=\"async\" alt src=\"https:\/\/secure.gravatar.com\/avatar\/7920f9075001d8f0d790eb7e0b0f8189?s=32&amp;d=mm&amp;r=g\" class=\"avatar avatar-32 photo\" height=\"32\" width=\"32\" loading=\"lazy\"><cite class=\"fn\">Ppa<\/cite><span class=\"says\">says:<\/span><\/div>\n<div class=\"comment-meta commentmetadata\"><a href=\"https:\/\/www.tion.ro\/stirile-judetului-timis\/a-murit-prof-univ-dr-titus-slavici-o-importanta-personalitate-academica-care-a-fondat-universitatea-ioan-slavici-din-timisoara-2334237\/#comment-1015833\">August 17, 2026 at 10:39 am<\/a><\/div>\n<p>Sa treci de la inginerie la finante este Drama. Fiecare secunda cand nu fac inginerie este demoralizatoare si atunci scuip Statul Mafiot ( asa l-a numit basitul).<\/p>\n<div class=\"reply\"><a rel=\"nofollow\" class=\"comment-reply-link\" href=\"https:\/\/www.tion.ro\/stirile-judetului-timis\/a-murit-prof-univ-dr-titus-slavici-o-importanta-personalitate-academica-care-a-fondat-universitatea-ioan-slavici-din-timisoara-2334237\/#comment-1015833\" data-commentid=\"1015833\" data-postid=\"2334237\" data-belowelement=\"div-comment-1015833\" data-respondelement=\"respond\" data-replyto=\"Reply to Ppa\" aria-label=\"Reply to Ppa\">Reply<\/a><\/div>\n<\/div>\n<\/li>\n<\/div>\n<\/div>\n<\/div>\n<p>[analyse_source url=&#8221;https:\/\/www.tion.ro\/stirile-judetului-timis\/a-murit-prof-univ-dr-titus-slavici-o-importanta-personalitate-academica-care-a-fondat-universitatea-ioan-slavici-din-timisoara-2334237\/&#8221;]<\/p>\n","protected":false},"excerpt":{"rendered":"<p>[analyse_image type=&#8221;featured&#8221; src=&#8221;https:\/\/www.tion.ro\/wp-content\/uploads\/2026\/08\/+otf\/1200&#215;630\/zIJ__4ALvwQYO4m3MNDTJCE5PVF9WRVJZX1NFQ6QE2g+EZ__jESkVMIfwmGluClYZgjQIleFIAuZubafwPUoF3FKDskZlCnIUzKfGmv3WlNbIoOM__HUXQpM583NBw=\/6778630ChatGPTImageAug152026102339AM.png&#8221;] Anun\u021bul a fost f\u0103cut de conducerea Funda\u021biei pentru Cultur\u0103 \u0219i \u00cenv\u0103\u021b\u0103m\u00e2nt \u201eIoan Slavici\u201d din Timi\u0219oara, fondat\u0103 de prof. univ. dr. Titus Slavici. Reprezentan\u021bii acesteia spun c\u0103 el las\u0103 \u00een urm\u0103 o mo\u0219tenire academic\u0103 \u0219i uman\u0103 deosebit\u0103. \u201ePrin \u00eentreaga sa activitate academic\u0103, managerial\u0103 \u0219i \u0219tiin\u021bific\u0103, domnul prof. univ. dr. ing. habil. dr. ec. [&hellip;]<\/p>\n","protected":false},"author":1,"featured_media":0,"comment_status":"open","ping_status":"","sticky":false,"template":"","format":"standard","meta":{"footnotes":""},"categories":[89],"tags":[226,191],"class_list":["post-2097659","post","type-post","status-publish","format-standard","hentry","category-romania","tag-crawlmanager","tag-tion-ro"],"_links":{"self":[{"href":"https:\/\/analyse.optim.biz\/index.php?rest_route=\/wp\/v2\/posts\/2097659","targetHints":{"allow":["GET"]}}],"collection":[{"href":"https:\/\/analyse.optim.biz\/index.php?rest_route=\/wp\/v2\/posts"}],"about":[{"href":"https:\/\/analyse.optim.biz\/index.php?rest_route=\/wp\/v2\/types\/post"}],"author":[{"embeddable":true,"href":"https:\/\/analyse.optim.biz\/index.php?rest_route=\/wp\/v2\/users\/1"}],"replies":[{"embeddable":true,"href":"https:\/\/analyse.optim.biz\/index.php?rest_route=%2Fwp%2Fv2%2Fcomments&post=2097659"}],"version-history":[{"count":0,"href":"https:\/\/analyse.optim.biz\/index.php?rest_route=\/wp\/v2\/posts\/2097659\/revisions"}],"wp:attachment":[{"href":"https:\/\/analyse.optim.biz\/index.php?rest_route=%2Fwp%2Fv2%2Fmedia&parent=2097659"}],"wp:term":[{"taxonomy":"category","embeddable":true,"href":"https:\/\/analyse.optim.biz\/index.php?rest_route=%2Fwp%2Fv2%2Fcategories&post=2097659"},{"taxonomy":"post_tag","embeddable":true,"href":"https:\/\/analyse.optim.biz\/index.php?rest_route=%2Fwp%2Fv2%2Ftags&post=2097659"}],"curies":[{"name":"wp","href":"https:\/\/api.w.org\/{rel}","templated":true}]}}