{"id":2097658,"date":"2026-08-14T17:04:15","date_gmt":"2026-08-14T14:04:15","guid":{"rendered":"https:\/\/analyse.optim.biz\/?p=2097658"},"modified":"2026-08-14T17:04:15","modified_gmt":"2026-08-14T14:04:15","slug":"david-popovici-a-castigat-si-proba-de-200-metri-liber-la-campionatul-european-de-natatie","status":"publish","type":"post","link":"https:\/\/analyse.optim.biz\/?p=2097658","title":{"rendered":"David Popovici a c\u00e2\u0219tigat \u0219i proba de 200 metri liber la Campionatul European de Nata\u021bie"},"content":{"rendered":"<p>[analyse_image type=&#8221;featured&#8221; src=&#8221;https:\/\/www.tion.ro\/wp-content\/uploads\/2026\/08\/+otf\/1200&#215;630\/9+Purw+s7nH9Ke7Z0BMfGk5PVF9WRVJZX1NFQyvnIooGczHktZemkwXfGDalgJo1TmaGGSXXb4BocgW__KLO7gNKudF3Wj91Py6gX1KCgIcvqZNyMz1SZQ5qJGUs=\/672696814209744.jpg&#8221;]<\/p>\n<article id=\"post-2334204\" class>\n<div class=\"entry-content clearfix\">\n<div class=\"enewsArticleContent\">\n<p class=\"PDq2pG_selectionAnchorContainer\" data-start=\"18\" data-end=\"296\">A dominat cursa de la \u00eenceput p\u00e2n\u0103 la final, fiind primul la toate cele trei \u00eentoarceri.<\/p>\n<p data-start=\"298\" data-end=\"507\">Prin aceast\u0103 performan\u021b\u0103, Popovici a devenit primul \u00eenot\u0103tor din istorie care c\u00e2\u0219tig\u0103 dubla 100 m + 200 m liber la trei edi\u021bii consecutive ale Campionatului European: Roma 2022, Belgrad 2024 \u0219i Paris 2026.<\/p>\n<p data-start=\"509\" data-end=\"751\" data-is-last-node data-is-only-node>Rom\u00e2nul a declarat c\u0103 \u0219i-ar fi dorit un timp mai rapid, dar se bucur\u0103 de performan\u021ba ob\u021binut\u0103.<\/p>\n<p data-start=\"509\" data-end=\"751\" data-is-last-node data-is-only-node>Popovici este \u0219i dublu campion mondial \u00een aceste probe \u0219i are la Jocurile Olimpice de la Paris 2024 un aur la 200 m \u0219i un bronz la 100 m liber.<\/p>\n<div class=\"fbShareLikeTwitterAndEmailContainer\">\n<div class=\"wrapper\">\n<div class=\"email\">\n<div id=\"mailto-pop\" class=\"pop-form pop-form-mailto\">\n<div class=\"pop-form-header\">\n<h4>Trimite articolul<\/h4>\n<p><a class=\"pop-form-close\">X<\/a><\/div>\n<\/div>\n<\/div>\n<\/div>\n<\/div>\n<div class=\"comments\">\n<div class=\"top\">\n<div class=\"commentsNumber\"><span class=\"number\">4<\/span><span class=\"text\">Comentarii<\/span><\/div>\n<\/div>\n<div class=\"center\">\n<div id=\"respond\" class=\"comment-respond\">\n<h3 id=\"reply-title\" class=\"comment-reply-title\"><small><a rel=\"nofollow\" id=\"cancel-comment-reply-link\" href=\"https:\/\/www.tion.ro\/stiri-sportive\/david-popovici-a-castigat-si-proba-de-200-metri-liber-la-campionatul-european-de-natatie-2334204\/#respond\">Cancel reply<\/a><\/small><\/h3>\n<p class=\"comment-notes\"><span id=\"email-notes\">Your email address will not be published.<\/span><span class=\"required-field-message\">Required fields are marked <span class=\"required\">*<\/span><\/span><\/p>\n<p class=\"commentFormComment\"><span id=\"commentFormCount\"><br \/>\n                            inca<br \/>\n                            <span id=\"countCommentText\">1000<\/span><br \/>\n                            caractere ramase<br \/>\n                        <\/span><\/p>\n<\/div>\n<\/div>\n<div class=\"bottom\">\n<p class=\"forumDisclaimerHuRo\">\n            Citi\u021bi principiile noastre de moderare <a href=\"https:\/\/www.tion.ro\/reguli-postare-comentarii\/\" target=\"_blank\">aici<\/a>!\n        <\/p>\n<\/div>\n<\/div>\n<div id=\"forum\">\n<li class=\"comment even thread-even depth-1\" id=\"comment-1015038\">\n<div id=\"div-comment-1015038\" class=\"comment-body\">\n<div class=\"comment-author vcard\"><img decoding=\"async\" alt src=\"https:\/\/secure.gravatar.com\/avatar\/c2f46012b9681c441d2b0e9820caf345?s=32&amp;d=mm&amp;r=g\" class=\"avatar avatar-32 photo\" height=\"32\" width=\"32\" loading=\"lazy\"><cite class=\"fn\">Nostradamus<\/cite><span class=\"says\">says:<\/span><\/div>\n<div class=\"comment-meta commentmetadata\"><a href=\"https:\/\/www.tion.ro\/stiri-sportive\/david-popovici-a-castigat-si-proba-de-200-metri-liber-la-campionatul-european-de-natatie-2334204\/#comment-1015038\">August 14, 2026 at 8:39 pm<\/a><\/div>\n<p>Bravo David! Ai pus Romania pe harta inca o data.<\/p>\n<div class=\"reply\"><a rel=\"nofollow\" class=\"comment-reply-link\" href=\"https:\/\/www.tion.ro\/stiri-sportive\/david-popovici-a-castigat-si-proba-de-200-metri-liber-la-campionatul-european-de-natatie-2334204\/#comment-1015038\" data-commentid=\"1015038\" data-postid=\"2334204\" data-belowelement=\"div-comment-1015038\" data-respondelement=\"respond\" data-replyto=\"Reply to Nostradamus\" aria-label=\"Reply to Nostradamus\">Reply<\/a><\/div>\n<\/div>\n<\/li>\n<li class=\"comment odd alt thread-odd thread-alt depth-1\" id=\"comment-1015434\">\n<div id=\"div-comment-1015434\" class=\"comment-body\">\n<div class=\"comment-author vcard\"><img decoding=\"async\" alt src=\"https:\/\/secure.gravatar.com\/avatar\/1dafecf8e6f3d67e62eb87ee7a40f940?s=32&amp;d=mm&amp;r=g\" class=\"avatar avatar-32 photo\" height=\"32\" width=\"32\" loading=\"lazy\"><cite class=\"fn\">Ionion<\/cite><span class=\"says\">says:<\/span><\/div>\n<div class=\"comment-meta commentmetadata\"><a href=\"https:\/\/www.tion.ro\/stiri-sportive\/david-popovici-a-castigat-si-proba-de-200-metri-liber-la-campionatul-european-de-natatie-2334204\/#comment-1015434\">August 15, 2026 at 10:59 pm<\/a><\/div>\n<p>Super!<\/p>\n<div class=\"reply\"><a rel=\"nofollow\" class=\"comment-reply-link\" href=\"https:\/\/www.tion.ro\/stiri-sportive\/david-popovici-a-castigat-si-proba-de-200-metri-liber-la-campionatul-european-de-natatie-2334204\/#comment-1015434\" data-commentid=\"1015434\" data-postid=\"2334204\" data-belowelement=\"div-comment-1015434\" data-respondelement=\"respond\" data-replyto=\"Reply to Ionion\" aria-label=\"Reply to Ionion\">Reply<\/a><\/div>\n<\/div>\n<\/li>\n<li class=\"comment even thread-even depth-1 parent\" id=\"comment-1015632\">\n<div id=\"div-comment-1015632\" class=\"comment-body\">\n<div class=\"comment-author vcard\"><img decoding=\"async\" alt src=\"https:\/\/secure.gravatar.com\/avatar\/f59798b16c921c9f61c5019110adf917?s=32&amp;d=mm&amp;r=g\" class=\"avatar avatar-32 photo\" height=\"32\" width=\"32\" loading=\"lazy\"><cite class=\"fn\">MirceaX<\/cite><span class=\"says\">says:<\/span><\/div>\n<div class=\"comment-meta commentmetadata\"><a href=\"https:\/\/www.tion.ro\/stiri-sportive\/david-popovici-a-castigat-si-proba-de-200-metri-liber-la-campionatul-european-de-natatie-2334204\/#comment-1015632\">August 16, 2026 at 6:35 pm<\/a><\/div>\n<p>Stiu ca se vor gasi unii care sa ma injure dar eu nu sunt asa entuziasmat. Desigur ceea ce a facut la olimpiada pentru Romania este un lucru maret, altfel eram mai saraci in medalii. Eu nu ma gindesc la mindria mea ci la sportivul David. Nu pot sa nu iau in considerare ca el exceleaza la un singur stil de innot. Marii inotatori au fost, printre altii, Mark Spitz (7 medalii aur), Michael Phelps (24 medalii aur) si chiar mai contemporanul lui David, Leon Marchand (4 aur in stiluri diferite). Ginditi-va ca la gimnastica sa excelezi\/participi doar la un aparat.<br \/>\nDe acesti inotatori, peste ani, isi vor aduce aminte multi oameni si mi-e teama ca de David isi va aduce aminte doar Google.<\/p>\n<div class=\"reply\"><a rel=\"nofollow\" class=\"comment-reply-link\" href=\"https:\/\/www.tion.ro\/stiri-sportive\/david-popovici-a-castigat-si-proba-de-200-metri-liber-la-campionatul-european-de-natatie-2334204\/#comment-1015632\" data-commentid=\"1015632\" data-postid=\"2334204\" data-belowelement=\"div-comment-1015632\" data-respondelement=\"respond\" data-replyto=\"Reply to MirceaX\" aria-label=\"Reply to MirceaX\">Reply<\/a><\/div>\n<\/div>\n<ul class=\"children\">\n<li class=\"comment odd alt depth-2\" id=\"comment-1015827\">\n<div id=\"div-comment-1015827\" class=\"comment-body\">\n<div class=\"comment-author vcard\"><img decoding=\"async\" alt src=\"https:\/\/secure.gravatar.com\/avatar\/00ba0b5452672b62762d24330092a85b?s=32&amp;d=mm&amp;r=g\" class=\"avatar avatar-32 photo\" height=\"32\" width=\"32\" loading=\"lazy\"><cite class=\"fn\">tepes<\/cite><span class=\"says\">says:<\/span><\/div>\n<div class=\"comment-meta commentmetadata\"><a href=\"https:\/\/www.tion.ro\/stiri-sportive\/david-popovici-a-castigat-si-proba-de-200-metri-liber-la-campionatul-european-de-natatie-2334204\/#comment-1015827\">August 17, 2026 at 10:18 am<\/a><\/div>\n<p>gresit, eu sunt convins ca lumea isi va aduce aminte de el, cum a batut record mondial peste record mondial, da, la acel singur stil de inot, dar tot e impresionant<\/p>\n<div class=\"reply\"><a rel=\"nofollow\" class=\"comment-reply-link\" href=\"https:\/\/www.tion.ro\/stiri-sportive\/david-popovici-a-castigat-si-proba-de-200-metri-liber-la-campionatul-european-de-natatie-2334204\/#comment-1015827\" data-commentid=\"1015827\" data-postid=\"2334204\" data-belowelement=\"div-comment-1015827\" data-respondelement=\"respond\" data-replyto=\"Reply to tepes\" aria-label=\"Reply to tepes\">Reply<\/a><\/div>\n<\/div>\n<\/li>\n<\/ul>\n<\/li>\n<\/div>\n<\/div>\n<\/div>\n<\/article>\n<div class=\"entry-content clearfix\">\n<div class=\"enewsArticleContent\">\n<p class=\"PDq2pG_selectionAnchorContainer\" data-start=\"18\" data-end=\"296\">A dominat cursa de la \u00eenceput p\u00e2n\u0103 la final, fiind primul la toate cele trei \u00eentoarceri.<\/p>\n<p data-start=\"298\" data-end=\"507\">Prin aceast\u0103 performan\u021b\u0103, Popovici a devenit primul \u00eenot\u0103tor din istorie care c\u00e2\u0219tig\u0103 dubla 100 m + 200 m liber la trei edi\u021bii consecutive ale Campionatului European: Roma 2022, Belgrad 2024 \u0219i Paris 2026.<\/p>\n<p data-start=\"509\" data-end=\"751\" data-is-last-node data-is-only-node>Rom\u00e2nul a declarat c\u0103 \u0219i-ar fi dorit un timp mai rapid, dar se bucur\u0103 de performan\u021ba ob\u021binut\u0103.<\/p>\n<p data-start=\"509\" data-end=\"751\" data-is-last-node data-is-only-node>Popovici este \u0219i dublu campion mondial \u00een aceste probe \u0219i are la Jocurile Olimpice de la Paris 2024 un aur la 200 m \u0219i un bronz la 100 m liber.<\/p>\n<div class=\"fbShareLikeTwitterAndEmailContainer\">\n<div class=\"wrapper\">\n<div class=\"email\">\n<div id=\"mailto-pop\" class=\"pop-form pop-form-mailto\">\n<div class=\"pop-form-header\">\n<h4>Trimite articolul<\/h4>\n<p><a class=\"pop-form-close\">X<\/a><\/div>\n<\/div>\n<\/div>\n<\/div>\n<\/div>\n<div class=\"comments\">\n<div class=\"top\">\n<div class=\"commentsNumber\"><span class=\"number\">4<\/span><span class=\"text\">Comentarii<\/span><\/div>\n<\/div>\n<div class=\"center\">\n<div id=\"respond\" class=\"comment-respond\">\n<h3 id=\"reply-title\" class=\"comment-reply-title\"><small><a rel=\"nofollow\" id=\"cancel-comment-reply-link\" href=\"https:\/\/www.tion.ro\/stiri-sportive\/david-popovici-a-castigat-si-proba-de-200-metri-liber-la-campionatul-european-de-natatie-2334204\/#respond\">Cancel reply<\/a><\/small><\/h3>\n<p class=\"comment-notes\"><span id=\"email-notes\">Your email address will not be published.<\/span><span class=\"required-field-message\">Required fields are marked <span class=\"required\">*<\/span><\/span><\/p>\n<p class=\"commentFormComment\"><span id=\"commentFormCount\"><br \/>\n                            inca<br \/>\n                            <span id=\"countCommentText\">1000<\/span><br \/>\n                            caractere ramase<br \/>\n                        <\/span><\/p>\n<\/div>\n<\/div>\n<div class=\"bottom\">\n<p class=\"forumDisclaimerHuRo\">\n            Citi\u021bi principiile noastre de moderare <a href=\"https:\/\/www.tion.ro\/reguli-postare-comentarii\/\" target=\"_blank\">aici<\/a>!\n        <\/p>\n<\/div>\n<\/div>\n<div id=\"forum\">\n<li class=\"comment even thread-even depth-1\" id=\"comment-1015038\">\n<div id=\"div-comment-1015038\" class=\"comment-body\">\n<div class=\"comment-author vcard\"><img decoding=\"async\" alt src=\"https:\/\/secure.gravatar.com\/avatar\/c2f46012b9681c441d2b0e9820caf345?s=32&amp;d=mm&amp;r=g\" class=\"avatar avatar-32 photo\" height=\"32\" width=\"32\" loading=\"lazy\"><cite class=\"fn\">Nostradamus<\/cite><span class=\"says\">says:<\/span><\/div>\n<div class=\"comment-meta commentmetadata\"><a href=\"https:\/\/www.tion.ro\/stiri-sportive\/david-popovici-a-castigat-si-proba-de-200-metri-liber-la-campionatul-european-de-natatie-2334204\/#comment-1015038\">August 14, 2026 at 8:39 pm<\/a><\/div>\n<p>Bravo David! Ai pus Romania pe harta inca o data.<\/p>\n<div class=\"reply\"><a rel=\"nofollow\" class=\"comment-reply-link\" href=\"https:\/\/www.tion.ro\/stiri-sportive\/david-popovici-a-castigat-si-proba-de-200-metri-liber-la-campionatul-european-de-natatie-2334204\/#comment-1015038\" data-commentid=\"1015038\" data-postid=\"2334204\" data-belowelement=\"div-comment-1015038\" data-respondelement=\"respond\" data-replyto=\"Reply to Nostradamus\" aria-label=\"Reply to Nostradamus\">Reply<\/a><\/div>\n<\/div>\n<\/li>\n<li class=\"comment odd alt thread-odd thread-alt depth-1\" id=\"comment-1015434\">\n<div id=\"div-comment-1015434\" class=\"comment-body\">\n<div class=\"comment-author vcard\"><img decoding=\"async\" alt src=\"https:\/\/secure.gravatar.com\/avatar\/1dafecf8e6f3d67e62eb87ee7a40f940?s=32&amp;d=mm&amp;r=g\" class=\"avatar avatar-32 photo\" height=\"32\" width=\"32\" loading=\"lazy\"><cite class=\"fn\">Ionion<\/cite><span class=\"says\">says:<\/span><\/div>\n<div class=\"comment-meta commentmetadata\"><a href=\"https:\/\/www.tion.ro\/stiri-sportive\/david-popovici-a-castigat-si-proba-de-200-metri-liber-la-campionatul-european-de-natatie-2334204\/#comment-1015434\">August 15, 2026 at 10:59 pm<\/a><\/div>\n<p>Super!<\/p>\n<div class=\"reply\"><a rel=\"nofollow\" class=\"comment-reply-link\" href=\"https:\/\/www.tion.ro\/stiri-sportive\/david-popovici-a-castigat-si-proba-de-200-metri-liber-la-campionatul-european-de-natatie-2334204\/#comment-1015434\" data-commentid=\"1015434\" data-postid=\"2334204\" data-belowelement=\"div-comment-1015434\" data-respondelement=\"respond\" data-replyto=\"Reply to Ionion\" aria-label=\"Reply to Ionion\">Reply<\/a><\/div>\n<\/div>\n<\/li>\n<li class=\"comment even thread-even depth-1 parent\" id=\"comment-1015632\">\n<div id=\"div-comment-1015632\" class=\"comment-body\">\n<div class=\"comment-author vcard\"><img decoding=\"async\" alt src=\"https:\/\/secure.gravatar.com\/avatar\/f59798b16c921c9f61c5019110adf917?s=32&amp;d=mm&amp;r=g\" class=\"avatar avatar-32 photo\" height=\"32\" width=\"32\" loading=\"lazy\"><cite class=\"fn\">MirceaX<\/cite><span class=\"says\">says:<\/span><\/div>\n<div class=\"comment-meta commentmetadata\"><a href=\"https:\/\/www.tion.ro\/stiri-sportive\/david-popovici-a-castigat-si-proba-de-200-metri-liber-la-campionatul-european-de-natatie-2334204\/#comment-1015632\">August 16, 2026 at 6:35 pm<\/a><\/div>\n<p>Stiu ca se vor gasi unii care sa ma injure dar eu nu sunt asa entuziasmat. Desigur ceea ce a facut la olimpiada pentru Romania este un lucru maret, altfel eram mai saraci in medalii. Eu nu ma gindesc la mindria mea ci la sportivul David. Nu pot sa nu iau in considerare ca el exceleaza la un singur stil de innot. Marii inotatori au fost, printre altii, Mark Spitz (7 medalii aur), Michael Phelps (24 medalii aur) si chiar mai contemporanul lui David, Leon Marchand (4 aur in stiluri diferite). Ginditi-va ca la gimnastica sa excelezi\/participi doar la un aparat.<br \/>\nDe acesti inotatori, peste ani, isi vor aduce aminte multi oameni si mi-e teama ca de David isi va aduce aminte doar Google.<\/p>\n<div class=\"reply\"><a rel=\"nofollow\" class=\"comment-reply-link\" href=\"https:\/\/www.tion.ro\/stiri-sportive\/david-popovici-a-castigat-si-proba-de-200-metri-liber-la-campionatul-european-de-natatie-2334204\/#comment-1015632\" data-commentid=\"1015632\" data-postid=\"2334204\" data-belowelement=\"div-comment-1015632\" data-respondelement=\"respond\" data-replyto=\"Reply to MirceaX\" aria-label=\"Reply to MirceaX\">Reply<\/a><\/div>\n<\/div>\n<ul class=\"children\">\n<li class=\"comment odd alt depth-2\" id=\"comment-1015827\">\n<div id=\"div-comment-1015827\" class=\"comment-body\">\n<div class=\"comment-author vcard\"><img decoding=\"async\" alt src=\"https:\/\/secure.gravatar.com\/avatar\/00ba0b5452672b62762d24330092a85b?s=32&amp;d=mm&amp;r=g\" class=\"avatar avatar-32 photo\" height=\"32\" width=\"32\" loading=\"lazy\"><cite class=\"fn\">tepes<\/cite><span class=\"says\">says:<\/span><\/div>\n<div class=\"comment-meta commentmetadata\"><a href=\"https:\/\/www.tion.ro\/stiri-sportive\/david-popovici-a-castigat-si-proba-de-200-metri-liber-la-campionatul-european-de-natatie-2334204\/#comment-1015827\">August 17, 2026 at 10:18 am<\/a><\/div>\n<p>gresit, eu sunt convins ca lumea isi va aduce aminte de el, cum a batut record mondial peste record mondial, da, la acel singur stil de inot, dar tot e impresionant<\/p>\n<div class=\"reply\"><a rel=\"nofollow\" class=\"comment-reply-link\" href=\"https:\/\/www.tion.ro\/stiri-sportive\/david-popovici-a-castigat-si-proba-de-200-metri-liber-la-campionatul-european-de-natatie-2334204\/#comment-1015827\" data-commentid=\"1015827\" data-postid=\"2334204\" data-belowelement=\"div-comment-1015827\" data-respondelement=\"respond\" data-replyto=\"Reply to tepes\" aria-label=\"Reply to tepes\">Reply<\/a><\/div>\n<\/div>\n<\/li>\n<\/ul>\n<\/li>\n<\/div>\n<\/div>\n<\/div>\n<p>[analyse_source url=&#8221;https:\/\/www.tion.ro\/stiri-sportive\/david-popovici-a-castigat-si-proba-de-200-metri-liber-la-campionatul-european-de-natatie-2334204\/&#8221;]<\/p>\n","protected":false},"excerpt":{"rendered":"<p>[analyse_image type=&#8221;featured&#8221; src=&#8221;https:\/\/www.tion.ro\/wp-content\/uploads\/2026\/08\/+otf\/1200&#215;630\/9+Purw+s7nH9Ke7Z0BMfGk5PVF9WRVJZX1NFQyvnIooGczHktZemkwXfGDalgJo1TmaGGSXXb4BocgW__KLO7gNKudF3Wj91Py6gX1KCgIcvqZNyMz1SZQ5qJGUs=\/672696814209744.jpg&#8221;] A dominat cursa de la \u00eenceput p\u00e2n\u0103 la final, fiind primul la toate cele trei \u00eentoarceri. Prin aceast\u0103 performan\u021b\u0103, Popovici a devenit primul \u00eenot\u0103tor din istorie care c\u00e2\u0219tig\u0103 dubla 100 m + 200 m liber la trei edi\u021bii consecutive ale Campionatului European: Roma 2022, Belgrad 2024 \u0219i Paris 2026. Rom\u00e2nul a declarat [&hellip;]<\/p>\n","protected":false},"author":1,"featured_media":0,"comment_status":"open","ping_status":"","sticky":false,"template":"","format":"standard","meta":{"footnotes":""},"categories":[89],"tags":[226,191],"class_list":["post-2097658","post","type-post","status-publish","format-standard","hentry","category-romania","tag-crawlmanager","tag-tion-ro"],"_links":{"self":[{"href":"https:\/\/analyse.optim.biz\/index.php?rest_route=\/wp\/v2\/posts\/2097658","targetHints":{"allow":["GET"]}}],"collection":[{"href":"https:\/\/analyse.optim.biz\/index.php?rest_route=\/wp\/v2\/posts"}],"about":[{"href":"https:\/\/analyse.optim.biz\/index.php?rest_route=\/wp\/v2\/types\/post"}],"author":[{"embeddable":true,"href":"https:\/\/analyse.optim.biz\/index.php?rest_route=\/wp\/v2\/users\/1"}],"replies":[{"embeddable":true,"href":"https:\/\/analyse.optim.biz\/index.php?rest_route=%2Fwp%2Fv2%2Fcomments&post=2097658"}],"version-history":[{"count":0,"href":"https:\/\/analyse.optim.biz\/index.php?rest_route=\/wp\/v2\/posts\/2097658\/revisions"}],"wp:attachment":[{"href":"https:\/\/analyse.optim.biz\/index.php?rest_route=%2Fwp%2Fv2%2Fmedia&parent=2097658"}],"wp:term":[{"taxonomy":"category","embeddable":true,"href":"https:\/\/analyse.optim.biz\/index.php?rest_route=%2Fwp%2Fv2%2Fcategories&post=2097658"},{"taxonomy":"post_tag","embeddable":true,"href":"https:\/\/analyse.optim.biz\/index.php?rest_route=%2Fwp%2Fv2%2Ftags&post=2097658"}],"curies":[{"name":"wp","href":"https:\/\/api.w.org\/{rel}","templated":true}]}}