{"id":2097657,"date":"2026-08-14T12:48:12","date_gmt":"2026-08-14T09:48:12","guid":{"rendered":"https:\/\/analyse.optim.biz\/?p=2097657"},"modified":"2026-08-14T12:48:12","modified_gmt":"2026-08-14T09:48:12","slug":"scoli-creative-revine-la-timisoara-un-milion-de-lei-pentru-proiecte-care-aduc-cultura-in-scoli","status":"publish","type":"post","link":"https:\/\/analyse.optim.biz\/?p=2097657","title":{"rendered":"\u201e\u0218coli creative\u201d revine la Timi\u0219oara. Un milion de lei pentru proiecte care aduc cultura \u00een \u0219coli"},"content":{"rendered":"<p>[analyse_image type=&#8221;featured&#8221; src=&#8221;https:\/\/www.tion.ro\/wp-content\/uploads\/2026\/08\/+otf\/1200&#215;630\/6711350spectacol.jpg&#8221;]<\/p>\n<article id=\"post-2334165\" class>\n<div class=\"entry-content clearfix\">\n<div class=\"enewsArticleContent\">\n<p>Programul \u00ee\u0219i propune s\u0103 apropie cultura de mediul \u0219colar \u0219i s\u0103 transforme activit\u0103\u021bile culturale \u00eentr-o component\u0103 constant\u0103 a vie\u021bii elevilor. Sunt vizate proiecte care folosesc cultura ca instrument pentru \u00eenv\u0103\u021bare, explorare \u0219i exprimare \u0219i care contribuie la dezvoltarea creativit\u0103\u021bii, a g\u00e2ndirii critice \u0219i a implic\u0103rii elevilor.<\/p>\n<p>Edi\u021bia 2026\u20132027 vine cu o schimbare important\u0103: pentru prima dat\u0103, programul se va desf\u0103\u0219ura pe durata a doi ani calendaristici \u0219i a unui an \u0219colar complet. Astfel, organizatorii \u00ee\u0219i propun ca proiectele s\u0103 aib\u0103 timp s\u0103 se dezvolte \u0219i s\u0103 devin\u0103 parte din activitatea obi\u0219nuit\u0103 a \u0219colilor, nu doar interven\u021bii culturale punctuale.<\/p>\n<p>O noutate este \u0219i implicarea elevilor \u00eenc\u0103 din etapa de construire a proiectelor. Temele programului au pornit inclusiv de la interesele exprimate de elevii din Timi\u0219oara \u0219i includ utilizarea creativ\u0103 a spa\u021biilor din \u0219coli, rela\u021bia dintre cultur\u0103 \u0219i mediu, explorarea emo\u021biilor prin art\u0103, precum \u0219i stimularea interesului pentru lectur\u0103, exprimare \u0219i g\u00e2ndire critic\u0103.<\/p>\n<p>Proiectele vor fi dezvoltate de operatori culturali \u00eempreun\u0103 cu una sau dou\u0103 unit\u0103\u021bi de \u00eenv\u0103\u021b\u0103m\u00e2nt preuniversitar din Timi\u0219oara. Centrul de Proiecte va asigura finan\u021barea proiectelor culturale, \u00een timp ce Administra\u021bia pentru S\u0103n\u0103tate \u0219i Educa\u021bie a Municipiului Timi\u0219oara va sprijini implicarea \u0219colilor.<\/p>\n<p>Cadrele didactice din unit\u0103\u021bile de \u00eenv\u0103\u021b\u0103m\u00e2nt de stat partenere, care vor participa la implementarea proiectelor selectate, pot beneficia de stimulente financiare de p\u00e2n\u0103 la 1.500 de lei brut pe lun\u0103, acordate prin ASEMT.<\/p>\n<p>Programul are un buget total de 1 milion de lei pentru perioada 2026\u20132027, iar valoarea finan\u021b\u0103rii pentru un proiect poate ajunge la 80.000 de lei, cu maximum 40.000 de lei pentru fiecare an de implementare.<\/p>\n<p>La program pot aplica persoane fizice autorizate, \u00eentreprinderi individuale sau familiale, societ\u0103\u021bi comerciale, precum \u0219i persoane juridice de drept privat sau public. Sunt exceptate persoanele juridice de drept public aflate \u00een subordinea Consiliului Local al Municipiului Timi\u0219oara.<\/p>\n<p>O condi\u021bie esen\u021bial\u0103 este ca proiectele s\u0103 fie realizate \u00een parteneriat cu minimum o unitate \u0219i maximum dou\u0103 unit\u0103\u021bi de \u00eenv\u0103\u021b\u0103m\u00e2nt preuniversitar din Timi\u0219oara.<\/p>\n<p><strong><a href=\"https:\/\/centruldeproiecte.ro\/finantari\/scoli-creative-2026-2027\/\" target=\"_blank\" rel=\"noopener\">\u00censcrierile pentru edi\u021bia 2026\u20132027 sunt deschise \u00een perioada 14 august \u2013 7 septembrie 2026, ora 16:00.<\/a><\/strong><\/p>\n<p>\u201e\u0218coli creative\u201d face parte din mo\u0219tenirea Programului cultural Timi\u0219oara 2023 \u2013 Capital\u0103 European\u0103 a Culturii \u0219i continu\u0103, \u00eentr-o formul\u0103 dezvoltat\u0103 pe baza edi\u021biilor anterioare, demersul de apropiere a culturii de \u0219coal\u0103 \u0219i de transformare a ideilor tinerilor timi\u0219oreni \u00een proiecte realizate \u00eempreun\u0103 cu sectorul cultural.<\/p>\n<div class=\"fbShareLikeTwitterAndEmailContainer\">\n<div class=\"wrapper\">\n<div class=\"email\">\n<div id=\"mailto-pop\" class=\"pop-form pop-form-mailto\">\n<div class=\"pop-form-header\">\n<h4>Trimite articolul<\/h4>\n<p><a class=\"pop-form-close\">X<\/a><\/div>\n<\/div>\n<\/div>\n<\/div>\n<\/div>\n<div class=\"tagsContainer\">\n<div class=\"tagsLabel\">Taguri:<\/div>\n<div class=\"tags\">\n<div class=\"tag\"><a href=\"https:\/\/www.tion.ro\/cimke\/centrul-de-proiecte\" rel=\"tag\"><span class=\"link\">centrul de proiecte<\/span><span class=\"separator\">,<\/span><\/a><\/div>\n<div class=\"tag\"><a href=\"https:\/\/www.tion.ro\/cimke\/program\" rel=\"tag\"><span class=\"link\">program<\/span><span class=\"separator\">,<\/span><\/a><\/div>\n<div class=\"tag\"><a href=\"https:\/\/www.tion.ro\/cimke\/scoli-creative\" rel=\"tag\"><span class=\"link\">scoli creative<\/span><\/a><\/div>\n<\/div>\n<\/div>\n<div class=\"comments\">\n<div class=\"top\">\n<div class=\"commentsNumber\"><span class=\"number\">0<\/span><span class=\"text\">Comentarii<\/span><\/div>\n<\/div>\n<div class=\"center\">\n<div id=\"respond\" class=\"comment-respond\">\n<h3 id=\"reply-title\" class=\"comment-reply-title\"><small><a rel=\"nofollow\" id=\"cancel-comment-reply-link\" href=\"https:\/\/www.tion.ro\/stirile-judetului-timis\/scoli-creative-revine-la-timisoara-un-milion-de-lei-pentru-proiecte-care-aduc-cultura-in-scoli-2334165\/#respond\">Cancel reply<\/a><\/small><\/h3>\n<p class=\"comment-notes\"><span id=\"email-notes\">Your email address will not be published.<\/span><span class=\"required-field-message\">Required fields are marked <span class=\"required\">*<\/span><\/span><\/p>\n<p class=\"commentFormComment\"><span id=\"commentFormCount\"><br \/>\n                            inca<br \/>\n                            <span id=\"countCommentText\">1000<\/span><br \/>\n                            caractere ramase<br \/>\n                        <\/span><\/p>\n<\/div>\n<\/div>\n<div class=\"bottom\">\n<p class=\"forumDisclaimerHuRo\">\n            Citi\u021bi principiile noastre de moderare <a href=\"https:\/\/www.tion.ro\/reguli-postare-comentarii\/\" target=\"_blank\">aici<\/a>!\n        <\/p>\n<\/div>\n<\/div>\n<\/div>\n<\/div>\n<\/article>\n<div class=\"entry-content clearfix\">\n<div class=\"enewsArticleContent\">\n<p>Programul \u00ee\u0219i propune s\u0103 apropie cultura de mediul \u0219colar \u0219i s\u0103 transforme activit\u0103\u021bile culturale \u00eentr-o component\u0103 constant\u0103 a vie\u021bii elevilor. Sunt vizate proiecte care folosesc cultura ca instrument pentru \u00eenv\u0103\u021bare, explorare \u0219i exprimare \u0219i care contribuie la dezvoltarea creativit\u0103\u021bii, a g\u00e2ndirii critice \u0219i a implic\u0103rii elevilor.<\/p>\n<p>Edi\u021bia 2026\u20132027 vine cu o schimbare important\u0103: pentru prima dat\u0103, programul se va desf\u0103\u0219ura pe durata a doi ani calendaristici \u0219i a unui an \u0219colar complet. Astfel, organizatorii \u00ee\u0219i propun ca proiectele s\u0103 aib\u0103 timp s\u0103 se dezvolte \u0219i s\u0103 devin\u0103 parte din activitatea obi\u0219nuit\u0103 a \u0219colilor, nu doar interven\u021bii culturale punctuale.<\/p>\n<p>O noutate este \u0219i implicarea elevilor \u00eenc\u0103 din etapa de construire a proiectelor. Temele programului au pornit inclusiv de la interesele exprimate de elevii din Timi\u0219oara \u0219i includ utilizarea creativ\u0103 a spa\u021biilor din \u0219coli, rela\u021bia dintre cultur\u0103 \u0219i mediu, explorarea emo\u021biilor prin art\u0103, precum \u0219i stimularea interesului pentru lectur\u0103, exprimare \u0219i g\u00e2ndire critic\u0103.<\/p>\n<p>Proiectele vor fi dezvoltate de operatori culturali \u00eempreun\u0103 cu una sau dou\u0103 unit\u0103\u021bi de \u00eenv\u0103\u021b\u0103m\u00e2nt preuniversitar din Timi\u0219oara. Centrul de Proiecte va asigura finan\u021barea proiectelor culturale, \u00een timp ce Administra\u021bia pentru S\u0103n\u0103tate \u0219i Educa\u021bie a Municipiului Timi\u0219oara va sprijini implicarea \u0219colilor.<\/p>\n<p>Cadrele didactice din unit\u0103\u021bile de \u00eenv\u0103\u021b\u0103m\u00e2nt de stat partenere, care vor participa la implementarea proiectelor selectate, pot beneficia de stimulente financiare de p\u00e2n\u0103 la 1.500 de lei brut pe lun\u0103, acordate prin ASEMT.<\/p>\n<p>Programul are un buget total de 1 milion de lei pentru perioada 2026\u20132027, iar valoarea finan\u021b\u0103rii pentru un proiect poate ajunge la 80.000 de lei, cu maximum 40.000 de lei pentru fiecare an de implementare.<\/p>\n<p>La program pot aplica persoane fizice autorizate, \u00eentreprinderi individuale sau familiale, societ\u0103\u021bi comerciale, precum \u0219i persoane juridice de drept privat sau public. Sunt exceptate persoanele juridice de drept public aflate \u00een subordinea Consiliului Local al Municipiului Timi\u0219oara.<\/p>\n<p>O condi\u021bie esen\u021bial\u0103 este ca proiectele s\u0103 fie realizate \u00een parteneriat cu minimum o unitate \u0219i maximum dou\u0103 unit\u0103\u021bi de \u00eenv\u0103\u021b\u0103m\u00e2nt preuniversitar din Timi\u0219oara.<\/p>\n<p><strong><a href=\"https:\/\/centruldeproiecte.ro\/finantari\/scoli-creative-2026-2027\/\" target=\"_blank\" rel=\"noopener\">\u00censcrierile pentru edi\u021bia 2026\u20132027 sunt deschise \u00een perioada 14 august \u2013 7 septembrie 2026, ora 16:00.<\/a><\/strong><\/p>\n<p>\u201e\u0218coli creative\u201d face parte din mo\u0219tenirea Programului cultural Timi\u0219oara 2023 \u2013 Capital\u0103 European\u0103 a Culturii \u0219i continu\u0103, \u00eentr-o formul\u0103 dezvoltat\u0103 pe baza edi\u021biilor anterioare, demersul de apropiere a culturii de \u0219coal\u0103 \u0219i de transformare a ideilor tinerilor timi\u0219oreni \u00een proiecte realizate \u00eempreun\u0103 cu sectorul cultural.<\/p>\n<div class=\"fbShareLikeTwitterAndEmailContainer\">\n<div class=\"wrapper\">\n<div class=\"email\">\n<div id=\"mailto-pop\" class=\"pop-form pop-form-mailto\">\n<div class=\"pop-form-header\">\n<h4>Trimite articolul<\/h4>\n<p><a class=\"pop-form-close\">X<\/a><\/div>\n<\/div>\n<\/div>\n<\/div>\n<\/div>\n<div class=\"tagsContainer\">\n<div class=\"tagsLabel\">Taguri:<\/div>\n<div class=\"tags\">\n<div class=\"tag\"><a href=\"https:\/\/www.tion.ro\/cimke\/centrul-de-proiecte\" rel=\"tag\"><span class=\"link\">centrul de proiecte<\/span><span class=\"separator\">,<\/span><\/a><\/div>\n<div class=\"tag\"><a href=\"https:\/\/www.tion.ro\/cimke\/program\" rel=\"tag\"><span class=\"link\">program<\/span><span class=\"separator\">,<\/span><\/a><\/div>\n<div class=\"tag\"><a href=\"https:\/\/www.tion.ro\/cimke\/scoli-creative\" rel=\"tag\"><span class=\"link\">scoli creative<\/span><\/a><\/div>\n<\/div>\n<\/div>\n<div class=\"comments\">\n<div class=\"top\">\n<div class=\"commentsNumber\"><span class=\"number\">0<\/span><span class=\"text\">Comentarii<\/span><\/div>\n<\/div>\n<div class=\"center\">\n<div id=\"respond\" class=\"comment-respond\">\n<h3 id=\"reply-title\" class=\"comment-reply-title\"><small><a rel=\"nofollow\" id=\"cancel-comment-reply-link\" href=\"https:\/\/www.tion.ro\/stirile-judetului-timis\/scoli-creative-revine-la-timisoara-un-milion-de-lei-pentru-proiecte-care-aduc-cultura-in-scoli-2334165\/#respond\">Cancel reply<\/a><\/small><\/h3>\n<p class=\"comment-notes\"><span id=\"email-notes\">Your email address will not be published.<\/span><span class=\"required-field-message\">Required fields are marked <span class=\"required\">*<\/span><\/span><\/p>\n<p class=\"commentFormComment\"><span id=\"commentFormCount\"><br \/>\n                            inca<br \/>\n                            <span id=\"countCommentText\">1000<\/span><br \/>\n                            caractere ramase<br \/>\n                        <\/span><\/p>\n<\/div>\n<\/div>\n<div class=\"bottom\">\n<p class=\"forumDisclaimerHuRo\">\n            Citi\u021bi principiile noastre de moderare <a href=\"https:\/\/www.tion.ro\/reguli-postare-comentarii\/\" target=\"_blank\">aici<\/a>!\n        <\/p>\n<\/div>\n<\/div>\n<\/div>\n<\/div>\n<p>[analyse_source url=&#8221;https:\/\/www.tion.ro\/stirile-judetului-timis\/scoli-creative-revine-la-timisoara-un-milion-de-lei-pentru-proiecte-care-aduc-cultura-in-scoli-2334165\/&#8221;]<\/p>\n","protected":false},"excerpt":{"rendered":"<p>[analyse_image type=&#8221;featured&#8221; src=&#8221;https:\/\/www.tion.ro\/wp-content\/uploads\/2026\/08\/+otf\/1200&#215;630\/6711350spectacol.jpg&#8221;] Programul \u00ee\u0219i propune s\u0103 apropie cultura de mediul \u0219colar \u0219i s\u0103 transforme activit\u0103\u021bile culturale \u00eentr-o component\u0103 constant\u0103 a vie\u021bii elevilor. Sunt vizate proiecte care folosesc cultura ca instrument pentru \u00eenv\u0103\u021bare, explorare \u0219i exprimare \u0219i care contribuie la dezvoltarea creativit\u0103\u021bii, a g\u00e2ndirii critice \u0219i a implic\u0103rii elevilor. Edi\u021bia 2026\u20132027 vine cu o schimbare [&hellip;]<\/p>\n","protected":false},"author":1,"featured_media":0,"comment_status":"open","ping_status":"","sticky":false,"template":"","format":"standard","meta":{"footnotes":""},"categories":[89],"tags":[226,191],"class_list":["post-2097657","post","type-post","status-publish","format-standard","hentry","category-romania","tag-crawlmanager","tag-tion-ro"],"_links":{"self":[{"href":"https:\/\/analyse.optim.biz\/index.php?rest_route=\/wp\/v2\/posts\/2097657","targetHints":{"allow":["GET"]}}],"collection":[{"href":"https:\/\/analyse.optim.biz\/index.php?rest_route=\/wp\/v2\/posts"}],"about":[{"href":"https:\/\/analyse.optim.biz\/index.php?rest_route=\/wp\/v2\/types\/post"}],"author":[{"embeddable":true,"href":"https:\/\/analyse.optim.biz\/index.php?rest_route=\/wp\/v2\/users\/1"}],"replies":[{"embeddable":true,"href":"https:\/\/analyse.optim.biz\/index.php?rest_route=%2Fwp%2Fv2%2Fcomments&post=2097657"}],"version-history":[{"count":0,"href":"https:\/\/analyse.optim.biz\/index.php?rest_route=\/wp\/v2\/posts\/2097657\/revisions"}],"wp:attachment":[{"href":"https:\/\/analyse.optim.biz\/index.php?rest_route=%2Fwp%2Fv2%2Fmedia&parent=2097657"}],"wp:term":[{"taxonomy":"category","embeddable":true,"href":"https:\/\/analyse.optim.biz\/index.php?rest_route=%2Fwp%2Fv2%2Fcategories&post=2097657"},{"taxonomy":"post_tag","embeddable":true,"href":"https:\/\/analyse.optim.biz\/index.php?rest_route=%2Fwp%2Fv2%2Ftags&post=2097657"}],"curies":[{"name":"wp","href":"https:\/\/api.w.org\/{rel}","templated":true}]}}