{"id":2097655,"date":"2026-08-14T10:44:47","date_gmt":"2026-08-14T07:44:47","guid":{"rendered":"https:\/\/analyse.optim.biz\/?p=2097655"},"modified":"2026-08-14T10:44:47","modified_gmt":"2026-08-14T07:44:47","slug":"se-face-o-noua-cresa-in-timisoara-licitatie-pentru-finalizarea-uneia-dintre-cele-doua-abandonate-de-primul-constructor","status":"publish","type":"post","link":"https:\/\/analyse.optim.biz\/?p=2097655","title":{"rendered":"Se face o nou\u0103 cre\u0219\u0103 \u00een Timi\u0219oara. Licita\u021bie pentru finalizarea uneia dintre cele dou\u0103 abandonate de primul constructor"},"content":{"rendered":"<p>[analyse_image type=&#8221;featured&#8221; src=&#8221;https:\/\/www.tion.ro\/wp-content\/uploads\/2025\/12\/+otf\/1200&#215;630\/8hXAnismWcP3xJ6CIeF__wE5PVF9WRVJZX1NFQw5p3PZk2Nog0uf4i377GnRQOYV6+BDfllFXo13KdaXa28XCA2vXwQwdp1Q9a5V1kKeAXPUlHRrUQdZSdi1YNDQ=\/4845316cresabucovina12.jpg&#8221;]<\/p>\n<article id=\"post-2334108\" class>\n<div class=\"entry-content clearfix\">\n<div class=\"enewsArticleContent\">\n<p>Prim\u0103ria Timi\u0219oara anun\u021b\u0103 c\u0103 a lansat \u00een licita\u021bie, din nou, lucr\u0103rile pentru ridicarea unei cre\u0219e pe strada Cocea. Vorbim de unul dintre cele dou\u0103 proiecte pentru care fuseser\u0103 contracte de execu\u021bei la \u00eenceputul primului mandat al lui Fritz, dar abandonate de firma care ar fi trebuit s\u0103 le finalizeze.<\/p>\n<blockquote>\n<p>\u201eAvem deja dou\u0103 cre\u0219e nou construite, pe Bogd\u0103ne\u0219tilor \u0219i \u00een Bucovina, care se deschid din acest an pentru copii. Exist\u0103 \u00een continuare o presiune pentru c\u0103 num\u0103rul copiilor este mai mare dec\u00e2t disponibilul de locuri din sistemul public\u201d, spune primarul Dominic Fritz.<\/p>\n<\/blockquote>\n<p>Cre\u0219a de pe strada Cocea va avea o capacitate de 38 de locuri \u0219i va fi destinat\u0103 copiilor cu v\u00e2rste cuprinse \u00eentre 3 luni \u0219i 3 ani. La parter vor fi amenajate s\u0103li de grup\u0103, dormitoare, zone pentru servirea mesei, grupuri sanitare, un cabinet medical \u0219i spa\u021bii pentru primirea copiilor. Celed dou\u0103 etaje ale cl\u0103dirii vor include buc\u0103t\u0103ria \u0219i spa\u021biile tehnice, precum \u0219i zone administrative, o sal\u0103 multifunc\u021bional\u0103 \u0219i sp\u0103l\u0103toria. La exterior, va fi amenajat\u0103 o zon\u0103 pentru activit\u0103\u021bile \u00een aer liber, cu locuri de joac\u0103, mobilier \u0219i zone umbrite, precum \u0219i o parcare.<\/p>\n<p>Valoarea estimat\u0103 a investi\u021biei este de peste 7,3 milioane de lei, f\u0103r\u0103 TVA, iar durata contractului este de 15 luni. Firmele interesate pot depune ofertele <strong><a href=\"https:\/\/www.e-licitatie.ro\/pub\/notices\/simplified-notice\/v2\/view\/100243536\" target=\"_blank\" rel=\"noopener\">AICI<\/a><\/strong>.<\/p>\n<h3><strong>Este deja f\u0103cut\u0103 \u00een propor\u021bie de 30%<\/strong><\/h3>\n<p>Prim\u0103ria Timi\u0219oara a semnat <strong><a href=\"https:\/\/www.tion.ro\/stirile-judetului-timis\/poate-incepe-santierul-la-inca-o-cresa-din-timisoara-va-fi-gata-intr-un-an-si-patru-luni-1499472\/\" target=\"_blank\" rel=\"noopener\">primul contract pentru ridicarea cre\u0219ei din Ciarda Ro\u0219ie<\/a><\/strong> \u00een 2021, imediat dup\u0103 ce a atribuit \u0219i contractul pentru cre\u0219a de pe strada Ion Ionescu de la Brad, \u00een Lipovei. Ambele contracte fuseser\u0103 c\u00e2\u0219tigate de firma AVASI PRODCOM SRL.<\/p>\n<blockquote>\n<p>\u201eReamintim, investi\u021bia municipalit\u0103\u021bii a fost \u00eent\u00e2rziat\u0103 de constructorul care nu \u0219i-a respectat angajamentele asumate prin contract. P\u00e2n\u0103 la momentul rezilierii contractului, lucr\u0103rile erau executate \u00een propor\u021bie de aproximativ 30%\u201d, precizez\u0103 \u0219i reprezentan\u021bii Prim\u0103riei Timi\u0219oara.<\/p>\n<\/blockquote>\n<p>Primarul Dominic Fritz a amintit de soarta celor dou\u0103 cre\u0219e \u00een decembrie, <strong><a href=\"https:\/\/www.tion.ro\/stirile-judetului-timis\/foto-noua-cresa-din-zona-bucovina-finalizata-va-intra-in-circuitul-scolar-din-toamna-anului-viitor-2191084\/\" target=\"_blank\" rel=\"noopener\">c\u00e2nd a fost finalizat\u0103 cre\u0219a din zona Bucovina<\/a><\/strong>. Cea din Lipovei era finalizat\u0103 \u00een propor\u021bie de 20-25%, fiind \u00een aceea\u0219i soart\u0103 cu cea din Ciarda. Pentru finalizarea acesteia, a fost lansat\u0103 o nou\u0103 procedur\u0103 de achizi\u021bie la \u00eenceputul anului,<strong><a href=\"https:\/\/www.tion.ro\/stirile-judetului-timis\/patru-oferte-pentru-construirea-dupa-ani-buni-a-cresei-din-zona-lipovei-2224084\/\" target=\"_blank\" rel=\"noopener\"> fiind depuse patru oferte<\/a><\/strong>.<\/p>\n<p>Altfel, cele din Bucovina \u0219i de pe Bogd\u0103ne\u0219tilor <strong><a href=\"https:\/\/www.tion.ro\/stirile-judetului-timis\/cresele-din-bucovina-si-bogdanestilor-se-deschid-la-toamna-peste-140-de-noi-locuri-2283064\/\" target=\"_blank\" rel=\"noopener\">intr\u0103 \u00een circuitul de \u00eenv\u0103\u021b\u0103m\u00e2nt antepre\u0219colar din aceast\u0103 toamn\u0103<\/a><\/strong>.<\/p>\n<div class=\"fbShareLikeTwitterAndEmailContainer\">\n<div class=\"wrapper\">\n<div class=\"email\">\n<div id=\"mailto-pop\" class=\"pop-form pop-form-mailto\">\n<div class=\"pop-form-header\">\n<h4>Trimite articolul<\/h4>\n<p><a class=\"pop-form-close\">X<\/a><\/div>\n<\/div>\n<\/div>\n<\/div>\n<\/div>\n<div class=\"tagsContainer\">\n<div class=\"tagsLabel\">Taguri:<\/div>\n<div class=\"tags\">\n<div class=\"tag\"><a href=\"https:\/\/www.tion.ro\/cimke\/cresa-timisoara\" rel=\"tag\"><span class=\"link\">cresa timisoara<\/span><span class=\"separator\">,<\/span><\/a><\/div>\n<div class=\"tag\"><a href=\"https:\/\/www.tion.ro\/cimke\/licitatie-pmt\" rel=\"tag\"><span class=\"link\">licitatie pmt<\/span><span class=\"separator\">,<\/span><\/a><\/div>\n<div class=\"tag\"><a href=\"https:\/\/www.tion.ro\/cimke\/strada-cocea\" rel=\"tag\"><span class=\"link\">strada cocea<\/span><\/a><\/div>\n<\/div>\n<\/div>\n<div class=\"comments\">\n<div class=\"top\">\n<div class=\"commentsNumber\"><span class=\"number\">3<\/span><span class=\"text\">Comentarii<\/span><\/div>\n<\/div>\n<div class=\"center\">\n<div id=\"respond\" class=\"comment-respond\">\n<h3 id=\"reply-title\" class=\"comment-reply-title\"><small><a rel=\"nofollow\" id=\"cancel-comment-reply-link\" href=\"https:\/\/www.tion.ro\/stirile-judetului-timis\/se-face-o-noua-cresa-in-timisoara-licitatie-pentru-finalizarea-uneia-dintre-cele-doua-abandonate-de-primul-constructor-2334108\/#respond\">Cancel reply<\/a><\/small><\/h3>\n<p class=\"comment-notes\"><span id=\"email-notes\">Your email address will not be published.<\/span><span class=\"required-field-message\">Required fields are marked <span class=\"required\">*<\/span><\/span><\/p>\n<p class=\"commentFormComment\"><span id=\"commentFormCount\"><br \/>\n                            inca<br \/>\n                            <span id=\"countCommentText\">1000<\/span><br \/>\n                            caractere ramase<br \/>\n                        <\/span><\/p>\n<\/div>\n<\/div>\n<div class=\"bottom\">\n<p class=\"forumDisclaimerHuRo\">\n            Citi\u021bi principiile noastre de moderare <a href=\"https:\/\/www.tion.ro\/reguli-postare-comentarii\/\" target=\"_blank\">aici<\/a>!\n        <\/p>\n<\/div>\n<\/div>\n<div id=\"forum\">\n<li class=\"comment even thread-even depth-1\" id=\"comment-1014906\">\n<div id=\"div-comment-1014906\" class=\"comment-body\">\n<div class=\"comment-author vcard\"><img decoding=\"async\" alt src=\"https:\/\/secure.gravatar.com\/avatar\/b5a98e69aee53eb970f0697b2657582e?s=32&amp;d=mm&amp;r=g\" class=\"avatar avatar-32 photo\" height=\"32\" width=\"32\" loading=\"lazy\"><cite class=\"fn\">Alexander<\/cite><span class=\"says\">says:<\/span><\/div>\n<div class=\"comment-meta commentmetadata\"><a href=\"https:\/\/www.tion.ro\/stirile-judetului-timis\/se-face-o-noua-cresa-in-timisoara-licitatie-pentru-finalizarea-uneia-dintre-cele-doua-abandonate-de-primul-constructor-2334108\/#comment-1014906\">August 14, 2026 at 1:54 pm<\/a><\/div>\n<p>Vr\u0103jeal\u0103 caut\u0103 constructor<\/p>\n<div class=\"reply\"><a rel=\"nofollow\" class=\"comment-reply-link\" href=\"https:\/\/www.tion.ro\/stirile-judetului-timis\/se-face-o-noua-cresa-in-timisoara-licitatie-pentru-finalizarea-uneia-dintre-cele-doua-abandonate-de-primul-constructor-2334108\/#comment-1014906\" data-commentid=\"1014906\" data-postid=\"2334108\" data-belowelement=\"div-comment-1014906\" data-respondelement=\"respond\" data-replyto=\"Reply to Alexander\" aria-label=\"Reply to Alexander\">Reply<\/a><\/div>\n<\/div>\n<\/li>\n<li class=\"comment odd alt thread-odd thread-alt depth-1\" id=\"comment-1015059\">\n<div id=\"div-comment-1015059\" class=\"comment-body\">\n<div class=\"comment-author vcard\"><img decoding=\"async\" alt src=\"https:\/\/secure.gravatar.com\/avatar\/7920f9075001d8f0d790eb7e0b0f8189?s=32&amp;d=mm&amp;r=g\" class=\"avatar avatar-32 photo\" height=\"32\" width=\"32\" loading=\"lazy\"><cite class=\"fn\">Ppa<\/cite><span class=\"says\">says:<\/span><\/div>\n<div class=\"comment-meta commentmetadata\"><a href=\"https:\/\/www.tion.ro\/stirile-judetului-timis\/se-face-o-noua-cresa-in-timisoara-licitatie-pentru-finalizarea-uneia-dintre-cele-doua-abandonate-de-primul-constructor-2334108\/#comment-1015059\">August 14, 2026 at 9:32 pm<\/a><\/div>\n<p>Crese cu regim hotelier, atat poate Fritzulescu<\/p>\n<div class=\"reply\"><a rel=\"nofollow\" class=\"comment-reply-link\" href=\"https:\/\/www.tion.ro\/stirile-judetului-timis\/se-face-o-noua-cresa-in-timisoara-licitatie-pentru-finalizarea-uneia-dintre-cele-doua-abandonate-de-primul-constructor-2334108\/#comment-1015059\" data-commentid=\"1015059\" data-postid=\"2334108\" data-belowelement=\"div-comment-1015059\" data-respondelement=\"respond\" data-replyto=\"Reply to Ppa\" aria-label=\"Reply to Ppa\">Reply<\/a><\/div>\n<\/div>\n<\/li>\n<li class=\"comment even thread-even depth-1\" id=\"comment-1015596\">\n<div id=\"div-comment-1015596\" class=\"comment-body\">\n<div class=\"comment-author vcard\"><img decoding=\"async\" alt src=\"https:\/\/secure.gravatar.com\/avatar\/b97849a12eaf7cc07ee62625c05e9cd3?s=32&amp;d=mm&amp;r=g\" class=\"avatar avatar-32 photo\" height=\"32\" width=\"32\" loading=\"lazy\"><cite class=\"fn\">Bianca-Ana Popescu<\/cite><span class=\"says\">says:<\/span><\/div>\n<div class=\"comment-meta commentmetadata\"><a href=\"https:\/\/www.tion.ro\/stirile-judetului-timis\/se-face-o-noua-cresa-in-timisoara-licitatie-pentru-finalizarea-uneia-dintre-cele-doua-abandonate-de-primul-constructor-2334108\/#comment-1015596\">August 16, 2026 at 3:29 pm<\/a><\/div>\n<p>AI-ul \u0219tie. Dar oare pe Caietul de sarcini cum este? Mobilierul potrivit pentru o cre\u0219\u0103 are col\u021buri rotunjite. Aceast\u0103 form\u0103 este obligatorie pentru a preveni accidentatizarea copiilor mici \u00een timp ce se joac\u0103 sau alearg\u0103 \u00een sala de grup\u0103.De ce se folosesc col\u021buri rotunjiteSiguran\u021b\u0103 fizic\u0103: Reduc riscul de r\u0103nire grav\u0103 \u00een cazul unor lovituri accidentale sau c\u0103z\u0103turi.Protec\u021bie la nivelul \u00een\u0103l\u021bimii copilului: Mobilierul este g\u00e2ndit la scar\u0103 mic\u0103, exact \u00een zona de impact a capului sau a corpului.Standarde de siguran\u021b\u0103: Normele pentru spa\u021biile destinate copiilor impun finisaje lipsite de margini t\u0103ioase.<\/p>\n<div class=\"reply\"><a rel=\"nofollow\" class=\"comment-reply-link\" href=\"https:\/\/www.tion.ro\/stirile-judetului-timis\/se-face-o-noua-cresa-in-timisoara-licitatie-pentru-finalizarea-uneia-dintre-cele-doua-abandonate-de-primul-constructor-2334108\/#comment-1015596\" data-commentid=\"1015596\" data-postid=\"2334108\" data-belowelement=\"div-comment-1015596\" data-respondelement=\"respond\" data-replyto=\"Reply to Bianca-Ana Popescu\" aria-label=\"Reply to Bianca-Ana Popescu\">Reply<\/a><\/div>\n<\/div>\n<\/li>\n<\/div>\n<\/div>\n<\/div>\n<\/article>\n<div class=\"entry-content clearfix\">\n<div class=\"enewsArticleContent\">\n<p>Prim\u0103ria Timi\u0219oara anun\u021b\u0103 c\u0103 a lansat \u00een licita\u021bie, din nou, lucr\u0103rile pentru ridicarea unei cre\u0219e pe strada Cocea. Vorbim de unul dintre cele dou\u0103 proiecte pentru care fuseser\u0103 contracte de execu\u021bei la \u00eenceputul primului mandat al lui Fritz, dar abandonate de firma care ar fi trebuit s\u0103 le finalizeze.<\/p>\n<blockquote>\n<p>\u201eAvem deja dou\u0103 cre\u0219e nou construite, pe Bogd\u0103ne\u0219tilor \u0219i \u00een Bucovina, care se deschid din acest an pentru copii. Exist\u0103 \u00een continuare o presiune pentru c\u0103 num\u0103rul copiilor este mai mare dec\u00e2t disponibilul de locuri din sistemul public\u201d, spune primarul Dominic Fritz.<\/p>\n<\/blockquote>\n<p>Cre\u0219a de pe strada Cocea va avea o capacitate de 38 de locuri \u0219i va fi destinat\u0103 copiilor cu v\u00e2rste cuprinse \u00eentre 3 luni \u0219i 3 ani. La parter vor fi amenajate s\u0103li de grup\u0103, dormitoare, zone pentru servirea mesei, grupuri sanitare, un cabinet medical \u0219i spa\u021bii pentru primirea copiilor. Celed dou\u0103 etaje ale cl\u0103dirii vor include buc\u0103t\u0103ria \u0219i spa\u021biile tehnice, precum \u0219i zone administrative, o sal\u0103 multifunc\u021bional\u0103 \u0219i sp\u0103l\u0103toria. La exterior, va fi amenajat\u0103 o zon\u0103 pentru activit\u0103\u021bile \u00een aer liber, cu locuri de joac\u0103, mobilier \u0219i zone umbrite, precum \u0219i o parcare.<\/p>\n<p>Valoarea estimat\u0103 a investi\u021biei este de peste 7,3 milioane de lei, f\u0103r\u0103 TVA, iar durata contractului este de 15 luni. Firmele interesate pot depune ofertele <strong><a href=\"https:\/\/www.e-licitatie.ro\/pub\/notices\/simplified-notice\/v2\/view\/100243536\" target=\"_blank\" rel=\"noopener\">AICI<\/a><\/strong>.<\/p>\n<h3><strong>Este deja f\u0103cut\u0103 \u00een propor\u021bie de 30%<\/strong><\/h3>\n<p>Prim\u0103ria Timi\u0219oara a semnat <strong><a href=\"https:\/\/www.tion.ro\/stirile-judetului-timis\/poate-incepe-santierul-la-inca-o-cresa-din-timisoara-va-fi-gata-intr-un-an-si-patru-luni-1499472\/\" target=\"_blank\" rel=\"noopener\">primul contract pentru ridicarea cre\u0219ei din Ciarda Ro\u0219ie<\/a><\/strong> \u00een 2021, imediat dup\u0103 ce a atribuit \u0219i contractul pentru cre\u0219a de pe strada Ion Ionescu de la Brad, \u00een Lipovei. Ambele contracte fuseser\u0103 c\u00e2\u0219tigate de firma AVASI PRODCOM SRL.<\/p>\n<blockquote>\n<p>\u201eReamintim, investi\u021bia municipalit\u0103\u021bii a fost \u00eent\u00e2rziat\u0103 de constructorul care nu \u0219i-a respectat angajamentele asumate prin contract. P\u00e2n\u0103 la momentul rezilierii contractului, lucr\u0103rile erau executate \u00een propor\u021bie de aproximativ 30%\u201d, precizez\u0103 \u0219i reprezentan\u021bii Prim\u0103riei Timi\u0219oara.<\/p>\n<\/blockquote>\n<p>Primarul Dominic Fritz a amintit de soarta celor dou\u0103 cre\u0219e \u00een decembrie, <strong><a href=\"https:\/\/www.tion.ro\/stirile-judetului-timis\/foto-noua-cresa-din-zona-bucovina-finalizata-va-intra-in-circuitul-scolar-din-toamna-anului-viitor-2191084\/\" target=\"_blank\" rel=\"noopener\">c\u00e2nd a fost finalizat\u0103 cre\u0219a din zona Bucovina<\/a><\/strong>. Cea din Lipovei era finalizat\u0103 \u00een propor\u021bie de 20-25%, fiind \u00een aceea\u0219i soart\u0103 cu cea din Ciarda. Pentru finalizarea acesteia, a fost lansat\u0103 o nou\u0103 procedur\u0103 de achizi\u021bie la \u00eenceputul anului,<strong><a href=\"https:\/\/www.tion.ro\/stirile-judetului-timis\/patru-oferte-pentru-construirea-dupa-ani-buni-a-cresei-din-zona-lipovei-2224084\/\" target=\"_blank\" rel=\"noopener\"> fiind depuse patru oferte<\/a><\/strong>.<\/p>\n<p>Altfel, cele din Bucovina \u0219i de pe Bogd\u0103ne\u0219tilor <strong><a href=\"https:\/\/www.tion.ro\/stirile-judetului-timis\/cresele-din-bucovina-si-bogdanestilor-se-deschid-la-toamna-peste-140-de-noi-locuri-2283064\/\" target=\"_blank\" rel=\"noopener\">intr\u0103 \u00een circuitul de \u00eenv\u0103\u021b\u0103m\u00e2nt antepre\u0219colar din aceast\u0103 toamn\u0103<\/a><\/strong>.<\/p>\n<div class=\"fbShareLikeTwitterAndEmailContainer\">\n<div class=\"wrapper\">\n<div class=\"email\">\n<div id=\"mailto-pop\" class=\"pop-form pop-form-mailto\">\n<div class=\"pop-form-header\">\n<h4>Trimite articolul<\/h4>\n<p><a class=\"pop-form-close\">X<\/a><\/div>\n<\/div>\n<\/div>\n<\/div>\n<\/div>\n<div class=\"tagsContainer\">\n<div class=\"tagsLabel\">Taguri:<\/div>\n<div class=\"tags\">\n<div class=\"tag\"><a href=\"https:\/\/www.tion.ro\/cimke\/cresa-timisoara\" rel=\"tag\"><span class=\"link\">cresa timisoara<\/span><span class=\"separator\">,<\/span><\/a><\/div>\n<div class=\"tag\"><a href=\"https:\/\/www.tion.ro\/cimke\/licitatie-pmt\" rel=\"tag\"><span class=\"link\">licitatie pmt<\/span><span class=\"separator\">,<\/span><\/a><\/div>\n<div class=\"tag\"><a href=\"https:\/\/www.tion.ro\/cimke\/strada-cocea\" rel=\"tag\"><span class=\"link\">strada cocea<\/span><\/a><\/div>\n<\/div>\n<\/div>\n<div class=\"comments\">\n<div class=\"top\">\n<div class=\"commentsNumber\"><span class=\"number\">3<\/span><span class=\"text\">Comentarii<\/span><\/div>\n<\/div>\n<div class=\"center\">\n<div id=\"respond\" class=\"comment-respond\">\n<h3 id=\"reply-title\" class=\"comment-reply-title\"><small><a rel=\"nofollow\" id=\"cancel-comment-reply-link\" href=\"https:\/\/www.tion.ro\/stirile-judetului-timis\/se-face-o-noua-cresa-in-timisoara-licitatie-pentru-finalizarea-uneia-dintre-cele-doua-abandonate-de-primul-constructor-2334108\/#respond\">Cancel reply<\/a><\/small><\/h3>\n<p class=\"comment-notes\"><span id=\"email-notes\">Your email address will not be published.<\/span><span class=\"required-field-message\">Required fields are marked <span class=\"required\">*<\/span><\/span><\/p>\n<p class=\"commentFormComment\"><span id=\"commentFormCount\"><br \/>\n                            inca<br \/>\n                            <span id=\"countCommentText\">1000<\/span><br \/>\n                            caractere ramase<br \/>\n                        <\/span><\/p>\n<\/div>\n<\/div>\n<div class=\"bottom\">\n<p class=\"forumDisclaimerHuRo\">\n            Citi\u021bi principiile noastre de moderare <a href=\"https:\/\/www.tion.ro\/reguli-postare-comentarii\/\" target=\"_blank\">aici<\/a>!\n        <\/p>\n<\/div>\n<\/div>\n<div id=\"forum\">\n<li class=\"comment even thread-even depth-1\" id=\"comment-1014906\">\n<div id=\"div-comment-1014906\" class=\"comment-body\">\n<div class=\"comment-author vcard\"><img decoding=\"async\" alt src=\"https:\/\/secure.gravatar.com\/avatar\/b5a98e69aee53eb970f0697b2657582e?s=32&amp;d=mm&amp;r=g\" class=\"avatar avatar-32 photo\" height=\"32\" width=\"32\" loading=\"lazy\"><cite class=\"fn\">Alexander<\/cite><span class=\"says\">says:<\/span><\/div>\n<div class=\"comment-meta commentmetadata\"><a href=\"https:\/\/www.tion.ro\/stirile-judetului-timis\/se-face-o-noua-cresa-in-timisoara-licitatie-pentru-finalizarea-uneia-dintre-cele-doua-abandonate-de-primul-constructor-2334108\/#comment-1014906\">August 14, 2026 at 1:54 pm<\/a><\/div>\n<p>Vr\u0103jeal\u0103 caut\u0103 constructor<\/p>\n<div class=\"reply\"><a rel=\"nofollow\" class=\"comment-reply-link\" href=\"https:\/\/www.tion.ro\/stirile-judetului-timis\/se-face-o-noua-cresa-in-timisoara-licitatie-pentru-finalizarea-uneia-dintre-cele-doua-abandonate-de-primul-constructor-2334108\/#comment-1014906\" data-commentid=\"1014906\" data-postid=\"2334108\" data-belowelement=\"div-comment-1014906\" data-respondelement=\"respond\" data-replyto=\"Reply to Alexander\" aria-label=\"Reply to Alexander\">Reply<\/a><\/div>\n<\/div>\n<\/li>\n<li class=\"comment odd alt thread-odd thread-alt depth-1\" id=\"comment-1015059\">\n<div id=\"div-comment-1015059\" class=\"comment-body\">\n<div class=\"comment-author vcard\"><img decoding=\"async\" alt src=\"https:\/\/secure.gravatar.com\/avatar\/7920f9075001d8f0d790eb7e0b0f8189?s=32&amp;d=mm&amp;r=g\" class=\"avatar avatar-32 photo\" height=\"32\" width=\"32\" loading=\"lazy\"><cite class=\"fn\">Ppa<\/cite><span class=\"says\">says:<\/span><\/div>\n<div class=\"comment-meta commentmetadata\"><a href=\"https:\/\/www.tion.ro\/stirile-judetului-timis\/se-face-o-noua-cresa-in-timisoara-licitatie-pentru-finalizarea-uneia-dintre-cele-doua-abandonate-de-primul-constructor-2334108\/#comment-1015059\">August 14, 2026 at 9:32 pm<\/a><\/div>\n<p>Crese cu regim hotelier, atat poate Fritzulescu<\/p>\n<div class=\"reply\"><a rel=\"nofollow\" class=\"comment-reply-link\" href=\"https:\/\/www.tion.ro\/stirile-judetului-timis\/se-face-o-noua-cresa-in-timisoara-licitatie-pentru-finalizarea-uneia-dintre-cele-doua-abandonate-de-primul-constructor-2334108\/#comment-1015059\" data-commentid=\"1015059\" data-postid=\"2334108\" data-belowelement=\"div-comment-1015059\" data-respondelement=\"respond\" data-replyto=\"Reply to Ppa\" aria-label=\"Reply to Ppa\">Reply<\/a><\/div>\n<\/div>\n<\/li>\n<li class=\"comment even thread-even depth-1\" id=\"comment-1015596\">\n<div id=\"div-comment-1015596\" class=\"comment-body\">\n<div class=\"comment-author vcard\"><img decoding=\"async\" alt src=\"https:\/\/secure.gravatar.com\/avatar\/b97849a12eaf7cc07ee62625c05e9cd3?s=32&amp;d=mm&amp;r=g\" class=\"avatar avatar-32 photo\" height=\"32\" width=\"32\" loading=\"lazy\"><cite class=\"fn\">Bianca-Ana Popescu<\/cite><span class=\"says\">says:<\/span><\/div>\n<div class=\"comment-meta commentmetadata\"><a href=\"https:\/\/www.tion.ro\/stirile-judetului-timis\/se-face-o-noua-cresa-in-timisoara-licitatie-pentru-finalizarea-uneia-dintre-cele-doua-abandonate-de-primul-constructor-2334108\/#comment-1015596\">August 16, 2026 at 3:29 pm<\/a><\/div>\n<p>AI-ul \u0219tie. Dar oare pe Caietul de sarcini cum este? Mobilierul potrivit pentru o cre\u0219\u0103 are col\u021buri rotunjite. Aceast\u0103 form\u0103 este obligatorie pentru a preveni accidentatizarea copiilor mici \u00een timp ce se joac\u0103 sau alearg\u0103 \u00een sala de grup\u0103.De ce se folosesc col\u021buri rotunjiteSiguran\u021b\u0103 fizic\u0103: Reduc riscul de r\u0103nire grav\u0103 \u00een cazul unor lovituri accidentale sau c\u0103z\u0103turi.Protec\u021bie la nivelul \u00een\u0103l\u021bimii copilului: Mobilierul este g\u00e2ndit la scar\u0103 mic\u0103, exact \u00een zona de impact a capului sau a corpului.Standarde de siguran\u021b\u0103: Normele pentru spa\u021biile destinate copiilor impun finisaje lipsite de margini t\u0103ioase.<\/p>\n<div class=\"reply\"><a rel=\"nofollow\" class=\"comment-reply-link\" href=\"https:\/\/www.tion.ro\/stirile-judetului-timis\/se-face-o-noua-cresa-in-timisoara-licitatie-pentru-finalizarea-uneia-dintre-cele-doua-abandonate-de-primul-constructor-2334108\/#comment-1015596\" data-commentid=\"1015596\" data-postid=\"2334108\" data-belowelement=\"div-comment-1015596\" data-respondelement=\"respond\" data-replyto=\"Reply to Bianca-Ana Popescu\" aria-label=\"Reply to Bianca-Ana Popescu\">Reply<\/a><\/div>\n<\/div>\n<\/li>\n<\/div>\n<\/div>\n<\/div>\n<p>[analyse_source url=&#8221;https:\/\/www.tion.ro\/stirile-judetului-timis\/se-face-o-noua-cresa-in-timisoara-licitatie-pentru-finalizarea-uneia-dintre-cele-doua-abandonate-de-primul-constructor-2334108\/&#8221;]<\/p>\n","protected":false},"excerpt":{"rendered":"<p>[analyse_image type=&#8221;featured&#8221; src=&#8221;https:\/\/www.tion.ro\/wp-content\/uploads\/2025\/12\/+otf\/1200&#215;630\/8hXAnismWcP3xJ6CIeF__wE5PVF9WRVJZX1NFQw5p3PZk2Nog0uf4i377GnRQOYV6+BDfllFXo13KdaXa28XCA2vXwQwdp1Q9a5V1kKeAXPUlHRrUQdZSdi1YNDQ=\/4845316cresabucovina12.jpg&#8221;] Prim\u0103ria Timi\u0219oara anun\u021b\u0103 c\u0103 a lansat \u00een licita\u021bie, din nou, lucr\u0103rile pentru ridicarea unei cre\u0219e pe strada Cocea. Vorbim de unul dintre cele dou\u0103 proiecte pentru care fuseser\u0103 contracte de execu\u021bei la \u00eenceputul primului mandat al lui Fritz, dar abandonate de firma care ar fi trebuit s\u0103 le finalizeze. \u201eAvem deja dou\u0103 [&hellip;]<\/p>\n","protected":false},"author":1,"featured_media":0,"comment_status":"open","ping_status":"","sticky":false,"template":"","format":"standard","meta":{"footnotes":""},"categories":[89],"tags":[226,191],"class_list":["post-2097655","post","type-post","status-publish","format-standard","hentry","category-romania","tag-crawlmanager","tag-tion-ro"],"_links":{"self":[{"href":"https:\/\/analyse.optim.biz\/index.php?rest_route=\/wp\/v2\/posts\/2097655","targetHints":{"allow":["GET"]}}],"collection":[{"href":"https:\/\/analyse.optim.biz\/index.php?rest_route=\/wp\/v2\/posts"}],"about":[{"href":"https:\/\/analyse.optim.biz\/index.php?rest_route=\/wp\/v2\/types\/post"}],"author":[{"embeddable":true,"href":"https:\/\/analyse.optim.biz\/index.php?rest_route=\/wp\/v2\/users\/1"}],"replies":[{"embeddable":true,"href":"https:\/\/analyse.optim.biz\/index.php?rest_route=%2Fwp%2Fv2%2Fcomments&post=2097655"}],"version-history":[{"count":0,"href":"https:\/\/analyse.optim.biz\/index.php?rest_route=\/wp\/v2\/posts\/2097655\/revisions"}],"wp:attachment":[{"href":"https:\/\/analyse.optim.biz\/index.php?rest_route=%2Fwp%2Fv2%2Fmedia&parent=2097655"}],"wp:term":[{"taxonomy":"category","embeddable":true,"href":"https:\/\/analyse.optim.biz\/index.php?rest_route=%2Fwp%2Fv2%2Fcategories&post=2097655"},{"taxonomy":"post_tag","embeddable":true,"href":"https:\/\/analyse.optim.biz\/index.php?rest_route=%2Fwp%2Fv2%2Ftags&post=2097655"}],"curies":[{"name":"wp","href":"https:\/\/api.w.org\/{rel}","templated":true}]}}