{"id":2097654,"date":"2026-08-14T10:21:09","date_gmt":"2026-08-14T07:21:09","guid":{"rendered":"https:\/\/analyse.optim.biz\/?p=2097654"},"modified":"2026-08-14T10:21:09","modified_gmt":"2026-08-14T07:21:09","slug":"a-chemat-politia-dupa-ce-sotul-a-batut-o-barbat-din-saravale-dus-in-arest","status":"publish","type":"post","link":"https:\/\/analyse.optim.biz\/?p=2097654","title":{"rendered":"A chemat poli\u021bia dup\u0103 ce so\u021bul a b\u0103tut-o. B\u0103rbat din Saravale, dus \u00een arest"},"content":{"rendered":"<p>[analyse_image type=&#8221;featured&#8221; src=&#8221;https:\/\/www.tion.ro\/wp-content\/uploads\/2026\/08\/+otf\/1200&#215;630\/7tD0TtlnXZv+am5usuLYU05PVF9WRVJZX1NFQ__tinBq9+ehvHFBacUWTkeIl813jgwMyemzrpKYETuMhdG6B9p063b6vSIl8Sc__mQ+qMI__lrH__7Ftolbs4iW4B4=\/6702835nfdwnd.png&#8221;]<\/p>\n<article id=\"post-2334057\" class>\n<div class=\"entry-content clearfix\">\n<div class=\"enewsArticleContent\">\n<p class=\"isSelectedEnd\">Un b\u0103rbat de 38 de ani din Saravale a ajuns \u00een arest preventiv dup\u0103 ce \u0219i-a agresat so\u021bia. Incidentul s-a petrecut miercuri, 12 august, iar femeia a sunat la poli\u021bie.<\/p>\n<p class=\"isSelectedEnd\">Apelul la poli\u021bie a venit \u00een jurul orei 14.. Femeia, \u00een v\u00e2rst\u0103 de 42 de ani, le-a spus poli\u021bi\u0219tilor c\u0103 so\u021bul ei, b\u0103ut, a devenit violent \u0219i a lovit-o.<\/p>\n<p class=\"isSelectedEnd\">Un echipaj de la Sec\u021bia 11 Poli\u021bie Rural\u0103 S\u00e2nnicolau Mare a ajuns \u00een Saravale \u0219i l-a g\u0103sit pe b\u0103rbat. Poli\u021bi\u0219tii au constatat c\u0103 cele reclamate se confirm\u0103, iar femeia a fost dus\u0103 la spital pentru \u00eengrijiri medicale.<\/p>\n<p class=\"isSelectedEnd\">So\u021bul acesteia a fost dus la sediul poli\u021biei \u0219i a fost re\u021binut pentru 24 de ore, fiind cercetat pentru violen\u021b\u0103 \u00een familie.<\/p>\n<p>Joi, 13 august, b\u0103rbatul a fost dus \u00een fa\u021ba judec\u0103torului de la Judec\u0103toria S\u00e2nnicolau Mare, cu propunere de arestare preventiv\u0103. Instan\u021ba a admis propunerea \u0219i a emis pe numele lui un mandat de arestare preventiv\u0103 pentru 30 de zile.<\/p>\n<div class=\"wp-video\"><video class=\"wp-video-shortcode\" id=\"video-2334057-1\" width=\"1080\" height=\"1920\" preload=\"metadata\" controls=\"controls\"><source type=\"video\/mp4\" src=\"https:\/\/www.tion.ro\/wp-content\/uploads\/2026\/08\/6702838WhatsAppVideo20260814at130211.mp4?_=1\" \/><\/video><\/div>\n<div class=\"fbShareLikeTwitterAndEmailContainer\">\n<div class=\"wrapper\">\n<div class=\"email\">\n<div id=\"mailto-pop\" class=\"pop-form pop-form-mailto\">\n<div class=\"pop-form-header\">\n<h4>Trimite articolul<\/h4>\n<p><a class=\"pop-form-close\">X<\/a><\/div>\n<\/div>\n<\/div>\n<\/div>\n<\/div>\n<div class=\"tagsContainer\">\n<div class=\"tagsLabel\">Taguri:<\/div>\n<div class=\"tags\">\n<div class=\"tag\"><a href=\"https:\/\/www.tion.ro\/cimke\/batuta\" rel=\"tag\"><span class=\"link\">batuta<\/span><span class=\"separator\">,<\/span><\/a><\/div>\n<div class=\"tag\"><a href=\"https:\/\/www.tion.ro\/cimke\/saravale\" rel=\"tag\"><span class=\"link\">saravale<\/span><\/a><\/div>\n<\/div>\n<\/div>\n<div class=\"comments\">\n<div class=\"top\">\n<div class=\"commentsNumber\"><span class=\"number\">0<\/span><span class=\"text\">Comentarii<\/span><\/div>\n<\/div>\n<div class=\"center\">\n<div id=\"respond\" class=\"comment-respond\">\n<h3 id=\"reply-title\" class=\"comment-reply-title\"><small><a rel=\"nofollow\" id=\"cancel-comment-reply-link\" href=\"https:\/\/www.tion.ro\/eveniment\/a-chemat-politia-dupa-ce-sotul-a-batut-o-barbat-din-saravale-dus-in-arest-2334057\/#respond\">Cancel reply<\/a><\/small><\/h3>\n<p class=\"comment-notes\"><span id=\"email-notes\">Your email address will not be published.<\/span><span class=\"required-field-message\">Required fields are marked <span class=\"required\">*<\/span><\/span><\/p>\n<p class=\"commentFormComment\"><span id=\"commentFormCount\"><br \/>\n                            inca<br \/>\n                            <span id=\"countCommentText\">1000<\/span><br \/>\n                            caractere ramase<br \/>\n                        <\/span><\/p>\n<\/div>\n<\/div>\n<div class=\"bottom\">\n<p class=\"forumDisclaimerHuRo\">\n            Citi\u021bi principiile noastre de moderare <a href=\"https:\/\/www.tion.ro\/reguli-postare-comentarii\/\" target=\"_blank\">aici<\/a>!\n        <\/p>\n<\/div>\n<\/div>\n<\/div>\n<\/div>\n<\/article>\n<div class=\"entry-content clearfix\">\n<div class=\"enewsArticleContent\">\n<p class=\"isSelectedEnd\">Un b\u0103rbat de 38 de ani din Saravale a ajuns \u00een arest preventiv dup\u0103 ce \u0219i-a agresat so\u021bia. Incidentul s-a petrecut miercuri, 12 august, iar femeia a sunat la poli\u021bie.<\/p>\n<p class=\"isSelectedEnd\">Apelul la poli\u021bie a venit \u00een jurul orei 14.. Femeia, \u00een v\u00e2rst\u0103 de 42 de ani, le-a spus poli\u021bi\u0219tilor c\u0103 so\u021bul ei, b\u0103ut, a devenit violent \u0219i a lovit-o.<\/p>\n<p class=\"isSelectedEnd\">Un echipaj de la Sec\u021bia 11 Poli\u021bie Rural\u0103 S\u00e2nnicolau Mare a ajuns \u00een Saravale \u0219i l-a g\u0103sit pe b\u0103rbat. Poli\u021bi\u0219tii au constatat c\u0103 cele reclamate se confirm\u0103, iar femeia a fost dus\u0103 la spital pentru \u00eengrijiri medicale.<\/p>\n<p class=\"isSelectedEnd\">So\u021bul acesteia a fost dus la sediul poli\u021biei \u0219i a fost re\u021binut pentru 24 de ore, fiind cercetat pentru violen\u021b\u0103 \u00een familie.<\/p>\n<p>Joi, 13 august, b\u0103rbatul a fost dus \u00een fa\u021ba judec\u0103torului de la Judec\u0103toria S\u00e2nnicolau Mare, cu propunere de arestare preventiv\u0103. Instan\u021ba a admis propunerea \u0219i a emis pe numele lui un mandat de arestare preventiv\u0103 pentru 30 de zile.<\/p>\n<div class=\"wp-video\"><video class=\"wp-video-shortcode\" id=\"video-2334057-1\" width=\"1080\" height=\"1920\" preload=\"metadata\" controls=\"controls\"><source type=\"video\/mp4\" src=\"https:\/\/www.tion.ro\/wp-content\/uploads\/2026\/08\/6702838WhatsAppVideo20260814at130211.mp4?_=1\" \/><\/video><\/div>\n<div class=\"fbShareLikeTwitterAndEmailContainer\">\n<div class=\"wrapper\">\n<div class=\"email\">\n<div id=\"mailto-pop\" class=\"pop-form pop-form-mailto\">\n<div class=\"pop-form-header\">\n<h4>Trimite articolul<\/h4>\n<p><a class=\"pop-form-close\">X<\/a><\/div>\n<\/div>\n<\/div>\n<\/div>\n<\/div>\n<div class=\"tagsContainer\">\n<div class=\"tagsLabel\">Taguri:<\/div>\n<div class=\"tags\">\n<div class=\"tag\"><a href=\"https:\/\/www.tion.ro\/cimke\/batuta\" rel=\"tag\"><span class=\"link\">batuta<\/span><span class=\"separator\">,<\/span><\/a><\/div>\n<div class=\"tag\"><a href=\"https:\/\/www.tion.ro\/cimke\/saravale\" rel=\"tag\"><span class=\"link\">saravale<\/span><\/a><\/div>\n<\/div>\n<\/div>\n<div class=\"comments\">\n<div class=\"top\">\n<div class=\"commentsNumber\"><span class=\"number\">0<\/span><span class=\"text\">Comentarii<\/span><\/div>\n<\/div>\n<div class=\"center\">\n<div id=\"respond\" class=\"comment-respond\">\n<h3 id=\"reply-title\" class=\"comment-reply-title\"><small><a rel=\"nofollow\" id=\"cancel-comment-reply-link\" href=\"https:\/\/www.tion.ro\/eveniment\/a-chemat-politia-dupa-ce-sotul-a-batut-o-barbat-din-saravale-dus-in-arest-2334057\/#respond\">Cancel reply<\/a><\/small><\/h3>\n<p class=\"comment-notes\"><span id=\"email-notes\">Your email address will not be published.<\/span><span class=\"required-field-message\">Required fields are marked <span class=\"required\">*<\/span><\/span><\/p>\n<p class=\"commentFormComment\"><span id=\"commentFormCount\"><br \/>\n                            inca<br \/>\n                            <span id=\"countCommentText\">1000<\/span><br \/>\n                            caractere ramase<br \/>\n                        <\/span><\/p>\n<\/div>\n<\/div>\n<div class=\"bottom\">\n<p class=\"forumDisclaimerHuRo\">\n            Citi\u021bi principiile noastre de moderare <a href=\"https:\/\/www.tion.ro\/reguli-postare-comentarii\/\" target=\"_blank\">aici<\/a>!\n        <\/p>\n<\/div>\n<\/div>\n<\/div>\n<\/div>\n<p>[analyse_source url=&#8221;https:\/\/www.tion.ro\/eveniment\/a-chemat-politia-dupa-ce-sotul-a-batut-o-barbat-din-saravale-dus-in-arest-2334057\/&#8221;]<\/p>\n","protected":false},"excerpt":{"rendered":"<p>[analyse_image type=&#8221;featured&#8221; src=&#8221;https:\/\/www.tion.ro\/wp-content\/uploads\/2026\/08\/+otf\/1200&#215;630\/7tD0TtlnXZv+am5usuLYU05PVF9WRVJZX1NFQ__tinBq9+ehvHFBacUWTkeIl813jgwMyemzrpKYETuMhdG6B9p063b6vSIl8Sc__mQ+qMI__lrH__7Ftolbs4iW4B4=\/6702835nfdwnd.png&#8221;] Un b\u0103rbat de 38 de ani din Saravale a ajuns \u00een arest preventiv dup\u0103 ce \u0219i-a agresat so\u021bia. Incidentul s-a petrecut miercuri, 12 august, iar femeia a sunat la poli\u021bie. Apelul la poli\u021bie a venit \u00een jurul orei 14.. Femeia, \u00een v\u00e2rst\u0103 de 42 de ani, le-a spus poli\u021bi\u0219tilor c\u0103 so\u021bul ei, [&hellip;]<\/p>\n","protected":false},"author":1,"featured_media":0,"comment_status":"open","ping_status":"","sticky":false,"template":"","format":"standard","meta":{"footnotes":""},"categories":[89],"tags":[226,191],"class_list":["post-2097654","post","type-post","status-publish","format-standard","hentry","category-romania","tag-crawlmanager","tag-tion-ro"],"_links":{"self":[{"href":"https:\/\/analyse.optim.biz\/index.php?rest_route=\/wp\/v2\/posts\/2097654","targetHints":{"allow":["GET"]}}],"collection":[{"href":"https:\/\/analyse.optim.biz\/index.php?rest_route=\/wp\/v2\/posts"}],"about":[{"href":"https:\/\/analyse.optim.biz\/index.php?rest_route=\/wp\/v2\/types\/post"}],"author":[{"embeddable":true,"href":"https:\/\/analyse.optim.biz\/index.php?rest_route=\/wp\/v2\/users\/1"}],"replies":[{"embeddable":true,"href":"https:\/\/analyse.optim.biz\/index.php?rest_route=%2Fwp%2Fv2%2Fcomments&post=2097654"}],"version-history":[{"count":0,"href":"https:\/\/analyse.optim.biz\/index.php?rest_route=\/wp\/v2\/posts\/2097654\/revisions"}],"wp:attachment":[{"href":"https:\/\/analyse.optim.biz\/index.php?rest_route=%2Fwp%2Fv2%2Fmedia&parent=2097654"}],"wp:term":[{"taxonomy":"category","embeddable":true,"href":"https:\/\/analyse.optim.biz\/index.php?rest_route=%2Fwp%2Fv2%2Fcategories&post=2097654"},{"taxonomy":"post_tag","embeddable":true,"href":"https:\/\/analyse.optim.biz\/index.php?rest_route=%2Fwp%2Fv2%2Ftags&post=2097654"}],"curies":[{"name":"wp","href":"https:\/\/api.w.org\/{rel}","templated":true}]}}